{"id":122064,"date":"2025-05-31T18:40:18","date_gmt":"2025-05-31T18:40:18","guid":{"rendered":"https:\/\/www.leeb-balkone.com\/de\/blog\/"},"modified":"2026-03-23T14:59:59","modified_gmt":"2026-03-23T14:59:59","slug":"outdoor-kueche","status":"publish","type":"post","link":"https:\/\/www.leeb-balkone.com\/ch\/blog\/outdoor-kueche\/","title":{"rendered":"Die Outdoor-K\u00fcche als Attraktion"},"content":{"rendered":"<header class=\"wp-block-group alignfull t3-header u-max-wide t3-header-text has-white-background-color has-background has-global-padding is-layout-constrained wp-block-group-is-layout-constrained\">\n    <div class=\"wp-block-group o-grid u-md-1 u-sm-1 is-layout-flow wp-block-group-is-layout-flow\">\n  <div class=\"wp-block-group u-g-10 u-g-s-2\">\n      <div class=\"yoast-breadcrumbs\"><span><span><a href=\"https:\/\/www.leeb-balkone.com\/ch\/\">Home<\/a><\/span><\/span><\/div>\n      \n    <h1>Die Outdoor-K\u00fcche als Attraktion<\/h1>\n  <\/div>\n<\/div>\n  <\/header>\n\n\n\n\n\n<section class=\"wp-block-cgb-t3-section-block alignfull b-pt-small b-pb-none is-style-bg-white\" style=\"display:inherit;min-height:inherit\">\n<div class=\"wp-block-cgb-t3-container-block none\" style=\"background-color:none\"><div class=\"grid-container\"><div class=\"grid-x\"><div class=\"cell small-12 medium-9 large-0 medium-offset-1 b-has-lsmb\">\n<p><span class=\"teaser\">Eine sch\u00f6ne Au\u00dfenk\u00fcche ist ein gro\u00dfartiger Ort, um Freunde und Familie zu versammeln und gemeinsam k\u00f6stliches Essen im Freien zu genie\u00dfen. Die Outdoor-K\u00fcche passt sich an jeden vorhandenen Platz auf der Terrasse, Balkon oder einem anderen Freibereich an. Auch bei der Gestaltung ist sie \u00fcberaus flexibel, sie l\u00e4sst sich mit verschiedenen Elementen ganz nach den individuellen Vorlieben gestalten. Vom Grill \u00fcber den Pizzaofen \u00fcber eine Sp\u00fcle oder eine Theke stehen Ihnen hier alle M\u00f6glichkeiten offen.<\/span><\/p>\n<\/div><\/div><\/div><\/div>\n\n\n\n<div class=\"wp-block-cgb-t3-container-block none\" style=\"background-color:none\"><div class=\"grid-container\"><div class=\"grid-x\"><div class=\"cell small-12 medium-0 large-0\"><div id=\"lightgallery-block_acf-block-68cab75497770\" data-block_acf-block-68cab75497770 class=\"has-1-imgs b-cards b-cards--gallery u-grid-temp has-1-cols u-md-2 u-sm-1 wp-block-group is-layout-grid wp-block-group-is-layout-grid gallery alignwide\">\n\n        <div class=\"b-cards__item\">\n\n        \n      <figure>\n                 <img loading=\"lazy\" decoding=\"async\" width=\"1536\" height=\"1024\" src=\"https:\/\/www.leeb-balkone.com\/app\/uploads\/2023\/03\/kochen-und-essen-im-freien-mit-outdoor-kueche-1536x1024.jpg\" class=\"attachment-1536x1536 size-1536x1536\" alt=\"Outdoor K\u00fcche: Kochen und Essen im Freien\" srcset=\"https:\/\/www.leeb-balkone.com\/app\/uploads\/2023\/03\/kochen-und-essen-im-freien-mit-outdoor-kueche-1536x1024.jpg 1536w, https:\/\/www.leeb-balkone.com\/app\/uploads\/2023\/03\/kochen-und-essen-im-freien-mit-outdoor-kueche-300x200.jpg 300w, https:\/\/www.leeb-balkone.com\/app\/uploads\/2023\/03\/kochen-und-essen-im-freien-mit-outdoor-kueche-1024x683.jpg 1024w, https:\/\/www.leeb-balkone.com\/app\/uploads\/2023\/03\/kochen-und-essen-im-freien-mit-outdoor-kueche-768x512.jpg 768w, https:\/\/www.leeb-balkone.com\/app\/uploads\/2023\/03\/kochen-und-essen-im-freien-mit-outdoor-kueche-2048x1365.jpg 2048w\" sizes=\"auto, (min-width: 1200px) 100vw, (min-width: 1024px) 1536px, (min-width: 640px) 768px, 768px\" \/>              <\/figure>\n\n                  \n        <div class=\"caption\">\n                          <p>Kochen und Essen im Freien &#8211; Outdoor K\u00fcchen sind auf die Bed\u00fcrfnisse des Kochens im Freien zugeschnitten\n              <\/div>\n  \n<\/div>\n\n    <\/div>\n\n<\/div><\/div><\/div><\/div>\n\n\n\n<div class=\"wp-block-group is-layout-flow wp-block-group-is-layout-flow\">\n<div class=\"wp-block-cgb-t3-container-block none\" style=\"background-color:none\"><div class=\"grid-container\"><div class=\"grid-x\"><div class=\"cell small-12 medium-9 large-0 medium-offset-1 b-has-lsmb\">\n<h2 class=\"wp-block-heading\" id=\"vorteile\"><strong>Vorteile einer Outdoor-K\u00fcche<\/strong><\/h2>\n\n\n\n<p>\u00d6ffnen Sie Ihren Wohnbereich nach Drau\u00dfen. Die Outdoor-K\u00fcche wird an Wochenenden mit der Familie oder bei einem Gartenfest zu einem echten Gewinn. Sie m\u00fcssen keine fertigen Speisen mehr durchs Haus tragen und halten die Wohnr\u00e4ume frei von l\u00e4stigen Ger\u00fcchen. Dar\u00fcber hinaus sind Sie mitten im Geschehen und k\u00f6nnen die Kinder beim friedlichen Spiel im Garten beobachten. Mit einer Kochinsel im Freien k\u00f6nnen Sie mit allen Ihren G\u00e4sten im Gespr\u00e4ch bleiben. Oder sich f\u00fcr Ihre Kochk\u00fcnste bewundern lassen. <a href=\"https:\/\/www.leeb-balkone.com\/de\/ueberdachungen\/\">\u00dcberdachungen<\/a> sch\u00fctzen Sie und Ihre Outdoor K\u00fcche vor N\u00e4sse und Witterung. Bei mobilen Outdoor K\u00fcchen erh\u00f6ht ein seitlich geschlossener Sommergarten den Komfort f\u00fcr Ihre G\u00e4ste.<\/p>\n\n\n\n<ul class=\"wp-block-list\">\n<li><strong>Erweiterter Wohnraum und mehr Komfort: <\/strong>Mit einer Outdoor-K\u00fcche wird der Au\u00dfenbereich zum zus\u00e4tzlichen Lebensraum. Sie m\u00fcssen nicht mehr zwischen Haus und Garten hin- und herlaufen, sondern k\u00f6nnen direkt drau\u00dfen kochen und essen. Das schafft mehr Komfort und spart Zeit, besonders bei Gartenpartys oder Familienfeiern.<\/li>\n\n\n\n<li><strong>Geselligkeit und Kommunikation: <\/strong>Beim Kochen in der Outdoor-K\u00fcche bleiben Sie mitten im Geschehen und k\u00f6nnen sich mit Ihren G\u00e4sten unterhalten. Das gemeinsame Kochen und Essen unter freiem Himmel f\u00f6rdert die Geselligkeit und macht das Kocherlebnis zu einem Event f\u00fcr alle Beteiligten.<\/li>\n\n\n\n<li><strong>Vielf\u00e4ltige Kochm\u00f6glichkeiten: <\/strong>Eine Outdoor-K\u00fcche ist mehr als ein Grill. Sie bietet Platz f\u00fcr moderne Grills, Kochfelder, Pizza\u00f6fen oder Kamadogrills und erm\u00f6glicht so ein umfangreiches kulinarisches Repertoire \u2013 vom Grillen \u00fcber Braten bis hin zu kreativen Men\u00fcs.<\/li>\n\n\n\n<li><strong>Keine Geruchsbel\u00e4stigung im Haus: <\/strong>Beim Kochen im Freien bleiben unangenehme Ger\u00fcche, die beim Braten oder Grillen entstehen, drau\u00dfen. Das schont die Wohnr\u00e4ume und sorgt f\u00fcr ein angenehmes Raumklima im Haus.<\/li>\n\n\n\n<li><strong>Wetterunabh\u00e4ngiges Kochen: <\/strong>Viele Outdoor-K\u00fcchen sind \u00fcberdacht oder k\u00f6nnen mit passenden \u00dcberdachungen kombiniert werden, sodass sie auch bei leichtem Regen oder Wind genutzt werden k\u00f6nnen. So verl\u00e4ngert sich die Outdoor-Saison deutlich, und das Kochen im Freien wird das ganze Jahr \u00fcber m\u00f6glich.<\/li>\n\n\n\n<li><strong>Ges\u00fcndere Zubereitung: <\/strong>Grillen und Kochen im Freien erm\u00f6glicht oft eine fett\u00e4rmere Zubereitung, was als ges\u00fcnder gilt. Zudem sorgt die frische Luft f\u00fcr eine angenehme Atmosph\u00e4re beim Essen.<\/li>\n<\/ul>\n\n\n\n<h2 class=\"wp-block-heading\" id=\"gute-platzierung\">Gute Platzierung f\u00fcr die Gartenk\u00fcche<\/h2>\n\n\n\n<p>Eine Outdoor-K\u00fcche sollte idealerweise in der N\u00e4he des Hauses platziert werden, damit Sie einfachen Zugang haben. Um das Kochen und Essen im Freien angenehm zu gestalten sollten Sie auch eine <a href=\"https:\/\/www.leeb-balkone.com\/de\/blog\/terrassenbeschattung\/\">ausreichende Beschattung<\/a> ber\u00fccksichtigen. Ein Dach \u00fcber dem Kopf kann nat\u00fcrlich praktisch sein. Aufsteigender Rauch sollte dabei unbedingt ber\u00fccksichtigt werden. <\/p>\n\n\n\n<h2 class=\"wp-block-heading\" id=\"vorteile\">Outdoor-K\u00fcche: Mobile und feste L\u00f6sungen f\u00fcr Terrasse und Garten<\/h2>\n\n\n\n<p>Die Outdoor-K\u00fcche hat sich in den letzten Jahren zu einem echten Trend entwickelt und ist l\u00e4ngst mehr als ein einfacher Grill im Garten. Ob mobil oder fest installiert \u2013 die M\u00f6glichkeiten, im Freien zu kochen und G\u00e4ste zu bewirten, sind vielf\u00e4ltig und bieten f\u00fcr jeden Anspruch und jede Wohnsituation die passende L\u00f6sung. Besonders in Kombination mit einer gut gestalteten Terrasse mit <a href=\"https:\/\/www.leeb-balkone.com\/de\/blog\/tipps-fuer-outdoor-moebel-garten-terrasse-balkon\/\">Outdoor M\u00f6beln<\/a> oder einem Sommergarten wird das Kochen unter freiem Himmel zum ganzj\u00e4hrigen Vergn\u00fcgen.<\/p>\n\n\n\n<p><em><strong>Leeb Sommergarten mit Outdoor K\u00fcche<\/strong> (Hinweis: Leeb Balkone bietet keine Outdoor K\u00fcchen an<\/em>)<\/p>\n<\/div><\/div><\/div><\/div>\n\n\n\n<div class=\"wp-block-cgb-t3-container-block none\" style=\"background-color:none\"><div class=\"grid-container\"><div class=\"grid-x\"><div class=\"cell small-12 medium-0 large-0\"><div id=\"lightgallery-block_acf-block-68cab75497781\" data-block_acf-block-68cab75497781 class=\"has-2-imgs b-cards b-cards--gallery u-grid-temp has-2-cols u-md-2 u-sm-1 wp-block-group is-layout-grid wp-block-group-is-layout-grid gallery alignwide\">\n\n        <div class=\"b-cards__item\">\n\n        <a data-src=\"https:\/\/www.leeb-balkone.com\/app\/uploads\/2025\/06\/ensemble-balkon-sommergarten-mit-outdoorkueche-1536x1025.jpeg\" data-thumb=\"https:\/\/www.leeb-balkone.com\/app\/uploads\/2025\/06\/ensemble-balkon-sommergarten-mit-outdoorkueche-300x200.jpeg\" class=\"hasHover dark\">\n        \n      <figure>\n                 <img loading=\"lazy\" decoding=\"async\" width=\"1024\" height=\"684\" src=\"https:\/\/www.leeb-balkone.com\/app\/uploads\/2025\/06\/ensemble-balkon-sommergarten-mit-outdoorkueche-1024x684.jpeg\" class=\"attachment-large size-large\" alt=\"ensemble balkon sommergarten mit outdoorkueche\" srcset=\"https:\/\/www.leeb-balkone.com\/app\/uploads\/2025\/06\/ensemble-balkon-sommergarten-mit-outdoorkueche-1024x684.jpeg 1024w, https:\/\/www.leeb-balkone.com\/app\/uploads\/2025\/06\/ensemble-balkon-sommergarten-mit-outdoorkueche-300x200.jpeg 300w, https:\/\/www.leeb-balkone.com\/app\/uploads\/2025\/06\/ensemble-balkon-sommergarten-mit-outdoorkueche-768x513.jpeg 768w, https:\/\/www.leeb-balkone.com\/app\/uploads\/2025\/06\/ensemble-balkon-sommergarten-mit-outdoorkueche-1536x1025.jpeg 1536w, https:\/\/www.leeb-balkone.com\/app\/uploads\/2025\/06\/ensemble-balkon-sommergarten-mit-outdoorkueche-2048x1367.jpeg 2048w\" sizes=\"auto, (min-width: 1200px) 1024px, (min-width: 1024px) 768px, (min-width: 640px) 768px, 768px\" \/>              <\/figure>\n\n                          <\/a>\n      \n        <div class=\"caption\">\n                      <\/div>\n  \n<\/div>\n\n        <div class=\"b-cards__item\">\n\n        <a data-src=\"https:\/\/www.leeb-balkone.com\/app\/uploads\/2025\/06\/sommergarten-und-outdoorkueche-1536x1025.jpeg\" data-thumb=\"https:\/\/www.leeb-balkone.com\/app\/uploads\/2025\/06\/sommergarten-und-outdoorkueche-300x200.jpeg\" class=\"hasHover dark\">\n        \n      <figure>\n                 <img loading=\"lazy\" decoding=\"async\" width=\"1024\" height=\"684\" src=\"https:\/\/www.leeb-balkone.com\/app\/uploads\/2025\/06\/sommergarten-und-outdoorkueche-1024x684.jpeg\" class=\"attachment-large size-large\" alt=\"sommergarten und outdoorkueche\" srcset=\"https:\/\/www.leeb-balkone.com\/app\/uploads\/2025\/06\/sommergarten-und-outdoorkueche-1024x684.jpeg 1024w, https:\/\/www.leeb-balkone.com\/app\/uploads\/2025\/06\/sommergarten-und-outdoorkueche-300x200.jpeg 300w, https:\/\/www.leeb-balkone.com\/app\/uploads\/2025\/06\/sommergarten-und-outdoorkueche-768x513.jpeg 768w, https:\/\/www.leeb-balkone.com\/app\/uploads\/2025\/06\/sommergarten-und-outdoorkueche-1536x1025.jpeg 1536w, https:\/\/www.leeb-balkone.com\/app\/uploads\/2025\/06\/sommergarten-und-outdoorkueche-2048x1367.jpeg 2048w\" sizes=\"auto, (min-width: 1200px) 1024px, (min-width: 1024px) 768px, (min-width: 640px) 768px, 768px\" \/>              <\/figure>\n\n                          <\/a>\n      \n        <div class=\"caption\">\n                      <\/div>\n  \n<\/div>\n\n    <\/div>\n\n<\/div><\/div><\/div><\/div>\n\n\n\n<div class=\"wp-block-cgb-t3-container-block none\" style=\"background-color:none\"><div class=\"grid-container\"><div class=\"grid-x\"><div class=\"cell small-12 medium-9 large-0 medium-offset-1 b-has-lsmb\">\n<h2 class=\"wp-block-heading\">Mobile Outdoor-K\u00fcchen: Flexibilit\u00e4t f\u00fcr jeden Anlass<\/h2>\n\n\n\n<p>Mobile Outdoor-K\u00fcchen sind die ideale L\u00f6sung f\u00fcr alle, die Wert auf Flexibilit\u00e4t legen oder ihren Garten beziehungsweise die Terrasse unterschiedlich nutzen m\u00f6chten. Die Bandbreite reicht von einfachen Grillwagen bis hin zu voll ausgestatteten K\u00fcchenmodulen mit Kochfeld, Sp\u00fcle, Arbeitsfl\u00e4che und Stauraum. Viele Modelle sind auf Rollen montiert und lassen sich so leicht an den gew\u00fcnschten Ort bewegen. <\/p>\n\n\n\n<p>Ein gro\u00dfer Vorteil mobiler Outdoor-K\u00fcchen ist die Anpassungsf\u00e4higkeit: Sie k\u00f6nnen die Module individuell zusammenstellen und nach Bedarf erweitern oder umbauen. Auch saisonal l\u00e4sst sie sich flexibel nutzen: Im Sommer steht sie auf der Terrasse, im Winter kann sie gesch\u00fctzt in der Garage aufbewahrt werden.<\/p>\n\n\n\n<p>Bei schlechtem bzw. kaltem Wetter l\u00e4sst sich die Feier schnell in einen gesch\u00fctzten Bereich wie einen Sommergarten verlegen, ohne auf das Outdoor-Kocherlebnis zu verzichten.<\/p>\n\n\n\n<h2 class=\"wp-block-heading\">Feste Outdoor-K\u00fcchen: Komfort und Luxus im eigenen Garten<\/h2>\n\n\n\n<p>Wer regelm\u00e4\u00dfig und mit gr\u00f6\u00dferem Komfort im Freien kochen m\u00f6chte, entscheidet sich oft f\u00fcr eine fest installierte Outdoor-K\u00fcche. Diese kann individuell geplant und perfekt in die bestehende Terrassenlandschaft integriert werden. Die Ausstattung reicht von Grill und Kochfeld \u00fcber Sp\u00fcle, K\u00fchlschrank, Pizzaofen bis hin zu Stauraum und sogar Geschirrsp\u00fcler.\u00a0Hochwertige Materialien wie Edelstahl, Stein oder wetterfeste H\u00f6lzer sorgen f\u00fcr Langlebigkeit und ein ansprechendes Design.<\/p>\n\n\n\n<p>Feste Outdoor-K\u00fcchen bieten meist gro\u00dfz\u00fcgige Arbeitsfl\u00e4chen, die nicht nur dem Koch, sondern auch den G\u00e4sten als Kommunikationsplattform dienen. Hier wird gemeinsam geschnippelt, geplaudert und probiert \u2013 das Kochen wird zum sozialen Ereignis.\u00a0Durchdachte Planung sorgt daf\u00fcr, dass die wichtigsten Elemente \u2013 Grill, Sp\u00fcle und K\u00fchlschrank \u2013 in einem funktionalen Dreieck angeordnet sind, sodass kurze Wege und effizientes Arbeiten m\u00f6glich sind.<\/p>\n\n\n\n<p>Eine hochwertig geplante und installierte Outdoor-K\u00fcche kann den Wert Ihres Hauses steigern, da sie den Au\u00dfenbereich optisch aufwertet und funktional erweitert.<\/p>\n\n\n\n<h2 class=\"wp-block-heading\">Die Umgebung: Terrasse und Sommergarten als Wohlf\u00fchl-Oase<\/h2>\n\n\n\n<p>Die Outdoor-K\u00fcche entfaltet ihr volles Potenzial erst in Kombination mit einer einladenden Umgebung. Eine gut gestaltete Terrasse bietet nicht nur Platz f\u00fcr die K\u00fcche selbst, sondern auch f\u00fcr Sitzgruppen, Loungem\u00f6bel und Esstische. Unterschiedliche H\u00f6hen der Arbeitsfl\u00e4chen erm\u00f6glichen es, dass G\u00e4ste dem Koch bei einem Aperitif Gesellschaft leisten oder sich aktiv am Geschehen beteiligen k\u00f6nnen.<\/p>\n\n\n\n<p>Ein Sommergarten \u2013 also ein \u00fcberdachter, aber lichtdurchfluteter und oft seitlich gesch\u00fctzter Bereich \u2013 erweitert die Nutzungsm\u00f6glichkeiten erheblich. Hier k\u00f6nnen Sie und Ihre G\u00e4ste auch bei wechselhaftem Wetter oder an k\u00fchleren Abenden komfortabel im Freien verweilen. Der Sommergarten sch\u00fctzt vor Wind, Regen und starker Sonne und verl\u00e4ngert so die Outdoor-Saison deutlich. Passende Beleuchtungen sorgen f\u00fcr zus\u00e4tzliche Gem\u00fctlichkeit und machen lange Abende mit Freunden und Familie m\u00f6glich.<\/p>\n\n\n\n<p><a href=\"https:\/\/www.leeb-balkone.com\/de\/ueberdachungen\/terrassenueberdachung\/\">Terrassen\u00fcberdachungen<\/a><br\/><a href=\"https:\/\/www.leeb-balkone.com\/de\/ueberdachungen\/sommergarten\/\">Sommergarten<\/a><br\/><a href=\"https:\/\/www.leeb-balkone.com\/de\/ueberdachungen\/atrium\/\">Atrium<\/a><\/p>\n<\/div><\/div><\/div><\/div>\n<\/div>\n<\/section>\n","protected":false},"excerpt":{"rendered":"<p>Outdoor-K\u00fcchen sind f\u00fcr&#8217;s Kochen und Essen im Freien ausgerichtet &#8211; \u00dcberdacht auf der sicheren Seite!<\/p>\n","protected":false},"author":4,"featured_media":122078,"comment_status":"closed","ping_status":"open","sticky":false,"template":"template-onepager.blade.php","format":"standard","meta":{"_acf_changed":false,"footnotes":""},"categories":[160,170,171,151],"tags":[],"post_folder":[],"class_list":["post-122064","post","type-post","status-publish","format-standard","has-post-thumbnail","hentry","category-balkongestaltung","category-balkonmoebel","category-garten-terrassenmoebel","category-gartengestaltung"],"acf":[],"yoast_head":"<!-- This site is optimized with the Yoast SEO plugin v27.2 - https:\/\/yoast.com\/product\/yoast-seo-wordpress\/ -->\n<title>Outdoor K\u00fcche: \u00dcberdacht oder freistehend - Leeb Balkone Schweiz<\/title>\n<meta name=\"description\" content=\"Outdoor-K\u00fcchen sind f\u00fcr&#039;s Kochen und Essen im Freien ausgerichtet - \u00dcberdacht auf der sicheren Seite!\" \/>\n<meta name=\"robots\" content=\"index, follow, max-snippet:-1, max-image-preview:large, max-video-preview:-1\" \/>\n<meta property=\"og:locale\" content=\"de_DE\" \/>\n<meta property=\"og:type\" content=\"article\" \/>\n<meta property=\"og:title\" content=\"Die Outdoor K\u00fcche als Attraktion\" \/>\n<meta property=\"og:description\" content=\"Outdoor-K\u00fcchen sind f\u00fcr&#039;s Kochen und Essen im Freien ausgerichtet - \u00dcberdacht auf der sicheren Seite!\" \/>\n<meta property=\"og:url\" content=\"https:\/\/www.leeb-balkone.com\/ch\/blog\/outdoor-kueche\/\" \/>\n<meta property=\"og:site_name\" content=\"Leeb Balkone\" \/>\n<meta property=\"article:publisher\" content=\"https:\/\/www.facebook.com\/balkone\/\" \/>\n<meta property=\"article:published_time\" content=\"2025-05-31T18:40:18+00:00\" \/>\n<meta property=\"article:modified_time\" content=\"2026-03-23T14:59:59+00:00\" \/>\n<meta property=\"og:image\" content=\"https:\/\/www.leeb-balkone.com\/app\/uploads\/2022\/07\/terrassenbeschattung-scaled.jpg\" \/>\n\t<meta property=\"og:image:width\" content=\"2048\" \/>\n\t<meta property=\"og:image:height\" content=\"1244\" \/>\n\t<meta property=\"og:image:type\" content=\"image\/jpeg\" \/>\n<meta name=\"author\" content=\"Herbert Weichart\" \/>\n<meta name=\"twitter:card\" content=\"summary_large_image\" \/>\n<script type=\"application\/ld+json\" class=\"yoast-schema-graph\">{\"@context\":\"https:\/\/schema.org\",\"@graph\":[{\"@type\":\"Article\",\"@id\":\"https:\/\/www.leeb-balkone.com\/ch\/blog\/outdoor-kueche\/#article\",\"isPartOf\":{\"@id\":\"https:\/\/www.leeb-balkone.com\/ch\/blog\/outdoor-kueche\/\"},\"author\":{\"name\":\"Herbert Weichart\",\"@id\":\"https:\/\/www.leeb-balkone.com\/ch\/#\/schema\/person\/dc2e2c82db329667ee507698e220238f\"},\"headline\":\"Die Outdoor-K\u00fcche als Attraktion\",\"datePublished\":\"2025-05-31T18:40:18+00:00\",\"dateModified\":\"2026-03-23T14:59:59+00:00\",\"mainEntityOfPage\":{\"@id\":\"https:\/\/www.leeb-balkone.com\/ch\/blog\/outdoor-kueche\/\"},\"wordCount\":1113,\"publisher\":{\"@id\":\"https:\/\/www.leeb-balkone.com\/ch\/#organization\"},\"image\":{\"@id\":\"https:\/\/www.leeb-balkone.com\/ch\/blog\/outdoor-kueche\/#primaryimage\"},\"thumbnailUrl\":\"https:\/\/www.leeb-balkone.com\/app\/uploads\/2023\/03\/kochen-und-essen-im-freien-mit-outdoor-kueche-scaled.jpg\",\"articleSection\":[\"Balkongestaltung\",\"Balkonm\u00f6bel\",\"Garten- &amp; Terrassenm\u00f6bel\",\"Gartengestaltung\"],\"inLanguage\":\"de-CH\"},{\"@type\":\"WebPage\",\"@id\":\"https:\/\/www.leeb-balkone.com\/ch\/blog\/outdoor-kueche\/\",\"url\":\"https:\/\/www.leeb-balkone.com\/ch\/blog\/outdoor-kueche\/\",\"name\":\"Outdoor K\u00fcche: \u00dcberdacht oder freistehend - Leeb Balkone\",\"isPartOf\":{\"@id\":\"https:\/\/www.leeb-balkone.com\/ch\/#website\"},\"primaryImageOfPage\":{\"@id\":\"https:\/\/www.leeb-balkone.com\/ch\/blog\/outdoor-kueche\/#primaryimage\"},\"image\":{\"@id\":\"https:\/\/www.leeb-balkone.com\/ch\/blog\/outdoor-kueche\/#primaryimage\"},\"thumbnailUrl\":\"https:\/\/www.leeb-balkone.com\/app\/uploads\/2023\/03\/kochen-und-essen-im-freien-mit-outdoor-kueche-scaled.jpg\",\"datePublished\":\"2025-05-31T18:40:18+00:00\",\"dateModified\":\"2026-03-23T14:59:59+00:00\",\"description\":\"Outdoor-K\u00fcchen sind f\u00fcr's Kochen und Essen im Freien ausgerichtet - \u00dcberdacht auf der sicheren Seite!\",\"breadcrumb\":{\"@id\":\"https:\/\/www.leeb-balkone.com\/ch\/blog\/outdoor-kueche\/#breadcrumb\"},\"inLanguage\":\"de-CH\",\"potentialAction\":[{\"@type\":\"ReadAction\",\"target\":[\"https:\/\/www.leeb-balkone.com\/ch\/blog\/outdoor-kueche\/\"]}]},{\"@type\":\"ImageObject\",\"inLanguage\":\"de-CH\",\"@id\":\"https:\/\/www.leeb-balkone.com\/ch\/blog\/outdoor-kueche\/#primaryimage\",\"url\":\"https:\/\/www.leeb-balkone.com\/app\/uploads\/2023\/03\/kochen-und-essen-im-freien-mit-outdoor-kueche-scaled.jpg\",\"contentUrl\":\"https:\/\/www.leeb-balkone.com\/app\/uploads\/2023\/03\/kochen-und-essen-im-freien-mit-outdoor-kueche-scaled.jpg\",\"width\":2560,\"height\":1707,\"caption\":\"Kochen und Essen im Freien - Outdoor K\u00fcchen sind auf die Bed\u00fcrfnisse des Kochens im Freien zugeschnitten\"},{\"@type\":\"BreadcrumbList\",\"@id\":\"https:\/\/www.leeb-balkone.com\/ch\/blog\/outdoor-kueche\/#breadcrumb\",\"itemListElement\":[{\"@type\":\"ListItem\",\"position\":1,\"name\":\"Home\",\"item\":\"https:\/\/www.leeb-balkone.com\/ch\/\"},{\"@type\":\"ListItem\",\"position\":2,\"name\":\"Die Outdoor-K\u00fcche als Attraktion\"}]},{\"@type\":\"WebSite\",\"@id\":\"https:\/\/www.leeb-balkone.com\/ch\/#website\",\"url\":\"https:\/\/www.leeb-balkone.com\/ch\/\",\"name\":\"Leeb Balkone\",\"description\":\"Balkone und Z\u00e4une\",\"publisher\":{\"@id\":\"https:\/\/www.leeb-balkone.com\/ch\/#organization\"},\"potentialAction\":[{\"@type\":\"SearchAction\",\"target\":{\"@type\":\"EntryPoint\",\"urlTemplate\":\"https:\/\/www.leeb-balkone.com\/ch\/?s={search_term_string}\"},\"query-input\":{\"@type\":\"PropertyValueSpecification\",\"valueRequired\":true,\"valueName\":\"search_term_string\"}}],\"inLanguage\":\"de-CH\"},{\"@type\":\"Organization\",\"@id\":\"https:\/\/www.leeb-balkone.com\/ch\/#organization\",\"name\":\"Leeb Balkone Gmbh\",\"url\":\"https:\/\/www.leeb-balkone.com\/ch\/\",\"logo\":{\"@type\":\"ImageObject\",\"inLanguage\":\"de-CH\",\"@id\":\"https:\/\/www.leeb-balkone.com\/ch\/#\/schema\/logo\/image\/\",\"url\":\"https:\/\/www.leeb-balkone.com\/app\/uploads\/2020\/11\/leeb-logo.svg\",\"contentUrl\":\"https:\/\/www.leeb-balkone.com\/app\/uploads\/2020\/11\/leeb-logo.svg\",\"width\":741,\"height\":204,\"caption\":\"Leeb Balkone Gmbh\"},\"image\":{\"@id\":\"https:\/\/www.leeb-balkone.com\/ch\/#\/schema\/logo\/image\/\"},\"sameAs\":[\"https:\/\/www.facebook.com\/balkone\/\",\"https:\/\/www.trustedshops.at\/bewertung\/info_X4587CCF5833E31AFE0B11F47D86999F2.html\",\"https:\/\/www.trustedshops.de\/bewertung\/info_X7BA536A7A0BDC86D36C4718E4DCAEEEF.html\",\"https:\/\/www.google.com\/maps\/place\/?q=place_id:ChIJ5-zH19-IcEcR9HonWRTllHI\"]},{\"@type\":\"Person\",\"@id\":\"https:\/\/www.leeb-balkone.com\/ch\/#\/schema\/person\/dc2e2c82db329667ee507698e220238f\",\"name\":\"Herbert Weichart\"}]}<\/script>\n<!-- \/ Yoast SEO plugin. -->","yoast_head_json":{"title":"Outdoor K\u00fcche: \u00dcberdacht oder freistehend - Leeb Balkone Schweiz","description":"Outdoor-K\u00fcchen sind f\u00fcr's Kochen und Essen im Freien ausgerichtet - \u00dcberdacht auf der sicheren Seite!","robots":{"index":"index","follow":"follow","max-snippet":"max-snippet:-1","max-image-preview":"max-image-preview:large","max-video-preview":"max-video-preview:-1"},"og_locale":"de_DE","og_type":"article","og_title":"Die Outdoor K\u00fcche als Attraktion","og_description":"Outdoor-K\u00fcchen sind f\u00fcr's Kochen und Essen im Freien ausgerichtet - \u00dcberdacht auf der sicheren Seite!","og_url":"https:\/\/www.leeb-balkone.com\/ch\/blog\/outdoor-kueche\/","og_site_name":"Leeb Balkone","article_publisher":"https:\/\/www.facebook.com\/balkone\/","article_published_time":"2025-05-31T18:40:18+00:00","article_modified_time":"2026-03-23T14:59:59+00:00","og_image":[{"width":2048,"height":1244,"url":"https:\/\/www.leeb-balkone.com\/app\/uploads\/2022\/07\/terrassenbeschattung-scaled.jpg","type":"image\/jpeg"}],"author":"Herbert Weichart","twitter_card":"summary_large_image","schema":{"@context":"https:\/\/schema.org","@graph":[{"@type":"Article","@id":"https:\/\/www.leeb-balkone.com\/ch\/blog\/outdoor-kueche\/#article","isPartOf":{"@id":"https:\/\/www.leeb-balkone.com\/ch\/blog\/outdoor-kueche\/"},"author":{"name":"Herbert Weichart","@id":"https:\/\/www.leeb-balkone.com\/ch\/#\/schema\/person\/dc2e2c82db329667ee507698e220238f"},"headline":"Die Outdoor-K\u00fcche als Attraktion","datePublished":"2025-05-31T18:40:18+00:00","dateModified":"2026-03-23T14:59:59+00:00","mainEntityOfPage":{"@id":"https:\/\/www.leeb-balkone.com\/ch\/blog\/outdoor-kueche\/"},"wordCount":1113,"publisher":{"@id":"https:\/\/www.leeb-balkone.com\/ch\/#organization"},"image":{"@id":"https:\/\/www.leeb-balkone.com\/ch\/blog\/outdoor-kueche\/#primaryimage"},"thumbnailUrl":"https:\/\/www.leeb-balkone.com\/app\/uploads\/2023\/03\/kochen-und-essen-im-freien-mit-outdoor-kueche-scaled.jpg","articleSection":["Balkongestaltung","Balkonm\u00f6bel","Garten- &amp; Terrassenm\u00f6bel","Gartengestaltung"],"inLanguage":"de-CH"},{"@type":"WebPage","@id":"https:\/\/www.leeb-balkone.com\/ch\/blog\/outdoor-kueche\/","url":"https:\/\/www.leeb-balkone.com\/ch\/blog\/outdoor-kueche\/","name":"Outdoor K\u00fcche: \u00dcberdacht oder freistehend - Leeb Balkone","isPartOf":{"@id":"https:\/\/www.leeb-balkone.com\/ch\/#website"},"primaryImageOfPage":{"@id":"https:\/\/www.leeb-balkone.com\/ch\/blog\/outdoor-kueche\/#primaryimage"},"image":{"@id":"https:\/\/www.leeb-balkone.com\/ch\/blog\/outdoor-kueche\/#primaryimage"},"thumbnailUrl":"https:\/\/www.leeb-balkone.com\/app\/uploads\/2023\/03\/kochen-und-essen-im-freien-mit-outdoor-kueche-scaled.jpg","datePublished":"2025-05-31T18:40:18+00:00","dateModified":"2026-03-23T14:59:59+00:00","description":"Outdoor-K\u00fcchen sind f\u00fcr's Kochen und Essen im Freien ausgerichtet - \u00dcberdacht auf der sicheren Seite!","breadcrumb":{"@id":"https:\/\/www.leeb-balkone.com\/ch\/blog\/outdoor-kueche\/#breadcrumb"},"inLanguage":"de-CH","potentialAction":[{"@type":"ReadAction","target":["https:\/\/www.leeb-balkone.com\/ch\/blog\/outdoor-kueche\/"]}]},{"@type":"ImageObject","inLanguage":"de-CH","@id":"https:\/\/www.leeb-balkone.com\/ch\/blog\/outdoor-kueche\/#primaryimage","url":"https:\/\/www.leeb-balkone.com\/app\/uploads\/2023\/03\/kochen-und-essen-im-freien-mit-outdoor-kueche-scaled.jpg","contentUrl":"https:\/\/www.leeb-balkone.com\/app\/uploads\/2023\/03\/kochen-und-essen-im-freien-mit-outdoor-kueche-scaled.jpg","width":2560,"height":1707,"caption":"Kochen und Essen im Freien - Outdoor K\u00fcchen sind auf die Bed\u00fcrfnisse des Kochens im Freien zugeschnitten"},{"@type":"BreadcrumbList","@id":"https:\/\/www.leeb-balkone.com\/ch\/blog\/outdoor-kueche\/#breadcrumb","itemListElement":[{"@type":"ListItem","position":1,"name":"Home","item":"https:\/\/www.leeb-balkone.com\/ch\/"},{"@type":"ListItem","position":2,"name":"Die Outdoor-K\u00fcche als Attraktion"}]},{"@type":"WebSite","@id":"https:\/\/www.leeb-balkone.com\/ch\/#website","url":"https:\/\/www.leeb-balkone.com\/ch\/","name":"Leeb Balkone","description":"Balkone und Z\u00e4une","publisher":{"@id":"https:\/\/www.leeb-balkone.com\/ch\/#organization"},"potentialAction":[{"@type":"SearchAction","target":{"@type":"EntryPoint","urlTemplate":"https:\/\/www.leeb-balkone.com\/ch\/?s={search_term_string}"},"query-input":{"@type":"PropertyValueSpecification","valueRequired":true,"valueName":"search_term_string"}}],"inLanguage":"de-CH"},{"@type":"Organization","@id":"https:\/\/www.leeb-balkone.com\/ch\/#organization","name":"Leeb Balkone Gmbh","url":"https:\/\/www.leeb-balkone.com\/ch\/","logo":{"@type":"ImageObject","inLanguage":"de-CH","@id":"https:\/\/www.leeb-balkone.com\/ch\/#\/schema\/logo\/image\/","url":"https:\/\/www.leeb-balkone.com\/app\/uploads\/2020\/11\/leeb-logo.svg","contentUrl":"https:\/\/www.leeb-balkone.com\/app\/uploads\/2020\/11\/leeb-logo.svg","width":741,"height":204,"caption":"Leeb Balkone Gmbh"},"image":{"@id":"https:\/\/www.leeb-balkone.com\/ch\/#\/schema\/logo\/image\/"},"sameAs":["https:\/\/www.facebook.com\/balkone\/","https:\/\/www.trustedshops.at\/bewertung\/info_X4587CCF5833E31AFE0B11F47D86999F2.html","https:\/\/www.trustedshops.de\/bewertung\/info_X7BA536A7A0BDC86D36C4718E4DCAEEEF.html","https:\/\/www.google.com\/maps\/place\/?q=place_id:ChIJ5-zH19-IcEcR9HonWRTllHI"]},{"@type":"Person","@id":"https:\/\/www.leeb-balkone.com\/ch\/#\/schema\/person\/dc2e2c82db329667ee507698e220238f","name":"Herbert Weichart"}]}},"_links":{"self":[{"href":"https:\/\/www.leeb-balkone.com\/ch\/wp-json\/wp\/v2\/posts\/122064","targetHints":{"allow":["GET"]}}],"collection":[{"href":"https:\/\/www.leeb-balkone.com\/ch\/wp-json\/wp\/v2\/posts"}],"about":[{"href":"https:\/\/www.leeb-balkone.com\/ch\/wp-json\/wp\/v2\/types\/post"}],"author":[{"embeddable":true,"href":"https:\/\/www.leeb-balkone.com\/ch\/wp-json\/wp\/v2\/users\/4"}],"replies":[{"embeddable":true,"href":"https:\/\/www.leeb-balkone.com\/ch\/wp-json\/wp\/v2\/comments?post=122064"}],"version-history":[{"count":19,"href":"https:\/\/www.leeb-balkone.com\/ch\/wp-json\/wp\/v2\/posts\/122064\/revisions"}],"predecessor-version":[{"id":166407,"href":"https:\/\/www.leeb-balkone.com\/ch\/wp-json\/wp\/v2\/posts\/122064\/revisions\/166407"}],"wp:featuredmedia":[{"embeddable":true,"href":"https:\/\/www.leeb-balkone.com\/ch\/wp-json\/wp\/v2\/media\/122078"}],"wp:attachment":[{"href":"https:\/\/www.leeb-balkone.com\/ch\/wp-json\/wp\/v2\/media?parent=122064"}],"wp:term":[{"taxonomy":"category","embeddable":true,"href":"https:\/\/www.leeb-balkone.com\/ch\/wp-json\/wp\/v2\/categories?post=122064"},{"taxonomy":"post_tag","embeddable":true,"href":"https:\/\/www.leeb-balkone.com\/ch\/wp-json\/wp\/v2\/tags?post=122064"},{"taxonomy":"post_folder","embeddable":true,"href":"https:\/\/www.leeb-balkone.com\/ch\/wp-json\/wp\/v2\/post_folder?post=122064"}],"curies":[{"name":"wp","href":"https:\/\/api.w.org\/{rel}","templated":true}]}}