{"id":19023,"date":"2016-05-17T06:35:22","date_gmt":"2016-05-17T06:35:22","guid":{"rendered":"https:\/\/www.leeb-balkone.com\/de\/blog\/postdummy-2-2-3-2-2-2-5-3\/"},"modified":"2023-01-16T17:22:13","modified_gmt":"2023-01-16T17:22:13","slug":"der-mini-kraeutergarten","status":"publish","type":"post","link":"https:\/\/www.leeb-balkone.com\/at\/blog\/der-mini-kraeutergarten\/","title":{"rendered":"Das zweite Leben der Weinkiste: Der Mini-Kr\u00e4utergarten"},"content":{"rendered":"<header data-block_d8dbc35842f7f40ed61df4146e688b23 class=\"c-fh  l-mh-small c-fh--hero c-grad-l2r c-fh--div none\">\n      <img loading=\"lazy\" decoding=\"async\" width=\"2440\" height=\"1832\" src=\"https:\/\/www.leeb-balkone.com\/app\/uploads\/2020\/10\/Kleines-Salatbeet-in-der-Weinkiste-1.jpg\" class=\"no-lazy\" alt=\"gartenliebe\" srcset=\"https:\/\/www.leeb-balkone.com\/app\/uploads\/2020\/10\/Kleines-Salatbeet-in-der-Weinkiste-1.jpg 2440w, https:\/\/www.leeb-balkone.com\/app\/uploads\/2020\/10\/Kleines-Salatbeet-in-der-Weinkiste-1-300x225.jpg 300w, https:\/\/www.leeb-balkone.com\/app\/uploads\/2020\/10\/Kleines-Salatbeet-in-der-Weinkiste-1-1024x769.jpg 1024w, https:\/\/www.leeb-balkone.com\/app\/uploads\/2020\/10\/Kleines-Salatbeet-in-der-Weinkiste-1-768x577.jpg 768w, https:\/\/www.leeb-balkone.com\/app\/uploads\/2020\/10\/Kleines-Salatbeet-in-der-Weinkiste-1-1536x1153.jpg 1536w, https:\/\/www.leeb-balkone.com\/app\/uploads\/2020\/10\/Kleines-Salatbeet-in-der-Weinkiste-1-2048x1538.jpg 2048w\" sizes=\"auto, (min-width: 1536px) 2048px, (min-width: 992px) 1536px, (min-width: 768px) 1024px, (min-width: 576px) 768px, 100vw\" \/>\n\n\n<div class=\"grid-container\">\n  <div class=\"grid-x\">\n    <div class=\"cell small-12 medium-6 medium-offset-1\">\n      <div class=\"c-fh__wrapper\">\n              <\/div>\n    <\/div>\n  <\/div>\n<\/div>\n  \n    \n    <\/header>\n\n\n  \n  <section class=\"wp-block-group alignfull t3-header u-max-wide t3-header-text has-white-background-color has-background has-global-padding is-layout-constrained wp-block-group-is-layout-constrained\">\n    <div class=\"wp-block-group o-grid u-md-1 u-sm-1 is-layout-flow wp-block-group-is-layout-flow\">\n  <div class=\"wp-block-group u-g-10 u-g-s-2\">\n      <div class=\"yoast-breadcrumbs\"><span><span><a href=\"https:\/\/www.leeb-balkone.com\/at\/\">Home<\/a><\/span><\/span><\/div>\n      \n    <h1>Das zweite Leben der Weinkiste: Der Mini-Kr\u00e4utergarten<\/h1>\n  <\/div>\n<\/div>\n  <\/section>\n\n\n\n\n\n\n<section class=\"wp-block-cgb-t3-section-block alignfull b-pt-small  is-style-bg-white\" style=\"display:inherit;min-height:inherit\">\n<div class=\"wp-block-cgb-t3-container-block none\" style=\"background-color:none\"><div class=\"grid-container\"><div class=\"grid-x\"><div class=\"cell small-12 medium-9 large-0 medium-offset-1 b-has-lsmb\">\n<p>Freunde der guten K\u00fcche wissen: Frische Kr\u00e4uter verfeinern Gerichte im Handumdrehen. Der Sommer ist die ideale Jahreszeit, um selbst frische Kr\u00e4uter auf seinem Balkon zu ziehen. Idealerweise hat man alle seine Kr\u00e4uter in einer oder mehreren Kisten beisammen. Auch hier haben wir die passende Anleitung f\u00fcr Sie: Ein Mini-Kr\u00e4utergarten, der sich schnell aus einer alten Weinkiste bauen l\u00e4sst.<\/p>\n<\/div><\/div><\/div><\/div>\n\n\n\n<div class=\"wp-block-cgb-t3-container-block none\" style=\"background-color:none\"><div class=\"grid-container\"><div class=\"grid-x\"><div class=\"cell small-12 medium-0 large-0\"><div id=\"lightgallery-block_6ab6ae14681570dff4686c8c287a8bf9\" data-block_6ab6ae14681570dff4686c8c287a8bf9 class=\"has-1-imgs b-cards b-cards--gallery u-grid-temp has-1-cols u-md-2 u-sm-1 wp-block-group is-layout-grid wp-block-group-is-layout-grid gallery alignwide\">\n\n        <div class=\"b-cards__item\">\n\n        \n      <figure>\n                 <img loading=\"lazy\" decoding=\"async\" width=\"1536\" height=\"1153\" src=\"https:\/\/www.leeb-balkone.com\/app\/uploads\/2020\/10\/Kleines-Salatbeet-in-der-Weinkiste-1-1536x1153.jpg\" class=\"attachment-1536x1536 size-1536x1536\" alt=\"Kleines Salatbeet in der Weinkiste 1\" srcset=\"https:\/\/www.leeb-balkone.com\/app\/uploads\/2020\/10\/Kleines-Salatbeet-in-der-Weinkiste-1-1536x1153.jpg 1536w, https:\/\/www.leeb-balkone.com\/app\/uploads\/2020\/10\/Kleines-Salatbeet-in-der-Weinkiste-1-300x225.jpg 300w, https:\/\/www.leeb-balkone.com\/app\/uploads\/2020\/10\/Kleines-Salatbeet-in-der-Weinkiste-1-1024x769.jpg 1024w, https:\/\/www.leeb-balkone.com\/app\/uploads\/2020\/10\/Kleines-Salatbeet-in-der-Weinkiste-1-768x577.jpg 768w, https:\/\/www.leeb-balkone.com\/app\/uploads\/2020\/10\/Kleines-Salatbeet-in-der-Weinkiste-1-2048x1538.jpg 2048w\" sizes=\"auto, (min-width: 1200px) 100vw, (min-width: 1024px) 1536px, (min-width: 640px) 768px, 768px\" \/>              <\/figure>\n\n                  \n        <div class=\"caption\">\n                          <p>Salatbeet in der Weinkiste\n              <\/div>\n  \n<\/div>\n\n    <\/div>\n\n<\/div><\/div><\/div><\/div>\n\n\n\n<div class=\"wp-block-cgb-t3-container-block none\" style=\"background-color:none\"><div class=\"grid-container\"><div class=\"grid-x\"><div class=\"cell small-12 medium-9 large-0 medium-offset-1 b-has-lsmb\">\n<h2 class=\"wp-block-heading\">Anleitung zum Selbermachen<\/h2>\n\n\n\n<h3 class=\"wp-block-heading\">&nbsp;Materialien:<\/h3>\n\n\n\n<ul class=\"wp-block-list\">\n<li>Alte Weinkiste(n)<\/li>\n\n\n\n<li>Steine oder Tonscherben f\u00fcr die Drainage<\/li>\n\n\n\n<li>Zweige, Bl\u00e4tter und\/oder Laub als \u00dcbergang<\/li>\n\n\n\n<li>Erde<\/li>\n\n\n\n<li>K\u00fcchenkr\u00e4uter-Pflanzen oder Salat-Stecklinge<\/li>\n<\/ul>\n\n\n\n<h3 class=\"wp-block-heading\">Utensilien:<\/h3>\n\n\n\n<ul class=\"wp-block-list\">\n<li>Bohrmaschine<\/li>\n<\/ul>\n\n\n\n<p>Anmerkung: Weinkisten sind nicht so schwierig aufzutreiben, wie man vielleicht denken mag. Wenn man in Restaurants h\u00f6flich danach fragt, solle dies kein Problem sein nachdem die Kisten in der Regel entweder in den Ofen oder in die M\u00fclltonne wandern. Salat-Stecklinge kann man inzwischen mit ein wenig Gl\u00fcck sogar in Lebensmittelgesch\u00e4ften ergattern, ansonsten wird man im Garten-Center immer f\u00fcndig.<\/p>\n\n\n\n<h3 class=\"wp-block-heading\">Schritt 1: L\u00f6cher f\u00fcr die Drainage<\/h3>\n\n\n\n<p>Staun\u00e4sse sollte grunds\u00e4tzlich immer vermieden werden, weswegen jedes Pflanzgef\u00e4\u00df mit L\u00f6chern am Boden ausgestattet sein sollte. Bei unserer Weinkiste ist das nat\u00fcrlich nicht der Fall, aber dies l\u00e4sst sich schnell \u00e4ndern: Mit unserem Bohrer machen wir einige L\u00f6cher in den Boden der Kiste. Anschlie\u00dfend geben wir unsere Steine oder Tonscherben in die Kiste, und bedecken diese mit einer ca. 3-4 cm dicken Schicht aus Zweigen, Bl\u00e4ttern, und\/oder Laub.<\/p>\n\n\n\n<h3 class=\"wp-block-heading\">Schritt 2: Erde<\/h3>\n\n\n\n<p>Im Handel gibt es spezielle Kr\u00e4uter- oder Gem\u00fcseerde, die man an dieser Stelle verwenden kann. Alternativ kann man auch Torf oder normale Erde mit etwas Kompost oder Hornsp\u00e4nen mischen. Kleiner Tipp: Nutzpflanzen lieben Hornsp\u00e4ne mehr als alles andere. Wer also seinen Sch\u00fctzlingen etwas ausgesprochen Gutes tun m\u00f6chte, kann sich welche aus dem Fachhandel besorgen und der Erde beimengen. Dies kann man auch nachtr\u00e4glich tun, indem man die Sp\u00e4ne an der Oberfl\u00e4che einarbeitet, und daraufhin die Erde etwas gie\u00dft.<\/p>\n\n\n\n<h3 class=\"wp-block-heading\">Schritt 3: Pflanzen<\/h3>\n\n\n\n<p>In unserem Fall haben wir uns f\u00fcr Basilikum, Schnittlauch, Petersilie und Wurstkraut entschieden. Au\u00dferdem haben wir in einer zweiten Kiste ein kleines Salatbeet angelegt. Sie k\u00f6nnen im Endeffekt verwenden was Sie m\u00f6chten, solange die Pflanzen \u00e4hnliche Bed\u00fcrfnisse hinsichtlich der Licht- und Wassermenge haben. Ansonsten sind auch hier Ihrer Vorstellungskraft kaum Grenzen gesetzt.<br>Fertig! An dieser Stelle bleibt uns nur noch, Ihnen viel Spa\u00df beim Basteln, Kochen und Kosten zu w\u00fcnschen \u2013 behalten Sie unsere Seite im Auge f\u00fcr weitere spannende Bastel-Ideen<\/p>\n<\/div><\/div><\/div><\/div>\n<\/section>\n\n\n\n<p><\/p>\n","protected":false},"excerpt":{"rendered":"<p>Der Sommer ist die ideale Jahreszeit, um selbst frische Kr\u00e4uter auf seinem Balkon zu ziehen. Idealerweise hat man alle seine Kr\u00e4uter in einer oder mehreren Kisten beisammen. Aus der Do-it-yourself Ecke: Mini-Kr\u00e4utergarten aus alter Weinkiste!<\/p>\n","protected":false},"author":3,"featured_media":9409,"comment_status":"closed","ping_status":"open","sticky":false,"template":"template-onepager.blade.php","format":"standard","meta":{"_acf_changed":false,"footnotes":""},"categories":[158,159,144,145,146,147,148],"tags":[],"post_folder":[],"class_list":["post-19023","post","type-post","status-publish","format-standard","has-post-thumbnail","hentry","category-balkongestaltung","category-balkonpflanzen","category-garten-und-pflanzen","category-gartenbau","category-gartengestaltung","category-ideen-zum-selbermachen","category-tipps-zur-balkongestaltung"],"acf":[],"yoast_head":"<!-- This site is optimized with the Yoast SEO plugin v27.2 - https:\/\/yoast.com\/product\/yoast-seo-wordpress\/ -->\n<title>Das zweite Leben der Weinkiste: Der Mini-Kr\u00e4utergarten - Leeb Balkone \u00d6sterreich<\/title>\n<meta name=\"description\" content=\"Der Sommer ist die ideale Jahreszeit, um selbst frische Kr\u00e4uter auf seinem Balkon zu ziehen. Idealerweise hat man alle seine Kr\u00e4uter in einer oder mehreren Kisten beisammen. Aus der Do-it-yourself Ecke: Mini-Kr\u00e4utergarten aus alter Weinkiste!\" \/>\n<meta name=\"robots\" content=\"index, follow, max-snippet:-1, max-image-preview:large, max-video-preview:-1\" \/>\n<meta property=\"og:locale\" content=\"de_DE\" \/>\n<meta property=\"og:type\" content=\"article\" \/>\n<meta property=\"og:title\" content=\"Das zweite Leben der Weinkiste: Der Mini-Kr\u00e4utergarten - Leeb Balkone\" \/>\n<meta property=\"og:description\" content=\"Der Sommer ist die ideale Jahreszeit, um selbst frische Kr\u00e4uter auf seinem Balkon zu ziehen. Idealerweise hat man alle seine Kr\u00e4uter in einer oder mehreren Kisten beisammen. Aus der Do-it-yourself Ecke: Mini-Kr\u00e4utergarten aus alter Weinkiste!\" \/>\n<meta property=\"og:url\" content=\"https:\/\/www.leeb-balkone.com\/at\/blog\/der-mini-kraeutergarten\/\" \/>\n<meta property=\"og:site_name\" content=\"Leeb Balkone\" \/>\n<meta property=\"article:publisher\" content=\"https:\/\/www.facebook.com\/balkone\/\" \/>\n<meta property=\"article:published_time\" content=\"2016-05-17T06:35:22+00:00\" \/>\n<meta property=\"article:modified_time\" content=\"2023-01-16T17:22:13+00:00\" \/>\n<meta property=\"og:image\" content=\"https:\/\/www.leeb-balkone.com\/app\/uploads\/2020\/10\/Kleines-Salatbeet-in-der-Weinkiste-1.jpg\" \/>\n\t<meta property=\"og:image:width\" content=\"2440\" \/>\n\t<meta property=\"og:image:height\" content=\"1832\" \/>\n\t<meta property=\"og:image:type\" content=\"image\/jpeg\" \/>\n<meta name=\"author\" content=\"jbacher\" \/>\n<meta name=\"twitter:card\" content=\"summary_large_image\" \/>\n<script type=\"application\/ld+json\" class=\"yoast-schema-graph\">{\"@context\":\"https:\/\/schema.org\",\"@graph\":[{\"@type\":\"Article\",\"@id\":\"https:\/\/www.leeb-balkone.com\/at\/blog\/der-mini-kraeutergarten\/#article\",\"isPartOf\":{\"@id\":\"https:\/\/www.leeb-balkone.com\/at\/blog\/der-mini-kraeutergarten\/\"},\"author\":{\"name\":\"jbacher\",\"@id\":\"https:\/\/www.leeb-balkone.com\/at\/#\/schema\/person\/15f1f398efcf4703721e46c2136421fa\"},\"headline\":\"Das zweite Leben der Weinkiste: Der Mini-Kr\u00e4utergarten\",\"datePublished\":\"2016-05-17T06:35:22+00:00\",\"dateModified\":\"2023-01-16T17:22:13+00:00\",\"mainEntityOfPage\":{\"@id\":\"https:\/\/www.leeb-balkone.com\/at\/blog\/der-mini-kraeutergarten\/\"},\"wordCount\":430,\"publisher\":{\"@id\":\"https:\/\/www.leeb-balkone.com\/at\/#organization\"},\"image\":{\"@id\":\"https:\/\/www.leeb-balkone.com\/at\/blog\/der-mini-kraeutergarten\/#primaryimage\"},\"thumbnailUrl\":\"https:\/\/www.leeb-balkone.com\/app\/uploads\/2020\/10\/Kleines-Salatbeet-in-der-Weinkiste-1.jpg\",\"articleSection\":[\"Balkongestaltung\",\"Balkonpflanzen\",\"Garten und Pflanzen\",\"Gartenbau\",\"Gartengestaltung\",\"Ideen zum Selbermachen\",\"Tipps zur Balkongestaltung\"],\"inLanguage\":\"de-AT\"},{\"@type\":\"WebPage\",\"@id\":\"https:\/\/www.leeb-balkone.com\/at\/blog\/der-mini-kraeutergarten\/\",\"url\":\"https:\/\/www.leeb-balkone.com\/at\/blog\/der-mini-kraeutergarten\/\",\"name\":\"Das zweite Leben der Weinkiste: Der Mini-Kr\u00e4utergarten - Leeb Balkone\",\"isPartOf\":{\"@id\":\"https:\/\/www.leeb-balkone.com\/at\/#website\"},\"primaryImageOfPage\":{\"@id\":\"https:\/\/www.leeb-balkone.com\/at\/blog\/der-mini-kraeutergarten\/#primaryimage\"},\"image\":{\"@id\":\"https:\/\/www.leeb-balkone.com\/at\/blog\/der-mini-kraeutergarten\/#primaryimage\"},\"thumbnailUrl\":\"https:\/\/www.leeb-balkone.com\/app\/uploads\/2020\/10\/Kleines-Salatbeet-in-der-Weinkiste-1.jpg\",\"datePublished\":\"2016-05-17T06:35:22+00:00\",\"dateModified\":\"2023-01-16T17:22:13+00:00\",\"description\":\"Der Sommer ist die ideale Jahreszeit, um selbst frische Kr\u00e4uter auf seinem Balkon zu ziehen. Idealerweise hat man alle seine Kr\u00e4uter in einer oder mehreren Kisten beisammen. Aus der Do-it-yourself Ecke: Mini-Kr\u00e4utergarten aus alter Weinkiste!\",\"breadcrumb\":{\"@id\":\"https:\/\/www.leeb-balkone.com\/at\/blog\/der-mini-kraeutergarten\/#breadcrumb\"},\"inLanguage\":\"de-AT\",\"potentialAction\":[{\"@type\":\"ReadAction\",\"target\":[\"https:\/\/www.leeb-balkone.com\/at\/blog\/der-mini-kraeutergarten\/\"]}]},{\"@type\":\"ImageObject\",\"inLanguage\":\"de-AT\",\"@id\":\"https:\/\/www.leeb-balkone.com\/at\/blog\/der-mini-kraeutergarten\/#primaryimage\",\"url\":\"https:\/\/www.leeb-balkone.com\/app\/uploads\/2020\/10\/Kleines-Salatbeet-in-der-Weinkiste-1.jpg\",\"contentUrl\":\"https:\/\/www.leeb-balkone.com\/app\/uploads\/2020\/10\/Kleines-Salatbeet-in-der-Weinkiste-1.jpg\",\"width\":2440,\"height\":1832,\"caption\":\"Salatbeet in der Weinkiste\"},{\"@type\":\"BreadcrumbList\",\"@id\":\"https:\/\/www.leeb-balkone.com\/at\/blog\/der-mini-kraeutergarten\/#breadcrumb\",\"itemListElement\":[{\"@type\":\"ListItem\",\"position\":1,\"name\":\"Home\",\"item\":\"https:\/\/www.leeb-balkone.com\/at\/\"},{\"@type\":\"ListItem\",\"position\":2,\"name\":\"Das zweite Leben der Weinkiste: Der Mini-Kr\u00e4utergarten\"}]},{\"@type\":\"WebSite\",\"@id\":\"https:\/\/www.leeb-balkone.com\/at\/#website\",\"url\":\"https:\/\/www.leeb-balkone.com\/at\/\",\"name\":\"Leeb Balkone\",\"description\":\"Balkone und Z\u00e4une\",\"publisher\":{\"@id\":\"https:\/\/www.leeb-balkone.com\/at\/#organization\"},\"potentialAction\":[{\"@type\":\"SearchAction\",\"target\":{\"@type\":\"EntryPoint\",\"urlTemplate\":\"https:\/\/www.leeb-balkone.com\/at\/?s={search_term_string}\"},\"query-input\":{\"@type\":\"PropertyValueSpecification\",\"valueRequired\":true,\"valueName\":\"search_term_string\"}}],\"inLanguage\":\"de-AT\"},{\"@type\":\"Organization\",\"@id\":\"https:\/\/www.leeb-balkone.com\/at\/#organization\",\"name\":\"Leeb Balkone Gmbh\",\"url\":\"https:\/\/www.leeb-balkone.com\/at\/\",\"logo\":{\"@type\":\"ImageObject\",\"inLanguage\":\"de-AT\",\"@id\":\"https:\/\/www.leeb-balkone.com\/at\/#\/schema\/logo\/image\/\",\"url\":\"https:\/\/www.leeb-balkone.com\/app\/uploads\/2020\/11\/leeb-logo.svg\",\"contentUrl\":\"https:\/\/www.leeb-balkone.com\/app\/uploads\/2020\/11\/leeb-logo.svg\",\"width\":741,\"height\":204,\"caption\":\"Leeb Balkone Gmbh\"},\"image\":{\"@id\":\"https:\/\/www.leeb-balkone.com\/at\/#\/schema\/logo\/image\/\"},\"sameAs\":[\"https:\/\/www.facebook.com\/balkone\/\",\"https:\/\/www.trustedshops.at\/bewertung\/info_X4587CCF5833E31AFE0B11F47D86999F2.html\",\"https:\/\/www.trustedshops.de\/bewertung\/info_X7BA536A7A0BDC86D36C4718E4DCAEEEF.html\",\"https:\/\/www.google.com\/maps\/place\/?q=place_id:ChIJ5-zH19-IcEcR9HonWRTllHI\"]},{\"@type\":\"Person\",\"@id\":\"https:\/\/www.leeb-balkone.com\/at\/#\/schema\/person\/15f1f398efcf4703721e46c2136421fa\",\"name\":\"jbacher\"}]}<\/script>\n<!-- \/ Yoast SEO plugin. -->","yoast_head_json":{"title":"Das zweite Leben der Weinkiste: Der Mini-Kr\u00e4utergarten - Leeb Balkone \u00d6sterreich","description":"Der Sommer ist die ideale Jahreszeit, um selbst frische Kr\u00e4uter auf seinem Balkon zu ziehen. Idealerweise hat man alle seine Kr\u00e4uter in einer oder mehreren Kisten beisammen. Aus der Do-it-yourself Ecke: Mini-Kr\u00e4utergarten aus alter Weinkiste!","robots":{"index":"index","follow":"follow","max-snippet":"max-snippet:-1","max-image-preview":"max-image-preview:large","max-video-preview":"max-video-preview:-1"},"og_locale":"de_DE","og_type":"article","og_title":"Das zweite Leben der Weinkiste: Der Mini-Kr\u00e4utergarten - Leeb Balkone","og_description":"Der Sommer ist die ideale Jahreszeit, um selbst frische Kr\u00e4uter auf seinem Balkon zu ziehen. Idealerweise hat man alle seine Kr\u00e4uter in einer oder mehreren Kisten beisammen. Aus der Do-it-yourself Ecke: Mini-Kr\u00e4utergarten aus alter Weinkiste!","og_url":"https:\/\/www.leeb-balkone.com\/at\/blog\/der-mini-kraeutergarten\/","og_site_name":"Leeb Balkone","article_publisher":"https:\/\/www.facebook.com\/balkone\/","article_published_time":"2016-05-17T06:35:22+00:00","article_modified_time":"2023-01-16T17:22:13+00:00","og_image":[{"width":2440,"height":1832,"url":"https:\/\/www.leeb-balkone.com\/app\/uploads\/2020\/10\/Kleines-Salatbeet-in-der-Weinkiste-1.jpg","type":"image\/jpeg"}],"author":"jbacher","twitter_card":"summary_large_image","schema":{"@context":"https:\/\/schema.org","@graph":[{"@type":"Article","@id":"https:\/\/www.leeb-balkone.com\/at\/blog\/der-mini-kraeutergarten\/#article","isPartOf":{"@id":"https:\/\/www.leeb-balkone.com\/at\/blog\/der-mini-kraeutergarten\/"},"author":{"name":"jbacher","@id":"https:\/\/www.leeb-balkone.com\/at\/#\/schema\/person\/15f1f398efcf4703721e46c2136421fa"},"headline":"Das zweite Leben der Weinkiste: Der Mini-Kr\u00e4utergarten","datePublished":"2016-05-17T06:35:22+00:00","dateModified":"2023-01-16T17:22:13+00:00","mainEntityOfPage":{"@id":"https:\/\/www.leeb-balkone.com\/at\/blog\/der-mini-kraeutergarten\/"},"wordCount":430,"publisher":{"@id":"https:\/\/www.leeb-balkone.com\/at\/#organization"},"image":{"@id":"https:\/\/www.leeb-balkone.com\/at\/blog\/der-mini-kraeutergarten\/#primaryimage"},"thumbnailUrl":"https:\/\/www.leeb-balkone.com\/app\/uploads\/2020\/10\/Kleines-Salatbeet-in-der-Weinkiste-1.jpg","articleSection":["Balkongestaltung","Balkonpflanzen","Garten und Pflanzen","Gartenbau","Gartengestaltung","Ideen zum Selbermachen","Tipps zur Balkongestaltung"],"inLanguage":"de-AT"},{"@type":"WebPage","@id":"https:\/\/www.leeb-balkone.com\/at\/blog\/der-mini-kraeutergarten\/","url":"https:\/\/www.leeb-balkone.com\/at\/blog\/der-mini-kraeutergarten\/","name":"Das zweite Leben der Weinkiste: Der Mini-Kr\u00e4utergarten - Leeb Balkone","isPartOf":{"@id":"https:\/\/www.leeb-balkone.com\/at\/#website"},"primaryImageOfPage":{"@id":"https:\/\/www.leeb-balkone.com\/at\/blog\/der-mini-kraeutergarten\/#primaryimage"},"image":{"@id":"https:\/\/www.leeb-balkone.com\/at\/blog\/der-mini-kraeutergarten\/#primaryimage"},"thumbnailUrl":"https:\/\/www.leeb-balkone.com\/app\/uploads\/2020\/10\/Kleines-Salatbeet-in-der-Weinkiste-1.jpg","datePublished":"2016-05-17T06:35:22+00:00","dateModified":"2023-01-16T17:22:13+00:00","description":"Der Sommer ist die ideale Jahreszeit, um selbst frische Kr\u00e4uter auf seinem Balkon zu ziehen. Idealerweise hat man alle seine Kr\u00e4uter in einer oder mehreren Kisten beisammen. Aus der Do-it-yourself Ecke: Mini-Kr\u00e4utergarten aus alter Weinkiste!","breadcrumb":{"@id":"https:\/\/www.leeb-balkone.com\/at\/blog\/der-mini-kraeutergarten\/#breadcrumb"},"inLanguage":"de-AT","potentialAction":[{"@type":"ReadAction","target":["https:\/\/www.leeb-balkone.com\/at\/blog\/der-mini-kraeutergarten\/"]}]},{"@type":"ImageObject","inLanguage":"de-AT","@id":"https:\/\/www.leeb-balkone.com\/at\/blog\/der-mini-kraeutergarten\/#primaryimage","url":"https:\/\/www.leeb-balkone.com\/app\/uploads\/2020\/10\/Kleines-Salatbeet-in-der-Weinkiste-1.jpg","contentUrl":"https:\/\/www.leeb-balkone.com\/app\/uploads\/2020\/10\/Kleines-Salatbeet-in-der-Weinkiste-1.jpg","width":2440,"height":1832,"caption":"Salatbeet in der Weinkiste"},{"@type":"BreadcrumbList","@id":"https:\/\/www.leeb-balkone.com\/at\/blog\/der-mini-kraeutergarten\/#breadcrumb","itemListElement":[{"@type":"ListItem","position":1,"name":"Home","item":"https:\/\/www.leeb-balkone.com\/at\/"},{"@type":"ListItem","position":2,"name":"Das zweite Leben der Weinkiste: Der Mini-Kr\u00e4utergarten"}]},{"@type":"WebSite","@id":"https:\/\/www.leeb-balkone.com\/at\/#website","url":"https:\/\/www.leeb-balkone.com\/at\/","name":"Leeb Balkone","description":"Balkone und Z\u00e4une","publisher":{"@id":"https:\/\/www.leeb-balkone.com\/at\/#organization"},"potentialAction":[{"@type":"SearchAction","target":{"@type":"EntryPoint","urlTemplate":"https:\/\/www.leeb-balkone.com\/at\/?s={search_term_string}"},"query-input":{"@type":"PropertyValueSpecification","valueRequired":true,"valueName":"search_term_string"}}],"inLanguage":"de-AT"},{"@type":"Organization","@id":"https:\/\/www.leeb-balkone.com\/at\/#organization","name":"Leeb Balkone Gmbh","url":"https:\/\/www.leeb-balkone.com\/at\/","logo":{"@type":"ImageObject","inLanguage":"de-AT","@id":"https:\/\/www.leeb-balkone.com\/at\/#\/schema\/logo\/image\/","url":"https:\/\/www.leeb-balkone.com\/app\/uploads\/2020\/11\/leeb-logo.svg","contentUrl":"https:\/\/www.leeb-balkone.com\/app\/uploads\/2020\/11\/leeb-logo.svg","width":741,"height":204,"caption":"Leeb Balkone Gmbh"},"image":{"@id":"https:\/\/www.leeb-balkone.com\/at\/#\/schema\/logo\/image\/"},"sameAs":["https:\/\/www.facebook.com\/balkone\/","https:\/\/www.trustedshops.at\/bewertung\/info_X4587CCF5833E31AFE0B11F47D86999F2.html","https:\/\/www.trustedshops.de\/bewertung\/info_X7BA536A7A0BDC86D36C4718E4DCAEEEF.html","https:\/\/www.google.com\/maps\/place\/?q=place_id:ChIJ5-zH19-IcEcR9HonWRTllHI"]},{"@type":"Person","@id":"https:\/\/www.leeb-balkone.com\/at\/#\/schema\/person\/15f1f398efcf4703721e46c2136421fa","name":"jbacher"}]}},"_links":{"self":[{"href":"https:\/\/www.leeb-balkone.com\/at\/wp-json\/wp\/v2\/posts\/19023","targetHints":{"allow":["GET"]}}],"collection":[{"href":"https:\/\/www.leeb-balkone.com\/at\/wp-json\/wp\/v2\/posts"}],"about":[{"href":"https:\/\/www.leeb-balkone.com\/at\/wp-json\/wp\/v2\/types\/post"}],"author":[{"embeddable":true,"href":"https:\/\/www.leeb-balkone.com\/at\/wp-json\/wp\/v2\/users\/3"}],"replies":[{"embeddable":true,"href":"https:\/\/www.leeb-balkone.com\/at\/wp-json\/wp\/v2\/comments?post=19023"}],"version-history":[{"count":0,"href":"https:\/\/www.leeb-balkone.com\/at\/wp-json\/wp\/v2\/posts\/19023\/revisions"}],"wp:featuredmedia":[{"embeddable":true,"href":"https:\/\/www.leeb-balkone.com\/at\/wp-json\/wp\/v2\/media\/9409"}],"wp:attachment":[{"href":"https:\/\/www.leeb-balkone.com\/at\/wp-json\/wp\/v2\/media?parent=19023"}],"wp:term":[{"taxonomy":"category","embeddable":true,"href":"https:\/\/www.leeb-balkone.com\/at\/wp-json\/wp\/v2\/categories?post=19023"},{"taxonomy":"post_tag","embeddable":true,"href":"https:\/\/www.leeb-balkone.com\/at\/wp-json\/wp\/v2\/tags?post=19023"},{"taxonomy":"post_folder","embeddable":true,"href":"https:\/\/www.leeb-balkone.com\/at\/wp-json\/wp\/v2\/post_folder?post=19023"}],"curies":[{"name":"wp","href":"https:\/\/api.w.org\/{rel}","templated":true}]}}