{"id":18999,"date":"2016-05-17T08:31:07","date_gmt":"2016-05-17T08:31:07","guid":{"rendered":"https:\/\/www.leeb-balkone.com\/de\/blog\/postdummy-2-2-3-2-2-2-5-2-2-2-5-3\/"},"modified":"2023-01-16T17:11:09","modified_gmt":"2023-01-16T17:11:09","slug":"wetterfeste-gartenmoebel-aus-holz","status":"publish","type":"post","link":"https:\/\/www.leeb-balkone.com\/at\/blog\/wetterfeste-gartenmoebel-aus-holz\/","title":{"rendered":"Wetterfeste Gartenm\u00f6bel aus Holz"},"content":{"rendered":"\n<p><\/p>\n\n\n<header data-block_c03dc8067e670b1abac285188eeabe03 class=\"c-fh  l-mh-small c-fh--hero c-grad-l2r c-fh--div none\">\n      <img loading=\"lazy\" decoding=\"async\" width=\"2560\" height=\"1825\" src=\"https:\/\/www.leeb-balkone.com\/app\/uploads\/2020\/10\/wetterfeste-gartenmoebel-1-scaled.jpg\" class=\"no-lazy\" alt=\"Moderner W\u00fcrfel mit Aluzaun Landeck\" srcset=\"https:\/\/www.leeb-balkone.com\/app\/uploads\/2020\/10\/wetterfeste-gartenmoebel-1-scaled.jpg 2560w, https:\/\/www.leeb-balkone.com\/app\/uploads\/2020\/10\/wetterfeste-gartenmoebel-1-300x214.jpg 300w, https:\/\/www.leeb-balkone.com\/app\/uploads\/2020\/10\/wetterfeste-gartenmoebel-1-1024x730.jpg 1024w, https:\/\/www.leeb-balkone.com\/app\/uploads\/2020\/10\/wetterfeste-gartenmoebel-1-768x547.jpg 768w, https:\/\/www.leeb-balkone.com\/app\/uploads\/2020\/10\/wetterfeste-gartenmoebel-1-1536x1095.jpg 1536w, https:\/\/www.leeb-balkone.com\/app\/uploads\/2020\/10\/wetterfeste-gartenmoebel-1-2048x1460.jpg 2048w\" sizes=\"auto, (min-width: 1536px) 2048px, (min-width: 992px) 1536px, (min-width: 768px) 1024px, (min-width: 576px) 768px, 100vw\" \/>\n\n\n<div class=\"grid-container\">\n  <div class=\"grid-x\">\n    <div class=\"cell small-12 medium-6 medium-offset-1\">\n      <div class=\"c-fh__wrapper\">\n              <\/div>\n    <\/div>\n  <\/div>\n<\/div>\n  \n    \n    <\/header>\n\n\n  \n  <section class=\"wp-block-group alignfull t3-header u-max-wide t3-header-text has-white-background-color has-background has-global-padding is-layout-constrained wp-block-group-is-layout-constrained\">\n    <div class=\"wp-block-group o-grid u-md-1 u-sm-1 is-layout-flow wp-block-group-is-layout-flow\">\n  <div class=\"wp-block-group u-g-10 u-g-s-2\">\n      <div class=\"yoast-breadcrumbs\"><span><span><a href=\"https:\/\/www.leeb-balkone.com\/at\/\">Home<\/a><\/span><\/span><\/div>\n      \n    <h1>Wetterfeste Gartenm\u00f6bel aus Holz<\/h1>\n  <\/div>\n<\/div>\n  <\/section>\n\n\n\n\n\n\n<section class=\"wp-block-cgb-t3-section-block alignfull b-pt-small  is-style-bg-white\" style=\"display:inherit;min-height:inherit\">\n<div class=\"wp-block-cgb-t3-container-block none\" style=\"background-color:none\"><div class=\"grid-container\"><div class=\"grid-x\"><div class=\"cell small-12 medium-9 large-0 medium-offset-1 b-has-lsmb\">\n<p>Wer auch im Winter die Schneelandschaft an der frischen Luft genie\u00dfen m\u00f6chte, hat meist zwei M\u00f6glichkeiten: stehen oder die Sommerm\u00f6bel kurzfristig wieder nach drau\u00dfen schleppen. Doch somit l\u00e4sst sich der Gl\u00fchwein im Garten nicht mehr wirklich genie\u00dfen. Um die frische Luft das ganze Jahr \u00fcber gem\u00fctlich zu genie\u00dfen, gibt es aber so manche Holzarten, die auch ohne Probleme die Winter-Witterungen \u00fcberstehen.<\/p>\n<\/div><\/div><\/div><\/div>\n\n\n\n<div class=\"wp-block-cgb-t3-container-block none\" style=\"background-color:none\"><div class=\"grid-container\"><div class=\"grid-x\"><div class=\"cell small-12 medium-0 large-0\"><div id=\"lightgallery-block_5f0478660821ee4979f7c46e83ca6188\" data-block_5f0478660821ee4979f7c46e83ca6188 class=\"has-1-imgs b-cards b-cards--gallery u-grid-temp has-1-cols u-md-2 u-sm-1 wp-block-group is-layout-grid wp-block-group-is-layout-grid gallery alignwide\">\n\n        <div class=\"b-cards__item\">\n\n        \n      <figure>\n                 <img loading=\"lazy\" decoding=\"async\" width=\"1536\" height=\"1095\" src=\"https:\/\/www.leeb-balkone.com\/app\/uploads\/2020\/10\/wetterfeste-gartenmoebel-1-1536x1095.jpg\" class=\"attachment-1536x1536 size-1536x1536\" alt=\"wetterfeste gartenmoebel 1\" srcset=\"https:\/\/www.leeb-balkone.com\/app\/uploads\/2020\/10\/wetterfeste-gartenmoebel-1-1536x1095.jpg 1536w, https:\/\/www.leeb-balkone.com\/app\/uploads\/2020\/10\/wetterfeste-gartenmoebel-1-300x214.jpg 300w, https:\/\/www.leeb-balkone.com\/app\/uploads\/2020\/10\/wetterfeste-gartenmoebel-1-1024x730.jpg 1024w, https:\/\/www.leeb-balkone.com\/app\/uploads\/2020\/10\/wetterfeste-gartenmoebel-1-768x547.jpg 768w, https:\/\/www.leeb-balkone.com\/app\/uploads\/2020\/10\/wetterfeste-gartenmoebel-1-2048x1460.jpg 2048w\" sizes=\"auto, (min-width: 1200px) 100vw, (min-width: 1024px) 1536px, (min-width: 640px) 768px, 768px\" \/>              <\/figure>\n\n                  \n        <div class=\"caption\">\n                          <p>Wetterfeste M\u00f6bel f\u00fcr Garten, Terrasse und Balkon\n              <\/div>\n  \n<\/div>\n\n    <\/div>\n\n<\/div><\/div><\/div><\/div>\n\n\n\n<div class=\"wp-block-cgb-t3-container-block none\" style=\"background-color:none\"><div class=\"grid-container\"><div class=\"grid-x\"><div class=\"cell small-12 medium-9 large-0 medium-offset-1 b-has-lsmb\">\n<h2 class=\"wp-block-heading\">Holzm\u00f6bel f\u00fcr den Winter<\/h2>\n\n\n\n<p>M\u00f6bel f\u00fcr die Terrasse, den Garten oder den Balkon, die aus Holz gefertigt werden, sind nicht nur wegen der besonders sch\u00f6nen Optik sehr beliebt. Das Holz f\u00fchlt sich auch besonders gut und nat\u00fcrlich an. Doch nicht jede Holzart ist f\u00fcr das \u00dcberwintern im Freien geeignet. Mit diesen Sorten kann jedoch fast nichts schiefgehen:<\/p>\n\n\n\n<h3 class=\"wp-block-heading\">L\u00e4rche:<\/h3>\n\n\n\n<p>Der leicht r\u00f6tliche Farbton ist typisch f\u00fcr das Holz der L\u00e4rche, das aber nicht nur deswegen sehr beliebt ist. L\u00e4rchenholz zeichnet sich durch besonders hohe Dauerhaftigkeit gegen Feuchtigkeit, Witterungseinfl\u00fcsse und Pilze aus. Durch die hohe Stabilit\u00e4t der Kernholzart, die auch hohen Wassermengen standh\u00e4lt, wird das Holz auch gerne f\u00fcr hochbeanspruchte Baukonstruktionsteile und f\u00fcr Boots- und Br\u00fcckenbau, aber auch f\u00fcr Fenster, T\u00fcren, Fu\u00dfb\u00f6den und Silos verwendet.<\/p>\n\n\n\n<h3 class=\"wp-block-heading\">Akazie:<\/h3>\n\n\n\n<p>Die im Volksmund genannte \u201eAkazie\u201c meint meist eigentlich die in heimischen W\u00e4ldern wachsende Robinie. Das Robinienholz ist besonders gut f\u00fcr Innen-, aber auch f\u00fcr Au\u00dfenm\u00f6bel geeignet, da es sehr witterungsbest\u00e4ndig und weitgehend resistent gegen Pilz- und Insektenbefall ist. Abgesehen von der M\u00f6belindustrie findet das Holz auch bei F\u00e4ssern, Bottichen, Spanplatten und auch bei Dachkonstruktionen, Wandverkleidungen und Parkett Verwendung. Ein Nachteil des Holzes der Robinie ist aber, dass es sehr schwer zu impr\u00e4gnieren is<\/p>\n\n\n\n<h3 class=\"wp-block-heading\">Eiche:<\/h3>\n\n\n\n<p>Das relativ schwere Kernholz der Eiche ist nach dem der Robinie das witterungsbest\u00e4ndigste unter den heimischen Holzarten. Es ist auch weitgehend widerstandsf\u00e4hig gegen\u00fcber Pilzen und Insekten und unter Wasser verbaut zeigt es eine unbegrenzte Dauerhaftigkeit auf. Besonders empfehlenswert ist das Holz der Roteiche, da sich dieses im Vergleich zu dem der Stieleiche relativ gut bearbeiten und impr\u00e4gnieren l\u00e4sst. Dadurch ist diese besondere Sorte allerdings auch weniger witterungsfest.<\/p>\n\n\n\n<h3 class=\"wp-block-heading\">Teak:<\/h3>\n\n\n\n<p>Teak geh\u00f6rt mittlerweile zu den beliebtesten Holzarten der M\u00f6belindustrie \u2013 und das nicht ohne Grund: Das Kernholz ist besonders dauerhaft, wetterfest und pilzbest\u00e4ndig. Durch den hohen Siliciumgehalt wirken die Holzfasern auch abweisend gegen\u00fcber Bohrmuscheln und Insekten, beispielsweise Termiten.<\/p>\n\n\n\n<p>Obwohl diese Holzarten zu den best\u00e4ndigsten geh\u00f6ren, muss trotzdem darauf geachtet werden, dass die M\u00f6belst\u00fccke nicht st\u00e4ndig in direktem Sonnenlicht oder ohne \u00dcberdachung im Garten stehen. Durch die UV-Strahlung wird n\u00e4mlich das im Holz vorhandene Lignin aufgespalten. Wenn die Holzm\u00f6bel dann auch noch un\u00fcberdacht im Freien stehen, w\u00e4scht die Feuchtigkeit den Holzbestandteil Lignin aus und das M\u00f6belst\u00fcck bekommt eine Graut\u00f6nung. Und auch wenn diese Holzarten sehr witterungsfest sind, m\u00fcssen diese trotzdem regelm\u00e4\u00dfig gepflegt werden. Wie die Pflege aussieht, sehen Sie in unserem n\u00e4chsten Blogeintrag!<\/p>\n\n\n\n<p>Bildnachweis: Getty Images<\/p>\n<\/div><\/div><\/div><\/div>\n<\/section>\n\n\n\n<p><\/p>\n","protected":false},"excerpt":{"rendered":"<p>Zu dieser Jahreszeit haben viele das gleiche Problem: Die M\u00f6bel, die im Sommer im Freien stehen, m\u00fcssen \u00fcber den Winter hineingetragen oder abgedeckt werden. Mit den richtigen M\u00f6beln aus besonders stabilem und widerstandsf\u00e4higem Holz muss das aber nicht sein.<\/p>\n","protected":false},"author":3,"featured_media":9455,"comment_status":"closed","ping_status":"open","sticky":false,"template":"template-onepager.blade.php","format":"standard","meta":{"_acf_changed":false,"footnotes":""},"categories":[158,168,144,169,146,148],"tags":[],"post_folder":[],"class_list":["post-18999","post","type-post","status-publish","format-standard","has-post-thumbnail","hentry","category-balkongestaltung","category-balkonmoebel","category-garten-und-pflanzen","category-garten-terrassenmoebel","category-gartengestaltung","category-tipps-zur-balkongestaltung"],"acf":[],"yoast_head":"<!-- This site is optimized with the Yoast SEO plugin v27.2 - https:\/\/yoast.com\/product\/yoast-seo-wordpress\/ -->\n<title>Wetterfeste Gartenm\u00f6bel aus Holz - Leeb Balkone \u00d6sterreich<\/title>\n<meta name=\"description\" content=\"Zu dieser Jahreszeit haben viele das gleiche Problem: Die M\u00f6bel, die im Sommer im Freien stehen, m\u00fcssen \u00fcber den Winter hineingetragen oder abgedeckt werden. Mit den richtigen M\u00f6beln aus besonders stabilem und widerstandsf\u00e4higem Holz muss das aber nicht sein.\" \/>\n<meta name=\"robots\" content=\"index, follow, max-snippet:-1, max-image-preview:large, max-video-preview:-1\" \/>\n<meta property=\"og:locale\" content=\"de_DE\" \/>\n<meta property=\"og:type\" content=\"article\" \/>\n<meta property=\"og:title\" content=\"Wetterfeste Gartenm\u00f6bel aus Holz - Leeb Balkone\" \/>\n<meta property=\"og:description\" content=\"Zu dieser Jahreszeit haben viele das gleiche Problem: Die M\u00f6bel, die im Sommer im Freien stehen, m\u00fcssen \u00fcber den Winter hineingetragen oder abgedeckt werden. Mit den richtigen M\u00f6beln aus besonders stabilem und widerstandsf\u00e4higem Holz muss das aber nicht sein.\" \/>\n<meta property=\"og:url\" content=\"https:\/\/www.leeb-balkone.com\/at\/blog\/wetterfeste-gartenmoebel-aus-holz\/\" \/>\n<meta property=\"og:site_name\" content=\"Leeb Balkone\" \/>\n<meta property=\"article:publisher\" content=\"https:\/\/www.facebook.com\/balkone\/\" \/>\n<meta property=\"article:published_time\" content=\"2016-05-17T08:31:07+00:00\" \/>\n<meta property=\"article:modified_time\" content=\"2023-01-16T17:11:09+00:00\" \/>\n<meta property=\"og:image\" content=\"https:\/\/www.leeb-balkone.com\/app\/uploads\/2020\/10\/wetterfeste-gartenmoebel-1-scaled.jpg\" \/>\n\t<meta property=\"og:image:width\" content=\"2560\" \/>\n\t<meta property=\"og:image:height\" content=\"1825\" \/>\n\t<meta property=\"og:image:type\" content=\"image\/jpeg\" \/>\n<meta name=\"author\" content=\"jbacher\" \/>\n<meta name=\"twitter:card\" content=\"summary_large_image\" \/>\n<script type=\"application\/ld+json\" class=\"yoast-schema-graph\">{\"@context\":\"https:\/\/schema.org\",\"@graph\":[{\"@type\":\"Article\",\"@id\":\"https:\/\/www.leeb-balkone.com\/at\/blog\/wetterfeste-gartenmoebel-aus-holz\/#article\",\"isPartOf\":{\"@id\":\"https:\/\/www.leeb-balkone.com\/at\/blog\/wetterfeste-gartenmoebel-aus-holz\/\"},\"author\":{\"name\":\"jbacher\",\"@id\":\"https:\/\/www.leeb-balkone.com\/at\/#\/schema\/person\/15f1f398efcf4703721e46c2136421fa\"},\"headline\":\"Wetterfeste Gartenm\u00f6bel aus Holz\",\"datePublished\":\"2016-05-17T08:31:07+00:00\",\"dateModified\":\"2023-01-16T17:11:09+00:00\",\"mainEntityOfPage\":{\"@id\":\"https:\/\/www.leeb-balkone.com\/at\/blog\/wetterfeste-gartenmoebel-aus-holz\/\"},\"wordCount\":522,\"publisher\":{\"@id\":\"https:\/\/www.leeb-balkone.com\/at\/#organization\"},\"image\":{\"@id\":\"https:\/\/www.leeb-balkone.com\/at\/blog\/wetterfeste-gartenmoebel-aus-holz\/#primaryimage\"},\"thumbnailUrl\":\"https:\/\/www.leeb-balkone.com\/app\/uploads\/2020\/10\/wetterfeste-gartenmoebel-1-scaled.jpg\",\"articleSection\":[\"Balkongestaltung\",\"Balkonm\u00f6bel\",\"Garten und Pflanzen\",\"Garten- &amp; Terrassenm\u00f6bel\",\"Gartengestaltung\",\"Tipps zur Balkongestaltung\"],\"inLanguage\":\"de-AT\"},{\"@type\":\"WebPage\",\"@id\":\"https:\/\/www.leeb-balkone.com\/at\/blog\/wetterfeste-gartenmoebel-aus-holz\/\",\"url\":\"https:\/\/www.leeb-balkone.com\/at\/blog\/wetterfeste-gartenmoebel-aus-holz\/\",\"name\":\"Wetterfeste Gartenm\u00f6bel aus Holz - Leeb Balkone\",\"isPartOf\":{\"@id\":\"https:\/\/www.leeb-balkone.com\/at\/#website\"},\"primaryImageOfPage\":{\"@id\":\"https:\/\/www.leeb-balkone.com\/at\/blog\/wetterfeste-gartenmoebel-aus-holz\/#primaryimage\"},\"image\":{\"@id\":\"https:\/\/www.leeb-balkone.com\/at\/blog\/wetterfeste-gartenmoebel-aus-holz\/#primaryimage\"},\"thumbnailUrl\":\"https:\/\/www.leeb-balkone.com\/app\/uploads\/2020\/10\/wetterfeste-gartenmoebel-1-scaled.jpg\",\"datePublished\":\"2016-05-17T08:31:07+00:00\",\"dateModified\":\"2023-01-16T17:11:09+00:00\",\"description\":\"Zu dieser Jahreszeit haben viele das gleiche Problem: Die M\u00f6bel, die im Sommer im Freien stehen, m\u00fcssen \u00fcber den Winter hineingetragen oder abgedeckt werden. Mit den richtigen M\u00f6beln aus besonders stabilem und widerstandsf\u00e4higem Holz muss das aber nicht sein.\",\"breadcrumb\":{\"@id\":\"https:\/\/www.leeb-balkone.com\/at\/blog\/wetterfeste-gartenmoebel-aus-holz\/#breadcrumb\"},\"inLanguage\":\"de-AT\",\"potentialAction\":[{\"@type\":\"ReadAction\",\"target\":[\"https:\/\/www.leeb-balkone.com\/at\/blog\/wetterfeste-gartenmoebel-aus-holz\/\"]}]},{\"@type\":\"ImageObject\",\"inLanguage\":\"de-AT\",\"@id\":\"https:\/\/www.leeb-balkone.com\/at\/blog\/wetterfeste-gartenmoebel-aus-holz\/#primaryimage\",\"url\":\"https:\/\/www.leeb-balkone.com\/app\/uploads\/2020\/10\/wetterfeste-gartenmoebel-1-scaled.jpg\",\"contentUrl\":\"https:\/\/www.leeb-balkone.com\/app\/uploads\/2020\/10\/wetterfeste-gartenmoebel-1-scaled.jpg\",\"width\":2560,\"height\":1825,\"caption\":\"Wetterfeste M\u00f6bel f\u00fcr Garten, Terrasse und Balkon\"},{\"@type\":\"BreadcrumbList\",\"@id\":\"https:\/\/www.leeb-balkone.com\/at\/blog\/wetterfeste-gartenmoebel-aus-holz\/#breadcrumb\",\"itemListElement\":[{\"@type\":\"ListItem\",\"position\":1,\"name\":\"Home\",\"item\":\"https:\/\/www.leeb-balkone.com\/at\/\"},{\"@type\":\"ListItem\",\"position\":2,\"name\":\"Wetterfeste Gartenm\u00f6bel aus Holz\"}]},{\"@type\":\"WebSite\",\"@id\":\"https:\/\/www.leeb-balkone.com\/at\/#website\",\"url\":\"https:\/\/www.leeb-balkone.com\/at\/\",\"name\":\"Leeb Balkone\",\"description\":\"Balkone und Z\u00e4une\",\"publisher\":{\"@id\":\"https:\/\/www.leeb-balkone.com\/at\/#organization\"},\"potentialAction\":[{\"@type\":\"SearchAction\",\"target\":{\"@type\":\"EntryPoint\",\"urlTemplate\":\"https:\/\/www.leeb-balkone.com\/at\/?s={search_term_string}\"},\"query-input\":{\"@type\":\"PropertyValueSpecification\",\"valueRequired\":true,\"valueName\":\"search_term_string\"}}],\"inLanguage\":\"de-AT\"},{\"@type\":\"Organization\",\"@id\":\"https:\/\/www.leeb-balkone.com\/at\/#organization\",\"name\":\"Leeb Balkone Gmbh\",\"url\":\"https:\/\/www.leeb-balkone.com\/at\/\",\"logo\":{\"@type\":\"ImageObject\",\"inLanguage\":\"de-AT\",\"@id\":\"https:\/\/www.leeb-balkone.com\/at\/#\/schema\/logo\/image\/\",\"url\":\"https:\/\/www.leeb-balkone.com\/app\/uploads\/2020\/11\/leeb-logo.svg\",\"contentUrl\":\"https:\/\/www.leeb-balkone.com\/app\/uploads\/2020\/11\/leeb-logo.svg\",\"width\":741,\"height\":204,\"caption\":\"Leeb Balkone Gmbh\"},\"image\":{\"@id\":\"https:\/\/www.leeb-balkone.com\/at\/#\/schema\/logo\/image\/\"},\"sameAs\":[\"https:\/\/www.facebook.com\/balkone\/\",\"https:\/\/www.trustedshops.at\/bewertung\/info_X4587CCF5833E31AFE0B11F47D86999F2.html\",\"https:\/\/www.trustedshops.de\/bewertung\/info_X7BA536A7A0BDC86D36C4718E4DCAEEEF.html\",\"https:\/\/www.google.com\/maps\/place\/?q=place_id:ChIJ5-zH19-IcEcR9HonWRTllHI\"]},{\"@type\":\"Person\",\"@id\":\"https:\/\/www.leeb-balkone.com\/at\/#\/schema\/person\/15f1f398efcf4703721e46c2136421fa\",\"name\":\"jbacher\"}]}<\/script>\n<!-- \/ Yoast SEO plugin. -->","yoast_head_json":{"title":"Wetterfeste Gartenm\u00f6bel aus Holz - Leeb Balkone \u00d6sterreich","description":"Zu dieser Jahreszeit haben viele das gleiche Problem: Die M\u00f6bel, die im Sommer im Freien stehen, m\u00fcssen \u00fcber den Winter hineingetragen oder abgedeckt werden. Mit den richtigen M\u00f6beln aus besonders stabilem und widerstandsf\u00e4higem Holz muss das aber nicht sein.","robots":{"index":"index","follow":"follow","max-snippet":"max-snippet:-1","max-image-preview":"max-image-preview:large","max-video-preview":"max-video-preview:-1"},"og_locale":"de_DE","og_type":"article","og_title":"Wetterfeste Gartenm\u00f6bel aus Holz - Leeb Balkone","og_description":"Zu dieser Jahreszeit haben viele das gleiche Problem: Die M\u00f6bel, die im Sommer im Freien stehen, m\u00fcssen \u00fcber den Winter hineingetragen oder abgedeckt werden. Mit den richtigen M\u00f6beln aus besonders stabilem und widerstandsf\u00e4higem Holz muss das aber nicht sein.","og_url":"https:\/\/www.leeb-balkone.com\/at\/blog\/wetterfeste-gartenmoebel-aus-holz\/","og_site_name":"Leeb Balkone","article_publisher":"https:\/\/www.facebook.com\/balkone\/","article_published_time":"2016-05-17T08:31:07+00:00","article_modified_time":"2023-01-16T17:11:09+00:00","og_image":[{"width":2560,"height":1825,"url":"https:\/\/www.leeb-balkone.com\/app\/uploads\/2020\/10\/wetterfeste-gartenmoebel-1-scaled.jpg","type":"image\/jpeg"}],"author":"jbacher","twitter_card":"summary_large_image","schema":{"@context":"https:\/\/schema.org","@graph":[{"@type":"Article","@id":"https:\/\/www.leeb-balkone.com\/at\/blog\/wetterfeste-gartenmoebel-aus-holz\/#article","isPartOf":{"@id":"https:\/\/www.leeb-balkone.com\/at\/blog\/wetterfeste-gartenmoebel-aus-holz\/"},"author":{"name":"jbacher","@id":"https:\/\/www.leeb-balkone.com\/at\/#\/schema\/person\/15f1f398efcf4703721e46c2136421fa"},"headline":"Wetterfeste Gartenm\u00f6bel aus Holz","datePublished":"2016-05-17T08:31:07+00:00","dateModified":"2023-01-16T17:11:09+00:00","mainEntityOfPage":{"@id":"https:\/\/www.leeb-balkone.com\/at\/blog\/wetterfeste-gartenmoebel-aus-holz\/"},"wordCount":522,"publisher":{"@id":"https:\/\/www.leeb-balkone.com\/at\/#organization"},"image":{"@id":"https:\/\/www.leeb-balkone.com\/at\/blog\/wetterfeste-gartenmoebel-aus-holz\/#primaryimage"},"thumbnailUrl":"https:\/\/www.leeb-balkone.com\/app\/uploads\/2020\/10\/wetterfeste-gartenmoebel-1-scaled.jpg","articleSection":["Balkongestaltung","Balkonm\u00f6bel","Garten und Pflanzen","Garten- &amp; Terrassenm\u00f6bel","Gartengestaltung","Tipps zur Balkongestaltung"],"inLanguage":"de-AT"},{"@type":"WebPage","@id":"https:\/\/www.leeb-balkone.com\/at\/blog\/wetterfeste-gartenmoebel-aus-holz\/","url":"https:\/\/www.leeb-balkone.com\/at\/blog\/wetterfeste-gartenmoebel-aus-holz\/","name":"Wetterfeste Gartenm\u00f6bel aus Holz - Leeb Balkone","isPartOf":{"@id":"https:\/\/www.leeb-balkone.com\/at\/#website"},"primaryImageOfPage":{"@id":"https:\/\/www.leeb-balkone.com\/at\/blog\/wetterfeste-gartenmoebel-aus-holz\/#primaryimage"},"image":{"@id":"https:\/\/www.leeb-balkone.com\/at\/blog\/wetterfeste-gartenmoebel-aus-holz\/#primaryimage"},"thumbnailUrl":"https:\/\/www.leeb-balkone.com\/app\/uploads\/2020\/10\/wetterfeste-gartenmoebel-1-scaled.jpg","datePublished":"2016-05-17T08:31:07+00:00","dateModified":"2023-01-16T17:11:09+00:00","description":"Zu dieser Jahreszeit haben viele das gleiche Problem: Die M\u00f6bel, die im Sommer im Freien stehen, m\u00fcssen \u00fcber den Winter hineingetragen oder abgedeckt werden. Mit den richtigen M\u00f6beln aus besonders stabilem und widerstandsf\u00e4higem Holz muss das aber nicht sein.","breadcrumb":{"@id":"https:\/\/www.leeb-balkone.com\/at\/blog\/wetterfeste-gartenmoebel-aus-holz\/#breadcrumb"},"inLanguage":"de-AT","potentialAction":[{"@type":"ReadAction","target":["https:\/\/www.leeb-balkone.com\/at\/blog\/wetterfeste-gartenmoebel-aus-holz\/"]}]},{"@type":"ImageObject","inLanguage":"de-AT","@id":"https:\/\/www.leeb-balkone.com\/at\/blog\/wetterfeste-gartenmoebel-aus-holz\/#primaryimage","url":"https:\/\/www.leeb-balkone.com\/app\/uploads\/2020\/10\/wetterfeste-gartenmoebel-1-scaled.jpg","contentUrl":"https:\/\/www.leeb-balkone.com\/app\/uploads\/2020\/10\/wetterfeste-gartenmoebel-1-scaled.jpg","width":2560,"height":1825,"caption":"Wetterfeste M\u00f6bel f\u00fcr Garten, Terrasse und Balkon"},{"@type":"BreadcrumbList","@id":"https:\/\/www.leeb-balkone.com\/at\/blog\/wetterfeste-gartenmoebel-aus-holz\/#breadcrumb","itemListElement":[{"@type":"ListItem","position":1,"name":"Home","item":"https:\/\/www.leeb-balkone.com\/at\/"},{"@type":"ListItem","position":2,"name":"Wetterfeste Gartenm\u00f6bel aus Holz"}]},{"@type":"WebSite","@id":"https:\/\/www.leeb-balkone.com\/at\/#website","url":"https:\/\/www.leeb-balkone.com\/at\/","name":"Leeb Balkone","description":"Balkone und Z\u00e4une","publisher":{"@id":"https:\/\/www.leeb-balkone.com\/at\/#organization"},"potentialAction":[{"@type":"SearchAction","target":{"@type":"EntryPoint","urlTemplate":"https:\/\/www.leeb-balkone.com\/at\/?s={search_term_string}"},"query-input":{"@type":"PropertyValueSpecification","valueRequired":true,"valueName":"search_term_string"}}],"inLanguage":"de-AT"},{"@type":"Organization","@id":"https:\/\/www.leeb-balkone.com\/at\/#organization","name":"Leeb Balkone Gmbh","url":"https:\/\/www.leeb-balkone.com\/at\/","logo":{"@type":"ImageObject","inLanguage":"de-AT","@id":"https:\/\/www.leeb-balkone.com\/at\/#\/schema\/logo\/image\/","url":"https:\/\/www.leeb-balkone.com\/app\/uploads\/2020\/11\/leeb-logo.svg","contentUrl":"https:\/\/www.leeb-balkone.com\/app\/uploads\/2020\/11\/leeb-logo.svg","width":741,"height":204,"caption":"Leeb Balkone Gmbh"},"image":{"@id":"https:\/\/www.leeb-balkone.com\/at\/#\/schema\/logo\/image\/"},"sameAs":["https:\/\/www.facebook.com\/balkone\/","https:\/\/www.trustedshops.at\/bewertung\/info_X4587CCF5833E31AFE0B11F47D86999F2.html","https:\/\/www.trustedshops.de\/bewertung\/info_X7BA536A7A0BDC86D36C4718E4DCAEEEF.html","https:\/\/www.google.com\/maps\/place\/?q=place_id:ChIJ5-zH19-IcEcR9HonWRTllHI"]},{"@type":"Person","@id":"https:\/\/www.leeb-balkone.com\/at\/#\/schema\/person\/15f1f398efcf4703721e46c2136421fa","name":"jbacher"}]}},"_links":{"self":[{"href":"https:\/\/www.leeb-balkone.com\/at\/wp-json\/wp\/v2\/posts\/18999","targetHints":{"allow":["GET"]}}],"collection":[{"href":"https:\/\/www.leeb-balkone.com\/at\/wp-json\/wp\/v2\/posts"}],"about":[{"href":"https:\/\/www.leeb-balkone.com\/at\/wp-json\/wp\/v2\/types\/post"}],"author":[{"embeddable":true,"href":"https:\/\/www.leeb-balkone.com\/at\/wp-json\/wp\/v2\/users\/3"}],"replies":[{"embeddable":true,"href":"https:\/\/www.leeb-balkone.com\/at\/wp-json\/wp\/v2\/comments?post=18999"}],"version-history":[{"count":0,"href":"https:\/\/www.leeb-balkone.com\/at\/wp-json\/wp\/v2\/posts\/18999\/revisions"}],"wp:featuredmedia":[{"embeddable":true,"href":"https:\/\/www.leeb-balkone.com\/at\/wp-json\/wp\/v2\/media\/9455"}],"wp:attachment":[{"href":"https:\/\/www.leeb-balkone.com\/at\/wp-json\/wp\/v2\/media?parent=18999"}],"wp:term":[{"taxonomy":"category","embeddable":true,"href":"https:\/\/www.leeb-balkone.com\/at\/wp-json\/wp\/v2\/categories?post=18999"},{"taxonomy":"post_tag","embeddable":true,"href":"https:\/\/www.leeb-balkone.com\/at\/wp-json\/wp\/v2\/tags?post=18999"},{"taxonomy":"post_folder","embeddable":true,"href":"https:\/\/www.leeb-balkone.com\/at\/wp-json\/wp\/v2\/post_folder?post=18999"}],"curies":[{"name":"wp","href":"https:\/\/api.w.org\/{rel}","templated":true}]}}