{"id":18989,"date":"2016-05-18T05:25:28","date_gmt":"2016-05-18T05:25:28","guid":{"rendered":"https:\/\/www.leeb-balkone.com\/de\/blog\/postdummy-2-2-3-2-2-2-5-2-2\/"},"modified":"2023-01-16T17:05:52","modified_gmt":"2023-01-16T17:05:52","slug":"balkongestaltung-im-herbst-winter","status":"publish","type":"post","link":"https:\/\/www.leeb-balkone.com\/at\/blog\/balkongestaltung-im-herbst-winter\/","title":{"rendered":"Balkongestaltung im Herbst &#038; Winter"},"content":{"rendered":"\n<p><\/p>\n\n\n<header data-block_fc4291d49ba3c3d5edd042ae03e8e71f class=\"c-fh  l-mh-small c-fh--hero c-grad-l2r c-fh--div none\">\n      <img loading=\"lazy\" decoding=\"async\" width=\"1432\" height=\"976\" src=\"https:\/\/www.leeb-balkone.com\/app\/uploads\/2020\/10\/nadelgehoelze-zur-balkongestaltung-herbst-winter.jpg\" class=\"no-lazy\" alt=\"gartenliebe\" srcset=\"https:\/\/www.leeb-balkone.com\/app\/uploads\/2020\/10\/nadelgehoelze-zur-balkongestaltung-herbst-winter.jpg 1432w, https:\/\/www.leeb-balkone.com\/app\/uploads\/2020\/10\/nadelgehoelze-zur-balkongestaltung-herbst-winter-300x204.jpg 300w, https:\/\/www.leeb-balkone.com\/app\/uploads\/2020\/10\/nadelgehoelze-zur-balkongestaltung-herbst-winter-1024x698.jpg 1024w, https:\/\/www.leeb-balkone.com\/app\/uploads\/2020\/10\/nadelgehoelze-zur-balkongestaltung-herbst-winter-768x523.jpg 768w\" sizes=\"auto, (min-width: 1536px) 2048px, (min-width: 992px) 1536px, (min-width: 768px) 1024px, (min-width: 576px) 768px, 100vw\" \/>\n\n\n<div class=\"grid-container\">\n  <div class=\"grid-x\">\n    <div class=\"cell small-12 medium-6 medium-offset-1\">\n      <div class=\"c-fh__wrapper\">\n              <\/div>\n    <\/div>\n  <\/div>\n<\/div>\n  \n    \n    <\/header>\n\n\n  \n  <section class=\"wp-block-group alignfull t3-header u-max-wide t3-header-text has-white-background-color has-background has-global-padding is-layout-constrained wp-block-group-is-layout-constrained\">\n    <div class=\"wp-block-group o-grid u-md-1 u-sm-1 is-layout-flow wp-block-group-is-layout-flow\">\n  <div class=\"wp-block-group u-g-10 u-g-s-2\">\n      <div class=\"yoast-breadcrumbs\"><span><span><a href=\"https:\/\/www.leeb-balkone.com\/at\/\">Home<\/a><\/span><\/span><\/div>\n      \n    <h1>Balkongestaltung im Herbst &#038; Winter<\/h1>\n  <\/div>\n<\/div>\n  <\/section>\n\n\n\n\n\n\n<section class=\"wp-block-cgb-t3-section-block alignfull b-pt-small  is-style-bg-white\" style=\"display:inherit;min-height:inherit\">\n<div class=\"wp-block-cgb-t3-container-block none\" style=\"background-color:none\"><div class=\"grid-container\"><div class=\"grid-x\"><div class=\"cell small-12 medium-9 large-0 medium-offset-1 b-has-lsmb\">\n<p>Das Jahresende steht vor der T\u00fcr und so sinken auch die Temperaturen. Dadurch m\u00fcssen auch viele Pflanzen, die den Sommer \u00fcber den Alu- oder Holz-Balkon geschm\u00fcckt haben, in eine w\u00e4rmere Umgebung gebracht werden. Doch auch im Herbst und Winter kann der hauseigene Balkon farbenfroh und individuell dekoriert werden.<\/p>\n<\/div><\/div><\/div><\/div>\n\n\n\n<div class=\"wp-block-cgb-t3-container-block none\" style=\"background-color:none\"><div class=\"grid-container\"><div class=\"grid-x\"><div class=\"cell small-12 medium-0 large-0\"><div id=\"lightgallery-block_4cf4f65d444ff095972357bf40f0c6a4\" data-block_4cf4f65d444ff095972357bf40f0c6a4 class=\"has-1-imgs b-cards b-cards--gallery u-grid-temp has-1-cols u-md-2 u-sm-1 wp-block-group is-layout-grid wp-block-group-is-layout-grid gallery alignwide\">\n\n        <div class=\"b-cards__item\">\n\n        \n      <figure>\n                 <img loading=\"lazy\" decoding=\"async\" width=\"1432\" height=\"976\" src=\"https:\/\/www.leeb-balkone.com\/app\/uploads\/2020\/10\/nadelgehoelze-zur-balkongestaltung-herbst-winter.jpg\" class=\"attachment-1536x1536 size-1536x1536\" alt=\"nadelgehoelze zur balkongestaltung herbst winter\" srcset=\"https:\/\/www.leeb-balkone.com\/app\/uploads\/2020\/10\/nadelgehoelze-zur-balkongestaltung-herbst-winter.jpg 1432w, https:\/\/www.leeb-balkone.com\/app\/uploads\/2020\/10\/nadelgehoelze-zur-balkongestaltung-herbst-winter-300x204.jpg 300w, https:\/\/www.leeb-balkone.com\/app\/uploads\/2020\/10\/nadelgehoelze-zur-balkongestaltung-herbst-winter-1024x698.jpg 1024w, https:\/\/www.leeb-balkone.com\/app\/uploads\/2020\/10\/nadelgehoelze-zur-balkongestaltung-herbst-winter-768x523.jpg 768w\" sizes=\"auto, (min-width: 1200px) 100vw, (min-width: 1024px) 1536px, (min-width: 640px) 768px, 768px\" \/>              <\/figure>\n\n                  \n        <div class=\"caption\">\n                          <p>Winterharte Nadelgeh\u00f6lze eignen sich gut zur herbst-winterlichen Balkongestaltung\n              <\/div>\n  \n<\/div>\n\n    <\/div>\n\n<\/div><\/div><\/div><\/div>\n\n\n\n<div class=\"wp-block-cgb-t3-container-block none\" style=\"background-color:none\"><div class=\"grid-container\"><div class=\"grid-x\"><div class=\"cell small-12 medium-9 large-0 medium-offset-1 b-has-lsmb\">\n<h2 class=\"wp-block-heading\">Winterharte Balkonpflanzen<\/h2>\n\n\n\n<p>Wer seinen gr\u00fcnen Daumen nicht unter Handschuhen verstecken kann, hat auch im Winter einige M\u00f6glichkeiten, das Hobby auszuleben. Zwar bl\u00fchen die meisten Balkonblumen zur kalten Jahreszeit nicht, doch hier gibt es so manche Tricks, mit denen der Balkon auch von Oktober bis M\u00e4rz mit Pflanzen geschm\u00fcckt werden kann.<\/p>\n\n\n\n<h3 class=\"wp-block-heading\">Nadelgeh\u00f6lze:<\/h3>\n\n\n\n<p>Der Klassiker unter den Winterpflanzen eignet sich auch sehr gut f\u00fcr die Balkongestaltung f\u00fcr die kalte Jahreszeit. Ob Wacholder, Fichte oder Scheinzypresse \u2013 alle Zwergnadelgeh\u00f6lze sind \u00e4u\u00dferst resistent gegen\u00fcber k\u00e4lteren Temperaturen und Frost.<\/p>\n\n\n\n<h3 class=\"wp-block-heading\">Efeu:<\/h3>\n\n\n\n<p>Der Gemeine Efeu l\u00e4sst den Balkon nicht nur das ganze Jahr \u00fcber in dunklem Gr\u00fcn erstrahlen, sondern ist auch besonders pflegeleicht. Zus\u00e4tzlich dazu eignet sich die Rankpflanze auch ausgezeichnet als Sichtschutz.<\/p>\n\n\n\n<h3 class=\"wp-block-heading\">Winterheide:<\/h3>\n\n\n\n<p>Im Herbst und Winter muss man aber nicht nur auf immergr\u00fcne Pflanzen setzen. Wer gerne ein paar bunte Farbakzente einbringen m\u00f6chte, kann immer auf die Winterheide setzen. Diese kann mit ihren violetten, roten oder gelben Knospen dem Balkon noch einen Hauch Farbe verleihen.<\/p>\n\n\n\n<h2 class=\"wp-block-heading\">Winterdeko f\u00fcr den Balkon<\/h2>\n\n\n\n<p>Wer sich nicht nur mit Pflanzen zufrieden geben m\u00f6chte und noch weitere Gestaltungsm\u00f6glichkeiten sucht, sind eigentlich keine Grenzen gesetzt. Von weihnachtlicher Dekoration bis hin zu knallbunten Lichterketten \u2013 hier k\u00f6nnen kreative K\u00f6pfe ihrer Fantasie freien Lauf lassen. Wir haben hier unsere liebsten Gestaltungsideen f\u00fcr den Balkon:<\/p>\n\n\n\n<h3 class=\"wp-block-heading\">Vogelhaus:<\/h3>\n\n\n\n<p>Ein Vogelh\u00e4uschen kann am Balkon nicht nur ein individuell gestaltetes Schmuckst\u00fcck sein, sondern bietet den gefiederten Tieren im Winter Schutz und Quartier. So dient nicht nur das H\u00e4uschen selbst als farbenfrohe Dekoration, sondern auch dessen tierische Bewohner.<\/p>\n\n\n\n<h3 class=\"wp-block-heading\">Lichtermeer:<\/h3>\n\n\n\n<p>Es gibt kaum ein idyllischeres Bild als die Gegens\u00e4tze von K\u00e4lte und W\u00e4rme vereint. So sehen Laternen, Kerzen oder Lichterketten inmitten einer eingeschneiten Umgebung nicht nur gut aus, sondern wirken auch entspannend.<\/p>\n\n\n\n<h3 class=\"wp-block-heading\">Weihnachtsdeko:<\/h3>\n\n\n\n<p>Nicht umsonst werden bereits im Oktober in vielen Einrichtungsh\u00e4usern Weihnachtsschmuck und Dekoration angeboten. Wer aber nicht nur das Innenleben weihnachtlich gestalten m\u00f6chte, kann das durchaus auch auf den Balkon verlegen. Ob mit Weihnachtsbaum, Adventskalender oder Christbaumkugeln \u2013 auch hier sind der Kreativit\u00e4t keine Grenzen gesetzt.<\/p>\n\n\n\n<p>In nur wenigen Schritten kann also selbst bei kalten Temperaturen der Balkon zur Wohlf\u00fchloase werden.<\/p>\n\n\n\n<p>Bildnachweis: Getty Images<\/p>\n<\/div><\/div><\/div><\/div>\n<\/section>\n\n\n\n<p><\/p>\n","protected":false},"excerpt":{"rendered":"<p>Kurz vor dem Einbruch der kalten Jahreszeit m\u00fcssen viele Balkonblumen wieder in w\u00e4rmere Gefilde umgesiedelt werden. Wer jedoch auch in den k\u00fchleren Monaten seinen Balkon nicht kahl lassen m\u00f6chte, hat so einige M\u00f6glichkeiten, diesen zu gestalten.<\/p>\n","protected":false},"author":3,"featured_media":9307,"comment_status":"closed","ping_status":"open","sticky":false,"template":"template-onepager.blade.php","format":"standard","meta":{"_acf_changed":false,"footnotes":""},"categories":[159,144,145,146,148],"tags":[],"post_folder":[],"class_list":["post-18989","post","type-post","status-publish","format-standard","has-post-thumbnail","hentry","category-balkonpflanzen","category-garten-und-pflanzen","category-gartenbau","category-gartengestaltung","category-tipps-zur-balkongestaltung"],"acf":[],"yoast_head":"<!-- This site is optimized with the Yoast SEO plugin v27.2 - https:\/\/yoast.com\/product\/yoast-seo-wordpress\/ -->\n<title>Balkongestaltung im Herbst &amp; Winter - Leeb Balkone \u00d6sterreich<\/title>\n<meta name=\"description\" content=\"Kurz vor dem Einbruch der kalten Jahreszeit m\u00fcssen viele Balkonblumen wieder in w\u00e4rmere Gefilde umgesiedelt werden. Wer jedoch auch in den k\u00fchleren Monaten seinen Balkon nicht kahl lassen m\u00f6chte, hat so einige M\u00f6glichkeiten, diesen zu gestalten.\" \/>\n<meta name=\"robots\" content=\"index, follow, max-snippet:-1, max-image-preview:large, max-video-preview:-1\" \/>\n<meta property=\"og:locale\" content=\"de_DE\" \/>\n<meta property=\"og:type\" content=\"article\" \/>\n<meta property=\"og:title\" content=\"Balkongestaltung im Herbst &amp; Winter - Leeb Balkone\" \/>\n<meta property=\"og:description\" content=\"Kurz vor dem Einbruch der kalten Jahreszeit m\u00fcssen viele Balkonblumen wieder in w\u00e4rmere Gefilde umgesiedelt werden. Wer jedoch auch in den k\u00fchleren Monaten seinen Balkon nicht kahl lassen m\u00f6chte, hat so einige M\u00f6glichkeiten, diesen zu gestalten.\" \/>\n<meta property=\"og:url\" content=\"https:\/\/www.leeb-balkone.com\/at\/blog\/balkongestaltung-im-herbst-winter\/\" \/>\n<meta property=\"og:site_name\" content=\"Leeb Balkone\" \/>\n<meta property=\"article:publisher\" content=\"https:\/\/www.facebook.com\/balkone\/\" \/>\n<meta property=\"article:published_time\" content=\"2016-05-18T05:25:28+00:00\" \/>\n<meta property=\"article:modified_time\" content=\"2023-01-16T17:05:52+00:00\" \/>\n<meta property=\"og:image\" content=\"https:\/\/www.leeb-balkone.com\/app\/uploads\/2020\/10\/nadelgehoelze-zur-balkongestaltung-herbst-winter.jpg\" \/>\n\t<meta property=\"og:image:width\" content=\"1432\" \/>\n\t<meta property=\"og:image:height\" content=\"976\" \/>\n\t<meta property=\"og:image:type\" content=\"image\/jpeg\" \/>\n<meta name=\"author\" content=\"jbacher\" \/>\n<meta name=\"twitter:card\" content=\"summary_large_image\" \/>\n<script type=\"application\/ld+json\" class=\"yoast-schema-graph\">{\"@context\":\"https:\/\/schema.org\",\"@graph\":[{\"@type\":\"Article\",\"@id\":\"https:\/\/www.leeb-balkone.com\/at\/blog\/balkongestaltung-im-herbst-winter\/#article\",\"isPartOf\":{\"@id\":\"https:\/\/www.leeb-balkone.com\/at\/blog\/balkongestaltung-im-herbst-winter\/\"},\"author\":{\"name\":\"jbacher\",\"@id\":\"https:\/\/www.leeb-balkone.com\/at\/#\/schema\/person\/15f1f398efcf4703721e46c2136421fa\"},\"headline\":\"Balkongestaltung im Herbst &#038; Winter\",\"datePublished\":\"2016-05-18T05:25:28+00:00\",\"dateModified\":\"2023-01-16T17:05:52+00:00\",\"mainEntityOfPage\":{\"@id\":\"https:\/\/www.leeb-balkone.com\/at\/blog\/balkongestaltung-im-herbst-winter\/\"},\"wordCount\":431,\"publisher\":{\"@id\":\"https:\/\/www.leeb-balkone.com\/at\/#organization\"},\"image\":{\"@id\":\"https:\/\/www.leeb-balkone.com\/at\/blog\/balkongestaltung-im-herbst-winter\/#primaryimage\"},\"thumbnailUrl\":\"https:\/\/www.leeb-balkone.com\/app\/uploads\/2020\/10\/nadelgehoelze-zur-balkongestaltung-herbst-winter.jpg\",\"articleSection\":[\"Balkonpflanzen\",\"Garten und Pflanzen\",\"Gartenbau\",\"Gartengestaltung\",\"Tipps zur Balkongestaltung\"],\"inLanguage\":\"de-AT\"},{\"@type\":\"WebPage\",\"@id\":\"https:\/\/www.leeb-balkone.com\/at\/blog\/balkongestaltung-im-herbst-winter\/\",\"url\":\"https:\/\/www.leeb-balkone.com\/at\/blog\/balkongestaltung-im-herbst-winter\/\",\"name\":\"Balkongestaltung im Herbst & Winter - Leeb Balkone\",\"isPartOf\":{\"@id\":\"https:\/\/www.leeb-balkone.com\/at\/#website\"},\"primaryImageOfPage\":{\"@id\":\"https:\/\/www.leeb-balkone.com\/at\/blog\/balkongestaltung-im-herbst-winter\/#primaryimage\"},\"image\":{\"@id\":\"https:\/\/www.leeb-balkone.com\/at\/blog\/balkongestaltung-im-herbst-winter\/#primaryimage\"},\"thumbnailUrl\":\"https:\/\/www.leeb-balkone.com\/app\/uploads\/2020\/10\/nadelgehoelze-zur-balkongestaltung-herbst-winter.jpg\",\"datePublished\":\"2016-05-18T05:25:28+00:00\",\"dateModified\":\"2023-01-16T17:05:52+00:00\",\"description\":\"Kurz vor dem Einbruch der kalten Jahreszeit m\u00fcssen viele Balkonblumen wieder in w\u00e4rmere Gefilde umgesiedelt werden. Wer jedoch auch in den k\u00fchleren Monaten seinen Balkon nicht kahl lassen m\u00f6chte, hat so einige M\u00f6glichkeiten, diesen zu gestalten.\",\"breadcrumb\":{\"@id\":\"https:\/\/www.leeb-balkone.com\/at\/blog\/balkongestaltung-im-herbst-winter\/#breadcrumb\"},\"inLanguage\":\"de-AT\",\"potentialAction\":[{\"@type\":\"ReadAction\",\"target\":[\"https:\/\/www.leeb-balkone.com\/at\/blog\/balkongestaltung-im-herbst-winter\/\"]}]},{\"@type\":\"ImageObject\",\"inLanguage\":\"de-AT\",\"@id\":\"https:\/\/www.leeb-balkone.com\/at\/blog\/balkongestaltung-im-herbst-winter\/#primaryimage\",\"url\":\"https:\/\/www.leeb-balkone.com\/app\/uploads\/2020\/10\/nadelgehoelze-zur-balkongestaltung-herbst-winter.jpg\",\"contentUrl\":\"https:\/\/www.leeb-balkone.com\/app\/uploads\/2020\/10\/nadelgehoelze-zur-balkongestaltung-herbst-winter.jpg\",\"width\":1432,\"height\":976,\"caption\":\"Winterharte Nadelgeh\u00f6lze eignen sich gut zur herbst-winterlichen Balkongestaltung\"},{\"@type\":\"BreadcrumbList\",\"@id\":\"https:\/\/www.leeb-balkone.com\/at\/blog\/balkongestaltung-im-herbst-winter\/#breadcrumb\",\"itemListElement\":[{\"@type\":\"ListItem\",\"position\":1,\"name\":\"Home\",\"item\":\"https:\/\/www.leeb-balkone.com\/at\/\"},{\"@type\":\"ListItem\",\"position\":2,\"name\":\"Balkongestaltung im Herbst &#038; Winter\"}]},{\"@type\":\"WebSite\",\"@id\":\"https:\/\/www.leeb-balkone.com\/at\/#website\",\"url\":\"https:\/\/www.leeb-balkone.com\/at\/\",\"name\":\"Leeb Balkone\",\"description\":\"Balkone und Z\u00e4une\",\"publisher\":{\"@id\":\"https:\/\/www.leeb-balkone.com\/at\/#organization\"},\"potentialAction\":[{\"@type\":\"SearchAction\",\"target\":{\"@type\":\"EntryPoint\",\"urlTemplate\":\"https:\/\/www.leeb-balkone.com\/at\/?s={search_term_string}\"},\"query-input\":{\"@type\":\"PropertyValueSpecification\",\"valueRequired\":true,\"valueName\":\"search_term_string\"}}],\"inLanguage\":\"de-AT\"},{\"@type\":\"Organization\",\"@id\":\"https:\/\/www.leeb-balkone.com\/at\/#organization\",\"name\":\"Leeb Balkone Gmbh\",\"url\":\"https:\/\/www.leeb-balkone.com\/at\/\",\"logo\":{\"@type\":\"ImageObject\",\"inLanguage\":\"de-AT\",\"@id\":\"https:\/\/www.leeb-balkone.com\/at\/#\/schema\/logo\/image\/\",\"url\":\"https:\/\/www.leeb-balkone.com\/app\/uploads\/2020\/11\/leeb-logo.svg\",\"contentUrl\":\"https:\/\/www.leeb-balkone.com\/app\/uploads\/2020\/11\/leeb-logo.svg\",\"width\":741,\"height\":204,\"caption\":\"Leeb Balkone Gmbh\"},\"image\":{\"@id\":\"https:\/\/www.leeb-balkone.com\/at\/#\/schema\/logo\/image\/\"},\"sameAs\":[\"https:\/\/www.facebook.com\/balkone\/\",\"https:\/\/www.trustedshops.at\/bewertung\/info_X4587CCF5833E31AFE0B11F47D86999F2.html\",\"https:\/\/www.trustedshops.de\/bewertung\/info_X7BA536A7A0BDC86D36C4718E4DCAEEEF.html\",\"https:\/\/www.google.com\/maps\/place\/?q=place_id:ChIJ5-zH19-IcEcR9HonWRTllHI\"]},{\"@type\":\"Person\",\"@id\":\"https:\/\/www.leeb-balkone.com\/at\/#\/schema\/person\/15f1f398efcf4703721e46c2136421fa\",\"name\":\"jbacher\"}]}<\/script>\n<!-- \/ Yoast SEO plugin. -->","yoast_head_json":{"title":"Balkongestaltung im Herbst & Winter - Leeb Balkone \u00d6sterreich","description":"Kurz vor dem Einbruch der kalten Jahreszeit m\u00fcssen viele Balkonblumen wieder in w\u00e4rmere Gefilde umgesiedelt werden. Wer jedoch auch in den k\u00fchleren Monaten seinen Balkon nicht kahl lassen m\u00f6chte, hat so einige M\u00f6glichkeiten, diesen zu gestalten.","robots":{"index":"index","follow":"follow","max-snippet":"max-snippet:-1","max-image-preview":"max-image-preview:large","max-video-preview":"max-video-preview:-1"},"og_locale":"de_DE","og_type":"article","og_title":"Balkongestaltung im Herbst & Winter - Leeb Balkone","og_description":"Kurz vor dem Einbruch der kalten Jahreszeit m\u00fcssen viele Balkonblumen wieder in w\u00e4rmere Gefilde umgesiedelt werden. Wer jedoch auch in den k\u00fchleren Monaten seinen Balkon nicht kahl lassen m\u00f6chte, hat so einige M\u00f6glichkeiten, diesen zu gestalten.","og_url":"https:\/\/www.leeb-balkone.com\/at\/blog\/balkongestaltung-im-herbst-winter\/","og_site_name":"Leeb Balkone","article_publisher":"https:\/\/www.facebook.com\/balkone\/","article_published_time":"2016-05-18T05:25:28+00:00","article_modified_time":"2023-01-16T17:05:52+00:00","og_image":[{"width":1432,"height":976,"url":"https:\/\/www.leeb-balkone.com\/app\/uploads\/2020\/10\/nadelgehoelze-zur-balkongestaltung-herbst-winter.jpg","type":"image\/jpeg"}],"author":"jbacher","twitter_card":"summary_large_image","schema":{"@context":"https:\/\/schema.org","@graph":[{"@type":"Article","@id":"https:\/\/www.leeb-balkone.com\/at\/blog\/balkongestaltung-im-herbst-winter\/#article","isPartOf":{"@id":"https:\/\/www.leeb-balkone.com\/at\/blog\/balkongestaltung-im-herbst-winter\/"},"author":{"name":"jbacher","@id":"https:\/\/www.leeb-balkone.com\/at\/#\/schema\/person\/15f1f398efcf4703721e46c2136421fa"},"headline":"Balkongestaltung im Herbst &#038; Winter","datePublished":"2016-05-18T05:25:28+00:00","dateModified":"2023-01-16T17:05:52+00:00","mainEntityOfPage":{"@id":"https:\/\/www.leeb-balkone.com\/at\/blog\/balkongestaltung-im-herbst-winter\/"},"wordCount":431,"publisher":{"@id":"https:\/\/www.leeb-balkone.com\/at\/#organization"},"image":{"@id":"https:\/\/www.leeb-balkone.com\/at\/blog\/balkongestaltung-im-herbst-winter\/#primaryimage"},"thumbnailUrl":"https:\/\/www.leeb-balkone.com\/app\/uploads\/2020\/10\/nadelgehoelze-zur-balkongestaltung-herbst-winter.jpg","articleSection":["Balkonpflanzen","Garten und Pflanzen","Gartenbau","Gartengestaltung","Tipps zur Balkongestaltung"],"inLanguage":"de-AT"},{"@type":"WebPage","@id":"https:\/\/www.leeb-balkone.com\/at\/blog\/balkongestaltung-im-herbst-winter\/","url":"https:\/\/www.leeb-balkone.com\/at\/blog\/balkongestaltung-im-herbst-winter\/","name":"Balkongestaltung im Herbst & Winter - Leeb Balkone","isPartOf":{"@id":"https:\/\/www.leeb-balkone.com\/at\/#website"},"primaryImageOfPage":{"@id":"https:\/\/www.leeb-balkone.com\/at\/blog\/balkongestaltung-im-herbst-winter\/#primaryimage"},"image":{"@id":"https:\/\/www.leeb-balkone.com\/at\/blog\/balkongestaltung-im-herbst-winter\/#primaryimage"},"thumbnailUrl":"https:\/\/www.leeb-balkone.com\/app\/uploads\/2020\/10\/nadelgehoelze-zur-balkongestaltung-herbst-winter.jpg","datePublished":"2016-05-18T05:25:28+00:00","dateModified":"2023-01-16T17:05:52+00:00","description":"Kurz vor dem Einbruch der kalten Jahreszeit m\u00fcssen viele Balkonblumen wieder in w\u00e4rmere Gefilde umgesiedelt werden. Wer jedoch auch in den k\u00fchleren Monaten seinen Balkon nicht kahl lassen m\u00f6chte, hat so einige M\u00f6glichkeiten, diesen zu gestalten.","breadcrumb":{"@id":"https:\/\/www.leeb-balkone.com\/at\/blog\/balkongestaltung-im-herbst-winter\/#breadcrumb"},"inLanguage":"de-AT","potentialAction":[{"@type":"ReadAction","target":["https:\/\/www.leeb-balkone.com\/at\/blog\/balkongestaltung-im-herbst-winter\/"]}]},{"@type":"ImageObject","inLanguage":"de-AT","@id":"https:\/\/www.leeb-balkone.com\/at\/blog\/balkongestaltung-im-herbst-winter\/#primaryimage","url":"https:\/\/www.leeb-balkone.com\/app\/uploads\/2020\/10\/nadelgehoelze-zur-balkongestaltung-herbst-winter.jpg","contentUrl":"https:\/\/www.leeb-balkone.com\/app\/uploads\/2020\/10\/nadelgehoelze-zur-balkongestaltung-herbst-winter.jpg","width":1432,"height":976,"caption":"Winterharte Nadelgeh\u00f6lze eignen sich gut zur herbst-winterlichen Balkongestaltung"},{"@type":"BreadcrumbList","@id":"https:\/\/www.leeb-balkone.com\/at\/blog\/balkongestaltung-im-herbst-winter\/#breadcrumb","itemListElement":[{"@type":"ListItem","position":1,"name":"Home","item":"https:\/\/www.leeb-balkone.com\/at\/"},{"@type":"ListItem","position":2,"name":"Balkongestaltung im Herbst &#038; Winter"}]},{"@type":"WebSite","@id":"https:\/\/www.leeb-balkone.com\/at\/#website","url":"https:\/\/www.leeb-balkone.com\/at\/","name":"Leeb Balkone","description":"Balkone und Z\u00e4une","publisher":{"@id":"https:\/\/www.leeb-balkone.com\/at\/#organization"},"potentialAction":[{"@type":"SearchAction","target":{"@type":"EntryPoint","urlTemplate":"https:\/\/www.leeb-balkone.com\/at\/?s={search_term_string}"},"query-input":{"@type":"PropertyValueSpecification","valueRequired":true,"valueName":"search_term_string"}}],"inLanguage":"de-AT"},{"@type":"Organization","@id":"https:\/\/www.leeb-balkone.com\/at\/#organization","name":"Leeb Balkone Gmbh","url":"https:\/\/www.leeb-balkone.com\/at\/","logo":{"@type":"ImageObject","inLanguage":"de-AT","@id":"https:\/\/www.leeb-balkone.com\/at\/#\/schema\/logo\/image\/","url":"https:\/\/www.leeb-balkone.com\/app\/uploads\/2020\/11\/leeb-logo.svg","contentUrl":"https:\/\/www.leeb-balkone.com\/app\/uploads\/2020\/11\/leeb-logo.svg","width":741,"height":204,"caption":"Leeb Balkone Gmbh"},"image":{"@id":"https:\/\/www.leeb-balkone.com\/at\/#\/schema\/logo\/image\/"},"sameAs":["https:\/\/www.facebook.com\/balkone\/","https:\/\/www.trustedshops.at\/bewertung\/info_X4587CCF5833E31AFE0B11F47D86999F2.html","https:\/\/www.trustedshops.de\/bewertung\/info_X7BA536A7A0BDC86D36C4718E4DCAEEEF.html","https:\/\/www.google.com\/maps\/place\/?q=place_id:ChIJ5-zH19-IcEcR9HonWRTllHI"]},{"@type":"Person","@id":"https:\/\/www.leeb-balkone.com\/at\/#\/schema\/person\/15f1f398efcf4703721e46c2136421fa","name":"jbacher"}]}},"_links":{"self":[{"href":"https:\/\/www.leeb-balkone.com\/at\/wp-json\/wp\/v2\/posts\/18989","targetHints":{"allow":["GET"]}}],"collection":[{"href":"https:\/\/www.leeb-balkone.com\/at\/wp-json\/wp\/v2\/posts"}],"about":[{"href":"https:\/\/www.leeb-balkone.com\/at\/wp-json\/wp\/v2\/types\/post"}],"author":[{"embeddable":true,"href":"https:\/\/www.leeb-balkone.com\/at\/wp-json\/wp\/v2\/users\/3"}],"replies":[{"embeddable":true,"href":"https:\/\/www.leeb-balkone.com\/at\/wp-json\/wp\/v2\/comments?post=18989"}],"version-history":[{"count":0,"href":"https:\/\/www.leeb-balkone.com\/at\/wp-json\/wp\/v2\/posts\/18989\/revisions"}],"wp:featuredmedia":[{"embeddable":true,"href":"https:\/\/www.leeb-balkone.com\/at\/wp-json\/wp\/v2\/media\/9307"}],"wp:attachment":[{"href":"https:\/\/www.leeb-balkone.com\/at\/wp-json\/wp\/v2\/media?parent=18989"}],"wp:term":[{"taxonomy":"category","embeddable":true,"href":"https:\/\/www.leeb-balkone.com\/at\/wp-json\/wp\/v2\/categories?post=18989"},{"taxonomy":"post_tag","embeddable":true,"href":"https:\/\/www.leeb-balkone.com\/at\/wp-json\/wp\/v2\/tags?post=18989"},{"taxonomy":"post_folder","embeddable":true,"href":"https:\/\/www.leeb-balkone.com\/at\/wp-json\/wp\/v2\/post_folder?post=18989"}],"curies":[{"name":"wp","href":"https:\/\/api.w.org\/{rel}","templated":true}]}}