{"id":18971,"date":"2016-05-18T08:09:07","date_gmt":"2016-05-18T08:09:07","guid":{"rendered":"https:\/\/www.leeb-balkone.com\/de\/blog\/postdummy-2-2-3-2-2-2-5-2-4\/"},"modified":"2024-11-27T18:26:49","modified_gmt":"2024-11-27T18:26:49","slug":"nachbarschaftsrecht-zaun-an-der-grundstuecksgrenze-old","status":"publish","type":"post","link":"https:\/\/www.leeb-balkone.com\/at\/blog\/nachbarschaftsrecht-zaun-an-der-grundstuecksgrenze-old\/","title":{"rendered":"Nachbarschaftsrecht: Zaun an der Grundst\u00fccksgrenze"},"content":{"rendered":"\n<p><\/p>\n\n\n<header data-block_e7f8d2137806e46eac1de24dc898104b class=\"c-fh  l-mh-small c-fh--hero c-grad-l2r c-fh--div none\">\n      <img loading=\"lazy\" decoding=\"async\" width=\"2560\" height=\"2287\" src=\"https:\/\/www.leeb-balkone.com\/app\/uploads\/2020\/07\/alu-gehtuer-9-scaled.jpg\" class=\"no-lazy\" alt=\"Aluzaun - Z\u00e4une aus Aluminium von Leeb Balkone GmbH\" srcset=\"https:\/\/www.leeb-balkone.com\/app\/uploads\/2020\/07\/alu-gehtuer-9-scaled.jpg 2560w, https:\/\/www.leeb-balkone.com\/app\/uploads\/2020\/07\/alu-gehtuer-9-300x268.jpg 300w, https:\/\/www.leeb-balkone.com\/app\/uploads\/2020\/07\/alu-gehtuer-9-1024x915.jpg 1024w, https:\/\/www.leeb-balkone.com\/app\/uploads\/2020\/07\/alu-gehtuer-9-768x686.jpg 768w, https:\/\/www.leeb-balkone.com\/app\/uploads\/2020\/07\/alu-gehtuer-9-1536x1372.jpg 1536w, https:\/\/www.leeb-balkone.com\/app\/uploads\/2020\/07\/alu-gehtuer-9-2048x1829.jpg 2048w\" sizes=\"auto, (min-width: 1536px) 2048px, (min-width: 992px) 1536px, (min-width: 768px) 1024px, (min-width: 576px) 768px, 100vw\" \/>\n\n\n<div class=\"grid-container\">\n  <div class=\"grid-x\">\n    <div class=\"cell small-12 medium-6 medium-offset-1\">\n      <div class=\"c-fh__wrapper\">\n              <\/div>\n    <\/div>\n  <\/div>\n<\/div>\n  \n    \n    <\/header>\n\n\n  \n  <section class=\"wp-block-group alignfull t3-header u-max-wide t3-header-text has-white-background-color has-background has-global-padding is-layout-constrained wp-block-group-is-layout-constrained\">\n    <div class=\"wp-block-group o-grid u-md-1 u-sm-1 is-layout-flow wp-block-group-is-layout-flow\">\n  <div class=\"wp-block-group u-g-10 u-g-s-2\">\n      <div class=\"yoast-breadcrumbs\"><span><span><a href=\"https:\/\/www.leeb-balkone.com\/at\/\">Home<\/a><\/span><\/span><\/div>\n      \n    <h1>Nachbarschaftsrecht: Zaun an der Grundst\u00fccksgrenze<\/h1>\n  <\/div>\n<\/div>\n  <\/section>\n\n\n\n\n\n\n<section class=\"wp-block-cgb-t3-section-block alignfull b-pt-small  is-style-bg-white\" style=\"display:inherit;min-height:inherit\">\n<div class=\"wp-block-cgb-t3-container-block none\" style=\"background-color:none\"><div class=\"grid-container\"><div class=\"grid-x\"><div class=\"cell small-12 medium-9 large-0 medium-offset-1 b-has-lsmb\">\n<p>Das Aufstellen, Aussehen und die Pflege der Grundst\u00fccksumz\u00e4unung k\u00f6nnen oft Ausl\u00f6ser f\u00fcr Streitigkeiten zwischen Anwohnern werden. In solchen F\u00e4llen soll das \u00f6sterreichische Nachbarschaftsrecht Aushilfe schaffen. Doch auch dieses kann nicht alle offenen Fragen kl\u00e4ren. Wir geben Antworten rund um die h\u00e4ufigsten Unklarheiten \u00fcber Z\u00e4une, Grundst\u00fccksgrenzen und deren Zust\u00e4ndigkeiten.<\/p>\n\n\n\n<h2 class=\"wp-block-heading\">Wie hoch darf der Zaun sein?<\/h2>\n\n\n\n<p>Die Vorschriften bez\u00fcglich der H\u00f6he einer Mauer um die Grundst\u00fccksgrenze herum sind von Bundesland zu Bundesland unterschiedlich. Allerdings liegt in den meisten F\u00e4llen die Obergrenze bei 1,50 Meter \u00fcber dem Boden. Am besten ist es hier, in der Bauordnung des jeweiligen Bundeslandes nachzusehen. Hierbei handelt es sich aber ausschlie\u00dflich um St\u00fctz- und freistehende Mauern.<\/p>\n\n\n\n<p>Geht es um die Frage, wie hoch eine Umz\u00e4unung mittels einer Hecke sein darf, ist die Antwort nicht so eindeutig. Auch hier finden sich die Richtlinien im Baugesetz, eine feste H\u00f6he gibt es aber nicht. So besagt beispielsweise \u00a711 (1) des Steierm\u00e4rkischen Baugesetzes folgendes: \u201eEinfriedungen und lebende Z\u00e4une sind so auszuf\u00fchren bzw. zu erhalten, dass weder das Stra\u00dfen-, Orts- und Landschaftsbild beeintr\u00e4chtigt noch eine Gef\u00e4hrdung von Personen und Sachen herbeigef\u00fchrt wird.[\u2026]\u201c In Graz gilt beispielsweise, dass der nat\u00fcrliche Sichtschutz mit einem Abstand von einem halben Meter nur 2,5 Meter hoch sein darf. Je weiter allerdings die Hecke von der Grundst\u00fccksgrenze entfernt ist, desto h\u00f6her darf sie werden.<\/p>\n\n\n\n<p>Um aber nicht gleich wegen einer zu hohen Grundst\u00fccksumz\u00e4unung einen Nachbarschaftsstreit in die Wege zu leiten, empfiehlt es sich im Vorhinein einmal die jeweiligen Gesetze anzusehen bzw. einen Anwalt zu konsultieren.<\/p>\n<\/div><\/div><\/div><\/div>\n\n\n\n<div class=\"wp-block-cgb-t3-container-block none\" style=\"background-color:none\"><div class=\"grid-container\"><div class=\"grid-x\"><div class=\"cell small-12 medium-0 large-0\"><div id=\"lightgallery-block_9e6118b08bc092f9e1bffc71622d0047\" data-block_9e6118b08bc092f9e1bffc71622d0047 class=\"has-1-imgs b-cards b-cards--gallery u-grid-temp has-1-cols u-md-2 u-sm-1 wp-block-group is-layout-grid wp-block-group-is-layout-grid gallery alignwide\">\n\n        <div class=\"b-cards__item\">\n\n        \n      <figure>\n                 <img loading=\"lazy\" decoding=\"async\" width=\"1536\" height=\"1025\" src=\"https:\/\/www.leeb-balkone.com\/app\/uploads\/2020\/10\/Nachbarschaftsstreit-1536x1025.jpg\" class=\"attachment-1536x1536 size-1536x1536\" alt=\"Nachbarschaftsstreit\" srcset=\"https:\/\/www.leeb-balkone.com\/app\/uploads\/2020\/10\/Nachbarschaftsstreit-1536x1025.jpg 1536w, https:\/\/www.leeb-balkone.com\/app\/uploads\/2020\/10\/Nachbarschaftsstreit-300x200.jpg 300w, https:\/\/www.leeb-balkone.com\/app\/uploads\/2020\/10\/Nachbarschaftsstreit-1024x684.jpg 1024w, https:\/\/www.leeb-balkone.com\/app\/uploads\/2020\/10\/Nachbarschaftsstreit-768x513.jpg 768w\" sizes=\"auto, (min-width: 1200px) 100vw, (min-width: 1024px) 1536px, (min-width: 640px) 768px, 768px\" \/>              <\/figure>\n\n                  \n        <div class=\"caption\">\n                          <p>Nachbarn streiten, Bild \u00a9Blend Images\/shutterstock.com\n              <\/div>\n  \n<\/div>\n\n    <\/div>\n\n<\/div><\/div><\/div><\/div>\n\n\n\n<div class=\"wp-block-cgb-t3-container-block none\" style=\"background-color:none\"><div class=\"grid-container\"><div class=\"grid-x\"><div class=\"cell small-12 medium-9 large-0 medium-offset-1 b-has-lsmb\">\n<h2 class=\"wp-block-heading\">Welche Zaunseite geh\u00f6rt mir?<\/h2>\n\n\n\n<p>Diese Frage ist vergleichsweise einfach zu beantworten, da sie vom Nachbarschaftsrecht eindeutig gekl\u00e4rt wird. In diesem steht, dass der Eigent\u00fcmer des jeweiligen Grundst\u00fccks verpflichtet ist, \u201eauf der (von der Stra\u00dfe her gesehen) rechten Seite seines Haupteinganges einen Zaun als Abgrenzung gegen\u00fcber den Nachbarn zu errichten.\u201c Somit geh\u00f6rt auch immer die rechte Zaunseite zum eigenen Haus und muss dort errichtet werden. Wenn allerdings beide Nachbarseiten damit einverstanden sind, die Einz\u00e4unung zu unterlassen, muss das Gesetz nicht befolgt werden.<\/p>\n\n\n\n<h2 class=\"wp-block-heading\">Wer muss den Zaun bezahlen?<\/h2>\n\n\n\n<p>Da die jeweilige rechte Seite des Grundst\u00fccks vom Eigent\u00fcmer eingez\u00e4unt werden muss, muss diese auch von diesem bezahlt werden. Auch bei der Gestaltung des Zauns sind hier dem Anwohner keine Grenzen gesetzt \u2013 die Gestaltung unterliegt seinen H\u00e4nden. Aber auch hier muss man wieder verschiedene Gesetzesgebungen wie die Stra\u00dfenverkehrsordnung beachten.<\/p>\n\n\n\n<h2 class=\"wp-block-heading\">Wer muss den Zaun reparieren?<\/h2>\n\n\n\n<p>Grunds\u00e4tzlich ist der Anwohner nicht dazu verpflichtet, seinen Zaun in Schuss zu halten. Wenn aber das Grundst\u00fcck des Nachbars durch entstandene M\u00e4ngel beschadet werden k\u00f6nnte, ist der Eigent\u00fcmer dazu verpflichtet, diese zu beheben.<\/p>\n\n\n\n<p>Wie man merkt, ist die Rechtslage oft immer noch nicht ganz eindeutig und unterscheidet sich von Bundesland zu Bundesland. Um die Harmonie in der Nachbarschaft zu erhalten, ist es aber immer von Vorteil, einfach mit den Nachbarn zu sprechen. Gibt es dann noch Differenzen, ist die sicherste Methode, bei einem Anwalt um Auskunft anzufragen.<\/p>\n<\/div><\/div><\/div><\/div>\n<\/section>\n\n\n\n<p><\/p>\n","protected":false},"excerpt":{"rendered":"<p>Geht es um die Umz\u00e4unung des Grundst\u00fccks, ist vielen oft nicht klar, wie die Rechtslage dazu aussieht: \u201eWie hoch darf der Zaun sein?\u201c und \u201eWelche Zaunseite geh\u00f6rt mir?\u201c sind nur zwei der Fragen, die oft gestellt werden.<\/p>\n","protected":false},"author":3,"featured_media":4714,"comment_status":"closed","ping_status":"open","sticky":false,"template":"template-onepager.blade.php","format":"standard","meta":{"_acf_changed":false,"footnotes":""},"categories":[159,144,145,146,148],"tags":[],"post_folder":[],"class_list":["post-18971","post","type-post","status-publish","format-standard","has-post-thumbnail","hentry","category-balkonpflanzen","category-garten-und-pflanzen","category-gartenbau","category-gartengestaltung","category-tipps-zur-balkongestaltung"],"acf":[],"yoast_head":"<!-- This site is optimized with the Yoast SEO plugin v27.2 - https:\/\/yoast.com\/product\/yoast-seo-wordpress\/ -->\n<title>Nachbarschaftsrecht: Zaun an der Grundst\u00fccksgrenze - Leeb Balkone \u00d6sterreich<\/title>\n<meta name=\"description\" content=\"Geht es um die Umz\u00e4unung des Grundst\u00fccks, ist vielen oft nicht klar, wie die Rechtslage dazu aussieht: \u201eWie hoch darf der Zaun sein?\u201c und \u201eWelche Zaunseite geh\u00f6rt mir?\u201c sind nur zwei der Fragen, die oft gestellt werden.\" \/>\n<meta name=\"robots\" content=\"index, follow, max-snippet:-1, max-image-preview:large, max-video-preview:-1\" \/>\n<meta property=\"og:locale\" content=\"de_DE\" \/>\n<meta property=\"og:type\" content=\"article\" \/>\n<meta property=\"og:title\" content=\"Nachbarschaftsrecht: Zaun an der Grundst\u00fccksgrenze - Leeb Balkone\" \/>\n<meta property=\"og:description\" content=\"Geht es um die Umz\u00e4unung des Grundst\u00fccks, ist vielen oft nicht klar, wie die Rechtslage dazu aussieht: \u201eWie hoch darf der Zaun sein?\u201c und \u201eWelche Zaunseite geh\u00f6rt mir?\u201c sind nur zwei der Fragen, die oft gestellt werden.\" \/>\n<meta property=\"og:url\" content=\"https:\/\/www.leeb-balkone.com\/at\/blog\/nachbarschaftsrecht-zaun-an-der-grundstuecksgrenze-old\/\" \/>\n<meta property=\"og:site_name\" content=\"Leeb Balkone\" \/>\n<meta property=\"article:publisher\" content=\"https:\/\/www.facebook.com\/balkone\/\" \/>\n<meta property=\"article:published_time\" content=\"2016-05-18T08:09:07+00:00\" \/>\n<meta property=\"article:modified_time\" content=\"2024-11-27T18:26:49+00:00\" \/>\n<meta property=\"og:image\" content=\"https:\/\/www.leeb-balkone.com\/app\/uploads\/2020\/07\/alu-gehtuer-9-scaled.jpg\" \/>\n\t<meta property=\"og:image:width\" content=\"2560\" \/>\n\t<meta property=\"og:image:height\" content=\"2287\" \/>\n\t<meta property=\"og:image:type\" content=\"image\/jpeg\" \/>\n<meta name=\"author\" content=\"jbacher\" \/>\n<meta name=\"twitter:card\" content=\"summary_large_image\" \/>\n<script type=\"application\/ld+json\" class=\"yoast-schema-graph\">{\"@context\":\"https:\/\/schema.org\",\"@graph\":[{\"@type\":\"Article\",\"@id\":\"https:\/\/www.leeb-balkone.com\/at\/blog\/nachbarschaftsrecht-zaun-an-der-grundstuecksgrenze-old\/#article\",\"isPartOf\":{\"@id\":\"https:\/\/www.leeb-balkone.com\/at\/blog\/nachbarschaftsrecht-zaun-an-der-grundstuecksgrenze-old\/\"},\"author\":{\"name\":\"jbacher\",\"@id\":\"https:\/\/www.leeb-balkone.com\/at\/#\/schema\/person\/15f1f398efcf4703721e46c2136421fa\"},\"headline\":\"Nachbarschaftsrecht: Zaun an der Grundst\u00fccksgrenze\",\"datePublished\":\"2016-05-18T08:09:07+00:00\",\"dateModified\":\"2024-11-27T18:26:49+00:00\",\"mainEntityOfPage\":{\"@id\":\"https:\/\/www.leeb-balkone.com\/at\/blog\/nachbarschaftsrecht-zaun-an-der-grundstuecksgrenze-old\/\"},\"wordCount\":524,\"publisher\":{\"@id\":\"https:\/\/www.leeb-balkone.com\/at\/#organization\"},\"image\":{\"@id\":\"https:\/\/www.leeb-balkone.com\/at\/blog\/nachbarschaftsrecht-zaun-an-der-grundstuecksgrenze-old\/#primaryimage\"},\"thumbnailUrl\":\"https:\/\/www.leeb-balkone.com\/app\/uploads\/2020\/07\/alu-gehtuer-9-scaled.jpg\",\"articleSection\":[\"Balkonpflanzen\",\"Garten und Pflanzen\",\"Gartenbau\",\"Gartengestaltung\",\"Tipps zur Balkongestaltung\"],\"inLanguage\":\"de-AT\"},{\"@type\":\"WebPage\",\"@id\":\"https:\/\/www.leeb-balkone.com\/at\/blog\/nachbarschaftsrecht-zaun-an-der-grundstuecksgrenze-old\/\",\"url\":\"https:\/\/www.leeb-balkone.com\/at\/blog\/nachbarschaftsrecht-zaun-an-der-grundstuecksgrenze-old\/\",\"name\":\"Nachbarschaftsrecht: Zaun an der Grundst\u00fccksgrenze - Leeb Balkone\",\"isPartOf\":{\"@id\":\"https:\/\/www.leeb-balkone.com\/at\/#website\"},\"primaryImageOfPage\":{\"@id\":\"https:\/\/www.leeb-balkone.com\/at\/blog\/nachbarschaftsrecht-zaun-an-der-grundstuecksgrenze-old\/#primaryimage\"},\"image\":{\"@id\":\"https:\/\/www.leeb-balkone.com\/at\/blog\/nachbarschaftsrecht-zaun-an-der-grundstuecksgrenze-old\/#primaryimage\"},\"thumbnailUrl\":\"https:\/\/www.leeb-balkone.com\/app\/uploads\/2020\/07\/alu-gehtuer-9-scaled.jpg\",\"datePublished\":\"2016-05-18T08:09:07+00:00\",\"dateModified\":\"2024-11-27T18:26:49+00:00\",\"description\":\"Geht es um die Umz\u00e4unung des Grundst\u00fccks, ist vielen oft nicht klar, wie die Rechtslage dazu aussieht: \u201eWie hoch darf der Zaun sein?\u201c und \u201eWelche Zaunseite geh\u00f6rt mir?\u201c sind nur zwei der Fragen, die oft gestellt werden.\",\"breadcrumb\":{\"@id\":\"https:\/\/www.leeb-balkone.com\/at\/blog\/nachbarschaftsrecht-zaun-an-der-grundstuecksgrenze-old\/#breadcrumb\"},\"inLanguage\":\"de-AT\",\"potentialAction\":[{\"@type\":\"ReadAction\",\"target\":[\"https:\/\/www.leeb-balkone.com\/at\/blog\/nachbarschaftsrecht-zaun-an-der-grundstuecksgrenze-old\/\"]}]},{\"@type\":\"ImageObject\",\"inLanguage\":\"de-AT\",\"@id\":\"https:\/\/www.leeb-balkone.com\/at\/blog\/nachbarschaftsrecht-zaun-an-der-grundstuecksgrenze-old\/#primaryimage\",\"url\":\"https:\/\/www.leeb-balkone.com\/app\/uploads\/2020\/07\/alu-gehtuer-9-scaled.jpg\",\"contentUrl\":\"https:\/\/www.leeb-balkone.com\/app\/uploads\/2020\/07\/alu-gehtuer-9-scaled.jpg\",\"width\":2560,\"height\":2287},{\"@type\":\"BreadcrumbList\",\"@id\":\"https:\/\/www.leeb-balkone.com\/at\/blog\/nachbarschaftsrecht-zaun-an-der-grundstuecksgrenze-old\/#breadcrumb\",\"itemListElement\":[{\"@type\":\"ListItem\",\"position\":1,\"name\":\"Home\",\"item\":\"https:\/\/www.leeb-balkone.com\/at\/\"},{\"@type\":\"ListItem\",\"position\":2,\"name\":\"Nachbarschaftsrecht: Zaun an der Grundst\u00fccksgrenze\"}]},{\"@type\":\"WebSite\",\"@id\":\"https:\/\/www.leeb-balkone.com\/at\/#website\",\"url\":\"https:\/\/www.leeb-balkone.com\/at\/\",\"name\":\"Leeb Balkone\",\"description\":\"Balkone und Z\u00e4une\",\"publisher\":{\"@id\":\"https:\/\/www.leeb-balkone.com\/at\/#organization\"},\"potentialAction\":[{\"@type\":\"SearchAction\",\"target\":{\"@type\":\"EntryPoint\",\"urlTemplate\":\"https:\/\/www.leeb-balkone.com\/at\/?s={search_term_string}\"},\"query-input\":{\"@type\":\"PropertyValueSpecification\",\"valueRequired\":true,\"valueName\":\"search_term_string\"}}],\"inLanguage\":\"de-AT\"},{\"@type\":\"Organization\",\"@id\":\"https:\/\/www.leeb-balkone.com\/at\/#organization\",\"name\":\"Leeb Balkone Gmbh\",\"url\":\"https:\/\/www.leeb-balkone.com\/at\/\",\"logo\":{\"@type\":\"ImageObject\",\"inLanguage\":\"de-AT\",\"@id\":\"https:\/\/www.leeb-balkone.com\/at\/#\/schema\/logo\/image\/\",\"url\":\"https:\/\/www.leeb-balkone.com\/app\/uploads\/2020\/11\/leeb-logo.svg\",\"contentUrl\":\"https:\/\/www.leeb-balkone.com\/app\/uploads\/2020\/11\/leeb-logo.svg\",\"width\":741,\"height\":204,\"caption\":\"Leeb Balkone Gmbh\"},\"image\":{\"@id\":\"https:\/\/www.leeb-balkone.com\/at\/#\/schema\/logo\/image\/\"},\"sameAs\":[\"https:\/\/www.facebook.com\/balkone\/\",\"https:\/\/www.trustedshops.at\/bewertung\/info_X4587CCF5833E31AFE0B11F47D86999F2.html\",\"https:\/\/www.trustedshops.de\/bewertung\/info_X7BA536A7A0BDC86D36C4718E4DCAEEEF.html\",\"https:\/\/www.google.com\/maps\/place\/?q=place_id:ChIJ5-zH19-IcEcR9HonWRTllHI\"]},{\"@type\":\"Person\",\"@id\":\"https:\/\/www.leeb-balkone.com\/at\/#\/schema\/person\/15f1f398efcf4703721e46c2136421fa\",\"name\":\"jbacher\"}]}<\/script>\n<!-- \/ Yoast SEO plugin. -->","yoast_head_json":{"title":"Nachbarschaftsrecht: Zaun an der Grundst\u00fccksgrenze - Leeb Balkone \u00d6sterreich","description":"Geht es um die Umz\u00e4unung des Grundst\u00fccks, ist vielen oft nicht klar, wie die Rechtslage dazu aussieht: \u201eWie hoch darf der Zaun sein?\u201c und \u201eWelche Zaunseite geh\u00f6rt mir?\u201c sind nur zwei der Fragen, die oft gestellt werden.","robots":{"index":"index","follow":"follow","max-snippet":"max-snippet:-1","max-image-preview":"max-image-preview:large","max-video-preview":"max-video-preview:-1"},"og_locale":"de_DE","og_type":"article","og_title":"Nachbarschaftsrecht: Zaun an der Grundst\u00fccksgrenze - Leeb Balkone","og_description":"Geht es um die Umz\u00e4unung des Grundst\u00fccks, ist vielen oft nicht klar, wie die Rechtslage dazu aussieht: \u201eWie hoch darf der Zaun sein?\u201c und \u201eWelche Zaunseite geh\u00f6rt mir?\u201c sind nur zwei der Fragen, die oft gestellt werden.","og_url":"https:\/\/www.leeb-balkone.com\/at\/blog\/nachbarschaftsrecht-zaun-an-der-grundstuecksgrenze-old\/","og_site_name":"Leeb Balkone","article_publisher":"https:\/\/www.facebook.com\/balkone\/","article_published_time":"2016-05-18T08:09:07+00:00","article_modified_time":"2024-11-27T18:26:49+00:00","og_image":[{"width":2560,"height":2287,"url":"https:\/\/www.leeb-balkone.com\/app\/uploads\/2020\/07\/alu-gehtuer-9-scaled.jpg","type":"image\/jpeg"}],"author":"jbacher","twitter_card":"summary_large_image","schema":{"@context":"https:\/\/schema.org","@graph":[{"@type":"Article","@id":"https:\/\/www.leeb-balkone.com\/at\/blog\/nachbarschaftsrecht-zaun-an-der-grundstuecksgrenze-old\/#article","isPartOf":{"@id":"https:\/\/www.leeb-balkone.com\/at\/blog\/nachbarschaftsrecht-zaun-an-der-grundstuecksgrenze-old\/"},"author":{"name":"jbacher","@id":"https:\/\/www.leeb-balkone.com\/at\/#\/schema\/person\/15f1f398efcf4703721e46c2136421fa"},"headline":"Nachbarschaftsrecht: Zaun an der Grundst\u00fccksgrenze","datePublished":"2016-05-18T08:09:07+00:00","dateModified":"2024-11-27T18:26:49+00:00","mainEntityOfPage":{"@id":"https:\/\/www.leeb-balkone.com\/at\/blog\/nachbarschaftsrecht-zaun-an-der-grundstuecksgrenze-old\/"},"wordCount":524,"publisher":{"@id":"https:\/\/www.leeb-balkone.com\/at\/#organization"},"image":{"@id":"https:\/\/www.leeb-balkone.com\/at\/blog\/nachbarschaftsrecht-zaun-an-der-grundstuecksgrenze-old\/#primaryimage"},"thumbnailUrl":"https:\/\/www.leeb-balkone.com\/app\/uploads\/2020\/07\/alu-gehtuer-9-scaled.jpg","articleSection":["Balkonpflanzen","Garten und Pflanzen","Gartenbau","Gartengestaltung","Tipps zur Balkongestaltung"],"inLanguage":"de-AT"},{"@type":"WebPage","@id":"https:\/\/www.leeb-balkone.com\/at\/blog\/nachbarschaftsrecht-zaun-an-der-grundstuecksgrenze-old\/","url":"https:\/\/www.leeb-balkone.com\/at\/blog\/nachbarschaftsrecht-zaun-an-der-grundstuecksgrenze-old\/","name":"Nachbarschaftsrecht: Zaun an der Grundst\u00fccksgrenze - Leeb Balkone","isPartOf":{"@id":"https:\/\/www.leeb-balkone.com\/at\/#website"},"primaryImageOfPage":{"@id":"https:\/\/www.leeb-balkone.com\/at\/blog\/nachbarschaftsrecht-zaun-an-der-grundstuecksgrenze-old\/#primaryimage"},"image":{"@id":"https:\/\/www.leeb-balkone.com\/at\/blog\/nachbarschaftsrecht-zaun-an-der-grundstuecksgrenze-old\/#primaryimage"},"thumbnailUrl":"https:\/\/www.leeb-balkone.com\/app\/uploads\/2020\/07\/alu-gehtuer-9-scaled.jpg","datePublished":"2016-05-18T08:09:07+00:00","dateModified":"2024-11-27T18:26:49+00:00","description":"Geht es um die Umz\u00e4unung des Grundst\u00fccks, ist vielen oft nicht klar, wie die Rechtslage dazu aussieht: \u201eWie hoch darf der Zaun sein?\u201c und \u201eWelche Zaunseite geh\u00f6rt mir?\u201c sind nur zwei der Fragen, die oft gestellt werden.","breadcrumb":{"@id":"https:\/\/www.leeb-balkone.com\/at\/blog\/nachbarschaftsrecht-zaun-an-der-grundstuecksgrenze-old\/#breadcrumb"},"inLanguage":"de-AT","potentialAction":[{"@type":"ReadAction","target":["https:\/\/www.leeb-balkone.com\/at\/blog\/nachbarschaftsrecht-zaun-an-der-grundstuecksgrenze-old\/"]}]},{"@type":"ImageObject","inLanguage":"de-AT","@id":"https:\/\/www.leeb-balkone.com\/at\/blog\/nachbarschaftsrecht-zaun-an-der-grundstuecksgrenze-old\/#primaryimage","url":"https:\/\/www.leeb-balkone.com\/app\/uploads\/2020\/07\/alu-gehtuer-9-scaled.jpg","contentUrl":"https:\/\/www.leeb-balkone.com\/app\/uploads\/2020\/07\/alu-gehtuer-9-scaled.jpg","width":2560,"height":2287},{"@type":"BreadcrumbList","@id":"https:\/\/www.leeb-balkone.com\/at\/blog\/nachbarschaftsrecht-zaun-an-der-grundstuecksgrenze-old\/#breadcrumb","itemListElement":[{"@type":"ListItem","position":1,"name":"Home","item":"https:\/\/www.leeb-balkone.com\/at\/"},{"@type":"ListItem","position":2,"name":"Nachbarschaftsrecht: Zaun an der Grundst\u00fccksgrenze"}]},{"@type":"WebSite","@id":"https:\/\/www.leeb-balkone.com\/at\/#website","url":"https:\/\/www.leeb-balkone.com\/at\/","name":"Leeb Balkone","description":"Balkone und Z\u00e4une","publisher":{"@id":"https:\/\/www.leeb-balkone.com\/at\/#organization"},"potentialAction":[{"@type":"SearchAction","target":{"@type":"EntryPoint","urlTemplate":"https:\/\/www.leeb-balkone.com\/at\/?s={search_term_string}"},"query-input":{"@type":"PropertyValueSpecification","valueRequired":true,"valueName":"search_term_string"}}],"inLanguage":"de-AT"},{"@type":"Organization","@id":"https:\/\/www.leeb-balkone.com\/at\/#organization","name":"Leeb Balkone Gmbh","url":"https:\/\/www.leeb-balkone.com\/at\/","logo":{"@type":"ImageObject","inLanguage":"de-AT","@id":"https:\/\/www.leeb-balkone.com\/at\/#\/schema\/logo\/image\/","url":"https:\/\/www.leeb-balkone.com\/app\/uploads\/2020\/11\/leeb-logo.svg","contentUrl":"https:\/\/www.leeb-balkone.com\/app\/uploads\/2020\/11\/leeb-logo.svg","width":741,"height":204,"caption":"Leeb Balkone Gmbh"},"image":{"@id":"https:\/\/www.leeb-balkone.com\/at\/#\/schema\/logo\/image\/"},"sameAs":["https:\/\/www.facebook.com\/balkone\/","https:\/\/www.trustedshops.at\/bewertung\/info_X4587CCF5833E31AFE0B11F47D86999F2.html","https:\/\/www.trustedshops.de\/bewertung\/info_X7BA536A7A0BDC86D36C4718E4DCAEEEF.html","https:\/\/www.google.com\/maps\/place\/?q=place_id:ChIJ5-zH19-IcEcR9HonWRTllHI"]},{"@type":"Person","@id":"https:\/\/www.leeb-balkone.com\/at\/#\/schema\/person\/15f1f398efcf4703721e46c2136421fa","name":"jbacher"}]}},"_links":{"self":[{"href":"https:\/\/www.leeb-balkone.com\/at\/wp-json\/wp\/v2\/posts\/18971","targetHints":{"allow":["GET"]}}],"collection":[{"href":"https:\/\/www.leeb-balkone.com\/at\/wp-json\/wp\/v2\/posts"}],"about":[{"href":"https:\/\/www.leeb-balkone.com\/at\/wp-json\/wp\/v2\/types\/post"}],"author":[{"embeddable":true,"href":"https:\/\/www.leeb-balkone.com\/at\/wp-json\/wp\/v2\/users\/3"}],"replies":[{"embeddable":true,"href":"https:\/\/www.leeb-balkone.com\/at\/wp-json\/wp\/v2\/comments?post=18971"}],"version-history":[{"count":1,"href":"https:\/\/www.leeb-balkone.com\/at\/wp-json\/wp\/v2\/posts\/18971\/revisions"}],"predecessor-version":[{"id":142428,"href":"https:\/\/www.leeb-balkone.com\/at\/wp-json\/wp\/v2\/posts\/18971\/revisions\/142428"}],"wp:featuredmedia":[{"embeddable":true,"href":"https:\/\/www.leeb-balkone.com\/at\/wp-json\/wp\/v2\/media\/4714"}],"wp:attachment":[{"href":"https:\/\/www.leeb-balkone.com\/at\/wp-json\/wp\/v2\/media?parent=18971"}],"wp:term":[{"taxonomy":"category","embeddable":true,"href":"https:\/\/www.leeb-balkone.com\/at\/wp-json\/wp\/v2\/categories?post=18971"},{"taxonomy":"post_tag","embeddable":true,"href":"https:\/\/www.leeb-balkone.com\/at\/wp-json\/wp\/v2\/tags?post=18971"},{"taxonomy":"post_folder","embeddable":true,"href":"https:\/\/www.leeb-balkone.com\/at\/wp-json\/wp\/v2\/post_folder?post=18971"}],"curies":[{"name":"wp","href":"https:\/\/api.w.org\/{rel}","templated":true}]}}