{"id":18929,"date":"2018-05-05T09:46:15","date_gmt":"2018-05-05T09:46:15","guid":{"rendered":"https:\/\/www.leeb-balkone.com\/de\/blog\/postdummy-2-2-3-2-2-2-4-2\/"},"modified":"2023-01-16T16:28:03","modified_gmt":"2023-01-16T16:28:03","slug":"gemuese-vorziehen-so-wirds-gemacht","status":"publish","type":"post","link":"https:\/\/www.leeb-balkone.com\/at\/blog\/gemuese-vorziehen-so-wirds-gemacht\/","title":{"rendered":"Gem\u00fcse vorziehen \u2013 so wird\u2019s gemacht"},"content":{"rendered":"<header data-block_0414acdaedc3e8035184fc31935c55fb class=\"c-fh  l-mh-small c-fh--hero c-grad-l2r c-fh--div none\">\n      <img loading=\"lazy\" decoding=\"async\" width=\"1200\" height=\"802\" src=\"https:\/\/www.leeb-balkone.com\/app\/uploads\/2020\/10\/pflanzenziehen-blog.jpg\" class=\"no-lazy\" alt=\"gartenliebe\" srcset=\"https:\/\/www.leeb-balkone.com\/app\/uploads\/2020\/10\/pflanzenziehen-blog-300x201.jpg 300w, https:\/\/www.leeb-balkone.com\/app\/uploads\/2020\/10\/pflanzenziehen-blog-1024x684.jpg 1024w, https:\/\/www.leeb-balkone.com\/app\/uploads\/2020\/10\/pflanzenziehen-blog-768x513.jpg 768w\" sizes=\"auto, (min-width: 1536px) 2048px, (min-width: 992px) 1536px, (min-width: 768px) 1024px, (min-width: 576px) 768px, 100vw\" \/>\n\n\n<div class=\"grid-container\">\n  <div class=\"grid-x\">\n    <div class=\"cell small-12 medium-6 medium-offset-1\">\n      <div class=\"c-fh__wrapper\">\n              <\/div>\n    <\/div>\n  <\/div>\n<\/div>\n  \n    \n    <\/header>\n\n\n  \n  <section class=\"wp-block-group alignfull t3-header u-max-wide t3-header-text has-white-background-color has-background has-global-padding is-layout-constrained wp-block-group-is-layout-constrained\">\n    <div class=\"wp-block-group o-grid u-md-1 u-sm-1 is-layout-flow wp-block-group-is-layout-flow\">\n  <div class=\"wp-block-group u-g-10 u-g-s-2\">\n      <div class=\"yoast-breadcrumbs\"><span><span><a href=\"https:\/\/www.leeb-balkone.com\/at\/\">Home<\/a><\/span><\/span><\/div>\n      \n    <h1>Gem\u00fcse vorziehen \u2013 so wird\u2019s gemacht<\/h1>\n  <\/div>\n<\/div>\n  <\/section>\n\n\n\n\n\n\n<section class=\"wp-block-cgb-t3-section-block alignfull b-pt-small  is-style-bg-white\" style=\"display:inherit;min-height:inherit\">\n<div class=\"wp-block-cgb-t3-container-block none\" style=\"background-color:none\"><div class=\"grid-container\"><div class=\"grid-x\"><div class=\"cell small-12 medium-9 large-0 medium-offset-1 b-has-lsmb\">\n<p>Der heurige Winter hat uns schon fest im Griff und umso mehr sehnen wir uns nach den ersten Fr\u00fchlingsblumen, gr\u00fcnen Wiesen und ein paar Sonnenstrahlen. Mit tollen Deko-Ideen k\u00f6nnen wir uns den Fr\u00fchling ins Haus holen und die Osterzeit im Kreise der Familie genie\u00dfen. Oder sollten wir heuer die Ostereier im Schnee verstecken?<\/p>\n<\/div><\/div><\/div><\/div>\n\n\n\n<div class=\"wp-block-cgb-t3-container-block none\" style=\"background-color:none\"><div class=\"grid-container\"><div class=\"grid-x\"><div class=\"cell small-12 medium-0 large-0\"><div id=\"lightgallery-block_75de0f404dc1c7852d4a6dda47599dc2\" data-block_75de0f404dc1c7852d4a6dda47599dc2 class=\"has-1-imgs b-cards b-cards--gallery u-grid-temp has-1-cols u-md-2 u-sm-1 wp-block-group is-layout-grid wp-block-group-is-layout-grid gallery alignwide\">\n\n        <div class=\"b-cards__item\">\n\n        \n      <figure>\n                 <img loading=\"lazy\" decoding=\"async\" width=\"1200\" height=\"800\" src=\"https:\/\/www.leeb-balkone.com\/app\/uploads\/2020\/10\/cherrytomaten-blog.jpg\" class=\"attachment-1536x1536 size-1536x1536\" alt=\"cherrytomaten blog\" srcset=\"https:\/\/www.leeb-balkone.com\/app\/uploads\/2020\/10\/cherrytomaten-blog-300x200.jpg 300w, https:\/\/www.leeb-balkone.com\/app\/uploads\/2020\/10\/cherrytomaten-blog-1024x683.jpg 1024w, https:\/\/www.leeb-balkone.com\/app\/uploads\/2020\/10\/cherrytomaten-blog-768x512.jpg 768w\" sizes=\"auto, (min-width: 1200px) 100vw, (min-width: 1024px) 1536px, (min-width: 640px) 768px, 768px\" \/>              <\/figure>\n\n                  \n  \n<\/div>\n\n    <\/div>\n\n<\/div><\/div><\/div><\/div>\n\n\n\n<div class=\"wp-block-cgb-t3-container-block none\" style=\"background-color:none\"><div class=\"grid-container\"><div class=\"grid-x\"><div class=\"cell small-12 medium-9 large-0 medium-offset-1 b-has-lsmb\">\n<h2 class=\"wp-block-heading\">Der klassische Osterstrauch<\/h2>\n\n\n\n<p>Palmk\u00e4tzchen geh\u00f6ren zu jeder Oster-Deko und besonders im alpenl\u00e4ndischen Raum ist der Osterstrauch, geschm\u00fcckt mit bunten Ostereiern, eine traditionelle Dekoration. Damit auch ein bisschen Farbe ins Spiel kommt, kann man erste Fr\u00fchlingsbl\u00fcher dazugeben. Am besten eignen sich Forsythien mit ihren gelben Bl\u00fcten. Doch der heurige Fr\u00fchling l\u00e4sst noch auf sich warten und aufgrund der winterlichen Temperaturen und der dicken Schneedecke in vielen Gebieten, findet man Palmzweige und die ersten Fr\u00fchlingsbl\u00fcher nur schwer. Wer auf den Osterstrauch dennoch nicht verzichten m\u00f6chte, kann auch Zweige von der Korkenzieher-Hasel verwenden. Entweder gibt man diese in eine gro\u00dfe Vase, oder man h\u00e4ngt die Zweige mit einer Fischerschnur auf und schm\u00fcckt sie dann mit Ostereiern. Der aufgeh\u00e4ngte Zweig kommt besonders in hohen R\u00e4umen oder im Stiegenhaus gut zur Geltung.<\/p>\n\n\n\n<h2 class=\"wp-block-heading\">Ostereier nat\u00fcrlich f\u00e4rben<\/h2>\n\n\n\n<p>Selbstverst\u00e4ndlich kann man die Ostereier fix fertig im Gesch\u00e4ft kaufen, aber es macht viel mehr Spa\u00df diese selber zu f\u00e4rben. Egal ob rot, gr\u00fcn, blau, gelb oder marmoriert \u2013 Eierfarbe gibt in en masse zu kaufen. Dabei kann man Ostereiger ganz einfach mit nat\u00fcrlichen Materialien f\u00e4rben. Viele Tees und Gem\u00fcsesorten eignen sich sehr gut dazu. Die Farbe ist zwar nicht so kr\u00e4ftig, aber daf\u00fcr frei von k\u00fcnstlichen Farbstoffen.<\/p>\n\n\n\n<p>Je nachdem welche Farben Sie m\u00f6chten, k\u00f6nnen verschiedene Materialien verwendet werden. Rote R\u00fcben f\u00e4rben die Eiter violett, Spinat gr\u00fcn und Zwiebelschalen gelblich. Aus frischen Pflanzen kann der Farbsud gleich herstellt werden. Manche Substanzen wie Rinde, oder getrocknete Beeren m\u00fcssen vorher 1-2 Tage eingeweicht werden. Der Farbsud sollte immer 30-40 Minuten kochen. Danach die hart gekochten Eier eine halbe Stunde darin ziehen lassen. M\u00f6chte man die Eier verzieren, kann man Kr\u00e4uter, Efeu, oder Blumen auf das Ei legen und mit einem Strumpf fixieren. Nach dem F\u00e4rben erkennt man den Abdruck der Pflanzen.<\/p>\n<\/div><\/div><\/div><\/div>\n\n\n\n<div class=\"wp-block-cgb-t3-container-block none\" style=\"background-color:none\"><div class=\"grid-container\"><div class=\"grid-x\"><div class=\"cell small-12 medium-0 large-0\"><div id=\"lightgallery-block_1c3f9a4a2bf0d5a256220dbc389a9707\" data-block_1c3f9a4a2bf0d5a256220dbc389a9707 class=\"has-1-imgs b-cards b-cards--gallery u-grid-temp has-1-cols u-md-2 u-sm-1 wp-block-group is-layout-grid wp-block-group-is-layout-grid gallery alignwide\">\n\n        <div class=\"b-cards__item\">\n\n        \n      <figure>\n                 <img loading=\"lazy\" decoding=\"async\" width=\"1200\" height=\"800\" src=\"https:\/\/www.leeb-balkone.com\/app\/uploads\/2020\/10\/salatpflanze-blog.jpg\" class=\"attachment-1536x1536 size-1536x1536\" alt=\"salatpflanze blog\" srcset=\"https:\/\/www.leeb-balkone.com\/app\/uploads\/2020\/10\/salatpflanze-blog-300x200.jpg 300w, https:\/\/www.leeb-balkone.com\/app\/uploads\/2020\/10\/salatpflanze-blog-1024x683.jpg 1024w, https:\/\/www.leeb-balkone.com\/app\/uploads\/2020\/10\/salatpflanze-blog-768x512.jpg 768w\" sizes=\"auto, (min-width: 1200px) 100vw, (min-width: 1024px) 1536px, (min-width: 640px) 768px, 768px\" \/>              <\/figure>\n\n                  \n  \n<\/div>\n\n    <\/div>\n\n<\/div><\/div><\/div><\/div>\n\n\n\n<div class=\"wp-block-cgb-t3-container-block none\" style=\"background-color:none\"><div class=\"grid-container\"><div class=\"grid-x\"><div class=\"cell small-12 medium-9 large-0 medium-offset-1 b-has-lsmb\">\n<h2 class=\"wp-block-heading\">Tischdeko f\u00fcrs Osterfest<\/h2>\n\n\n\n<p>Damit Sie die Osterfeiertage mit Ihrer Familie geb\u00fchrend feiern k\u00f6nnen, geh\u00f6rt eine ansprechende Tischdekoration einfach dazu. Neben frischen Fr\u00fchlingsblumen und sch\u00f6n gef\u00e4rbten Ostereiern, kann man auch beim Aufdecken so einige Deko-Elemente einbauen, die gro\u00dfe Wirkung erzeugen. Zum Beispiel bei Servietten gibt es einige Falt-Techniken, die jedermann anwenden kann. Am einfachsten und am effektivsten ist der Serviettenhase. Dazu ben\u00f6tigt man ein hartgekochtes Osterei und eine Serviette, die einmal als Dreieck und dann zu einem Schmalen Band gefaltet wird. Anschlie\u00dfend die Serviette um das Ei legen und mit einem Bastband zusammenbinden, so dass Hasenohren entstehen. Je nach belieben kann man dem Ei noch ein nettes Gesicht mit Edding malen. Entweder legt man das Serviettenh\u00e4schen aufs Teller oder man gibt es in einen Eierbecher oder in einen kleinen Tontopf.<\/p>\n\n\n\n<h2 class=\"wp-block-heading\">Blumenvase aus Ostereiern<\/h2>\n\n\n\n<p>Wenn ein Osterei vom Strauch f\u00e4llt und kaputtgeht \u2013 nicht wegwerfen. Man kann es noch f\u00fcr die Tischdeko verwenden. Idealerweise sollte das ausgeblasene Ei nur an einem Ende ge\u00f6ffnet sein, damit man etwas Wasser reingeben kann. Damit es auch gerade steht kann man es in einen Eierbecher geben oder mehrere Eier in einen bemalten Eierkarton. Das Ei nun mit frischen Wiesenblumen \u2013 falls vorhanden \u2013 oder mit Tulpen oder Rosen aus der G\u00e4rtnerei bef\u00fcllen. Es schaut edel aus und kann ganz einfach selbst hergestellt werden.<\/p>\n<\/div><\/div><\/div><\/div>\n\n\n\n<div class=\"wp-block-cgb-t3-container-block none\" style=\"background-color:none\"><div class=\"grid-container\"><div class=\"grid-x\"><div class=\"cell small-12 medium-0 large-0\"><div id=\"lightgallery-block_a6a48d92f3e33d913f907596e1cebe6e\" data-block_a6a48d92f3e33d913f907596e1cebe6e class=\"has-1-imgs b-cards b-cards--gallery u-grid-temp has-1-cols u-md-2 u-sm-1 wp-block-group is-layout-grid wp-block-group-is-layout-grid gallery alignwide\">\n\n        <div class=\"b-cards__item\">\n\n        \n      <figure>\n                 <img loading=\"lazy\" decoding=\"async\" width=\"1200\" height=\"802\" src=\"https:\/\/www.leeb-balkone.com\/app\/uploads\/2020\/10\/pflanzenziehen-blog.jpg\" class=\"attachment-1536x1536 size-1536x1536\" alt=\"pflanzenziehen blog\" srcset=\"https:\/\/www.leeb-balkone.com\/app\/uploads\/2020\/10\/pflanzenziehen-blog-300x201.jpg 300w, https:\/\/www.leeb-balkone.com\/app\/uploads\/2020\/10\/pflanzenziehen-blog-1024x684.jpg 1024w, https:\/\/www.leeb-balkone.com\/app\/uploads\/2020\/10\/pflanzenziehen-blog-768x513.jpg 768w\" sizes=\"auto, (min-width: 1200px) 100vw, (min-width: 1024px) 1536px, (min-width: 640px) 768px, 768px\" \/>              <\/figure>\n\n                  \n  \n<\/div>\n\n    <\/div>\n\n<\/div><\/div><\/div><\/div>\n<\/section>\n\n\n\n<p><\/p>\n","protected":false},"excerpt":{"rendered":"<p>Jetzt ist der ideale Zeitpunkt um Gem\u00fcse- und Salatpflanzen f\u00fcr die bevorstehende Gartensaison vorzuziehen. Welche Pflanzen eignen sich besonders dazu und welche nicht? Brauche ich wirklich eine eigene Anzuchterde? Antworten zu diesen Fragen und noch mehr Ratschl\u00e4ge k\u00f6nnen Sie in unsrem Blogbeitrag nachlesen.<\/p>\n","protected":false},"author":3,"featured_media":8794,"comment_status":"closed","ping_status":"open","sticky":false,"template":"template-onepager.blade.php","format":"standard","meta":{"_acf_changed":false,"footnotes":""},"categories":[154,155],"tags":[],"post_folder":[],"class_list":["post-18929","post","type-post","status-publish","format-standard","has-post-thumbnail","hentry","category-feng-shui-co","category-nachhaltigkeit-oekologie"],"acf":[],"yoast_head":"<!-- This site is optimized with the Yoast SEO plugin v27.2 - https:\/\/yoast.com\/product\/yoast-seo-wordpress\/ -->\n<title>Gem\u00fcse vorziehen \u2013 so wird\u2019s gemacht - Leeb Balkone \u00d6sterreich<\/title>\n<meta name=\"description\" content=\"Jetzt ist der ideale Zeitpunkt um Gem\u00fcse- und Salatpflanzen f\u00fcr die bevorstehende Gartensaison vorzuziehen. Welche Pflanzen eignen sich besonders dazu und welche nicht? Brauche ich wirklich eine eigene Anzuchterde? Antworten zu diesen Fragen und noch mehr Ratschl\u00e4ge k\u00f6nnen Sie in unsrem Blogbeitrag nachlesen.\" \/>\n<meta name=\"robots\" content=\"index, follow, max-snippet:-1, max-image-preview:large, max-video-preview:-1\" \/>\n<meta property=\"og:locale\" content=\"de_DE\" \/>\n<meta property=\"og:type\" content=\"article\" \/>\n<meta property=\"og:title\" content=\"Gem\u00fcse vorziehen \u2013 so wird\u2019s gemacht - Leeb Balkone\" \/>\n<meta property=\"og:description\" content=\"Jetzt ist der ideale Zeitpunkt um Gem\u00fcse- und Salatpflanzen f\u00fcr die bevorstehende Gartensaison vorzuziehen. Welche Pflanzen eignen sich besonders dazu und welche nicht? Brauche ich wirklich eine eigene Anzuchterde? Antworten zu diesen Fragen und noch mehr Ratschl\u00e4ge k\u00f6nnen Sie in unsrem Blogbeitrag nachlesen.\" \/>\n<meta property=\"og:url\" content=\"https:\/\/www.leeb-balkone.com\/at\/blog\/gemuese-vorziehen-so-wirds-gemacht\/\" \/>\n<meta property=\"og:site_name\" content=\"Leeb Balkone\" \/>\n<meta property=\"article:publisher\" content=\"https:\/\/www.facebook.com\/balkone\/\" \/>\n<meta property=\"article:published_time\" content=\"2018-05-05T09:46:15+00:00\" \/>\n<meta property=\"article:modified_time\" content=\"2023-01-16T16:28:03+00:00\" \/>\n<meta property=\"og:image\" content=\"https:\/\/www.leeb-balkone.com\/app\/uploads\/2020\/10\/pflanzenziehen-blog.jpg\" \/>\n\t<meta property=\"og:image:width\" content=\"1200\" \/>\n\t<meta property=\"og:image:height\" content=\"802\" \/>\n\t<meta property=\"og:image:type\" content=\"image\/jpeg\" \/>\n<meta name=\"author\" content=\"jbacher\" \/>\n<meta name=\"twitter:card\" content=\"summary_large_image\" \/>\n<script type=\"application\/ld+json\" class=\"yoast-schema-graph\">{\"@context\":\"https:\/\/schema.org\",\"@graph\":[{\"@type\":\"Article\",\"@id\":\"https:\/\/www.leeb-balkone.com\/at\/blog\/gemuese-vorziehen-so-wirds-gemacht\/#article\",\"isPartOf\":{\"@id\":\"https:\/\/www.leeb-balkone.com\/at\/blog\/gemuese-vorziehen-so-wirds-gemacht\/\"},\"author\":{\"name\":\"jbacher\",\"@id\":\"https:\/\/www.leeb-balkone.com\/at\/#\/schema\/person\/15f1f398efcf4703721e46c2136421fa\"},\"headline\":\"Gem\u00fcse vorziehen \u2013 so wird\u2019s gemacht\",\"datePublished\":\"2018-05-05T09:46:15+00:00\",\"dateModified\":\"2023-01-16T16:28:03+00:00\",\"mainEntityOfPage\":{\"@id\":\"https:\/\/www.leeb-balkone.com\/at\/blog\/gemuese-vorziehen-so-wirds-gemacht\/\"},\"wordCount\":621,\"publisher\":{\"@id\":\"https:\/\/www.leeb-balkone.com\/at\/#organization\"},\"image\":{\"@id\":\"https:\/\/www.leeb-balkone.com\/at\/blog\/gemuese-vorziehen-so-wirds-gemacht\/#primaryimage\"},\"thumbnailUrl\":\"https:\/\/www.leeb-balkone.com\/app\/uploads\/2020\/10\/pflanzenziehen-blog.jpg\",\"articleSection\":[\"Feng Shui &amp; Co\",\"Nachhaltigkeit &amp; \u00d6kologie\"],\"inLanguage\":\"de-AT\"},{\"@type\":\"WebPage\",\"@id\":\"https:\/\/www.leeb-balkone.com\/at\/blog\/gemuese-vorziehen-so-wirds-gemacht\/\",\"url\":\"https:\/\/www.leeb-balkone.com\/at\/blog\/gemuese-vorziehen-so-wirds-gemacht\/\",\"name\":\"Gem\u00fcse vorziehen \u2013 so wird\u2019s gemacht - Leeb Balkone\",\"isPartOf\":{\"@id\":\"https:\/\/www.leeb-balkone.com\/at\/#website\"},\"primaryImageOfPage\":{\"@id\":\"https:\/\/www.leeb-balkone.com\/at\/blog\/gemuese-vorziehen-so-wirds-gemacht\/#primaryimage\"},\"image\":{\"@id\":\"https:\/\/www.leeb-balkone.com\/at\/blog\/gemuese-vorziehen-so-wirds-gemacht\/#primaryimage\"},\"thumbnailUrl\":\"https:\/\/www.leeb-balkone.com\/app\/uploads\/2020\/10\/pflanzenziehen-blog.jpg\",\"datePublished\":\"2018-05-05T09:46:15+00:00\",\"dateModified\":\"2023-01-16T16:28:03+00:00\",\"description\":\"Jetzt ist der ideale Zeitpunkt um Gem\u00fcse- und Salatpflanzen f\u00fcr die bevorstehende Gartensaison vorzuziehen. Welche Pflanzen eignen sich besonders dazu und welche nicht? Brauche ich wirklich eine eigene Anzuchterde? Antworten zu diesen Fragen und noch mehr Ratschl\u00e4ge k\u00f6nnen Sie in unsrem Blogbeitrag nachlesen.\",\"breadcrumb\":{\"@id\":\"https:\/\/www.leeb-balkone.com\/at\/blog\/gemuese-vorziehen-so-wirds-gemacht\/#breadcrumb\"},\"inLanguage\":\"de-AT\",\"potentialAction\":[{\"@type\":\"ReadAction\",\"target\":[\"https:\/\/www.leeb-balkone.com\/at\/blog\/gemuese-vorziehen-so-wirds-gemacht\/\"]}]},{\"@type\":\"ImageObject\",\"inLanguage\":\"de-AT\",\"@id\":\"https:\/\/www.leeb-balkone.com\/at\/blog\/gemuese-vorziehen-so-wirds-gemacht\/#primaryimage\",\"url\":\"https:\/\/www.leeb-balkone.com\/app\/uploads\/2020\/10\/pflanzenziehen-blog.jpg\",\"contentUrl\":\"https:\/\/www.leeb-balkone.com\/app\/uploads\/2020\/10\/pflanzenziehen-blog.jpg\",\"width\":1200,\"height\":802},{\"@type\":\"BreadcrumbList\",\"@id\":\"https:\/\/www.leeb-balkone.com\/at\/blog\/gemuese-vorziehen-so-wirds-gemacht\/#breadcrumb\",\"itemListElement\":[{\"@type\":\"ListItem\",\"position\":1,\"name\":\"Home\",\"item\":\"https:\/\/www.leeb-balkone.com\/at\/\"},{\"@type\":\"ListItem\",\"position\":2,\"name\":\"Gem\u00fcse vorziehen \u2013 so wird\u2019s gemacht\"}]},{\"@type\":\"WebSite\",\"@id\":\"https:\/\/www.leeb-balkone.com\/at\/#website\",\"url\":\"https:\/\/www.leeb-balkone.com\/at\/\",\"name\":\"Leeb Balkone\",\"description\":\"Balkone und Z\u00e4une\",\"publisher\":{\"@id\":\"https:\/\/www.leeb-balkone.com\/at\/#organization\"},\"potentialAction\":[{\"@type\":\"SearchAction\",\"target\":{\"@type\":\"EntryPoint\",\"urlTemplate\":\"https:\/\/www.leeb-balkone.com\/at\/?s={search_term_string}\"},\"query-input\":{\"@type\":\"PropertyValueSpecification\",\"valueRequired\":true,\"valueName\":\"search_term_string\"}}],\"inLanguage\":\"de-AT\"},{\"@type\":\"Organization\",\"@id\":\"https:\/\/www.leeb-balkone.com\/at\/#organization\",\"name\":\"Leeb Balkone Gmbh\",\"url\":\"https:\/\/www.leeb-balkone.com\/at\/\",\"logo\":{\"@type\":\"ImageObject\",\"inLanguage\":\"de-AT\",\"@id\":\"https:\/\/www.leeb-balkone.com\/at\/#\/schema\/logo\/image\/\",\"url\":\"https:\/\/www.leeb-balkone.com\/app\/uploads\/2020\/11\/leeb-logo.svg\",\"contentUrl\":\"https:\/\/www.leeb-balkone.com\/app\/uploads\/2020\/11\/leeb-logo.svg\",\"width\":741,\"height\":204,\"caption\":\"Leeb Balkone Gmbh\"},\"image\":{\"@id\":\"https:\/\/www.leeb-balkone.com\/at\/#\/schema\/logo\/image\/\"},\"sameAs\":[\"https:\/\/www.facebook.com\/balkone\/\",\"https:\/\/www.trustedshops.at\/bewertung\/info_X4587CCF5833E31AFE0B11F47D86999F2.html\",\"https:\/\/www.trustedshops.de\/bewertung\/info_X7BA536A7A0BDC86D36C4718E4DCAEEEF.html\",\"https:\/\/www.google.com\/maps\/place\/?q=place_id:ChIJ5-zH19-IcEcR9HonWRTllHI\"]},{\"@type\":\"Person\",\"@id\":\"https:\/\/www.leeb-balkone.com\/at\/#\/schema\/person\/15f1f398efcf4703721e46c2136421fa\",\"name\":\"jbacher\"}]}<\/script>\n<!-- \/ Yoast SEO plugin. -->","yoast_head_json":{"title":"Gem\u00fcse vorziehen \u2013 so wird\u2019s gemacht - Leeb Balkone \u00d6sterreich","description":"Jetzt ist der ideale Zeitpunkt um Gem\u00fcse- und Salatpflanzen f\u00fcr die bevorstehende Gartensaison vorzuziehen. Welche Pflanzen eignen sich besonders dazu und welche nicht? Brauche ich wirklich eine eigene Anzuchterde? Antworten zu diesen Fragen und noch mehr Ratschl\u00e4ge k\u00f6nnen Sie in unsrem Blogbeitrag nachlesen.","robots":{"index":"index","follow":"follow","max-snippet":"max-snippet:-1","max-image-preview":"max-image-preview:large","max-video-preview":"max-video-preview:-1"},"og_locale":"de_DE","og_type":"article","og_title":"Gem\u00fcse vorziehen \u2013 so wird\u2019s gemacht - Leeb Balkone","og_description":"Jetzt ist der ideale Zeitpunkt um Gem\u00fcse- und Salatpflanzen f\u00fcr die bevorstehende Gartensaison vorzuziehen. Welche Pflanzen eignen sich besonders dazu und welche nicht? Brauche ich wirklich eine eigene Anzuchterde? Antworten zu diesen Fragen und noch mehr Ratschl\u00e4ge k\u00f6nnen Sie in unsrem Blogbeitrag nachlesen.","og_url":"https:\/\/www.leeb-balkone.com\/at\/blog\/gemuese-vorziehen-so-wirds-gemacht\/","og_site_name":"Leeb Balkone","article_publisher":"https:\/\/www.facebook.com\/balkone\/","article_published_time":"2018-05-05T09:46:15+00:00","article_modified_time":"2023-01-16T16:28:03+00:00","og_image":[{"width":1200,"height":802,"url":"https:\/\/www.leeb-balkone.com\/app\/uploads\/2020\/10\/pflanzenziehen-blog.jpg","type":"image\/jpeg"}],"author":"jbacher","twitter_card":"summary_large_image","schema":{"@context":"https:\/\/schema.org","@graph":[{"@type":"Article","@id":"https:\/\/www.leeb-balkone.com\/at\/blog\/gemuese-vorziehen-so-wirds-gemacht\/#article","isPartOf":{"@id":"https:\/\/www.leeb-balkone.com\/at\/blog\/gemuese-vorziehen-so-wirds-gemacht\/"},"author":{"name":"jbacher","@id":"https:\/\/www.leeb-balkone.com\/at\/#\/schema\/person\/15f1f398efcf4703721e46c2136421fa"},"headline":"Gem\u00fcse vorziehen \u2013 so wird\u2019s gemacht","datePublished":"2018-05-05T09:46:15+00:00","dateModified":"2023-01-16T16:28:03+00:00","mainEntityOfPage":{"@id":"https:\/\/www.leeb-balkone.com\/at\/blog\/gemuese-vorziehen-so-wirds-gemacht\/"},"wordCount":621,"publisher":{"@id":"https:\/\/www.leeb-balkone.com\/at\/#organization"},"image":{"@id":"https:\/\/www.leeb-balkone.com\/at\/blog\/gemuese-vorziehen-so-wirds-gemacht\/#primaryimage"},"thumbnailUrl":"https:\/\/www.leeb-balkone.com\/app\/uploads\/2020\/10\/pflanzenziehen-blog.jpg","articleSection":["Feng Shui &amp; Co","Nachhaltigkeit &amp; \u00d6kologie"],"inLanguage":"de-AT"},{"@type":"WebPage","@id":"https:\/\/www.leeb-balkone.com\/at\/blog\/gemuese-vorziehen-so-wirds-gemacht\/","url":"https:\/\/www.leeb-balkone.com\/at\/blog\/gemuese-vorziehen-so-wirds-gemacht\/","name":"Gem\u00fcse vorziehen \u2013 so wird\u2019s gemacht - Leeb Balkone","isPartOf":{"@id":"https:\/\/www.leeb-balkone.com\/at\/#website"},"primaryImageOfPage":{"@id":"https:\/\/www.leeb-balkone.com\/at\/blog\/gemuese-vorziehen-so-wirds-gemacht\/#primaryimage"},"image":{"@id":"https:\/\/www.leeb-balkone.com\/at\/blog\/gemuese-vorziehen-so-wirds-gemacht\/#primaryimage"},"thumbnailUrl":"https:\/\/www.leeb-balkone.com\/app\/uploads\/2020\/10\/pflanzenziehen-blog.jpg","datePublished":"2018-05-05T09:46:15+00:00","dateModified":"2023-01-16T16:28:03+00:00","description":"Jetzt ist der ideale Zeitpunkt um Gem\u00fcse- und Salatpflanzen f\u00fcr die bevorstehende Gartensaison vorzuziehen. Welche Pflanzen eignen sich besonders dazu und welche nicht? Brauche ich wirklich eine eigene Anzuchterde? Antworten zu diesen Fragen und noch mehr Ratschl\u00e4ge k\u00f6nnen Sie in unsrem Blogbeitrag nachlesen.","breadcrumb":{"@id":"https:\/\/www.leeb-balkone.com\/at\/blog\/gemuese-vorziehen-so-wirds-gemacht\/#breadcrumb"},"inLanguage":"de-AT","potentialAction":[{"@type":"ReadAction","target":["https:\/\/www.leeb-balkone.com\/at\/blog\/gemuese-vorziehen-so-wirds-gemacht\/"]}]},{"@type":"ImageObject","inLanguage":"de-AT","@id":"https:\/\/www.leeb-balkone.com\/at\/blog\/gemuese-vorziehen-so-wirds-gemacht\/#primaryimage","url":"https:\/\/www.leeb-balkone.com\/app\/uploads\/2020\/10\/pflanzenziehen-blog.jpg","contentUrl":"https:\/\/www.leeb-balkone.com\/app\/uploads\/2020\/10\/pflanzenziehen-blog.jpg","width":1200,"height":802},{"@type":"BreadcrumbList","@id":"https:\/\/www.leeb-balkone.com\/at\/blog\/gemuese-vorziehen-so-wirds-gemacht\/#breadcrumb","itemListElement":[{"@type":"ListItem","position":1,"name":"Home","item":"https:\/\/www.leeb-balkone.com\/at\/"},{"@type":"ListItem","position":2,"name":"Gem\u00fcse vorziehen \u2013 so wird\u2019s gemacht"}]},{"@type":"WebSite","@id":"https:\/\/www.leeb-balkone.com\/at\/#website","url":"https:\/\/www.leeb-balkone.com\/at\/","name":"Leeb Balkone","description":"Balkone und Z\u00e4une","publisher":{"@id":"https:\/\/www.leeb-balkone.com\/at\/#organization"},"potentialAction":[{"@type":"SearchAction","target":{"@type":"EntryPoint","urlTemplate":"https:\/\/www.leeb-balkone.com\/at\/?s={search_term_string}"},"query-input":{"@type":"PropertyValueSpecification","valueRequired":true,"valueName":"search_term_string"}}],"inLanguage":"de-AT"},{"@type":"Organization","@id":"https:\/\/www.leeb-balkone.com\/at\/#organization","name":"Leeb Balkone Gmbh","url":"https:\/\/www.leeb-balkone.com\/at\/","logo":{"@type":"ImageObject","inLanguage":"de-AT","@id":"https:\/\/www.leeb-balkone.com\/at\/#\/schema\/logo\/image\/","url":"https:\/\/www.leeb-balkone.com\/app\/uploads\/2020\/11\/leeb-logo.svg","contentUrl":"https:\/\/www.leeb-balkone.com\/app\/uploads\/2020\/11\/leeb-logo.svg","width":741,"height":204,"caption":"Leeb Balkone Gmbh"},"image":{"@id":"https:\/\/www.leeb-balkone.com\/at\/#\/schema\/logo\/image\/"},"sameAs":["https:\/\/www.facebook.com\/balkone\/","https:\/\/www.trustedshops.at\/bewertung\/info_X4587CCF5833E31AFE0B11F47D86999F2.html","https:\/\/www.trustedshops.de\/bewertung\/info_X7BA536A7A0BDC86D36C4718E4DCAEEEF.html","https:\/\/www.google.com\/maps\/place\/?q=place_id:ChIJ5-zH19-IcEcR9HonWRTllHI"]},{"@type":"Person","@id":"https:\/\/www.leeb-balkone.com\/at\/#\/schema\/person\/15f1f398efcf4703721e46c2136421fa","name":"jbacher"}]}},"_links":{"self":[{"href":"https:\/\/www.leeb-balkone.com\/at\/wp-json\/wp\/v2\/posts\/18929","targetHints":{"allow":["GET"]}}],"collection":[{"href":"https:\/\/www.leeb-balkone.com\/at\/wp-json\/wp\/v2\/posts"}],"about":[{"href":"https:\/\/www.leeb-balkone.com\/at\/wp-json\/wp\/v2\/types\/post"}],"author":[{"embeddable":true,"href":"https:\/\/www.leeb-balkone.com\/at\/wp-json\/wp\/v2\/users\/3"}],"replies":[{"embeddable":true,"href":"https:\/\/www.leeb-balkone.com\/at\/wp-json\/wp\/v2\/comments?post=18929"}],"version-history":[{"count":0,"href":"https:\/\/www.leeb-balkone.com\/at\/wp-json\/wp\/v2\/posts\/18929\/revisions"}],"wp:featuredmedia":[{"embeddable":true,"href":"https:\/\/www.leeb-balkone.com\/at\/wp-json\/wp\/v2\/media\/8794"}],"wp:attachment":[{"href":"https:\/\/www.leeb-balkone.com\/at\/wp-json\/wp\/v2\/media?parent=18929"}],"wp:term":[{"taxonomy":"category","embeddable":true,"href":"https:\/\/www.leeb-balkone.com\/at\/wp-json\/wp\/v2\/categories?post=18929"},{"taxonomy":"post_tag","embeddable":true,"href":"https:\/\/www.leeb-balkone.com\/at\/wp-json\/wp\/v2\/tags?post=18929"},{"taxonomy":"post_folder","embeddable":true,"href":"https:\/\/www.leeb-balkone.com\/at\/wp-json\/wp\/v2\/post_folder?post=18929"}],"curies":[{"name":"wp","href":"https:\/\/api.w.org\/{rel}","templated":true}]}}