{"id":18913,"date":"2018-10-21T12:31:08","date_gmt":"2018-10-21T12:31:08","guid":{"rendered":"https:\/\/www.leeb-balkone.com\/de\/blog\/postdummy-2-2-3-2-2-4-2\/"},"modified":"2023-01-16T16:20:17","modified_gmt":"2023-01-16T16:20:17","slug":"herbst-auf-balkonien","status":"publish","type":"post","link":"https:\/\/www.leeb-balkone.com\/at\/blog\/herbst-auf-balkonien\/","title":{"rendered":"Herbst auf Balkonien"},"content":{"rendered":"<header data-block_5b8006ce0d3520cd934c7d76f9655dbb class=\"c-fh  l-mh-small c-fh--hero c-grad-l2r c-fh--div none\">\n      <img loading=\"lazy\" decoding=\"async\" width=\"1200\" height=\"802\" src=\"https:\/\/www.leeb-balkone.com\/app\/uploads\/2020\/10\/herbstdeko-gigapixel.jpg\" class=\"no-lazy\" alt=\"herbstdeko gigapixel\" srcset=\"https:\/\/www.leeb-balkone.com\/app\/uploads\/2020\/10\/herbstdeko-gigapixel-300x201.jpg 300w, https:\/\/www.leeb-balkone.com\/app\/uploads\/2020\/10\/herbstdeko-gigapixel-1024x684.jpg 1024w, https:\/\/www.leeb-balkone.com\/app\/uploads\/2020\/10\/herbstdeko-gigapixel-768x513.jpg 768w\" sizes=\"auto, (min-width: 1536px) 2048px, (min-width: 992px) 1536px, (min-width: 768px) 1024px, (min-width: 576px) 768px, 100vw\" \/>\n\n\n<div class=\"grid-container\">\n  <div class=\"grid-x\">\n    <div class=\"cell small-12 medium-6 medium-offset-1\">\n      <div class=\"c-fh__wrapper\">\n              <\/div>\n    <\/div>\n  <\/div>\n<\/div>\n  \n    \n    <\/header>\n\n\n  \n  <section class=\"wp-block-group alignfull t3-header u-max-wide t3-header-text has-white-background-color has-background has-global-padding is-layout-constrained wp-block-group-is-layout-constrained\">\n    <div class=\"wp-block-group o-grid u-md-1 u-sm-1 is-layout-flow wp-block-group-is-layout-flow\">\n  <div class=\"wp-block-group u-g-10 u-g-s-2\">\n      <div class=\"yoast-breadcrumbs\"><span><span><a href=\"https:\/\/www.leeb-balkone.com\/at\/\">Home<\/a><\/span><\/span><\/div>\n      \n    <h1>Herbst auf Balkonien<\/h1>\n  <\/div>\n<\/div>\n  <\/section>\n\n\n\n\n\n\n<section class=\"wp-block-cgb-t3-section-block alignfull b-pt-small  is-style-bg-white\" style=\"display:inherit;min-height:inherit\">\n<div class=\"wp-block-cgb-t3-container-block none\" style=\"background-color:none\"><div class=\"grid-container\"><div class=\"grid-x\"><div class=\"cell small-12 medium-9 large-0 medium-offset-1 b-has-lsmb\">\n<p>Der Balkon muss nicht nur im Sommer ein Hingucker sein, sondern kann auch im Herbst dekoriert und bepflanzt werden. Viele genie\u00dfen die lauen Tage noch auf Balkonien und ein paar Blumen in verschiedenen Farben heben gleich die Stimmung. In der bunten Jahreszeit haben die Herbstbl\u00fcher Hochsaison. Rote Beeren, bunte Bl\u00e4tter und farbenpr\u00e4chtige Blumen. Und dazu eine warme Kuscheldecke und eine warme Tasse Tee \u2013 so lassen sich die Sonnenstunden auf Balkonien genie\u00dfen. Mit ein paar einfachen Tricks verwandeln Sie Ihren Balkon auch im Herbst zur Wohlf\u00fchloase.<\/p>\n<\/div><\/div><\/div><\/div>\n\n\n\n<div class=\"wp-block-cgb-t3-container-block none\" style=\"background-color:none\"><div class=\"grid-container\"><div class=\"grid-x\"><div class=\"cell small-12 medium-9 large-0 medium-offset-1 b-has-lsmb\">\n<h2 class=\"wp-block-heading\">Herbstklassiker \u2013 vom Heidekraut bis zum Purpurgl\u00f6ckchen<\/h2>\n\n\n\n<p>Der Herbst macht alles bunt! Keine andere Jahreszeit umfasst so ein wundervolles Farbenspektrum. Von orange, \u00fcber magenta, bis hin zum lavendelblau \u2013 unsere Pflanzenwelt hat nun viel zu bieten. Eine Pflanze darf dabei auf keinem Balkon fehlen \u2013 das Heidekraut, auch Erika genannt. Als immergr\u00fcner Zwergstrauch, der in der Natur auch in alpinen Zonen vorkommt, kann es im Winter gut \u00fcberleben und h\u00e4lt bis zu minus 10 Grad Celsius aus. Besonders dekorativ sind die kleinen Knospen, die sich nie \u00f6ffnen. Man kann es sehr gut mit anderen Pflanzenarten kombinieren, oder man setzt unterschiedliche Arten zusammen. Mit Bl\u00fcten im winterlichen wei\u00df oder im knalligen pink und violett k\u00f6nnen Sie so Ihren Balkon zum Strahlen bringen. Am besten passt das Heidekraut mit weiteren Herbstklassikern wie Herbstastern oder Chrysanthemen zusammen. Sehr dekorativ sind auch die Scheinbeere mit roten Zierbeeren oder das Purpurgl\u00f6ckchen. Der ideale Zeitpunkt zum Setzten sind die Monate September, Oktober und November.<\/p>\n<\/div><\/div><\/div><\/div>\n\n\n\n<div class=\"wp-block-cgb-t3-container-block none\" style=\"background-color:none\"><div class=\"grid-container\"><div class=\"grid-x\"><div class=\"cell small-12 medium-0 large-0\"><div id=\"lightgallery-block_2db515b7276f505863984d0ef56d1907\" data-block_2db515b7276f505863984d0ef56d1907 class=\"has-2-imgs b-cards b-cards--gallery u-grid-temp has-2-cols u-md-2 u-sm-1 wp-block-group is-layout-grid wp-block-group-is-layout-grid gallery alignwide\">\n\n        <div class=\"b-cards__item\">\n\n        \n      <figure>\n                 <img loading=\"lazy\" decoding=\"async\" width=\"1024\" height=\"683\" src=\"https:\/\/www.leeb-balkone.com\/app\/uploads\/2020\/10\/heidekraut-gigapixel-1024x683.jpg\" class=\"attachment-large size-large\" alt=\"heidekraut gigapixel\" srcset=\"https:\/\/www.leeb-balkone.com\/app\/uploads\/2020\/10\/heidekraut-gigapixel-1024x683.jpg 1024w, https:\/\/www.leeb-balkone.com\/app\/uploads\/2020\/10\/heidekraut-gigapixel-300x200.jpg 300w, https:\/\/www.leeb-balkone.com\/app\/uploads\/2020\/10\/heidekraut-gigapixel-768x512.jpg 768w\" sizes=\"auto, (min-width: 1200px) 1024px, (min-width: 1024px) 768px, (min-width: 640px) 768px, 768px\" \/>              <\/figure>\n\n                  \n  \n<\/div>\n\n        <div class=\"b-cards__item\">\n\n        \n      <figure>\n                 <img loading=\"lazy\" decoding=\"async\" width=\"1024\" height=\"683\" src=\"https:\/\/www.leeb-balkone.com\/app\/uploads\/2020\/10\/stilvolle-herbstdeko-gigapixel-1024x683.jpg\" class=\"attachment-large size-large\" alt=\"stilvolle herbstdeko gigapixel\" srcset=\"https:\/\/www.leeb-balkone.com\/app\/uploads\/2020\/10\/stilvolle-herbstdeko-gigapixel-1024x683.jpg 1024w, https:\/\/www.leeb-balkone.com\/app\/uploads\/2020\/10\/stilvolle-herbstdeko-gigapixel-300x200.jpg 300w, https:\/\/www.leeb-balkone.com\/app\/uploads\/2020\/10\/stilvolle-herbstdeko-gigapixel-768x512.jpg 768w\" sizes=\"auto, (min-width: 1200px) 1024px, (min-width: 1024px) 768px, (min-width: 640px) 768px, 768px\" \/>              <\/figure>\n\n                  \n  \n<\/div>\n\n    <\/div>\n\n<\/div><\/div><\/div><\/div>\n\n\n\n<div class=\"wp-block-cgb-t3-container-block none\" style=\"background-color:none\"><div class=\"grid-container\"><div class=\"grid-x\"><div class=\"cell small-12 medium-9 large-0 medium-offset-1 b-has-lsmb\">\n<h2 class=\"wp-block-heading\">Dekoration aus der Natur<\/h2>\n\n\n\n<p>Farbe kann man sich auch anders auf den Balkon holen. F\u00fcr ein sch\u00f6nes Herbstarrangement reichen bereits Zierk\u00fcrbisse in knalligen Oranget\u00f6nen, rote Vogelbeeren oder Hagebutten, Kastanien und Maiskolben. Und Sie brauchen daf\u00fcr kein Geld auszugeben, denn man findet alles was man dazu braucht in der Natur. Dekorieren kann ganz einfach sein: verschiedene Zierk\u00fcrbisse in einer Holzkiste oder in einem Korb schauen toll aus und passen gut in die Jahreszeit. Ein Eimer aus Metall gef\u00fcllt mit unterschiedlichen Zapfen von Tanne, Fichte, L\u00e4rche oder Kiefer passt gut auf den herbstlichen Balkon. Auch sch\u00f6ne Herbstkr\u00e4nze lassen sich aus verschiedenen Materialien binden.<\/p>\n\n\n\n<h2 class=\"wp-block-heading\">F\u00fcr Romantiker<\/h2>\n\n\n\n<p>Romantische Atmosph\u00e4re kann man mit Laternen oder mit selbstgemachten Windlichtern erzeugen. Dazu brauchen Sie nur Einmachgl\u00e4ser mit den bunten Bl\u00e4ttern und getrockneten Kastanienschalen bef\u00fcllen. Dann stellen Sie eine Stumpenkerze ins Glas. Aber Vorsicht! Die Flamme sollte nicht zu nahe an das trockene Laub kommen. Wem das zu riskant ist, kann auch einfach Gl\u00e4ser oder Vasen mit Naturmaterialien bef\u00fcllen und aufstellen. Bei einem Herbstspaziergang kann man daf\u00fcr so einiges finden: Herbstlaub, Kastanien, Eicheln, Vogelbeeren Hagebutten, Tannenzapfen und vieles mehr. Um die schon etwas k\u00fchleren Herbsttage auf Balkonien genie\u00dfen zu k\u00f6nnen, d\u00fcrfen nat\u00fcrlich Kuscheldecke und Kissen nicht fehlen. Ein passender&nbsp;Outdoorteppich&nbsp;macht Ihren sch\u00f6nsten Platz an der Sonne noch gem\u00fctlicher. Wir w\u00fcnschen Ihnen viel Spa\u00df in Ihrer herbstlichen Wohlf\u00fchloase!<\/p>\n<\/div><\/div><\/div><\/div>\n<\/section>\n\n\n\n<p><\/p>\n","protected":false},"excerpt":{"rendered":"<p>Der Herbst macht alles bunt! In keiner anderen Jahreszeit gibt es so ein vielf\u00e4ltiges Farbenspektrum. Mit ganz einfachen Mitteln k\u00f6nnen Sie Ihren Balkon in eine Herbst-Wohlf\u00fchloase verwandeln. Ein Accessoire darf auf keinen Fall fehlen: die Kuscheldecke!<\/p>\n","protected":false},"author":3,"featured_media":8864,"comment_status":"closed","ping_status":"open","sticky":false,"template":"template-onepager.blade.php","format":"standard","meta":{"_acf_changed":false,"footnotes":""},"categories":[158,159,144,146,148],"tags":[],"post_folder":[],"class_list":["post-18913","post","type-post","status-publish","format-standard","has-post-thumbnail","hentry","category-balkongestaltung","category-balkonpflanzen","category-garten-und-pflanzen","category-gartengestaltung","category-tipps-zur-balkongestaltung"],"acf":[],"yoast_head":"<!-- This site is optimized with the Yoast SEO plugin v27.2 - https:\/\/yoast.com\/product\/yoast-seo-wordpress\/ -->\n<title>Herbst auf Balkonien - Leeb Balkone \u00d6sterreich<\/title>\n<meta name=\"description\" content=\"Der Herbst macht alles bunt! In keiner anderen Jahreszeit gibt es so ein vielf\u00e4ltiges Farbenspektrum. Mit ganz einfachen Mitteln k\u00f6nnen Sie Ihren Balkon in eine Herbst-Wohlf\u00fchloase verwandeln. Ein Accessoire darf auf keinen Fall fehlen: die Kuscheldecke!\" \/>\n<meta name=\"robots\" content=\"index, follow, max-snippet:-1, max-image-preview:large, max-video-preview:-1\" \/>\n<meta property=\"og:locale\" content=\"de_DE\" \/>\n<meta property=\"og:type\" content=\"article\" \/>\n<meta property=\"og:title\" content=\"Herbst auf Balkonien - Leeb Balkone\" \/>\n<meta property=\"og:description\" content=\"Der Herbst macht alles bunt! In keiner anderen Jahreszeit gibt es so ein vielf\u00e4ltiges Farbenspektrum. Mit ganz einfachen Mitteln k\u00f6nnen Sie Ihren Balkon in eine Herbst-Wohlf\u00fchloase verwandeln. Ein Accessoire darf auf keinen Fall fehlen: die Kuscheldecke!\" \/>\n<meta property=\"og:url\" content=\"https:\/\/www.leeb-balkone.com\/at\/blog\/herbst-auf-balkonien\/\" \/>\n<meta property=\"og:site_name\" content=\"Leeb Balkone\" \/>\n<meta property=\"article:publisher\" content=\"https:\/\/www.facebook.com\/balkone\/\" \/>\n<meta property=\"article:published_time\" content=\"2018-10-21T12:31:08+00:00\" \/>\n<meta property=\"article:modified_time\" content=\"2023-01-16T16:20:17+00:00\" \/>\n<meta property=\"og:image\" content=\"https:\/\/www.leeb-balkone.com\/app\/uploads\/2020\/10\/herbstdeko-gigapixel.jpg\" \/>\n\t<meta property=\"og:image:width\" content=\"1200\" \/>\n\t<meta property=\"og:image:height\" content=\"802\" \/>\n\t<meta property=\"og:image:type\" content=\"image\/jpeg\" \/>\n<meta name=\"author\" content=\"jbacher\" \/>\n<meta name=\"twitter:card\" content=\"summary_large_image\" \/>\n<script type=\"application\/ld+json\" class=\"yoast-schema-graph\">{\"@context\":\"https:\/\/schema.org\",\"@graph\":[{\"@type\":\"Article\",\"@id\":\"https:\/\/www.leeb-balkone.com\/at\/blog\/herbst-auf-balkonien\/#article\",\"isPartOf\":{\"@id\":\"https:\/\/www.leeb-balkone.com\/at\/blog\/herbst-auf-balkonien\/\"},\"author\":{\"name\":\"jbacher\",\"@id\":\"https:\/\/www.leeb-balkone.com\/at\/#\/schema\/person\/15f1f398efcf4703721e46c2136421fa\"},\"headline\":\"Herbst auf Balkonien\",\"datePublished\":\"2018-10-21T12:31:08+00:00\",\"dateModified\":\"2023-01-16T16:20:17+00:00\",\"mainEntityOfPage\":{\"@id\":\"https:\/\/www.leeb-balkone.com\/at\/blog\/herbst-auf-balkonien\/\"},\"wordCount\":503,\"publisher\":{\"@id\":\"https:\/\/www.leeb-balkone.com\/at\/#organization\"},\"image\":{\"@id\":\"https:\/\/www.leeb-balkone.com\/at\/blog\/herbst-auf-balkonien\/#primaryimage\"},\"thumbnailUrl\":\"https:\/\/www.leeb-balkone.com\/app\/uploads\/2020\/10\/herbstdeko-gigapixel.jpg\",\"articleSection\":[\"Balkongestaltung\",\"Balkonpflanzen\",\"Garten und Pflanzen\",\"Gartengestaltung\",\"Tipps zur Balkongestaltung\"],\"inLanguage\":\"de-AT\"},{\"@type\":\"WebPage\",\"@id\":\"https:\/\/www.leeb-balkone.com\/at\/blog\/herbst-auf-balkonien\/\",\"url\":\"https:\/\/www.leeb-balkone.com\/at\/blog\/herbst-auf-balkonien\/\",\"name\":\"Herbst auf Balkonien - Leeb Balkone\",\"isPartOf\":{\"@id\":\"https:\/\/www.leeb-balkone.com\/at\/#website\"},\"primaryImageOfPage\":{\"@id\":\"https:\/\/www.leeb-balkone.com\/at\/blog\/herbst-auf-balkonien\/#primaryimage\"},\"image\":{\"@id\":\"https:\/\/www.leeb-balkone.com\/at\/blog\/herbst-auf-balkonien\/#primaryimage\"},\"thumbnailUrl\":\"https:\/\/www.leeb-balkone.com\/app\/uploads\/2020\/10\/herbstdeko-gigapixel.jpg\",\"datePublished\":\"2018-10-21T12:31:08+00:00\",\"dateModified\":\"2023-01-16T16:20:17+00:00\",\"description\":\"Der Herbst macht alles bunt! In keiner anderen Jahreszeit gibt es so ein vielf\u00e4ltiges Farbenspektrum. Mit ganz einfachen Mitteln k\u00f6nnen Sie Ihren Balkon in eine Herbst-Wohlf\u00fchloase verwandeln. Ein Accessoire darf auf keinen Fall fehlen: die Kuscheldecke!\",\"breadcrumb\":{\"@id\":\"https:\/\/www.leeb-balkone.com\/at\/blog\/herbst-auf-balkonien\/#breadcrumb\"},\"inLanguage\":\"de-AT\",\"potentialAction\":[{\"@type\":\"ReadAction\",\"target\":[\"https:\/\/www.leeb-balkone.com\/at\/blog\/herbst-auf-balkonien\/\"]}]},{\"@type\":\"ImageObject\",\"inLanguage\":\"de-AT\",\"@id\":\"https:\/\/www.leeb-balkone.com\/at\/blog\/herbst-auf-balkonien\/#primaryimage\",\"url\":\"https:\/\/www.leeb-balkone.com\/app\/uploads\/2020\/10\/herbstdeko-gigapixel.jpg\",\"contentUrl\":\"https:\/\/www.leeb-balkone.com\/app\/uploads\/2020\/10\/herbstdeko-gigapixel.jpg\",\"width\":1200,\"height\":802},{\"@type\":\"BreadcrumbList\",\"@id\":\"https:\/\/www.leeb-balkone.com\/at\/blog\/herbst-auf-balkonien\/#breadcrumb\",\"itemListElement\":[{\"@type\":\"ListItem\",\"position\":1,\"name\":\"Home\",\"item\":\"https:\/\/www.leeb-balkone.com\/at\/\"},{\"@type\":\"ListItem\",\"position\":2,\"name\":\"Herbst auf Balkonien\"}]},{\"@type\":\"WebSite\",\"@id\":\"https:\/\/www.leeb-balkone.com\/at\/#website\",\"url\":\"https:\/\/www.leeb-balkone.com\/at\/\",\"name\":\"Leeb Balkone\",\"description\":\"Balkone und Z\u00e4une\",\"publisher\":{\"@id\":\"https:\/\/www.leeb-balkone.com\/at\/#organization\"},\"potentialAction\":[{\"@type\":\"SearchAction\",\"target\":{\"@type\":\"EntryPoint\",\"urlTemplate\":\"https:\/\/www.leeb-balkone.com\/at\/?s={search_term_string}\"},\"query-input\":{\"@type\":\"PropertyValueSpecification\",\"valueRequired\":true,\"valueName\":\"search_term_string\"}}],\"inLanguage\":\"de-AT\"},{\"@type\":\"Organization\",\"@id\":\"https:\/\/www.leeb-balkone.com\/at\/#organization\",\"name\":\"Leeb Balkone Gmbh\",\"url\":\"https:\/\/www.leeb-balkone.com\/at\/\",\"logo\":{\"@type\":\"ImageObject\",\"inLanguage\":\"de-AT\",\"@id\":\"https:\/\/www.leeb-balkone.com\/at\/#\/schema\/logo\/image\/\",\"url\":\"https:\/\/www.leeb-balkone.com\/app\/uploads\/2020\/11\/leeb-logo.svg\",\"contentUrl\":\"https:\/\/www.leeb-balkone.com\/app\/uploads\/2020\/11\/leeb-logo.svg\",\"width\":741,\"height\":204,\"caption\":\"Leeb Balkone Gmbh\"},\"image\":{\"@id\":\"https:\/\/www.leeb-balkone.com\/at\/#\/schema\/logo\/image\/\"},\"sameAs\":[\"https:\/\/www.facebook.com\/balkone\/\",\"https:\/\/www.trustedshops.at\/bewertung\/info_X4587CCF5833E31AFE0B11F47D86999F2.html\",\"https:\/\/www.trustedshops.de\/bewertung\/info_X7BA536A7A0BDC86D36C4718E4DCAEEEF.html\",\"https:\/\/www.google.com\/maps\/place\/?q=place_id:ChIJ5-zH19-IcEcR9HonWRTllHI\"]},{\"@type\":\"Person\",\"@id\":\"https:\/\/www.leeb-balkone.com\/at\/#\/schema\/person\/15f1f398efcf4703721e46c2136421fa\",\"name\":\"jbacher\"}]}<\/script>\n<!-- \/ Yoast SEO plugin. -->","yoast_head_json":{"title":"Herbst auf Balkonien - Leeb Balkone \u00d6sterreich","description":"Der Herbst macht alles bunt! In keiner anderen Jahreszeit gibt es so ein vielf\u00e4ltiges Farbenspektrum. Mit ganz einfachen Mitteln k\u00f6nnen Sie Ihren Balkon in eine Herbst-Wohlf\u00fchloase verwandeln. Ein Accessoire darf auf keinen Fall fehlen: die Kuscheldecke!","robots":{"index":"index","follow":"follow","max-snippet":"max-snippet:-1","max-image-preview":"max-image-preview:large","max-video-preview":"max-video-preview:-1"},"og_locale":"de_DE","og_type":"article","og_title":"Herbst auf Balkonien - Leeb Balkone","og_description":"Der Herbst macht alles bunt! In keiner anderen Jahreszeit gibt es so ein vielf\u00e4ltiges Farbenspektrum. Mit ganz einfachen Mitteln k\u00f6nnen Sie Ihren Balkon in eine Herbst-Wohlf\u00fchloase verwandeln. Ein Accessoire darf auf keinen Fall fehlen: die Kuscheldecke!","og_url":"https:\/\/www.leeb-balkone.com\/at\/blog\/herbst-auf-balkonien\/","og_site_name":"Leeb Balkone","article_publisher":"https:\/\/www.facebook.com\/balkone\/","article_published_time":"2018-10-21T12:31:08+00:00","article_modified_time":"2023-01-16T16:20:17+00:00","og_image":[{"width":1200,"height":802,"url":"https:\/\/www.leeb-balkone.com\/app\/uploads\/2020\/10\/herbstdeko-gigapixel.jpg","type":"image\/jpeg"}],"author":"jbacher","twitter_card":"summary_large_image","schema":{"@context":"https:\/\/schema.org","@graph":[{"@type":"Article","@id":"https:\/\/www.leeb-balkone.com\/at\/blog\/herbst-auf-balkonien\/#article","isPartOf":{"@id":"https:\/\/www.leeb-balkone.com\/at\/blog\/herbst-auf-balkonien\/"},"author":{"name":"jbacher","@id":"https:\/\/www.leeb-balkone.com\/at\/#\/schema\/person\/15f1f398efcf4703721e46c2136421fa"},"headline":"Herbst auf Balkonien","datePublished":"2018-10-21T12:31:08+00:00","dateModified":"2023-01-16T16:20:17+00:00","mainEntityOfPage":{"@id":"https:\/\/www.leeb-balkone.com\/at\/blog\/herbst-auf-balkonien\/"},"wordCount":503,"publisher":{"@id":"https:\/\/www.leeb-balkone.com\/at\/#organization"},"image":{"@id":"https:\/\/www.leeb-balkone.com\/at\/blog\/herbst-auf-balkonien\/#primaryimage"},"thumbnailUrl":"https:\/\/www.leeb-balkone.com\/app\/uploads\/2020\/10\/herbstdeko-gigapixel.jpg","articleSection":["Balkongestaltung","Balkonpflanzen","Garten und Pflanzen","Gartengestaltung","Tipps zur Balkongestaltung"],"inLanguage":"de-AT"},{"@type":"WebPage","@id":"https:\/\/www.leeb-balkone.com\/at\/blog\/herbst-auf-balkonien\/","url":"https:\/\/www.leeb-balkone.com\/at\/blog\/herbst-auf-balkonien\/","name":"Herbst auf Balkonien - Leeb Balkone","isPartOf":{"@id":"https:\/\/www.leeb-balkone.com\/at\/#website"},"primaryImageOfPage":{"@id":"https:\/\/www.leeb-balkone.com\/at\/blog\/herbst-auf-balkonien\/#primaryimage"},"image":{"@id":"https:\/\/www.leeb-balkone.com\/at\/blog\/herbst-auf-balkonien\/#primaryimage"},"thumbnailUrl":"https:\/\/www.leeb-balkone.com\/app\/uploads\/2020\/10\/herbstdeko-gigapixel.jpg","datePublished":"2018-10-21T12:31:08+00:00","dateModified":"2023-01-16T16:20:17+00:00","description":"Der Herbst macht alles bunt! In keiner anderen Jahreszeit gibt es so ein vielf\u00e4ltiges Farbenspektrum. Mit ganz einfachen Mitteln k\u00f6nnen Sie Ihren Balkon in eine Herbst-Wohlf\u00fchloase verwandeln. Ein Accessoire darf auf keinen Fall fehlen: die Kuscheldecke!","breadcrumb":{"@id":"https:\/\/www.leeb-balkone.com\/at\/blog\/herbst-auf-balkonien\/#breadcrumb"},"inLanguage":"de-AT","potentialAction":[{"@type":"ReadAction","target":["https:\/\/www.leeb-balkone.com\/at\/blog\/herbst-auf-balkonien\/"]}]},{"@type":"ImageObject","inLanguage":"de-AT","@id":"https:\/\/www.leeb-balkone.com\/at\/blog\/herbst-auf-balkonien\/#primaryimage","url":"https:\/\/www.leeb-balkone.com\/app\/uploads\/2020\/10\/herbstdeko-gigapixel.jpg","contentUrl":"https:\/\/www.leeb-balkone.com\/app\/uploads\/2020\/10\/herbstdeko-gigapixel.jpg","width":1200,"height":802},{"@type":"BreadcrumbList","@id":"https:\/\/www.leeb-balkone.com\/at\/blog\/herbst-auf-balkonien\/#breadcrumb","itemListElement":[{"@type":"ListItem","position":1,"name":"Home","item":"https:\/\/www.leeb-balkone.com\/at\/"},{"@type":"ListItem","position":2,"name":"Herbst auf Balkonien"}]},{"@type":"WebSite","@id":"https:\/\/www.leeb-balkone.com\/at\/#website","url":"https:\/\/www.leeb-balkone.com\/at\/","name":"Leeb Balkone","description":"Balkone und Z\u00e4une","publisher":{"@id":"https:\/\/www.leeb-balkone.com\/at\/#organization"},"potentialAction":[{"@type":"SearchAction","target":{"@type":"EntryPoint","urlTemplate":"https:\/\/www.leeb-balkone.com\/at\/?s={search_term_string}"},"query-input":{"@type":"PropertyValueSpecification","valueRequired":true,"valueName":"search_term_string"}}],"inLanguage":"de-AT"},{"@type":"Organization","@id":"https:\/\/www.leeb-balkone.com\/at\/#organization","name":"Leeb Balkone Gmbh","url":"https:\/\/www.leeb-balkone.com\/at\/","logo":{"@type":"ImageObject","inLanguage":"de-AT","@id":"https:\/\/www.leeb-balkone.com\/at\/#\/schema\/logo\/image\/","url":"https:\/\/www.leeb-balkone.com\/app\/uploads\/2020\/11\/leeb-logo.svg","contentUrl":"https:\/\/www.leeb-balkone.com\/app\/uploads\/2020\/11\/leeb-logo.svg","width":741,"height":204,"caption":"Leeb Balkone Gmbh"},"image":{"@id":"https:\/\/www.leeb-balkone.com\/at\/#\/schema\/logo\/image\/"},"sameAs":["https:\/\/www.facebook.com\/balkone\/","https:\/\/www.trustedshops.at\/bewertung\/info_X4587CCF5833E31AFE0B11F47D86999F2.html","https:\/\/www.trustedshops.de\/bewertung\/info_X7BA536A7A0BDC86D36C4718E4DCAEEEF.html","https:\/\/www.google.com\/maps\/place\/?q=place_id:ChIJ5-zH19-IcEcR9HonWRTllHI"]},{"@type":"Person","@id":"https:\/\/www.leeb-balkone.com\/at\/#\/schema\/person\/15f1f398efcf4703721e46c2136421fa","name":"jbacher"}]}},"_links":{"self":[{"href":"https:\/\/www.leeb-balkone.com\/at\/wp-json\/wp\/v2\/posts\/18913","targetHints":{"allow":["GET"]}}],"collection":[{"href":"https:\/\/www.leeb-balkone.com\/at\/wp-json\/wp\/v2\/posts"}],"about":[{"href":"https:\/\/www.leeb-balkone.com\/at\/wp-json\/wp\/v2\/types\/post"}],"author":[{"embeddable":true,"href":"https:\/\/www.leeb-balkone.com\/at\/wp-json\/wp\/v2\/users\/3"}],"replies":[{"embeddable":true,"href":"https:\/\/www.leeb-balkone.com\/at\/wp-json\/wp\/v2\/comments?post=18913"}],"version-history":[{"count":0,"href":"https:\/\/www.leeb-balkone.com\/at\/wp-json\/wp\/v2\/posts\/18913\/revisions"}],"wp:featuredmedia":[{"embeddable":true,"href":"https:\/\/www.leeb-balkone.com\/at\/wp-json\/wp\/v2\/media\/8864"}],"wp:attachment":[{"href":"https:\/\/www.leeb-balkone.com\/at\/wp-json\/wp\/v2\/media?parent=18913"}],"wp:term":[{"taxonomy":"category","embeddable":true,"href":"https:\/\/www.leeb-balkone.com\/at\/wp-json\/wp\/v2\/categories?post=18913"},{"taxonomy":"post_tag","embeddable":true,"href":"https:\/\/www.leeb-balkone.com\/at\/wp-json\/wp\/v2\/tags?post=18913"},{"taxonomy":"post_folder","embeddable":true,"href":"https:\/\/www.leeb-balkone.com\/at\/wp-json\/wp\/v2\/post_folder?post=18913"}],"curies":[{"name":"wp","href":"https:\/\/api.w.org\/{rel}","templated":true}]}}