{"id":18879,"date":"2020-10-28T14:01:49","date_gmt":"2020-10-28T14:01:49","guid":{"rendered":"https:\/\/www.leeb-balkone.com\/de\/blog\/postdummy-6\/"},"modified":"2025-10-31T07:32:02","modified_gmt":"2025-10-31T07:32:02","slug":"balkonpflanzen-winterfest-machen","status":"publish","type":"post","link":"https:\/\/www.leeb-balkone.com\/at\/blog\/balkonpflanzen-winterfest-machen\/","title":{"rendered":"Balkonpflanzen winterfest machen"},"content":{"rendered":"<header class=\"wp-block-group alignfull t3-header u-max-wide t3-header-text has-white-background-color has-background has-global-padding is-layout-constrained wp-block-group-is-layout-constrained\">\n    <div class=\"wp-block-group o-grid u-md-1 u-sm-1 is-layout-flow wp-block-group-is-layout-flow\">\n  <div class=\"wp-block-group u-g-10 u-g-s-2\">\n      <div class=\"yoast-breadcrumbs\"><span><span><a href=\"https:\/\/www.leeb-balkone.com\/at\/\">Home<\/a><\/span><\/span><\/div>\n      \n    <h1>Balkonpflanzen winterfest machen<\/h1>\n  <\/div>\n<\/div>\n  <\/header>\n\n\n\n\n\n\n\n<section class=\"wp-block-cgb-t3-section-block alignfull b-pt-small  is-style-bg-white\" style=\"display:inherit;min-height:inherit\">\n<div class=\"wp-block-cgb-t3-container-block none\" style=\"background-color:none\"><div class=\"grid-container\"><div class=\"grid-x\"><div class=\"cell small-12 medium-9 large-0 medium-offset-1 b-has-lsmb\">\n<p class=\"is-style-teaser\">Die Tage sind k\u00fcrzer, die Temperaturen k\u00e4lter, und wenn Sie es noch nicht getan haben, wird es Zeit, Ihre Balkonpflanzen auf den Winter vorzubereiten. Lesen sie, worauf Sie dabei achten m\u00fcssen.<\/p>\n<\/div><\/div><\/div><\/div>\n\n\n\n<div class=\"wp-block-cgb-t3-container-block none\" style=\"background-color:none\"><div class=\"grid-container\"><div class=\"grid-x\"><div class=\"cell small-12 medium-0 large-0\"><div id=\"lightgallery-block_acf-block-690233c518f4c\" data-block_acf-block-690233c518f4c class=\"has-1-imgs b-cards b-cards--gallery u-grid-temp has-1-cols u-md-2 u-sm-1 wp-block-group is-layout-grid wp-block-group-is-layout-grid gallery alignwide\">\n\n        <div class=\"b-cards__item\">\n\n        \n      <figure>\n                 <img loading=\"lazy\" decoding=\"async\" width=\"1200\" height=\"800\" src=\"https:\/\/www.leeb-balkone.com\/app\/uploads\/2020\/10\/Balkonpflanzen_Blog7-gigapixel.jpg\" class=\"attachment-1536x1536 size-1536x1536\" alt=\"Balkonpflanzen_Blog7 gigapixel\" srcset=\"https:\/\/www.leeb-balkone.com\/app\/uploads\/2020\/10\/Balkonpflanzen_Blog7-gigapixel-300x200.jpg 300w, https:\/\/www.leeb-balkone.com\/app\/uploads\/2020\/10\/Balkonpflanzen_Blog7-gigapixel-1024x683.jpg 1024w, https:\/\/www.leeb-balkone.com\/app\/uploads\/2020\/10\/Balkonpflanzen_Blog7-gigapixel-768x512.jpg 768w\" sizes=\"auto, (min-width: 1200px) 100vw, (min-width: 1024px) 1536px, (min-width: 640px) 768px, 768px\" \/>              <\/figure>\n\n                  \n  \n<\/div>\n\n    <\/div>\n\n\n\n\n<p><\/p>\n<\/div><\/div><\/div><\/div>\n\n\n\n<div class=\"wp-block-cgb-t3-container-block none\" style=\"background-color:none\"><div class=\"grid-container\"><div class=\"grid-x\"><div class=\"cell small-12 medium-9 large-0 medium-offset-1 b-has-lsmb\">\n<h2 class=\"wp-block-heading\">Schritt 1: Verwelkte Bl\u00fcten und Bl\u00e4tter abschneiden<\/h2>\n\n\n\n<p>Vor dem Einwintern schneiden Sie am besten noch einmal die alten und verwelkten Bl\u00fcten Ihrer Pflanzen ab. So spart die Pflanze \u00fcber die Wintermonate einerseits Energie, andererseits nehmen Sch\u00e4dlinge Abstand. Wichtig: Dieses Bl\u00fctenabzupfen ist&nbsp;<strong>nicht mit einem R\u00fcckschnitt zu verwechseln!<\/strong> Beim Pflanzenr\u00fcckschnitt geht es darum, holzige Gew\u00e4chse (wie Str\u00e4ucher oder B\u00e4ume) zu verj\u00fcngen und ihnen zu mehr jungen Trieben in der darauffolgenden Saison zu verhelfen. Daher erfolgt der R\u00fcckschnitt von Sp\u00e4tbl\u00fchern erst im Fr\u00fchling, der R\u00fcckschnitt von Fr\u00fchbl\u00fchern direkt, nachdem die Pflanze in Bl\u00fcte gestanden ist. Unmittelbar vor dem Wintereinbruch w\u00fcrde ein R\u00fcckschnitt die Pflanze verletzlich machen.<\/p>\n\n\n\n<h2 class=\"wp-block-heading\">Schritt 2: K\u00fcbelpflanzen ummanteln und abdecken<\/h2>\n\n\n\n<p>Blument\u00f6pfe k\u00fchlen aufgrund ihres Materials bei niedriger Au\u00dfentemperatur sehr stark ab und geben ihre K\u00e4lte ans Erdreich und an die Wurzeln ab. Um das zu verhindern, sollten Sie Blument\u00f6pfe zum Schutz mit einer isolierenden Schicht, zum Beispiel Noppen- oder Luftpolsterfolie bzw. Vlies, umwickeln. Zus\u00e4tzlich k\u00f6nnen Sie die Erde an der Oberseite mit Tannenzweigen, Reisig oder Stroh bedecken. Achten Sie dabei nur darauf, dass Sie sie nicht zu kompakt abdecken und dass noch Luft in die Erde gelangt. Optimalen K\u00e4lteschutz vom Boden her bieten Holzpaletten oder Styroporplatten.<\/p>\n<\/div><\/div><\/div><\/div>\n\n\n\n<div class=\"wp-block-cgb-t3-container-block none\" style=\"background-color:none\"><div class=\"grid-container\"><div class=\"grid-x\"><div class=\"cell small-12 medium-0 large-0\"><div id=\"lightgallery-block_acf-block-690233c518f5c\" data-block_acf-block-690233c518f5c class=\"has-1-imgs b-cards b-cards--gallery u-grid-temp has-1-cols u-md-2 u-sm-1 wp-block-group is-layout-grid wp-block-group-is-layout-grid gallery alignwide\">\n\n        <div class=\"b-cards__item\">\n\n        \n      <figure>\n                 <img loading=\"lazy\" decoding=\"async\" width=\"1200\" height=\"800\" src=\"https:\/\/www.leeb-balkone.com\/app\/uploads\/2020\/10\/heidekraut-gigapixel.jpg\" class=\"attachment-1536x1536 size-1536x1536\" alt=\"heidekraut gigapixel\" srcset=\"https:\/\/www.leeb-balkone.com\/app\/uploads\/2020\/10\/heidekraut-gigapixel-300x200.jpg 300w, https:\/\/www.leeb-balkone.com\/app\/uploads\/2020\/10\/heidekraut-gigapixel-1024x683.jpg 1024w, https:\/\/www.leeb-balkone.com\/app\/uploads\/2020\/10\/heidekraut-gigapixel-768x512.jpg 768w\" sizes=\"auto, (min-width: 1200px) 100vw, (min-width: 1024px) 1536px, (min-width: 640px) 768px, 768px\" \/>              <\/figure>\n\n                  \n  \n<\/div>\n\n    <\/div>\n\n<\/div><\/div><\/div><\/div>\n\n\n\n<div class=\"wp-block-cgb-t3-container-block none\" style=\"background-color:none\"><div class=\"grid-container\"><div class=\"grid-x\"><div class=\"cell small-12 medium-9 large-0 medium-offset-1 b-has-lsmb\">\n<h2 class=\"wp-block-heading\">Schritt 3: Geeigneten Platz ausw\u00e4hlen<\/h2>\n\n\n\n<p>Winterharte Pflanzen, die am Balkon \u00fcberwintern k\u00f6nnen, sollten an einen gut gesch\u00fctzten Platz gestellt werden \u2013 am besten zur Hauswand hin, da diese W\u00e4rme aus dem Innenraum abgibt.<\/p>\n\n\n\n<h2 class=\"wp-block-heading\">Schritt 4: Wenig gie\u00dfen, nicht d\u00fcngen<\/h2>\n\n\n\n<p>Bereits im Herbst beginnt man, die Pflanzen weniger zu gie\u00dfen, damit sie sich auf die kalte Jahreszeit vorbereiten k\u00f6nnen.&nbsp;<strong>Der Winter ist Ruhezeit<\/strong>, daher sollten Sie auf D\u00fcngen vollst\u00e4ndig verzichten und nur sp\u00e4rlich gie\u00dfen. W\u00e4hrend der Winterzeit brauchen Ihre Topfpflanzen gerade so viel Wasser, dass sie nicht austrocknen: Etwa alle zwei bis drei Wochen ist ausreichend. Gie\u00dfen Sie Balkonpflanzen, wenn m\u00f6glich, untertags w\u00e4hrend der Tagesh\u00f6chsttemperatur und nicht kurz vor dem Nachtfrost. Achten Sie dabei darauf, dass das Wasser nur in die Erde gelangt, da Spritzwasser an Bl\u00e4ttern und Bl\u00fcten die Pflanzenteile erfriert.<\/p>\n\n\n\n<h2 class=\"wp-block-heading\">Nicht winterharte Balkonpflanzen: Helle, k\u00fchle R\u00e4ume zum \u00dcberwintern<\/h2>\n\n\n\n<p>Pflanzen, die nicht winterhart sind, k\u00f6nnen nicht am Balkon bleiben, sondern m\u00fcssen im Haus \u00fcberwintern. Ein&nbsp;<strong>heller, aber kalter Raum<\/strong>&nbsp;eignet sich dazu am besten. Ist es zu warm, geht die Pflanze nicht in Winterruhe und leidet wiederum unter mangelndem Sonnenlicht. Achten Sie darauf, die Pflanzen vor dem Einwintern auf Sch\u00e4dlinge zu untersuchen!<\/p>\n\n\n\n<p>In einem Keller, einer Garage oder einem ungeheizten Treppenhaus k\u00f6nnen Sie Ihre Balkonpflanzen ruhigen Gewissens \u00fcber die Wintermonate einstellen. Trotzdem sollten Sie diese h\u00e4ufiger gie\u00dfen, als die Pflanzen im Freien. Wichtig: regelm\u00e4\u00dfiges Raum-L\u00fcften.<\/p>\n<\/div><\/div><\/div><\/div>\n\n\n\n<div class=\"wp-block-cgb-t3-container-block none\" style=\"background-color:none\"><div class=\"grid-container\"><div class=\"grid-x\"><div class=\"cell small-12 medium-0 large-0\"><div id=\"lightgallery-block_acf-block-690233c518f69\" data-block_acf-block-690233c518f69 class=\"has-1-imgs b-cards b-cards--gallery u-grid-temp has-1-cols u-md-2 u-sm-1 wp-block-group is-layout-grid wp-block-group-is-layout-grid gallery alignwide\">\n\n        <div class=\"b-cards__item\">\n\n        \n      <figure>\n                 <img loading=\"lazy\" decoding=\"async\" width=\"800\" height=\"1200\" src=\"https:\/\/www.leeb-balkone.com\/app\/uploads\/2020\/10\/Balkonpflanzen_blog3-gigapixel.jpg\" class=\"attachment-1536x1536 size-1536x1536\" alt=\"Balkonpflanzen_blog3 gigapixel\" srcset=\"https:\/\/www.leeb-balkone.com\/app\/uploads\/2020\/10\/Balkonpflanzen_blog3-gigapixel.jpg 800w, https:\/\/www.leeb-balkone.com\/app\/uploads\/2020\/10\/Balkonpflanzen_blog3-gigapixel-200x300.jpg 200w, https:\/\/www.leeb-balkone.com\/app\/uploads\/2020\/10\/Balkonpflanzen_blog3-gigapixel-683x1024.jpg 683w, https:\/\/www.leeb-balkone.com\/app\/uploads\/2020\/10\/Balkonpflanzen_blog3-gigapixel-768x1152.jpg 768w\" sizes=\"auto, (min-width: 1200px) 100vw, (min-width: 1024px) 1536px, (min-width: 640px) 768px, 768px\" \/>              <\/figure>\n\n                  \n  \n<\/div>\n\n    <\/div>\n\n<\/div><\/div><\/div><\/div>\n\n\n\n<div class=\"wp-block-cgb-t3-container-block none\" style=\"background-color:none\"><div class=\"grid-container\"><div class=\"grid-x\"><div class=\"cell small-12 medium-9 large-0 medium-offset-1 b-has-lsmb\">\n<h2 class=\"wp-block-heading\">Kleine \u00dcberwinterungs-Checkliste:<\/h2>\n\n\n\n<p>Hier finden Sie noch einmal Schritt f\u00fcr Schritt die wichtigsten Punkte, auf die es beim \u00dcberwintern Ihrer Balkonpflanzen ankommt.<\/p>\n\n\n\n<ul class=\"wp-block-list\">\n<li>welke Bl\u00fcten und Bl\u00e4tter abzupfen<\/li>\n\n\n\n<li>Blument\u00f6pfe umwickeln und von unten isolieren<\/li>\n\n\n\n<li>w\u00e4rmsten Platz am Balkon (z.B. an der Hauswand) ausw\u00e4hlen<\/li>\n\n\n\n<li>regelm\u00e4\u00dfig alle 2-3 Wochen gie\u00dfen<\/li>\n<\/ul>\n\n\n\n<p>Beim \u00dcberwintern im Innenraum:<\/p>\n\n\n\n<ul class=\"wp-block-list\">\n<li>Pflanze von Sch\u00e4dlingen befreien<\/li>\n\n\n\n<li>hellen, k\u00fchlen Platz im Haus suchen<\/li>\n\n\n\n<li>etwa alle 2 Wochen gie\u00dfen<\/li>\n\n\n\n<li>regelm\u00e4\u00dfig Raum l\u00fcften<\/li>\n<\/ul>\n\n\n\n<h2 class=\"wp-block-heading\">Winterharte Blumen und Pflanzen f\u00fcr den Balkon<\/h2>\n\n\n\n<p>Diese winterharten Pflanzen vertragen die kalte Saison im Freien und erstrahlen im darauffolgenden Jahr neu.<\/p>\n\n\n\n<ul class=\"wp-block-list\">\n<li>Rose<\/li>\n\n\n\n<li>Clematis<\/li>\n\n\n\n<li>Efeu<\/li>\n\n\n\n<li>Buchsbaum<\/li>\n\n\n\n<li>Liguster<\/li>\n\n\n\n<li>Azalee<\/li>\n\n\n\n<li>Oleander<\/li>\n\n\n\n<li>Kamelie<\/li>\n\n\n\n<li>Heidenelke<\/li>\n\n\n\n<li>Schneeball-Hortensie<\/li>\n\n\n\n<li>Zypresse<\/li>\n\n\n\n<li>Sanddorn<\/li>\n<\/ul>\n\n\n\n<h2 class=\"wp-block-heading\">Und welche Pflanzen bl\u00fchen auch im Winter?<\/h2>\n\n\n\n<p>Gewisse, winterharte Gew\u00e4chse \u00fcberstehen den Winter nicht nur, sondern bl\u00fchen w\u00e4hrenddessen sogar: zum Beispiel die Christrose, das Winterveilchen oder die Kissenprimel \u2013 diese Pflanzen sind von Haus aus winterhart. Wenn Sie schon fr\u00fchzeitig bei der Begr\u00fcnung Ihres Balkons darauf achten, d\u00fcrfen Sie sich in der grau-verhangenen Jahreszeit auf eine leuchtende Bl\u00fchpracht freuen.<\/p>\n<\/div><\/div><\/div><\/div>\n\n\n\n<p><\/p>\n<\/section>\n","protected":false},"excerpt":{"rendered":"<p>Wenn Sie es noch nicht getan haben, wird es jetzt Zeit, Ihre Balkonpflanzen auf den Winter vorzubereiten.<\/p>\n","protected":false},"author":4,"featured_media":8850,"comment_status":"closed","ping_status":"open","sticky":false,"template":"template-onepager.blade.php","format":"standard","meta":{"_acf_changed":false,"footnotes":""},"categories":[158,159,144,145,148],"tags":[],"post_folder":[],"class_list":["post-18879","post","type-post","status-publish","format-standard","has-post-thumbnail","hentry","category-balkongestaltung","category-balkonpflanzen","category-garten-und-pflanzen","category-gartenbau","category-tipps-zur-balkongestaltung"],"acf":[],"yoast_head":"<!-- This site is optimized with the Yoast SEO plugin v27.2 - https:\/\/yoast.com\/product\/yoast-seo-wordpress\/ -->\n<title>Balkonpflanzen winterfest machen - Leeb Balkone \u00d6sterreich<\/title>\n<meta name=\"description\" content=\"Wenn Sie es noch nicht getan haben, wird es jetzt Zeit, Ihre Balkonpflanzen auf den Winter vorzubereiten.\" \/>\n<meta name=\"robots\" content=\"index, follow, max-snippet:-1, max-image-preview:large, max-video-preview:-1\" \/>\n<meta property=\"og:locale\" content=\"de_DE\" \/>\n<meta property=\"og:type\" content=\"article\" \/>\n<meta property=\"og:title\" content=\"Balkonpflanzen winterfest machen - Leeb Balkone\" \/>\n<meta property=\"og:description\" content=\"Wenn Sie es noch nicht getan haben, wird es jetzt Zeit, Ihre Balkonpflanzen auf den Winter vorzubereiten.\" \/>\n<meta property=\"og:url\" content=\"https:\/\/www.leeb-balkone.com\/at\/blog\/balkonpflanzen-winterfest-machen\/\" \/>\n<meta property=\"og:site_name\" content=\"Leeb Balkone\" \/>\n<meta property=\"article:publisher\" content=\"https:\/\/www.facebook.com\/balkone\/\" \/>\n<meta property=\"article:published_time\" content=\"2020-10-28T14:01:49+00:00\" \/>\n<meta property=\"article:modified_time\" content=\"2025-10-31T07:32:02+00:00\" \/>\n<meta property=\"og:image\" content=\"https:\/\/www.leeb-balkone.com\/app\/uploads\/2020\/10\/beitragsbild-gigapixel.jpg\" \/>\n\t<meta property=\"og:image:width\" content=\"1400\" \/>\n\t<meta property=\"og:image:height\" content=\"1000\" \/>\n\t<meta property=\"og:image:type\" content=\"image\/jpeg\" \/>\n<meta name=\"author\" content=\"Herbert Weichart\" \/>\n<meta name=\"twitter:card\" content=\"summary_large_image\" \/>\n<script type=\"application\/ld+json\" class=\"yoast-schema-graph\">{\"@context\":\"https:\/\/schema.org\",\"@graph\":[{\"@type\":\"Article\",\"@id\":\"https:\/\/www.leeb-balkone.com\/at\/blog\/balkonpflanzen-winterfest-machen\/#article\",\"isPartOf\":{\"@id\":\"https:\/\/www.leeb-balkone.com\/at\/blog\/balkonpflanzen-winterfest-machen\/\"},\"author\":{\"name\":\"Herbert Weichart\",\"@id\":\"https:\/\/www.leeb-balkone.com\/at\/#\/schema\/person\/dc2e2c82db329667ee507698e220238f\"},\"headline\":\"Balkonpflanzen winterfest machen\",\"datePublished\":\"2020-10-28T14:01:49+00:00\",\"dateModified\":\"2025-10-31T07:32:02+00:00\",\"mainEntityOfPage\":{\"@id\":\"https:\/\/www.leeb-balkone.com\/at\/blog\/balkonpflanzen-winterfest-machen\/\"},\"wordCount\":698,\"publisher\":{\"@id\":\"https:\/\/www.leeb-balkone.com\/at\/#organization\"},\"image\":{\"@id\":\"https:\/\/www.leeb-balkone.com\/at\/blog\/balkonpflanzen-winterfest-machen\/#primaryimage\"},\"thumbnailUrl\":\"https:\/\/www.leeb-balkone.com\/app\/uploads\/2020\/10\/beitragsbild-gigapixel.jpg\",\"articleSection\":[\"Balkongestaltung\",\"Balkonpflanzen\",\"Garten und Pflanzen\",\"Gartenbau\",\"Tipps zur Balkongestaltung\"],\"inLanguage\":\"de-AT\"},{\"@type\":\"WebPage\",\"@id\":\"https:\/\/www.leeb-balkone.com\/at\/blog\/balkonpflanzen-winterfest-machen\/\",\"url\":\"https:\/\/www.leeb-balkone.com\/at\/blog\/balkonpflanzen-winterfest-machen\/\",\"name\":\"Balkonpflanzen winterfest machen - Leeb Balkone\",\"isPartOf\":{\"@id\":\"https:\/\/www.leeb-balkone.com\/at\/#website\"},\"primaryImageOfPage\":{\"@id\":\"https:\/\/www.leeb-balkone.com\/at\/blog\/balkonpflanzen-winterfest-machen\/#primaryimage\"},\"image\":{\"@id\":\"https:\/\/www.leeb-balkone.com\/at\/blog\/balkonpflanzen-winterfest-machen\/#primaryimage\"},\"thumbnailUrl\":\"https:\/\/www.leeb-balkone.com\/app\/uploads\/2020\/10\/beitragsbild-gigapixel.jpg\",\"datePublished\":\"2020-10-28T14:01:49+00:00\",\"dateModified\":\"2025-10-31T07:32:02+00:00\",\"description\":\"Wenn Sie es noch nicht getan haben, wird es jetzt Zeit, Ihre Balkonpflanzen auf den Winter vorzubereiten.\",\"breadcrumb\":{\"@id\":\"https:\/\/www.leeb-balkone.com\/at\/blog\/balkonpflanzen-winterfest-machen\/#breadcrumb\"},\"inLanguage\":\"de-AT\",\"potentialAction\":[{\"@type\":\"ReadAction\",\"target\":[\"https:\/\/www.leeb-balkone.com\/at\/blog\/balkonpflanzen-winterfest-machen\/\"]}]},{\"@type\":\"ImageObject\",\"inLanguage\":\"de-AT\",\"@id\":\"https:\/\/www.leeb-balkone.com\/at\/blog\/balkonpflanzen-winterfest-machen\/#primaryimage\",\"url\":\"https:\/\/www.leeb-balkone.com\/app\/uploads\/2020\/10\/beitragsbild-gigapixel.jpg\",\"contentUrl\":\"https:\/\/www.leeb-balkone.com\/app\/uploads\/2020\/10\/beitragsbild-gigapixel.jpg\",\"width\":1400,\"height\":1000},{\"@type\":\"BreadcrumbList\",\"@id\":\"https:\/\/www.leeb-balkone.com\/at\/blog\/balkonpflanzen-winterfest-machen\/#breadcrumb\",\"itemListElement\":[{\"@type\":\"ListItem\",\"position\":1,\"name\":\"Home\",\"item\":\"https:\/\/www.leeb-balkone.com\/at\/\"},{\"@type\":\"ListItem\",\"position\":2,\"name\":\"Balkonpflanzen winterfest machen\"}]},{\"@type\":\"WebSite\",\"@id\":\"https:\/\/www.leeb-balkone.com\/at\/#website\",\"url\":\"https:\/\/www.leeb-balkone.com\/at\/\",\"name\":\"Leeb Balkone\",\"description\":\"Balkone und Z\u00e4une\",\"publisher\":{\"@id\":\"https:\/\/www.leeb-balkone.com\/at\/#organization\"},\"potentialAction\":[{\"@type\":\"SearchAction\",\"target\":{\"@type\":\"EntryPoint\",\"urlTemplate\":\"https:\/\/www.leeb-balkone.com\/at\/?s={search_term_string}\"},\"query-input\":{\"@type\":\"PropertyValueSpecification\",\"valueRequired\":true,\"valueName\":\"search_term_string\"}}],\"inLanguage\":\"de-AT\"},{\"@type\":\"Organization\",\"@id\":\"https:\/\/www.leeb-balkone.com\/at\/#organization\",\"name\":\"Leeb Balkone Gmbh\",\"url\":\"https:\/\/www.leeb-balkone.com\/at\/\",\"logo\":{\"@type\":\"ImageObject\",\"inLanguage\":\"de-AT\",\"@id\":\"https:\/\/www.leeb-balkone.com\/at\/#\/schema\/logo\/image\/\",\"url\":\"https:\/\/www.leeb-balkone.com\/app\/uploads\/2020\/11\/leeb-logo.svg\",\"contentUrl\":\"https:\/\/www.leeb-balkone.com\/app\/uploads\/2020\/11\/leeb-logo.svg\",\"width\":741,\"height\":204,\"caption\":\"Leeb Balkone Gmbh\"},\"image\":{\"@id\":\"https:\/\/www.leeb-balkone.com\/at\/#\/schema\/logo\/image\/\"},\"sameAs\":[\"https:\/\/www.facebook.com\/balkone\/\",\"https:\/\/www.trustedshops.at\/bewertung\/info_X4587CCF5833E31AFE0B11F47D86999F2.html\",\"https:\/\/www.trustedshops.de\/bewertung\/info_X7BA536A7A0BDC86D36C4718E4DCAEEEF.html\",\"https:\/\/www.google.com\/maps\/place\/?q=place_id:ChIJ5-zH19-IcEcR9HonWRTllHI\"]},{\"@type\":\"Person\",\"@id\":\"https:\/\/www.leeb-balkone.com\/at\/#\/schema\/person\/dc2e2c82db329667ee507698e220238f\",\"name\":\"Herbert Weichart\"}]}<\/script>\n<!-- \/ Yoast SEO plugin. -->","yoast_head_json":{"title":"Balkonpflanzen winterfest machen - Leeb Balkone \u00d6sterreich","description":"Wenn Sie es noch nicht getan haben, wird es jetzt Zeit, Ihre Balkonpflanzen auf den Winter vorzubereiten.","robots":{"index":"index","follow":"follow","max-snippet":"max-snippet:-1","max-image-preview":"max-image-preview:large","max-video-preview":"max-video-preview:-1"},"og_locale":"de_DE","og_type":"article","og_title":"Balkonpflanzen winterfest machen - Leeb Balkone","og_description":"Wenn Sie es noch nicht getan haben, wird es jetzt Zeit, Ihre Balkonpflanzen auf den Winter vorzubereiten.","og_url":"https:\/\/www.leeb-balkone.com\/at\/blog\/balkonpflanzen-winterfest-machen\/","og_site_name":"Leeb Balkone","article_publisher":"https:\/\/www.facebook.com\/balkone\/","article_published_time":"2020-10-28T14:01:49+00:00","article_modified_time":"2025-10-31T07:32:02+00:00","og_image":[{"width":1400,"height":1000,"url":"https:\/\/www.leeb-balkone.com\/app\/uploads\/2020\/10\/beitragsbild-gigapixel.jpg","type":"image\/jpeg"}],"author":"Herbert Weichart","twitter_card":"summary_large_image","schema":{"@context":"https:\/\/schema.org","@graph":[{"@type":"Article","@id":"https:\/\/www.leeb-balkone.com\/at\/blog\/balkonpflanzen-winterfest-machen\/#article","isPartOf":{"@id":"https:\/\/www.leeb-balkone.com\/at\/blog\/balkonpflanzen-winterfest-machen\/"},"author":{"name":"Herbert Weichart","@id":"https:\/\/www.leeb-balkone.com\/at\/#\/schema\/person\/dc2e2c82db329667ee507698e220238f"},"headline":"Balkonpflanzen winterfest machen","datePublished":"2020-10-28T14:01:49+00:00","dateModified":"2025-10-31T07:32:02+00:00","mainEntityOfPage":{"@id":"https:\/\/www.leeb-balkone.com\/at\/blog\/balkonpflanzen-winterfest-machen\/"},"wordCount":698,"publisher":{"@id":"https:\/\/www.leeb-balkone.com\/at\/#organization"},"image":{"@id":"https:\/\/www.leeb-balkone.com\/at\/blog\/balkonpflanzen-winterfest-machen\/#primaryimage"},"thumbnailUrl":"https:\/\/www.leeb-balkone.com\/app\/uploads\/2020\/10\/beitragsbild-gigapixel.jpg","articleSection":["Balkongestaltung","Balkonpflanzen","Garten und Pflanzen","Gartenbau","Tipps zur Balkongestaltung"],"inLanguage":"de-AT"},{"@type":"WebPage","@id":"https:\/\/www.leeb-balkone.com\/at\/blog\/balkonpflanzen-winterfest-machen\/","url":"https:\/\/www.leeb-balkone.com\/at\/blog\/balkonpflanzen-winterfest-machen\/","name":"Balkonpflanzen winterfest machen - Leeb Balkone","isPartOf":{"@id":"https:\/\/www.leeb-balkone.com\/at\/#website"},"primaryImageOfPage":{"@id":"https:\/\/www.leeb-balkone.com\/at\/blog\/balkonpflanzen-winterfest-machen\/#primaryimage"},"image":{"@id":"https:\/\/www.leeb-balkone.com\/at\/blog\/balkonpflanzen-winterfest-machen\/#primaryimage"},"thumbnailUrl":"https:\/\/www.leeb-balkone.com\/app\/uploads\/2020\/10\/beitragsbild-gigapixel.jpg","datePublished":"2020-10-28T14:01:49+00:00","dateModified":"2025-10-31T07:32:02+00:00","description":"Wenn Sie es noch nicht getan haben, wird es jetzt Zeit, Ihre Balkonpflanzen auf den Winter vorzubereiten.","breadcrumb":{"@id":"https:\/\/www.leeb-balkone.com\/at\/blog\/balkonpflanzen-winterfest-machen\/#breadcrumb"},"inLanguage":"de-AT","potentialAction":[{"@type":"ReadAction","target":["https:\/\/www.leeb-balkone.com\/at\/blog\/balkonpflanzen-winterfest-machen\/"]}]},{"@type":"ImageObject","inLanguage":"de-AT","@id":"https:\/\/www.leeb-balkone.com\/at\/blog\/balkonpflanzen-winterfest-machen\/#primaryimage","url":"https:\/\/www.leeb-balkone.com\/app\/uploads\/2020\/10\/beitragsbild-gigapixel.jpg","contentUrl":"https:\/\/www.leeb-balkone.com\/app\/uploads\/2020\/10\/beitragsbild-gigapixel.jpg","width":1400,"height":1000},{"@type":"BreadcrumbList","@id":"https:\/\/www.leeb-balkone.com\/at\/blog\/balkonpflanzen-winterfest-machen\/#breadcrumb","itemListElement":[{"@type":"ListItem","position":1,"name":"Home","item":"https:\/\/www.leeb-balkone.com\/at\/"},{"@type":"ListItem","position":2,"name":"Balkonpflanzen winterfest machen"}]},{"@type":"WebSite","@id":"https:\/\/www.leeb-balkone.com\/at\/#website","url":"https:\/\/www.leeb-balkone.com\/at\/","name":"Leeb Balkone","description":"Balkone und Z\u00e4une","publisher":{"@id":"https:\/\/www.leeb-balkone.com\/at\/#organization"},"potentialAction":[{"@type":"SearchAction","target":{"@type":"EntryPoint","urlTemplate":"https:\/\/www.leeb-balkone.com\/at\/?s={search_term_string}"},"query-input":{"@type":"PropertyValueSpecification","valueRequired":true,"valueName":"search_term_string"}}],"inLanguage":"de-AT"},{"@type":"Organization","@id":"https:\/\/www.leeb-balkone.com\/at\/#organization","name":"Leeb Balkone Gmbh","url":"https:\/\/www.leeb-balkone.com\/at\/","logo":{"@type":"ImageObject","inLanguage":"de-AT","@id":"https:\/\/www.leeb-balkone.com\/at\/#\/schema\/logo\/image\/","url":"https:\/\/www.leeb-balkone.com\/app\/uploads\/2020\/11\/leeb-logo.svg","contentUrl":"https:\/\/www.leeb-balkone.com\/app\/uploads\/2020\/11\/leeb-logo.svg","width":741,"height":204,"caption":"Leeb Balkone Gmbh"},"image":{"@id":"https:\/\/www.leeb-balkone.com\/at\/#\/schema\/logo\/image\/"},"sameAs":["https:\/\/www.facebook.com\/balkone\/","https:\/\/www.trustedshops.at\/bewertung\/info_X4587CCF5833E31AFE0B11F47D86999F2.html","https:\/\/www.trustedshops.de\/bewertung\/info_X7BA536A7A0BDC86D36C4718E4DCAEEEF.html","https:\/\/www.google.com\/maps\/place\/?q=place_id:ChIJ5-zH19-IcEcR9HonWRTllHI"]},{"@type":"Person","@id":"https:\/\/www.leeb-balkone.com\/at\/#\/schema\/person\/dc2e2c82db329667ee507698e220238f","name":"Herbert Weichart"}]}},"_links":{"self":[{"href":"https:\/\/www.leeb-balkone.com\/at\/wp-json\/wp\/v2\/posts\/18879","targetHints":{"allow":["GET"]}}],"collection":[{"href":"https:\/\/www.leeb-balkone.com\/at\/wp-json\/wp\/v2\/posts"}],"about":[{"href":"https:\/\/www.leeb-balkone.com\/at\/wp-json\/wp\/v2\/types\/post"}],"author":[{"embeddable":true,"href":"https:\/\/www.leeb-balkone.com\/at\/wp-json\/wp\/v2\/users\/4"}],"replies":[{"embeddable":true,"href":"https:\/\/www.leeb-balkone.com\/at\/wp-json\/wp\/v2\/comments?post=18879"}],"version-history":[{"count":9,"href":"https:\/\/www.leeb-balkone.com\/at\/wp-json\/wp\/v2\/posts\/18879\/revisions"}],"predecessor-version":[{"id":159533,"href":"https:\/\/www.leeb-balkone.com\/at\/wp-json\/wp\/v2\/posts\/18879\/revisions\/159533"}],"wp:featuredmedia":[{"embeddable":true,"href":"https:\/\/www.leeb-balkone.com\/at\/wp-json\/wp\/v2\/media\/8850"}],"wp:attachment":[{"href":"https:\/\/www.leeb-balkone.com\/at\/wp-json\/wp\/v2\/media?parent=18879"}],"wp:term":[{"taxonomy":"category","embeddable":true,"href":"https:\/\/www.leeb-balkone.com\/at\/wp-json\/wp\/v2\/categories?post=18879"},{"taxonomy":"post_tag","embeddable":true,"href":"https:\/\/www.leeb-balkone.com\/at\/wp-json\/wp\/v2\/tags?post=18879"},{"taxonomy":"post_folder","embeddable":true,"href":"https:\/\/www.leeb-balkone.com\/at\/wp-json\/wp\/v2\/post_folder?post=18879"}],"curies":[{"name":"wp","href":"https:\/\/api.w.org\/{rel}","templated":true}]}}