{"id":18863,"date":"2021-03-16T05:05:00","date_gmt":"2021-03-16T05:05:00","guid":{"rendered":"https:\/\/www.leeb-balkone.com\/de\/blog\/postdummy-5-2-2-2-2\/"},"modified":"2023-01-16T15:22:42","modified_gmt":"2023-01-16T15:22:42","slug":"last-minute-osterdeko","status":"publish","type":"post","link":"https:\/\/www.leeb-balkone.com\/at\/blog\/last-minute-osterdeko\/","title":{"rendered":"Last-minute Osterdeko"},"content":{"rendered":"<header data-block_2c4e0af49791926de4b1ed86c5b82a4c class=\"c-fh  l-mh-small c-fh--hero c-grad-l2r c-fh--div none\">\n      <img loading=\"lazy\" decoding=\"async\" width=\"2560\" height=\"1707\" src=\"https:\/\/www.leeb-balkone.com\/app\/uploads\/2021\/03\/ostereier-bemalen-last-minute-2-scaled.jpg\" class=\"no-lazy\" alt=\"Last-Minute Osterdeko zum Selbermachen\" srcset=\"https:\/\/www.leeb-balkone.com\/app\/uploads\/2021\/03\/ostereier-bemalen-last-minute-2-scaled.jpg 2560w, https:\/\/www.leeb-balkone.com\/app\/uploads\/2021\/03\/ostereier-bemalen-last-minute-2-300x200.jpg 300w, https:\/\/www.leeb-balkone.com\/app\/uploads\/2021\/03\/ostereier-bemalen-last-minute-2-1024x683.jpg 1024w, https:\/\/www.leeb-balkone.com\/app\/uploads\/2021\/03\/ostereier-bemalen-last-minute-2-768x512.jpg 768w, https:\/\/www.leeb-balkone.com\/app\/uploads\/2021\/03\/ostereier-bemalen-last-minute-2-1536x1024.jpg 1536w, https:\/\/www.leeb-balkone.com\/app\/uploads\/2021\/03\/ostereier-bemalen-last-minute-2-2048x1366.jpg 2048w\" sizes=\"auto, (min-width: 1536px) 2048px, (min-width: 992px) 1536px, (min-width: 768px) 1024px, (min-width: 576px) 768px, 100vw\" \/>\n\n\n<div class=\"grid-container\">\n  <div class=\"grid-x\">\n    <div class=\"cell small-12 medium-6 medium-offset-1\">\n      <div class=\"c-fh__wrapper\">\n                              <p>Wir pr\u00e4sentieren: unsere Ideen f\u00fcr Last-minute Osterdeko, die sogar am kleinsten Balkon Platz findet!<\/p>\n                        <\/div>\n    <\/div>\n  <\/div>\n<\/div>\n  \n    \n    <\/header>\n\n\n  \n  <section class=\"wp-block-group alignfull t3-header u-max-wide t3-header-text has-white-background-color has-background has-global-padding is-layout-constrained wp-block-group-is-layout-constrained\">\n    <div class=\"wp-block-group o-grid u-md-1 u-sm-1 is-layout-flow wp-block-group-is-layout-flow\">\n  <div class=\"wp-block-group u-g-10 u-g-s-2\">\n      <div class=\"yoast-breadcrumbs\"><span><span><a href=\"https:\/\/www.leeb-balkone.com\/at\/\">Home<\/a><\/span><\/span><\/div>\n      \n    <h1>Last-minute Osterdeko<\/h1>\n  <\/div>\n<\/div>\n  <\/section>\n\n\n\n\n\n\n<section class=\"wp-block-cgb-t3-section-block alignfull b-pt-small  is-style-bg-white\" style=\"display:inherit;min-height:inherit\">\n<div class=\"wp-block-cgb-t3-container-block none\" style=\"background-color:none\"><div class=\"grid-container\"><div class=\"grid-x\"><div class=\"cell small-12 medium-9 large-0 medium-offset-1 b-has-lsmb\">\n<p>Ostern steht kurz bevor und versetzt so manch einen in Stress. Zwischen Verwandtenbesuchen und Osterjause sucht man vergeblich nach Zeit, auch den Balkon oder Garten \u00f6sterlich zu dekorieren. Dabei braucht es gar nicht viel an Material und Zeit, um sch\u00f6ne Deko f\u00fcr drau\u00dfen zu zaubern! Mit ein paar wenigen Handgriffen und hilfreichen Tipps sind wir bereit f\u00fcr das Osterfest. Wir pr\u00e4sentieren: unsere Ideen f\u00fcr Last-minute Osterdeko, die sogar am kleinsten Balkon Platz findet!<\/p>\n<\/div><\/div><\/div><\/div>\n\n\n\n<div class=\"wp-block-cgb-t3-container-block none\" style=\"background-color:none\"><div class=\"grid-container\"><div class=\"grid-x\"><div class=\"cell small-12 medium-0 large-0\"><div id=\"lightgallery-block_13960ae362d024de2a1b51e30e064fb9\" data-block_13960ae362d024de2a1b51e30e064fb9 class=\"has-1-imgs b-cards b-cards--gallery u-grid-temp has-1-cols u-md-2 u-sm-1 wp-block-group is-layout-grid wp-block-group-is-layout-grid gallery alignwide\">\n\n        <div class=\"b-cards__item\">\n\n        \n      <figure>\n                 <img loading=\"lazy\" decoding=\"async\" width=\"1024\" height=\"1536\" src=\"https:\/\/www.leeb-balkone.com\/app\/uploads\/2020\/10\/osterdeko-fuer-daheim-189161317-1024x1536.jpg\" class=\"attachment-1536x1536 size-1536x1536\" alt=\"Osterdeko f\u00fcr daheim\" srcset=\"https:\/\/www.leeb-balkone.com\/app\/uploads\/2020\/10\/osterdeko-fuer-daheim-189161317-1024x1536.jpg 1024w, https:\/\/www.leeb-balkone.com\/app\/uploads\/2020\/10\/osterdeko-fuer-daheim-189161317-200x300.jpg 200w, https:\/\/www.leeb-balkone.com\/app\/uploads\/2020\/10\/osterdeko-fuer-daheim-189161317-683x1024.jpg 683w, https:\/\/www.leeb-balkone.com\/app\/uploads\/2020\/10\/osterdeko-fuer-daheim-189161317-768x1152.jpg 768w, https:\/\/www.leeb-balkone.com\/app\/uploads\/2020\/10\/osterdeko-fuer-daheim-189161317-1365x2048.jpg 1365w, https:\/\/www.leeb-balkone.com\/app\/uploads\/2020\/10\/osterdeko-fuer-daheim-189161317-scaled.jpg 1707w\" sizes=\"auto, (min-width: 1200px) 100vw, (min-width: 1024px) 1536px, (min-width: 640px) 768px, 768px\" \/>              <\/figure>\n\n                  \n  \n<\/div>\n\n    <\/div>\n\n<\/div><\/div><\/div><\/div>\n\n\n\n<div class=\"wp-block-cgb-t3-container-block none\" style=\"background-color:none\"><div class=\"grid-container\"><div class=\"grid-x\"><div class=\"cell small-12 medium-9 large-0 medium-offset-1 b-has-lsmb\">\n<h2 class=\"wp-block-heading\">Kerzen im Naturlook<\/h2>\n\n\n\n<p>Kerzen sind der Dekorationsgegenstand Nummer 1 \u2013 nicht nur im Winter. Nach anstrengenden Ostervorbereitungen machen wir es uns am Balkon gem\u00fctlich und z\u00fcnden gerne die eine oder andere Kerze an \u2013 das sorgt f\u00fcr besonders kuschelige und entspannte Stimmung im Fr\u00fchling. Um das gleich mit der Osterdeko zu kombinieren, gibt es einen einfachen Trick. Man nehme leere (saubere!) Eierschalen, platziere ein Teelicht darin und fertig ist die Osterkerze im Mini-Format! Die Eier-Kerzen k\u00f6nnen entweder in einem leeren, bunt bemalenen Eierkarton Platz nehmen oder auf sch\u00f6nen Dekotellern.<\/p>\n\n\n\n<h2 class=\"wp-block-heading\">Gekochte Eier bemalen<\/h2>\n\n\n\n<p>Wenn es schnell gehen muss, eignen sich auch gekochte Eier zum Bemalen und so erspart man sich das zeitaufwendige Ausblasen. Einfach einen Permament-Marker schnappen und schon kann man sich kreativ austoben. Hier ein paar Beispiele, was man mit einem einfachen schwarzen Marker Sch\u00f6nes zaubern kann. Bei braunen Eiern erzielt man mit einem wei\u00dfen Marker tolle Ergebnisse. Eingebettet in etwas Stroh und Federn und schon wird \u00f6sterliche Stimmung verspr\u00fcht. Das ist \u00fcbrigens auch eine nette Variante, um Fr\u00fchst\u00fcckseier kurzerhand in niedliche Ostereier zu verwandeln. <\/p>\n<\/div><\/div><\/div><\/div>\n\n\n\n<div class=\"wp-block-cgb-t3-container-block none\" style=\"background-color:none\"><div class=\"grid-container\"><div class=\"grid-x\"><div class=\"cell small-12 medium-0 large-0\"><div id=\"lightgallery-block_04426e5b5870797703a40ed43fc84607\" data-block_04426e5b5870797703a40ed43fc84607 class=\"has-2-imgs b-cards b-cards--gallery u-grid-temp has-2-cols u-md-2 u-sm-1 wp-block-group is-layout-grid wp-block-group-is-layout-grid gallery alignwide\">\n\n        <div class=\"b-cards__item\">\n\n        \n      <figure>\n                 <img loading=\"lazy\" decoding=\"async\" width=\"1024\" height=\"768\" src=\"https:\/\/www.leeb-balkone.com\/app\/uploads\/2020\/03\/ostereier-bemalen-last-minute-1024x768.jpg\" class=\"attachment-large size-large\" alt=\"Last Minute Ostereier bemalen f\u00fcr eine sch\u00f6ne Dekoration\" srcset=\"https:\/\/www.leeb-balkone.com\/app\/uploads\/2020\/03\/ostereier-bemalen-last-minute-1024x768.jpg 1024w, https:\/\/www.leeb-balkone.com\/app\/uploads\/2020\/03\/ostereier-bemalen-last-minute-300x225.jpg 300w, https:\/\/www.leeb-balkone.com\/app\/uploads\/2020\/03\/ostereier-bemalen-last-minute-768x576.jpg 768w, https:\/\/www.leeb-balkone.com\/app\/uploads\/2020\/03\/ostereier-bemalen-last-minute-1536x1152.jpg 1536w, https:\/\/www.leeb-balkone.com\/app\/uploads\/2020\/03\/ostereier-bemalen-last-minute-2048x1536.jpg 2048w\" sizes=\"auto, (min-width: 1200px) 1024px, (min-width: 1024px) 768px, (min-width: 640px) 768px, 768px\" \/>              <\/figure>\n\n                  \n  \n<\/div>\n\n        <div class=\"b-cards__item\">\n\n        \n      <figure>\n                 <img loading=\"lazy\" decoding=\"async\" width=\"1024\" height=\"683\" src=\"https:\/\/www.leeb-balkone.com\/app\/uploads\/2021\/03\/ostereier-bemalen-last-minute-2-1024x683.jpg\" class=\"attachment-large size-large\" alt=\"ostereier bemalen last minute 2\" srcset=\"https:\/\/www.leeb-balkone.com\/app\/uploads\/2021\/03\/ostereier-bemalen-last-minute-2-1024x683.jpg 1024w, https:\/\/www.leeb-balkone.com\/app\/uploads\/2021\/03\/ostereier-bemalen-last-minute-2-300x200.jpg 300w, https:\/\/www.leeb-balkone.com\/app\/uploads\/2021\/03\/ostereier-bemalen-last-minute-2-768x512.jpg 768w, https:\/\/www.leeb-balkone.com\/app\/uploads\/2021\/03\/ostereier-bemalen-last-minute-2-1536x1024.jpg 1536w, https:\/\/www.leeb-balkone.com\/app\/uploads\/2021\/03\/ostereier-bemalen-last-minute-2-2048x1366.jpg 2048w\" sizes=\"auto, (min-width: 1200px) 1024px, (min-width: 1024px) 768px, (min-width: 640px) 768px, 768px\" \/>              <\/figure>\n\n                  \n  \n<\/div>\n\n    <\/div>\n\n<\/div><\/div><\/div><\/div>\n\n\n\n<div class=\"wp-block-cgb-t3-container-block none\" style=\"background-color:none\"><div class=\"grid-container\"><div class=\"grid-x\"><div class=\"cell small-12 medium-9 large-0 medium-offset-1 b-has-lsmb\">\n<h2 class=\"wp-block-heading\">Aus alt mach neu<\/h2>\n\n\n\n<p>Bestimmt hat jeder zuhause eine Schachtel im Keller oder am Dachboden herumstehen, in der sich auch Osterdeko befindet. Ostereier, H\u00e4schen und Figuren in Ostermotiven k\u00f6nnen jetzt entstaubt werden, denn sie kommen wieder zur Verwendung. Daf\u00fcr begeben wir uns raus in\u2019s Gr\u00fcne und pfl\u00fccken Palmk\u00e4tzchen. Diese finden in einer sch\u00f6nen Vase oder in einem gro\u00dfen Glas ihren Platz und werden mit den verschiedenen Ostereiern und Figuren behangen. Und fertig ist der Last-minute Osterstrauch!<\/p>\n\n\n\n<h2 class=\"wp-block-heading\">Das Brennholz passend zu Ostern dekorieren<\/h2>\n\n\n\n<p>Das \u00fcbrig gebliebene Brennholz bietet sich ebenfalls ideal an, um dort eine \u00f6sterliche Stimmung zu schaffen. Einfach eine Laterne, Osternester und ein paar Fr\u00fchlingsblumen&nbsp;davor stellen und schon ist das Holz Teil der Osterdeko. <\/p>\n<\/div><\/div><\/div><\/div>\n\n\n\n<div class=\"wp-block-cgb-t3-container-block none\" style=\"background-color:none\"><div class=\"grid-container\"><div class=\"grid-x\"><div class=\"cell small-12 medium-0 large-0\"><div id=\"lightgallery-block_5446a0525d3d5b85197b30c2cbc843d6\" data-block_5446a0525d3d5b85197b30c2cbc843d6 class=\"has-2-imgs b-cards b-cards--gallery u-grid-temp has-2-cols u-md-2 u-sm-1 wp-block-group is-layout-grid wp-block-group-is-layout-grid gallery alignwide\">\n\n        <div class=\"b-cards__item\">\n\n        \n      <figure>\n                 <img loading=\"lazy\" decoding=\"async\" width=\"1024\" height=\"683\" src=\"https:\/\/www.leeb-balkone.com\/app\/uploads\/2020\/10\/osterdeko-fuer-daheim-1-1024x683.jpg\" class=\"attachment-large size-large\" alt=\"osterdeko fuer daheim 1\" srcset=\"https:\/\/www.leeb-balkone.com\/app\/uploads\/2020\/10\/osterdeko-fuer-daheim-1-1024x683.jpg 1024w, https:\/\/www.leeb-balkone.com\/app\/uploads\/2020\/10\/osterdeko-fuer-daheim-1-300x200.jpg 300w, https:\/\/www.leeb-balkone.com\/app\/uploads\/2020\/10\/osterdeko-fuer-daheim-1-768x512.jpg 768w, https:\/\/www.leeb-balkone.com\/app\/uploads\/2020\/10\/osterdeko-fuer-daheim-1-1536x1024.jpg 1536w, https:\/\/www.leeb-balkone.com\/app\/uploads\/2020\/10\/osterdeko-fuer-daheim-1-2048x1366.jpg 2048w\" sizes=\"auto, (min-width: 1200px) 1024px, (min-width: 1024px) 768px, (min-width: 640px) 768px, 768px\" \/>              <\/figure>\n\n                  \n  \n<\/div>\n\n        <div class=\"b-cards__item\">\n\n        \n      <figure>\n                 <img loading=\"lazy\" decoding=\"async\" width=\"1024\" height=\"832\" src=\"https:\/\/www.leeb-balkone.com\/app\/uploads\/2021\/03\/Osterdeko-draussen-last-minute-1-1024x832.png\" class=\"attachment-large size-large\" alt=\"Brennholz mit Osterdeko versch\u00f6nern\" srcset=\"https:\/\/www.leeb-balkone.com\/app\/uploads\/2021\/03\/Osterdeko-draussen-last-minute-1-1024x832.png 1024w, https:\/\/www.leeb-balkone.com\/app\/uploads\/2021\/03\/Osterdeko-draussen-last-minute-1-300x244.png 300w, https:\/\/www.leeb-balkone.com\/app\/uploads\/2021\/03\/Osterdeko-draussen-last-minute-1-768x624.png 768w, https:\/\/www.leeb-balkone.com\/app\/uploads\/2021\/03\/Osterdeko-draussen-last-minute-1.png 1492w\" sizes=\"auto, (min-width: 1200px) 1024px, (min-width: 1024px) 768px, (min-width: 640px) 768px, 768px\" \/>              <\/figure>\n\n                  \n  \n<\/div>\n\n    <\/div>\n\n<\/div><\/div><\/div><\/div>\n<\/section>\n","protected":false},"excerpt":{"rendered":"<p>Zeit, den Balkon oder Garten \u00f6sterlich zu dekorieren! Man braucht nicht viel Material und Zeit, um sch\u00f6ne Deko f\u00fcr drau\u00dfen zu zaubern! Wir pr\u00e4sentieren: unsere Ideen f\u00fcr Last-minute Osterdeko, die sogar am kleinsten Balkon Platz findet!<\/p>\n","protected":false},"author":3,"featured_media":29169,"comment_status":"closed","ping_status":"open","sticky":false,"template":"template-onepager.blade.php","format":"standard","meta":{"_acf_changed":false,"footnotes":""},"categories":[147],"tags":[],"post_folder":[],"class_list":["post-18863","post","type-post","status-publish","format-standard","has-post-thumbnail","hentry","category-ideen-zum-selbermachen"],"acf":[],"yoast_head":"<!-- This site is optimized with the Yoast SEO plugin v27.2 - https:\/\/yoast.com\/product\/yoast-seo-wordpress\/ -->\n<title>Last-minute Osterdeko - Leeb Balkone \u00d6sterreich<\/title>\n<meta name=\"description\" content=\"Zeit, den Balkon oder Garten \u00f6sterlich zu dekorieren! Man braucht nicht viel Material und Zeit, um sch\u00f6ne Deko f\u00fcr drau\u00dfen zu zaubern! Wir pr\u00e4sentieren: unsere Ideen f\u00fcr Last-minute Osterdeko, die sogar am kleinsten Balkon Platz findet!\" \/>\n<meta name=\"robots\" content=\"index, follow, max-snippet:-1, max-image-preview:large, max-video-preview:-1\" \/>\n<meta property=\"og:locale\" content=\"de_DE\" \/>\n<meta property=\"og:type\" content=\"article\" \/>\n<meta property=\"og:title\" content=\"Last-minute Osterdeko - Leeb Balkone\" \/>\n<meta property=\"og:description\" content=\"Zeit, den Balkon oder Garten \u00f6sterlich zu dekorieren! Man braucht nicht viel Material und Zeit, um sch\u00f6ne Deko f\u00fcr drau\u00dfen zu zaubern! Wir pr\u00e4sentieren: unsere Ideen f\u00fcr Last-minute Osterdeko, die sogar am kleinsten Balkon Platz findet!\" \/>\n<meta property=\"og:url\" content=\"https:\/\/www.leeb-balkone.com\/at\/blog\/last-minute-osterdeko\/\" \/>\n<meta property=\"og:site_name\" content=\"Leeb Balkone\" \/>\n<meta property=\"article:publisher\" content=\"https:\/\/www.facebook.com\/balkone\/\" \/>\n<meta property=\"article:published_time\" content=\"2021-03-16T05:05:00+00:00\" \/>\n<meta property=\"article:modified_time\" content=\"2023-01-16T15:22:42+00:00\" \/>\n<meta property=\"og:image\" content=\"https:\/\/www.leeb-balkone.com\/app\/uploads\/2021\/03\/ostereier-bemalen-last-minute-2-scaled.jpg\" \/>\n\t<meta property=\"og:image:width\" content=\"2560\" \/>\n\t<meta property=\"og:image:height\" content=\"1707\" \/>\n\t<meta property=\"og:image:type\" content=\"image\/jpeg\" \/>\n<meta name=\"author\" content=\"jbacher\" \/>\n<meta name=\"twitter:card\" content=\"summary_large_image\" \/>\n<script type=\"application\/ld+json\" class=\"yoast-schema-graph\">{\"@context\":\"https:\/\/schema.org\",\"@graph\":[{\"@type\":\"Article\",\"@id\":\"https:\/\/www.leeb-balkone.com\/at\/blog\/last-minute-osterdeko\/#article\",\"isPartOf\":{\"@id\":\"https:\/\/www.leeb-balkone.com\/at\/blog\/last-minute-osterdeko\/\"},\"author\":{\"name\":\"jbacher\",\"@id\":\"https:\/\/www.leeb-balkone.com\/at\/#\/schema\/person\/15f1f398efcf4703721e46c2136421fa\"},\"headline\":\"Last-minute Osterdeko\",\"datePublished\":\"2021-03-16T05:05:00+00:00\",\"dateModified\":\"2023-01-16T15:22:42+00:00\",\"mainEntityOfPage\":{\"@id\":\"https:\/\/www.leeb-balkone.com\/at\/blog\/last-minute-osterdeko\/\"},\"wordCount\":391,\"publisher\":{\"@id\":\"https:\/\/www.leeb-balkone.com\/at\/#organization\"},\"image\":{\"@id\":\"https:\/\/www.leeb-balkone.com\/at\/blog\/last-minute-osterdeko\/#primaryimage\"},\"thumbnailUrl\":\"https:\/\/www.leeb-balkone.com\/app\/uploads\/2021\/03\/ostereier-bemalen-last-minute-2-scaled.jpg\",\"articleSection\":[\"Ideen zum Selbermachen\"],\"inLanguage\":\"de-AT\"},{\"@type\":\"WebPage\",\"@id\":\"https:\/\/www.leeb-balkone.com\/at\/blog\/last-minute-osterdeko\/\",\"url\":\"https:\/\/www.leeb-balkone.com\/at\/blog\/last-minute-osterdeko\/\",\"name\":\"Last-minute Osterdeko - Leeb Balkone\",\"isPartOf\":{\"@id\":\"https:\/\/www.leeb-balkone.com\/at\/#website\"},\"primaryImageOfPage\":{\"@id\":\"https:\/\/www.leeb-balkone.com\/at\/blog\/last-minute-osterdeko\/#primaryimage\"},\"image\":{\"@id\":\"https:\/\/www.leeb-balkone.com\/at\/blog\/last-minute-osterdeko\/#primaryimage\"},\"thumbnailUrl\":\"https:\/\/www.leeb-balkone.com\/app\/uploads\/2021\/03\/ostereier-bemalen-last-minute-2-scaled.jpg\",\"datePublished\":\"2021-03-16T05:05:00+00:00\",\"dateModified\":\"2023-01-16T15:22:42+00:00\",\"description\":\"Zeit, den Balkon oder Garten \u00f6sterlich zu dekorieren! Man braucht nicht viel Material und Zeit, um sch\u00f6ne Deko f\u00fcr drau\u00dfen zu zaubern! Wir pr\u00e4sentieren: unsere Ideen f\u00fcr Last-minute Osterdeko, die sogar am kleinsten Balkon Platz findet!\",\"breadcrumb\":{\"@id\":\"https:\/\/www.leeb-balkone.com\/at\/blog\/last-minute-osterdeko\/#breadcrumb\"},\"inLanguage\":\"de-AT\",\"potentialAction\":[{\"@type\":\"ReadAction\",\"target\":[\"https:\/\/www.leeb-balkone.com\/at\/blog\/last-minute-osterdeko\/\"]}]},{\"@type\":\"ImageObject\",\"inLanguage\":\"de-AT\",\"@id\":\"https:\/\/www.leeb-balkone.com\/at\/blog\/last-minute-osterdeko\/#primaryimage\",\"url\":\"https:\/\/www.leeb-balkone.com\/app\/uploads\/2021\/03\/ostereier-bemalen-last-minute-2-scaled.jpg\",\"contentUrl\":\"https:\/\/www.leeb-balkone.com\/app\/uploads\/2021\/03\/ostereier-bemalen-last-minute-2-scaled.jpg\",\"width\":2560,\"height\":1707},{\"@type\":\"BreadcrumbList\",\"@id\":\"https:\/\/www.leeb-balkone.com\/at\/blog\/last-minute-osterdeko\/#breadcrumb\",\"itemListElement\":[{\"@type\":\"ListItem\",\"position\":1,\"name\":\"Home\",\"item\":\"https:\/\/www.leeb-balkone.com\/at\/\"},{\"@type\":\"ListItem\",\"position\":2,\"name\":\"Last-minute Osterdeko\"}]},{\"@type\":\"WebSite\",\"@id\":\"https:\/\/www.leeb-balkone.com\/at\/#website\",\"url\":\"https:\/\/www.leeb-balkone.com\/at\/\",\"name\":\"Leeb Balkone\",\"description\":\"Balkone und Z\u00e4une\",\"publisher\":{\"@id\":\"https:\/\/www.leeb-balkone.com\/at\/#organization\"},\"potentialAction\":[{\"@type\":\"SearchAction\",\"target\":{\"@type\":\"EntryPoint\",\"urlTemplate\":\"https:\/\/www.leeb-balkone.com\/at\/?s={search_term_string}\"},\"query-input\":{\"@type\":\"PropertyValueSpecification\",\"valueRequired\":true,\"valueName\":\"search_term_string\"}}],\"inLanguage\":\"de-AT\"},{\"@type\":\"Organization\",\"@id\":\"https:\/\/www.leeb-balkone.com\/at\/#organization\",\"name\":\"Leeb Balkone Gmbh\",\"url\":\"https:\/\/www.leeb-balkone.com\/at\/\",\"logo\":{\"@type\":\"ImageObject\",\"inLanguage\":\"de-AT\",\"@id\":\"https:\/\/www.leeb-balkone.com\/at\/#\/schema\/logo\/image\/\",\"url\":\"https:\/\/www.leeb-balkone.com\/app\/uploads\/2020\/11\/leeb-logo.svg\",\"contentUrl\":\"https:\/\/www.leeb-balkone.com\/app\/uploads\/2020\/11\/leeb-logo.svg\",\"width\":741,\"height\":204,\"caption\":\"Leeb Balkone Gmbh\"},\"image\":{\"@id\":\"https:\/\/www.leeb-balkone.com\/at\/#\/schema\/logo\/image\/\"},\"sameAs\":[\"https:\/\/www.facebook.com\/balkone\/\",\"https:\/\/www.trustedshops.at\/bewertung\/info_X4587CCF5833E31AFE0B11F47D86999F2.html\",\"https:\/\/www.trustedshops.de\/bewertung\/info_X7BA536A7A0BDC86D36C4718E4DCAEEEF.html\",\"https:\/\/www.google.com\/maps\/place\/?q=place_id:ChIJ5-zH19-IcEcR9HonWRTllHI\"]},{\"@type\":\"Person\",\"@id\":\"https:\/\/www.leeb-balkone.com\/at\/#\/schema\/person\/15f1f398efcf4703721e46c2136421fa\",\"name\":\"jbacher\"}]}<\/script>\n<!-- \/ Yoast SEO plugin. -->","yoast_head_json":{"title":"Last-minute Osterdeko - Leeb Balkone \u00d6sterreich","description":"Zeit, den Balkon oder Garten \u00f6sterlich zu dekorieren! Man braucht nicht viel Material und Zeit, um sch\u00f6ne Deko f\u00fcr drau\u00dfen zu zaubern! Wir pr\u00e4sentieren: unsere Ideen f\u00fcr Last-minute Osterdeko, die sogar am kleinsten Balkon Platz findet!","robots":{"index":"index","follow":"follow","max-snippet":"max-snippet:-1","max-image-preview":"max-image-preview:large","max-video-preview":"max-video-preview:-1"},"og_locale":"de_DE","og_type":"article","og_title":"Last-minute Osterdeko - Leeb Balkone","og_description":"Zeit, den Balkon oder Garten \u00f6sterlich zu dekorieren! Man braucht nicht viel Material und Zeit, um sch\u00f6ne Deko f\u00fcr drau\u00dfen zu zaubern! Wir pr\u00e4sentieren: unsere Ideen f\u00fcr Last-minute Osterdeko, die sogar am kleinsten Balkon Platz findet!","og_url":"https:\/\/www.leeb-balkone.com\/at\/blog\/last-minute-osterdeko\/","og_site_name":"Leeb Balkone","article_publisher":"https:\/\/www.facebook.com\/balkone\/","article_published_time":"2021-03-16T05:05:00+00:00","article_modified_time":"2023-01-16T15:22:42+00:00","og_image":[{"width":2560,"height":1707,"url":"https:\/\/www.leeb-balkone.com\/app\/uploads\/2021\/03\/ostereier-bemalen-last-minute-2-scaled.jpg","type":"image\/jpeg"}],"author":"jbacher","twitter_card":"summary_large_image","schema":{"@context":"https:\/\/schema.org","@graph":[{"@type":"Article","@id":"https:\/\/www.leeb-balkone.com\/at\/blog\/last-minute-osterdeko\/#article","isPartOf":{"@id":"https:\/\/www.leeb-balkone.com\/at\/blog\/last-minute-osterdeko\/"},"author":{"name":"jbacher","@id":"https:\/\/www.leeb-balkone.com\/at\/#\/schema\/person\/15f1f398efcf4703721e46c2136421fa"},"headline":"Last-minute Osterdeko","datePublished":"2021-03-16T05:05:00+00:00","dateModified":"2023-01-16T15:22:42+00:00","mainEntityOfPage":{"@id":"https:\/\/www.leeb-balkone.com\/at\/blog\/last-minute-osterdeko\/"},"wordCount":391,"publisher":{"@id":"https:\/\/www.leeb-balkone.com\/at\/#organization"},"image":{"@id":"https:\/\/www.leeb-balkone.com\/at\/blog\/last-minute-osterdeko\/#primaryimage"},"thumbnailUrl":"https:\/\/www.leeb-balkone.com\/app\/uploads\/2021\/03\/ostereier-bemalen-last-minute-2-scaled.jpg","articleSection":["Ideen zum Selbermachen"],"inLanguage":"de-AT"},{"@type":"WebPage","@id":"https:\/\/www.leeb-balkone.com\/at\/blog\/last-minute-osterdeko\/","url":"https:\/\/www.leeb-balkone.com\/at\/blog\/last-minute-osterdeko\/","name":"Last-minute Osterdeko - Leeb Balkone","isPartOf":{"@id":"https:\/\/www.leeb-balkone.com\/at\/#website"},"primaryImageOfPage":{"@id":"https:\/\/www.leeb-balkone.com\/at\/blog\/last-minute-osterdeko\/#primaryimage"},"image":{"@id":"https:\/\/www.leeb-balkone.com\/at\/blog\/last-minute-osterdeko\/#primaryimage"},"thumbnailUrl":"https:\/\/www.leeb-balkone.com\/app\/uploads\/2021\/03\/ostereier-bemalen-last-minute-2-scaled.jpg","datePublished":"2021-03-16T05:05:00+00:00","dateModified":"2023-01-16T15:22:42+00:00","description":"Zeit, den Balkon oder Garten \u00f6sterlich zu dekorieren! Man braucht nicht viel Material und Zeit, um sch\u00f6ne Deko f\u00fcr drau\u00dfen zu zaubern! Wir pr\u00e4sentieren: unsere Ideen f\u00fcr Last-minute Osterdeko, die sogar am kleinsten Balkon Platz findet!","breadcrumb":{"@id":"https:\/\/www.leeb-balkone.com\/at\/blog\/last-minute-osterdeko\/#breadcrumb"},"inLanguage":"de-AT","potentialAction":[{"@type":"ReadAction","target":["https:\/\/www.leeb-balkone.com\/at\/blog\/last-minute-osterdeko\/"]}]},{"@type":"ImageObject","inLanguage":"de-AT","@id":"https:\/\/www.leeb-balkone.com\/at\/blog\/last-minute-osterdeko\/#primaryimage","url":"https:\/\/www.leeb-balkone.com\/app\/uploads\/2021\/03\/ostereier-bemalen-last-minute-2-scaled.jpg","contentUrl":"https:\/\/www.leeb-balkone.com\/app\/uploads\/2021\/03\/ostereier-bemalen-last-minute-2-scaled.jpg","width":2560,"height":1707},{"@type":"BreadcrumbList","@id":"https:\/\/www.leeb-balkone.com\/at\/blog\/last-minute-osterdeko\/#breadcrumb","itemListElement":[{"@type":"ListItem","position":1,"name":"Home","item":"https:\/\/www.leeb-balkone.com\/at\/"},{"@type":"ListItem","position":2,"name":"Last-minute Osterdeko"}]},{"@type":"WebSite","@id":"https:\/\/www.leeb-balkone.com\/at\/#website","url":"https:\/\/www.leeb-balkone.com\/at\/","name":"Leeb Balkone","description":"Balkone und Z\u00e4une","publisher":{"@id":"https:\/\/www.leeb-balkone.com\/at\/#organization"},"potentialAction":[{"@type":"SearchAction","target":{"@type":"EntryPoint","urlTemplate":"https:\/\/www.leeb-balkone.com\/at\/?s={search_term_string}"},"query-input":{"@type":"PropertyValueSpecification","valueRequired":true,"valueName":"search_term_string"}}],"inLanguage":"de-AT"},{"@type":"Organization","@id":"https:\/\/www.leeb-balkone.com\/at\/#organization","name":"Leeb Balkone Gmbh","url":"https:\/\/www.leeb-balkone.com\/at\/","logo":{"@type":"ImageObject","inLanguage":"de-AT","@id":"https:\/\/www.leeb-balkone.com\/at\/#\/schema\/logo\/image\/","url":"https:\/\/www.leeb-balkone.com\/app\/uploads\/2020\/11\/leeb-logo.svg","contentUrl":"https:\/\/www.leeb-balkone.com\/app\/uploads\/2020\/11\/leeb-logo.svg","width":741,"height":204,"caption":"Leeb Balkone Gmbh"},"image":{"@id":"https:\/\/www.leeb-balkone.com\/at\/#\/schema\/logo\/image\/"},"sameAs":["https:\/\/www.facebook.com\/balkone\/","https:\/\/www.trustedshops.at\/bewertung\/info_X4587CCF5833E31AFE0B11F47D86999F2.html","https:\/\/www.trustedshops.de\/bewertung\/info_X7BA536A7A0BDC86D36C4718E4DCAEEEF.html","https:\/\/www.google.com\/maps\/place\/?q=place_id:ChIJ5-zH19-IcEcR9HonWRTllHI"]},{"@type":"Person","@id":"https:\/\/www.leeb-balkone.com\/at\/#\/schema\/person\/15f1f398efcf4703721e46c2136421fa","name":"jbacher"}]}},"_links":{"self":[{"href":"https:\/\/www.leeb-balkone.com\/at\/wp-json\/wp\/v2\/posts\/18863","targetHints":{"allow":["GET"]}}],"collection":[{"href":"https:\/\/www.leeb-balkone.com\/at\/wp-json\/wp\/v2\/posts"}],"about":[{"href":"https:\/\/www.leeb-balkone.com\/at\/wp-json\/wp\/v2\/types\/post"}],"author":[{"embeddable":true,"href":"https:\/\/www.leeb-balkone.com\/at\/wp-json\/wp\/v2\/users\/3"}],"replies":[{"embeddable":true,"href":"https:\/\/www.leeb-balkone.com\/at\/wp-json\/wp\/v2\/comments?post=18863"}],"version-history":[{"count":0,"href":"https:\/\/www.leeb-balkone.com\/at\/wp-json\/wp\/v2\/posts\/18863\/revisions"}],"wp:featuredmedia":[{"embeddable":true,"href":"https:\/\/www.leeb-balkone.com\/at\/wp-json\/wp\/v2\/media\/29169"}],"wp:attachment":[{"href":"https:\/\/www.leeb-balkone.com\/at\/wp-json\/wp\/v2\/media?parent=18863"}],"wp:term":[{"taxonomy":"category","embeddable":true,"href":"https:\/\/www.leeb-balkone.com\/at\/wp-json\/wp\/v2\/categories?post=18863"},{"taxonomy":"post_tag","embeddable":true,"href":"https:\/\/www.leeb-balkone.com\/at\/wp-json\/wp\/v2\/tags?post=18863"},{"taxonomy":"post_folder","embeddable":true,"href":"https:\/\/www.leeb-balkone.com\/at\/wp-json\/wp\/v2\/post_folder?post=18863"}],"curies":[{"name":"wp","href":"https:\/\/api.w.org\/{rel}","templated":true}]}}