{"id":18847,"date":"2020-08-30T06:44:02","date_gmt":"2020-08-30T06:44:02","guid":{"rendered":"https:\/\/www.leeb-balkone.com\/de\/blog\/farbwelten-balkon-farbe\/"},"modified":"2026-01-20T08:57:08","modified_gmt":"2026-01-20T08:57:08","slug":"farbwelten-balkon-farbe","status":"publish","type":"post","link":"https:\/\/www.leeb-balkone.com\/at\/blog\/farbwelten-balkon-farbe\/","title":{"rendered":"FARBWELTEN \u2013 der Weg zur perfekten Balkon-Farbe"},"content":{"rendered":"<header data-block_acf-block-696f435b2a485 class=\"c-fh  l-mh-small c-fh--hero c-grad-l2r c-fh--div none\">\n      <img loading=\"lazy\" decoding=\"async\" width=\"2560\" height=\"1918\" src=\"https:\/\/www.leeb-balkone.com\/app\/uploads\/2020\/09\/alu-balkon-wohnungswirtschaft.jpg\" class=\"no-lazy\" alt=\"Farbenfrohe Wohnanlage mit neuen Anbaubalkonen aus Aluminium\" srcset=\"https:\/\/www.leeb-balkone.com\/app\/uploads\/2020\/09\/alu-balkon-wohnungswirtschaft.jpg 2560w, https:\/\/www.leeb-balkone.com\/app\/uploads\/2020\/09\/alu-balkon-wohnungswirtschaft-300x225.jpg 300w, https:\/\/www.leeb-balkone.com\/app\/uploads\/2020\/09\/alu-balkon-wohnungswirtschaft-1024x767.jpg 1024w, https:\/\/www.leeb-balkone.com\/app\/uploads\/2020\/09\/alu-balkon-wohnungswirtschaft-768x575.jpg 768w, https:\/\/www.leeb-balkone.com\/app\/uploads\/2020\/09\/alu-balkon-wohnungswirtschaft-1536x1151.jpg 1536w, https:\/\/www.leeb-balkone.com\/app\/uploads\/2020\/09\/alu-balkon-wohnungswirtschaft-2048x1534.jpg 2048w\" sizes=\"auto, (min-width: 1536px) 2048px, (min-width: 992px) 1536px, (min-width: 768px) 1024px, (min-width: 576px) 768px, 100vw\" \/>\n\n\n<div class=\"grid-container\">\n  <div class=\"grid-x\">\n    <div class=\"cell small-12 medium-6 medium-offset-1\">\n      <div class=\"c-fh__wrapper\">\n              <\/div>\n    <\/div>\n  <\/div>\n<\/div>\n  \n    \n    <\/header>\n\n\n  \n  <section class=\"wp-block-group alignfull t3-header u-max-wide t3-header-text has-white-background-color has-background has-global-padding is-layout-constrained wp-block-group-is-layout-constrained\">\n    <div class=\"wp-block-group o-grid u-md-1 u-sm-1 is-layout-flow wp-block-group-is-layout-flow\">\n  <div class=\"wp-block-group u-g-10 u-g-s-2\">\n      <div class=\"yoast-breadcrumbs\"><span><span><a href=\"https:\/\/www.leeb-balkone.com\/at\/\">Home<\/a><\/span><\/span><\/div>\n      \n    <h1>FARBWELTEN \u2013 der Weg zur perfekten Balkon-Farbe<\/h1>\n  <\/div>\n<\/div>\n  <\/section>\n\n\n\n\n\n\n<section class=\"wp-block-cgb-t3-section-block alignfull b-pt-small  is-style-bg-white\" style=\"display:inherit;min-height:inherit\">\n<div class=\"wp-block-cgb-t3-container-block none\" style=\"background-color:none\"><div class=\"grid-container\"><div class=\"grid-x\"><div class=\"cell small-12 medium-9 large-0 medium-offset-1 b-has-lsmb\">\n<blockquote class=\"wp-block-quote is-layout-flow wp-block-quote-is-layout-flow\">\n<p><em>\u201eEs sind Harmonien und Kontraste in den Farben verborgen, die ganz von selbst zusammenwirken.\u201c (Vincent van Gogh)<\/em><\/p>\n<\/blockquote>\n\n\n\n<p>Wie Vincent van Gogh einst sagte, passen Farben ganz nat\u00fcrlich zusammen. Ohne, dass man viel dar\u00fcber nachdenken muss. Wer sich einen Leeb Balkon oder Zaun anschaffen m\u00f6chte, der wird gleich zu Beginn vor die Frage gestellt:&nbsp;<strong>Welche Farbe soll es denn werden?<\/strong><\/p>\n<\/div><\/div><\/div><\/div>\n\n\n\n<div class=\"wp-block-cgb-t3-container-block none\" style=\"background-color:none\"><div class=\"grid-container\"><div class=\"grid-x\"><div class=\"cell small-12 medium-9 large-0 medium-offset-1 b-has-lsmb\">\n<h2 class=\"wp-block-heading\">Einfach sch\u00f6n gestalten<\/h2>\n\n\n\n<p>Ton in Ton oder doch lieber eine Kombination aus Komplement\u00e4rfarben? Erst der richtige Einsatz verschiedener Farbnuancen verleiht Ihrem Haus eine ganz besondere Note und kann f\u00fcr Anmut und Eleganz sorgen. Wir laden Sie auf eine Farbexkursion ein. Von k\u00fchlen Graut\u00f6nen bis hin zu Aluminium in Holzoptik. So treffen Sie bestimmt den richtigen Farbton.<\/p>\n\n\n\n<h2 class=\"wp-block-heading\">Das perfekte Farbenspiel<\/h2>\n\n\n\n<p>Einf\u00e4rbig oder aufregender Kontrast \u2013 auf die passende Farbfolge kommt es an. Anders als im Interieur-Design setzt man hier nicht auf&nbsp;Farbkonzepte f\u00fcr einzelne R\u00e4ume. Vielmehr ist die Farbgebung ganzheitlich. Der Zaun bildet den Rahmen f\u00fcr Ihr Anwesen, der Balkon versch\u00f6nert Ihr Haus und manchmal auch die gesamte Nachbarschaft. Hier setzt man auf Best\u00e4ndigkeit und Stil. Schaffen Sie eine angenehme Ton-in-Ton-Kombination und sch\u00f6pfen Sie dabei die gesamte Hell-Dunkel-Bandbreite der Farbe aus. Helle Nuancen eignen sich f\u00fcr Fl\u00e4chen, die Licht reflektieren sollen, dunkle Nuancen hingegen heben sich optimal ab und sorgen f\u00fcr reizvolle Akzente.<\/p>\n<\/div><\/div><\/div><\/div>\n\n\n<div class=\"b-carousel  band slider\" data-block_acf-block-696f435b2a4a7>\n  <div class=\"slides\">\n          <div>\n\n\n\n  \n    \n          \n\n              \n        \n\n        <img loading=\"lazy\" decoding=\"async\" width=\"1024\" height=\"767\" src=\"https:\/\/www.leeb-balkone.com\/app\/uploads\/2020\/09\/alu-balkon-wohnungswirtschaft-1024x767.jpg\" class=\"no-lazy\" alt=\"Wohnungswirtschaft - Alubalkone als Wertsteigerung der Immobilie\" srcset=\"https:\/\/www.leeb-balkone.com\/app\/uploads\/2020\/09\/alu-balkon-wohnungswirtschaft-1024x767.jpg 1024w, https:\/\/www.leeb-balkone.com\/app\/uploads\/2020\/09\/alu-balkon-wohnungswirtschaft-300x225.jpg 300w, https:\/\/www.leeb-balkone.com\/app\/uploads\/2020\/09\/alu-balkon-wohnungswirtschaft-768x575.jpg 768w, https:\/\/www.leeb-balkone.com\/app\/uploads\/2020\/09\/alu-balkon-wohnungswirtschaft-1536x1151.jpg 1536w, https:\/\/www.leeb-balkone.com\/app\/uploads\/2020\/09\/alu-balkon-wohnungswirtschaft-2048x1534.jpg 2048w\" sizes=\"auto, (min-width: 1200px) 1024px, (min-width: 1024px) 768px, (min-width: 640px) 768px, 768px\" \/>        \n            \n          \n  <\/div>\n\n          <div>\n\n\n\n  \n    \n          \n\n              \n        \n\n        <img loading=\"lazy\" decoding=\"async\" width=\"1024\" height=\"692\" src=\"https:\/\/www.leeb-balkone.com\/app\/uploads\/2020\/09\/balkongelaender-alu-classic-kitzbuehel-6-1024x692.jpg\" class=\"no-lazy\" alt=\"Gro\u00dfer Garten mit Pool und Alu Classic Kitzb\u00fchel Balkongel\u00e4nder\" srcset=\"https:\/\/www.leeb-balkone.com\/app\/uploads\/2020\/09\/balkongelaender-alu-classic-kitzbuehel-6-1024x691.jpg 1024w, https:\/\/www.leeb-balkone.com\/app\/uploads\/2020\/09\/balkongelaender-alu-classic-kitzbuehel-6-300x203.jpg 300w, https:\/\/www.leeb-balkone.com\/app\/uploads\/2020\/09\/balkongelaender-alu-classic-kitzbuehel-6-768x519.jpg 768w, https:\/\/www.leeb-balkone.com\/app\/uploads\/2020\/09\/balkongelaender-alu-classic-kitzbuehel-6-1536x1037.jpg 1536w, https:\/\/www.leeb-balkone.com\/app\/uploads\/2020\/09\/balkongelaender-alu-classic-kitzbuehel-6-2048x1383.jpg 2048w, https:\/\/www.leeb-balkone.com\/app\/uploads\/2020\/09\/balkongelaender-alu-classic-kitzbuehel-6-400x270.jpg 400w\" sizes=\"auto, (min-width: 1200px) 1024px, (min-width: 1024px) 768px, (min-width: 640px) 768px, 768px\" \/>        \n            \n          \n  <\/div>\n\n          <div>\n\n\n\n  \n    \n          \n\n              \n        \n\n        <img loading=\"lazy\" decoding=\"async\" width=\"1024\" height=\"613\" src=\"https:\/\/www.leeb-balkone.com\/app\/uploads\/2020\/07\/balkon-alu-design-paris-8-1024x613.jpg\" class=\"no-lazy\" alt=\"Sonniges Haus mit Alu Design Paris Balkongel\u00e4nder\" srcset=\"https:\/\/www.leeb-balkone.com\/app\/uploads\/2020\/07\/balkon-alu-design-paris-8-1024x613.jpg 1024w, https:\/\/www.leeb-balkone.com\/app\/uploads\/2020\/07\/balkon-alu-design-paris-8-300x179.jpg 300w, https:\/\/www.leeb-balkone.com\/app\/uploads\/2020\/07\/balkon-alu-design-paris-8-768x459.jpg 768w, https:\/\/www.leeb-balkone.com\/app\/uploads\/2020\/07\/balkon-alu-design-paris-8-1536x919.jpg 1536w, https:\/\/www.leeb-balkone.com\/app\/uploads\/2020\/07\/balkon-alu-design-paris-8-2048x1225.jpg 2048w\" sizes=\"auto, (min-width: 1200px) 1024px, (min-width: 1024px) 768px, (min-width: 640px) 768px, 768px\" \/>        \n            \n          \n  <\/div>\n\n          <div>\n\n\n\n  \n    \n          \n\n              \n        \n\n        <img loading=\"lazy\" decoding=\"async\" width=\"1024\" height=\"683\" src=\"https:\/\/www.leeb-balkone.com\/app\/uploads\/2020\/06\/Banner_3_Villach-40-1024x683.jpg\" class=\"no-lazy\" alt=\"Neu renoviertes Wohnhaus mit Alu Design Villach Balkon\" srcset=\"https:\/\/www.leeb-balkone.com\/app\/uploads\/2020\/06\/Banner_3_Villach-40-1024x683.jpg 1024w, https:\/\/www.leeb-balkone.com\/app\/uploads\/2020\/06\/Banner_3_Villach-40-300x200.jpg 300w, https:\/\/www.leeb-balkone.com\/app\/uploads\/2020\/06\/Banner_3_Villach-40-768x512.jpg 768w, https:\/\/www.leeb-balkone.com\/app\/uploads\/2020\/06\/Banner_3_Villach-40-1536x1024.jpg 1536w, https:\/\/www.leeb-balkone.com\/app\/uploads\/2020\/06\/Banner_3_Villach-40-2048x1366.jpg 2048w\" sizes=\"auto, (min-width: 1200px) 1024px, (min-width: 1024px) 768px, (min-width: 640px) 768px, 768px\" \/>        \n            \n          \n  <\/div>\n\n          <div>\n\n\n\n  \n    \n          \n\n              \n        \n\n        <img loading=\"lazy\" decoding=\"async\" width=\"1024\" height=\"721\" src=\"https:\/\/www.leeb-balkone.com\/app\/uploads\/2020\/07\/balkon-alu-classic-zuerich-3-1024x721.jpg\" class=\"no-lazy\" alt=\"Modernes Einfamilienhaus mit Alu Classic Z\u00fcrich Balkongel\u00e4nder\" srcset=\"https:\/\/www.leeb-balkone.com\/app\/uploads\/2020\/07\/balkon-alu-classic-zuerich-3-1024x721.jpg 1024w, https:\/\/www.leeb-balkone.com\/app\/uploads\/2020\/07\/balkon-alu-classic-zuerich-3-300x211.jpg 300w, https:\/\/www.leeb-balkone.com\/app\/uploads\/2020\/07\/balkon-alu-classic-zuerich-3-768x540.jpg 768w, https:\/\/www.leeb-balkone.com\/app\/uploads\/2020\/07\/balkon-alu-classic-zuerich-3-1536x1081.jpg 1536w, https:\/\/www.leeb-balkone.com\/app\/uploads\/2020\/07\/balkon-alu-classic-zuerich-3-2048x1441.jpg 2048w\" sizes=\"auto, (min-width: 1200px) 1024px, (min-width: 1024px) 768px, (min-width: 640px) 768px, 768px\" \/>        \n            \n          \n  <\/div>\n\n          <div>\n\n\n\n  \n    \n          \n\n              \n        \n\n        <img loading=\"lazy\" decoding=\"async\" width=\"1024\" height=\"721\" src=\"https:\/\/www.leeb-balkone.com\/app\/uploads\/2020\/07\/anbaubalkon-21-1024x721.jpg\" class=\"no-lazy\" alt=\"Blick auf das Goldeck mit Alu-Anbaubalkon\" srcset=\"https:\/\/www.leeb-balkone.com\/app\/uploads\/2020\/07\/anbaubalkon-21-1024x721.jpg 1024w, https:\/\/www.leeb-balkone.com\/app\/uploads\/2020\/07\/anbaubalkon-21-300x211.jpg 300w, https:\/\/www.leeb-balkone.com\/app\/uploads\/2020\/07\/anbaubalkon-21-768x540.jpg 768w, https:\/\/www.leeb-balkone.com\/app\/uploads\/2020\/07\/anbaubalkon-21-1536x1081.jpg 1536w, https:\/\/www.leeb-balkone.com\/app\/uploads\/2020\/07\/anbaubalkon-21-2048x1441.jpg 2048w\" sizes=\"auto, (min-width: 1200px) 1024px, (min-width: 1024px) 768px, (min-width: 640px) 768px, 768px\" \/>        \n            \n          \n  <\/div>\n\n      <\/div>\n\n<\/div>\n\n\n\n<div class=\"wp-block-cgb-t3-container-block none\" style=\"background-color:none\"><div class=\"grid-container\"><div class=\"grid-x\"><div class=\"cell small-12 medium-9 large-0 medium-offset-1 b-has-lsmb\">\n<h2 class=\"wp-block-heading\">DO\u2019s &amp; DONT\u2018s<\/h2>\n\n\n\n<ul class=\"wp-block-list\">\n<li>Damit es nicht zu bunt wird, erg\u00e4nzen Sie Ihr Farbkonzept um neutrale Farben. Die meisten Erdt\u00f6ne sind gute Farbpartner und g\u00f6nnen unserem Auge etwas Erholung. Beispiele daf\u00fcr sind Braun, Wei\u00df, Creme und Grau in allen Schattierungen. Mixen Sie generell nicht zu viele Farben. Das wirkt aufdringlich und unruhig f\u00fcr das Auge.<\/li>\n\n\n\n<li>Bauverordnungen in Wohnsiedlungen k\u00f6nnten Farbgebungen einschr\u00e4nken. Besondere Vorsicht gilt mit kr\u00e4ftigen Farben!<\/li>\n\n\n\n<li>Die Farbgebung bestehender Elemente am Haus wie z.B. Dach, Fenster &amp; Garagentor sollten bedacht werden.<\/li>\n\n\n\n<li>Auf umliegende Farben achten! Zum Beispiel k\u00f6nnten Gr\u00fcnt\u00f6ne nicht mit dem Gr\u00fcn des dahinterliegenden Waldes harmonieren.<\/li>\n\n\n\n<li>Gro\u00dfe Fl\u00e4chen vertragen Kontrast! Jedoch werden niedrige oder schmale Bauten durch helle Farben optisch gestreckt.<\/li>\n<\/ul>\n<\/div><\/div><\/div><\/div>\n\n\n\n<div class=\"wp-block-cgb-t3-container-block none\" style=\"background-color:none\"><div class=\"grid-container\"><div class=\"grid-x\"><div class=\"cell small-12 medium-0 large-0\"><div id=\"lightgallery-block_acf-block-696f435b2a4bb\" data-block_acf-block-696f435b2a4bb class=\"has-2-imgs b-cards b-cards--gallery u-grid-temp has-2-cols u-md-2 u-sm-1 wp-block-group is-layout-grid wp-block-group-is-layout-grid gallery alignwide\">\n\n        <div class=\"b-cards__item\">\n\n        \n      <figure>\n                 <img loading=\"lazy\" decoding=\"async\" width=\"1024\" height=\"683\" src=\"https:\/\/www.leeb-balkone.com\/app\/uploads\/2020\/08\/farbfaecher-ral-farben-1024x683.jpg\" class=\"attachment-large size-large\" alt=\"farbfaecher ral farben\" srcset=\"https:\/\/www.leeb-balkone.com\/app\/uploads\/2020\/08\/farbfaecher-ral-farben-1024x683.jpg 1024w, https:\/\/www.leeb-balkone.com\/app\/uploads\/2020\/08\/farbfaecher-ral-farben-300x200.jpg 300w, https:\/\/www.leeb-balkone.com\/app\/uploads\/2020\/08\/farbfaecher-ral-farben-768x512.jpg 768w, https:\/\/www.leeb-balkone.com\/app\/uploads\/2020\/08\/farbfaecher-ral-farben-1536x1024.jpg 1536w, https:\/\/www.leeb-balkone.com\/app\/uploads\/2020\/08\/farbfaecher-ral-farben-2048x1366.jpg 2048w\" sizes=\"auto, (min-width: 1200px) 1024px, (min-width: 1024px) 768px, (min-width: 640px) 768px, 768px\" \/>              <\/figure>\n\n                  \n  \n<\/div>\n\n        <div class=\"b-cards__item\">\n\n        \n      <figure>\n                 <img loading=\"lazy\" decoding=\"async\" width=\"940\" height=\"703\" src=\"https:\/\/www.leeb-balkone.com\/app\/uploads\/2020\/08\/planungsservice.jpg\" class=\"attachment-large size-large\" alt=\"Pers\u00f6nliche und fachm\u00e4nnische Beratung der Firma Leeb Balkone\" srcset=\"https:\/\/www.leeb-balkone.com\/app\/uploads\/2020\/08\/planungsservice.jpg 940w, https:\/\/www.leeb-balkone.com\/app\/uploads\/2020\/08\/planungsservice-300x224.jpg 300w, https:\/\/www.leeb-balkone.com\/app\/uploads\/2020\/08\/planungsservice-768x574.jpg 768w\" sizes=\"auto, (min-width: 1200px) 1024px, (min-width: 1024px) 768px, (min-width: 640px) 768px, 768px\" \/>              <\/figure>\n\n                  \n  \n<\/div>\n\n    <\/div>\n\n<\/div><\/div><\/div><\/div>\n\n\n\n<div class=\"wp-block-cgb-t3-container-block none\" style=\"background-color:none\"><div class=\"grid-container\"><div class=\"grid-x\"><div class=\"cell small-12 medium-9 large-0 medium-offset-1 b-has-lsmb\">\n<p>Mit diesen Tipps wird Ihnen die Farbwahl bestimmt leichter fallen. Und wenn nicht? Dann steht Ihnen Ihr\u00a0<a href=\"https:\/\/www.leeb-balkone.com\/at\/vertriebspartner\/\">Leeb-Partner<\/a>\u00a0gerne zu Seite, um den idealen Farbton f\u00fcr Ihren Balkon oder Zaun zu finden.<\/p>\n<\/div><\/div><\/div><\/div>\n<\/section>\n\n\n\n<p><\/p>\n","protected":false},"excerpt":{"rendered":"<p>Wie Vincent van Gogh einst sagte, passen Farben ganz nat\u00fcrlich zusammen. Ohne, dass man viel dar\u00fcber nachdenken muss. Wer sich einen Leeb Balkon oder Zaun anschaffen m\u00f6chte, der wird gleich zu Beginn vor die Frage gestellt: Welche Farbe soll es denn werden?<\/p>\n","protected":false},"author":3,"featured_media":6423,"comment_status":"closed","ping_status":"open","sticky":false,"template":"","format":"standard","meta":{"_acf_changed":false,"footnotes":""},"categories":[162,158,163],"tags":[],"post_folder":[],"class_list":["post-18847","post","type-post","status-publish","format-standard","has-post-thumbnail","hentry","category-balkonbau-mit-leeb","category-balkongestaltung","category-technik-innovation"],"acf":[],"yoast_head":"<!-- This site is optimized with the Yoast SEO plugin v27.2 - https:\/\/yoast.com\/product\/yoast-seo-wordpress\/ -->\n<title>FARBWELTEN \u2013 der Weg zur perfekten Balkon-Farbe - Leeb Balkone \u00d6sterreich<\/title>\n<meta name=\"description\" content=\"Wie Vincent van Gogh einst sagte, passen Farben ganz nat\u00fcrlich zusammen. Ohne, dass man viel dar\u00fcber nachdenken muss. Wer sich einen Leeb Balkon oder Zaun anschaffen m\u00f6chte, der wird gleich zu Beginn vor die Frage gestellt: Welche Farbe soll es denn werden?\" \/>\n<meta name=\"robots\" content=\"index, follow, max-snippet:-1, max-image-preview:large, max-video-preview:-1\" \/>\n<meta property=\"og:locale\" content=\"de_DE\" \/>\n<meta property=\"og:type\" content=\"article\" \/>\n<meta property=\"og:title\" content=\"FARBWELTEN \u2013 der Weg zur perfekten Balkon-Farbe - Leeb Balkone\" \/>\n<meta property=\"og:description\" content=\"Wie Vincent van Gogh einst sagte, passen Farben ganz nat\u00fcrlich zusammen. Ohne, dass man viel dar\u00fcber nachdenken muss. Wer sich einen Leeb Balkon oder Zaun anschaffen m\u00f6chte, der wird gleich zu Beginn vor die Frage gestellt: Welche Farbe soll es denn werden?\" \/>\n<meta property=\"og:url\" content=\"https:\/\/www.leeb-balkone.com\/at\/blog\/farbwelten-balkon-farbe\/\" \/>\n<meta property=\"og:site_name\" content=\"Leeb Balkone\" \/>\n<meta property=\"article:publisher\" content=\"https:\/\/www.facebook.com\/balkone\/\" \/>\n<meta property=\"article:published_time\" content=\"2020-08-30T06:44:02+00:00\" \/>\n<meta property=\"article:modified_time\" content=\"2026-01-20T08:57:08+00:00\" \/>\n<meta property=\"og:image\" content=\"https:\/\/www.leeb-balkone.com\/app\/uploads\/2020\/09\/alu-balkon-wohnungswirtschaft.jpg\" \/>\n\t<meta property=\"og:image:width\" content=\"2560\" \/>\n\t<meta property=\"og:image:height\" content=\"1918\" \/>\n\t<meta property=\"og:image:type\" content=\"image\/jpeg\" \/>\n<meta name=\"author\" content=\"jbacher\" \/>\n<meta name=\"twitter:card\" content=\"summary_large_image\" \/>\n<script type=\"application\/ld+json\" class=\"yoast-schema-graph\">{\"@context\":\"https:\/\/schema.org\",\"@graph\":[{\"@type\":\"Article\",\"@id\":\"https:\/\/www.leeb-balkone.com\/at\/blog\/farbwelten-balkon-farbe\/#article\",\"isPartOf\":{\"@id\":\"https:\/\/www.leeb-balkone.com\/at\/blog\/farbwelten-balkon-farbe\/\"},\"author\":{\"name\":\"jbacher\",\"@id\":\"https:\/\/www.leeb-balkone.com\/at\/#\/schema\/person\/15f1f398efcf4703721e46c2136421fa\"},\"headline\":\"FARBWELTEN \u2013 der Weg zur perfekten Balkon-Farbe\",\"datePublished\":\"2020-08-30T06:44:02+00:00\",\"dateModified\":\"2026-01-20T08:57:08+00:00\",\"mainEntityOfPage\":{\"@id\":\"https:\/\/www.leeb-balkone.com\/at\/blog\/farbwelten-balkon-farbe\/\"},\"wordCount\":398,\"publisher\":{\"@id\":\"https:\/\/www.leeb-balkone.com\/at\/#organization\"},\"image\":{\"@id\":\"https:\/\/www.leeb-balkone.com\/at\/blog\/farbwelten-balkon-farbe\/#primaryimage\"},\"thumbnailUrl\":\"https:\/\/www.leeb-balkone.com\/app\/uploads\/2020\/09\/alu-balkon-wohnungswirtschaft.jpg\",\"articleSection\":[\"Balkonbau mit Leeb\",\"Balkongestaltung\",\"Technik &amp; Innovation\"],\"inLanguage\":\"de-AT\"},{\"@type\":\"WebPage\",\"@id\":\"https:\/\/www.leeb-balkone.com\/at\/blog\/farbwelten-balkon-farbe\/\",\"url\":\"https:\/\/www.leeb-balkone.com\/at\/blog\/farbwelten-balkon-farbe\/\",\"name\":\"FARBWELTEN \u2013 der Weg zur perfekten Balkon-Farbe - Leeb Balkone\",\"isPartOf\":{\"@id\":\"https:\/\/www.leeb-balkone.com\/at\/#website\"},\"primaryImageOfPage\":{\"@id\":\"https:\/\/www.leeb-balkone.com\/at\/blog\/farbwelten-balkon-farbe\/#primaryimage\"},\"image\":{\"@id\":\"https:\/\/www.leeb-balkone.com\/at\/blog\/farbwelten-balkon-farbe\/#primaryimage\"},\"thumbnailUrl\":\"https:\/\/www.leeb-balkone.com\/app\/uploads\/2020\/09\/alu-balkon-wohnungswirtschaft.jpg\",\"datePublished\":\"2020-08-30T06:44:02+00:00\",\"dateModified\":\"2026-01-20T08:57:08+00:00\",\"description\":\"Wie Vincent van Gogh einst sagte, passen Farben ganz nat\u00fcrlich zusammen. Ohne, dass man viel dar\u00fcber nachdenken muss. Wer sich einen Leeb Balkon oder Zaun anschaffen m\u00f6chte, der wird gleich zu Beginn vor die Frage gestellt: Welche Farbe soll es denn werden?\",\"breadcrumb\":{\"@id\":\"https:\/\/www.leeb-balkone.com\/at\/blog\/farbwelten-balkon-farbe\/#breadcrumb\"},\"inLanguage\":\"de-AT\",\"potentialAction\":[{\"@type\":\"ReadAction\",\"target\":[\"https:\/\/www.leeb-balkone.com\/at\/blog\/farbwelten-balkon-farbe\/\"]}]},{\"@type\":\"ImageObject\",\"inLanguage\":\"de-AT\",\"@id\":\"https:\/\/www.leeb-balkone.com\/at\/blog\/farbwelten-balkon-farbe\/#primaryimage\",\"url\":\"https:\/\/www.leeb-balkone.com\/app\/uploads\/2020\/09\/alu-balkon-wohnungswirtschaft.jpg\",\"contentUrl\":\"https:\/\/www.leeb-balkone.com\/app\/uploads\/2020\/09\/alu-balkon-wohnungswirtschaft.jpg\",\"width\":2560,\"height\":1918,\"caption\":\"Wohnungswirtschaft - Alubalkone als Wertsteigerung der Immobilie\"},{\"@type\":\"BreadcrumbList\",\"@id\":\"https:\/\/www.leeb-balkone.com\/at\/blog\/farbwelten-balkon-farbe\/#breadcrumb\",\"itemListElement\":[{\"@type\":\"ListItem\",\"position\":1,\"name\":\"Home\",\"item\":\"https:\/\/www.leeb-balkone.com\/at\/\"},{\"@type\":\"ListItem\",\"position\":2,\"name\":\"FARBWELTEN \u2013 der Weg zur perfekten Balkon-Farbe\"}]},{\"@type\":\"WebSite\",\"@id\":\"https:\/\/www.leeb-balkone.com\/at\/#website\",\"url\":\"https:\/\/www.leeb-balkone.com\/at\/\",\"name\":\"Leeb Balkone\",\"description\":\"Balkone und Z\u00e4une\",\"publisher\":{\"@id\":\"https:\/\/www.leeb-balkone.com\/at\/#organization\"},\"potentialAction\":[{\"@type\":\"SearchAction\",\"target\":{\"@type\":\"EntryPoint\",\"urlTemplate\":\"https:\/\/www.leeb-balkone.com\/at\/?s={search_term_string}\"},\"query-input\":{\"@type\":\"PropertyValueSpecification\",\"valueRequired\":true,\"valueName\":\"search_term_string\"}}],\"inLanguage\":\"de-AT\"},{\"@type\":\"Organization\",\"@id\":\"https:\/\/www.leeb-balkone.com\/at\/#organization\",\"name\":\"Leeb Balkone Gmbh\",\"url\":\"https:\/\/www.leeb-balkone.com\/at\/\",\"logo\":{\"@type\":\"ImageObject\",\"inLanguage\":\"de-AT\",\"@id\":\"https:\/\/www.leeb-balkone.com\/at\/#\/schema\/logo\/image\/\",\"url\":\"https:\/\/www.leeb-balkone.com\/app\/uploads\/2020\/11\/leeb-logo.svg\",\"contentUrl\":\"https:\/\/www.leeb-balkone.com\/app\/uploads\/2020\/11\/leeb-logo.svg\",\"width\":741,\"height\":204,\"caption\":\"Leeb Balkone Gmbh\"},\"image\":{\"@id\":\"https:\/\/www.leeb-balkone.com\/at\/#\/schema\/logo\/image\/\"},\"sameAs\":[\"https:\/\/www.facebook.com\/balkone\/\",\"https:\/\/www.trustedshops.at\/bewertung\/info_X4587CCF5833E31AFE0B11F47D86999F2.html\",\"https:\/\/www.trustedshops.de\/bewertung\/info_X7BA536A7A0BDC86D36C4718E4DCAEEEF.html\",\"https:\/\/www.google.com\/maps\/place\/?q=place_id:ChIJ5-zH19-IcEcR9HonWRTllHI\"]},{\"@type\":\"Person\",\"@id\":\"https:\/\/www.leeb-balkone.com\/at\/#\/schema\/person\/15f1f398efcf4703721e46c2136421fa\",\"name\":\"jbacher\"}]}<\/script>\n<!-- \/ Yoast SEO plugin. -->","yoast_head_json":{"title":"FARBWELTEN \u2013 der Weg zur perfekten Balkon-Farbe - Leeb Balkone \u00d6sterreich","description":"Wie Vincent van Gogh einst sagte, passen Farben ganz nat\u00fcrlich zusammen. Ohne, dass man viel dar\u00fcber nachdenken muss. Wer sich einen Leeb Balkon oder Zaun anschaffen m\u00f6chte, der wird gleich zu Beginn vor die Frage gestellt: Welche Farbe soll es denn werden?","robots":{"index":"index","follow":"follow","max-snippet":"max-snippet:-1","max-image-preview":"max-image-preview:large","max-video-preview":"max-video-preview:-1"},"og_locale":"de_DE","og_type":"article","og_title":"FARBWELTEN \u2013 der Weg zur perfekten Balkon-Farbe - Leeb Balkone","og_description":"Wie Vincent van Gogh einst sagte, passen Farben ganz nat\u00fcrlich zusammen. Ohne, dass man viel dar\u00fcber nachdenken muss. Wer sich einen Leeb Balkon oder Zaun anschaffen m\u00f6chte, der wird gleich zu Beginn vor die Frage gestellt: Welche Farbe soll es denn werden?","og_url":"https:\/\/www.leeb-balkone.com\/at\/blog\/farbwelten-balkon-farbe\/","og_site_name":"Leeb Balkone","article_publisher":"https:\/\/www.facebook.com\/balkone\/","article_published_time":"2020-08-30T06:44:02+00:00","article_modified_time":"2026-01-20T08:57:08+00:00","og_image":[{"width":2560,"height":1918,"url":"https:\/\/www.leeb-balkone.com\/app\/uploads\/2020\/09\/alu-balkon-wohnungswirtschaft.jpg","type":"image\/jpeg"}],"author":"jbacher","twitter_card":"summary_large_image","schema":{"@context":"https:\/\/schema.org","@graph":[{"@type":"Article","@id":"https:\/\/www.leeb-balkone.com\/at\/blog\/farbwelten-balkon-farbe\/#article","isPartOf":{"@id":"https:\/\/www.leeb-balkone.com\/at\/blog\/farbwelten-balkon-farbe\/"},"author":{"name":"jbacher","@id":"https:\/\/www.leeb-balkone.com\/at\/#\/schema\/person\/15f1f398efcf4703721e46c2136421fa"},"headline":"FARBWELTEN \u2013 der Weg zur perfekten Balkon-Farbe","datePublished":"2020-08-30T06:44:02+00:00","dateModified":"2026-01-20T08:57:08+00:00","mainEntityOfPage":{"@id":"https:\/\/www.leeb-balkone.com\/at\/blog\/farbwelten-balkon-farbe\/"},"wordCount":398,"publisher":{"@id":"https:\/\/www.leeb-balkone.com\/at\/#organization"},"image":{"@id":"https:\/\/www.leeb-balkone.com\/at\/blog\/farbwelten-balkon-farbe\/#primaryimage"},"thumbnailUrl":"https:\/\/www.leeb-balkone.com\/app\/uploads\/2020\/09\/alu-balkon-wohnungswirtschaft.jpg","articleSection":["Balkonbau mit Leeb","Balkongestaltung","Technik &amp; Innovation"],"inLanguage":"de-AT"},{"@type":"WebPage","@id":"https:\/\/www.leeb-balkone.com\/at\/blog\/farbwelten-balkon-farbe\/","url":"https:\/\/www.leeb-balkone.com\/at\/blog\/farbwelten-balkon-farbe\/","name":"FARBWELTEN \u2013 der Weg zur perfekten Balkon-Farbe - Leeb Balkone","isPartOf":{"@id":"https:\/\/www.leeb-balkone.com\/at\/#website"},"primaryImageOfPage":{"@id":"https:\/\/www.leeb-balkone.com\/at\/blog\/farbwelten-balkon-farbe\/#primaryimage"},"image":{"@id":"https:\/\/www.leeb-balkone.com\/at\/blog\/farbwelten-balkon-farbe\/#primaryimage"},"thumbnailUrl":"https:\/\/www.leeb-balkone.com\/app\/uploads\/2020\/09\/alu-balkon-wohnungswirtschaft.jpg","datePublished":"2020-08-30T06:44:02+00:00","dateModified":"2026-01-20T08:57:08+00:00","description":"Wie Vincent van Gogh einst sagte, passen Farben ganz nat\u00fcrlich zusammen. Ohne, dass man viel dar\u00fcber nachdenken muss. Wer sich einen Leeb Balkon oder Zaun anschaffen m\u00f6chte, der wird gleich zu Beginn vor die Frage gestellt: Welche Farbe soll es denn werden?","breadcrumb":{"@id":"https:\/\/www.leeb-balkone.com\/at\/blog\/farbwelten-balkon-farbe\/#breadcrumb"},"inLanguage":"de-AT","potentialAction":[{"@type":"ReadAction","target":["https:\/\/www.leeb-balkone.com\/at\/blog\/farbwelten-balkon-farbe\/"]}]},{"@type":"ImageObject","inLanguage":"de-AT","@id":"https:\/\/www.leeb-balkone.com\/at\/blog\/farbwelten-balkon-farbe\/#primaryimage","url":"https:\/\/www.leeb-balkone.com\/app\/uploads\/2020\/09\/alu-balkon-wohnungswirtschaft.jpg","contentUrl":"https:\/\/www.leeb-balkone.com\/app\/uploads\/2020\/09\/alu-balkon-wohnungswirtschaft.jpg","width":2560,"height":1918,"caption":"Wohnungswirtschaft - Alubalkone als Wertsteigerung der Immobilie"},{"@type":"BreadcrumbList","@id":"https:\/\/www.leeb-balkone.com\/at\/blog\/farbwelten-balkon-farbe\/#breadcrumb","itemListElement":[{"@type":"ListItem","position":1,"name":"Home","item":"https:\/\/www.leeb-balkone.com\/at\/"},{"@type":"ListItem","position":2,"name":"FARBWELTEN \u2013 der Weg zur perfekten Balkon-Farbe"}]},{"@type":"WebSite","@id":"https:\/\/www.leeb-balkone.com\/at\/#website","url":"https:\/\/www.leeb-balkone.com\/at\/","name":"Leeb Balkone","description":"Balkone und Z\u00e4une","publisher":{"@id":"https:\/\/www.leeb-balkone.com\/at\/#organization"},"potentialAction":[{"@type":"SearchAction","target":{"@type":"EntryPoint","urlTemplate":"https:\/\/www.leeb-balkone.com\/at\/?s={search_term_string}"},"query-input":{"@type":"PropertyValueSpecification","valueRequired":true,"valueName":"search_term_string"}}],"inLanguage":"de-AT"},{"@type":"Organization","@id":"https:\/\/www.leeb-balkone.com\/at\/#organization","name":"Leeb Balkone Gmbh","url":"https:\/\/www.leeb-balkone.com\/at\/","logo":{"@type":"ImageObject","inLanguage":"de-AT","@id":"https:\/\/www.leeb-balkone.com\/at\/#\/schema\/logo\/image\/","url":"https:\/\/www.leeb-balkone.com\/app\/uploads\/2020\/11\/leeb-logo.svg","contentUrl":"https:\/\/www.leeb-balkone.com\/app\/uploads\/2020\/11\/leeb-logo.svg","width":741,"height":204,"caption":"Leeb Balkone Gmbh"},"image":{"@id":"https:\/\/www.leeb-balkone.com\/at\/#\/schema\/logo\/image\/"},"sameAs":["https:\/\/www.facebook.com\/balkone\/","https:\/\/www.trustedshops.at\/bewertung\/info_X4587CCF5833E31AFE0B11F47D86999F2.html","https:\/\/www.trustedshops.de\/bewertung\/info_X7BA536A7A0BDC86D36C4718E4DCAEEEF.html","https:\/\/www.google.com\/maps\/place\/?q=place_id:ChIJ5-zH19-IcEcR9HonWRTllHI"]},{"@type":"Person","@id":"https:\/\/www.leeb-balkone.com\/at\/#\/schema\/person\/15f1f398efcf4703721e46c2136421fa","name":"jbacher"}]}},"_links":{"self":[{"href":"https:\/\/www.leeb-balkone.com\/at\/wp-json\/wp\/v2\/posts\/18847","targetHints":{"allow":["GET"]}}],"collection":[{"href":"https:\/\/www.leeb-balkone.com\/at\/wp-json\/wp\/v2\/posts"}],"about":[{"href":"https:\/\/www.leeb-balkone.com\/at\/wp-json\/wp\/v2\/types\/post"}],"author":[{"embeddable":true,"href":"https:\/\/www.leeb-balkone.com\/at\/wp-json\/wp\/v2\/users\/3"}],"replies":[{"embeddable":true,"href":"https:\/\/www.leeb-balkone.com\/at\/wp-json\/wp\/v2\/comments?post=18847"}],"version-history":[{"count":1,"href":"https:\/\/www.leeb-balkone.com\/at\/wp-json\/wp\/v2\/posts\/18847\/revisions"}],"predecessor-version":[{"id":163107,"href":"https:\/\/www.leeb-balkone.com\/at\/wp-json\/wp\/v2\/posts\/18847\/revisions\/163107"}],"wp:featuredmedia":[{"embeddable":true,"href":"https:\/\/www.leeb-balkone.com\/at\/wp-json\/wp\/v2\/media\/6423"}],"wp:attachment":[{"href":"https:\/\/www.leeb-balkone.com\/at\/wp-json\/wp\/v2\/media?parent=18847"}],"wp:term":[{"taxonomy":"category","embeddable":true,"href":"https:\/\/www.leeb-balkone.com\/at\/wp-json\/wp\/v2\/categories?post=18847"},{"taxonomy":"post_tag","embeddable":true,"href":"https:\/\/www.leeb-balkone.com\/at\/wp-json\/wp\/v2\/tags?post=18847"},{"taxonomy":"post_folder","embeddable":true,"href":"https:\/\/www.leeb-balkone.com\/at\/wp-json\/wp\/v2\/post_folder?post=18847"}],"curies":[{"name":"wp","href":"https:\/\/api.w.org\/{rel}","templated":true}]}}