{"id":166358,"date":"2018-08-20T11:34:37","date_gmt":"2018-08-20T11:34:37","guid":{"rendered":"https:\/\/www.leeb-balkone.com\/urban-gardening-auf-balkon-und-terrasse\/"},"modified":"2026-03-23T10:08:34","modified_gmt":"2026-03-23T10:08:34","slug":"urban-gardening-auf-balkon-und-terrasse","status":"publish","type":"post","link":"https:\/\/www.leeb-balkone.com\/at\/blog\/urban-gardening-auf-balkon-und-terrasse\/","title":{"rendered":"Urban Gardening auf Balkon und Terrasse"},"content":{"rendered":"<header data-block_acf-block-69c1111f45923 class=\"c-fh  l-mh-small c-fh--hero c-grad-l2r c-fh--div none\">\n      <img loading=\"lazy\" decoding=\"async\" width=\"1200\" height=\"800\" src=\"https:\/\/www.leeb-balkone.com\/app\/uploads\/2020\/10\/urban-gardening-gigapixel.jpg\" class=\"no-lazy\" alt=\"gartenliebe\" srcset=\"https:\/\/www.leeb-balkone.com\/app\/uploads\/2020\/10\/urban-gardening-gigapixel-300x200.jpg 300w, https:\/\/www.leeb-balkone.com\/app\/uploads\/2020\/10\/urban-gardening-gigapixel-1024x683.jpg 1024w, https:\/\/www.leeb-balkone.com\/app\/uploads\/2020\/10\/urban-gardening-gigapixel-768x512.jpg 768w\" sizes=\"auto, (min-width: 1536px) 2048px, (min-width: 992px) 1536px, (min-width: 768px) 1024px, (min-width: 576px) 768px, 100vw\" \/>\n\n\n<div class=\"grid-container\">\n  <div class=\"grid-x\">\n    <div class=\"cell small-12 medium-6 medium-offset-1\">\n      <div class=\"c-fh__wrapper\">\n                              <p>Urban Gardening wird im st\u00e4dtischen Bereich immer beliebter und hat sich zu einem Trend entwickelt.<\/p>\n                        <\/div>\n    <\/div>\n  <\/div>\n<\/div>\n  \n    \n    <\/header>\n\n\n  \n  <section class=\"wp-block-group alignfull t3-header u-max-wide t3-header-text has-white-background-color has-background has-global-padding is-layout-constrained wp-block-group-is-layout-constrained\">\n    <div class=\"wp-block-group o-grid u-md-1 u-sm-1 is-layout-flow wp-block-group-is-layout-flow\">\n  <div class=\"wp-block-group u-g-10 u-g-s-2\">\n      <div class=\"yoast-breadcrumbs\"><span><span><a href=\"https:\/\/www.leeb-balkone.com\/at\/\">Home<\/a><\/span><\/span><\/div>\n      \n    <h1>Urban Gardening auf Balkon und Terrasse<\/h1>\n  <\/div>\n<\/div>\n  <\/section>\n\n\n\n\n\n\n<section class=\"wp-block-cgb-t3-section-block alignfull b-pt-small  is-style-bg-white\" style=\"display:inherit;min-height:inherit\">\n<div class=\"wp-block-cgb-t3-container-block none\" style=\"background-color:none\"><div class=\"grid-container\"><div class=\"grid-x\"><div class=\"cell small-12 medium-9 large-0 medium-offset-1 b-has-lsmb\">\n<p>Urban Gardening ist der \u00dcberbegriff f\u00fcr den Gartenbau im st\u00e4dtischen Umfeld und meint die landwirtschaftliche Nutzung eines sehr kleinen, begrenzten Bereiches. Der gr\u00fcne Daumen kann am eigenen Balkon, auf der Dachterrasse oder im Gemeinschaftsgarten am Stadtrand unter Beweis gestellt werden. Neben Blumen zieren auch Gem\u00fcse- und Obstpflanzen den eigenen Balkon. Und mal ehrlich: schmeckt das Obst oder Gem\u00fcse aus dem eigenen Garten nicht gleich viel besser?<\/p>\n<\/div><\/div><\/div><\/div>\n\n\n\n<div class=\"wp-block-cgb-t3-container-block none\" style=\"background-color:none\"><div class=\"grid-container\"><div class=\"grid-x\"><div class=\"cell small-12 medium-0 large-0\"><div id=\"lightgallery-block_acf-block-69c1111f45950\" data-block_acf-block-69c1111f45950 class=\"has-1-imgs b-cards b-cards--gallery u-grid-temp has-1-cols u-md-2 u-sm-1 wp-block-group is-layout-grid wp-block-group-is-layout-grid gallery alignwide\">\n\n        <div class=\"b-cards__item\">\n\n        \n      <figure>\n                 <img loading=\"lazy\" decoding=\"async\" width=\"1536\" height=\"1024\" src=\"https:\/\/www.leeb-balkone.com\/app\/uploads\/2020\/10\/kraeuter-am-balkon-1536x1024.jpg\" class=\"attachment-1536x1536 size-1536x1536\" alt=\"kraeuter am balkon\" srcset=\"https:\/\/www.leeb-balkone.com\/app\/uploads\/2020\/10\/kraeuter-am-balkon-1536x1024.jpg 1536w, https:\/\/www.leeb-balkone.com\/app\/uploads\/2020\/10\/kraeuter-am-balkon-300x200.jpg 300w, https:\/\/www.leeb-balkone.com\/app\/uploads\/2020\/10\/kraeuter-am-balkon-1024x683.jpg 1024w, https:\/\/www.leeb-balkone.com\/app\/uploads\/2020\/10\/kraeuter-am-balkon-768x512.jpg 768w, https:\/\/www.leeb-balkone.com\/app\/uploads\/2020\/10\/kraeuter-am-balkon-2048x1366.jpg 2048w\" sizes=\"auto, (min-width: 1200px) 100vw, (min-width: 1024px) 1536px, (min-width: 640px) 768px, 768px\" \/>              <\/figure>\n\n                  \n  \n<\/div>\n\n    <\/div>\n\n<\/div><\/div><\/div><\/div>\n\n\n\n<div class=\"wp-block-cgb-t3-container-block none\" style=\"background-color:none\"><div class=\"grid-container\"><div class=\"grid-x\"><div class=\"cell small-12 medium-9 large-0 medium-offset-1 b-has-lsmb\">\n<h2 class=\"wp-block-heading\">Welches Gem\u00fcse w\u00e4chst wo?<\/h2>\n\n\n\n<p>Damit die Ernte am Balkon so ertragreich wie nur m\u00f6glich ausf\u00e4llt, sollte man zuerst mehr \u00fcber den Standort und die Lage in Erfahrung bringen. F\u00fcr sonnige, hei\u00dfe Balkone sollte man sonnenliebende Pflanzen wie Tomaten, Paprika und Chili s\u00e4en. In gr\u00f6\u00dferen Gef\u00e4\u00dfen k\u00f6nnen auch Melonen gut gedeihen. Der s\u00fcdexponierte Balkon ist ideal f\u00fcr Puffbohnen und Spinat, die Ende Februar ges\u00e4t werden sollten. Ende Mai sollten die Fruchtgem\u00fcsepflanzen gesetzt werden und Ende August ist der ideale Zeitpunkt f\u00fcr Kopfsalate, Radicchio, Rucola und Vogerlsalat. F\u00fcr halbschattige Pl\u00e4tzchen eignet sich Blattgem\u00fcse wie Ampfer, Aisa-Salate, Puffbohnen und Erbsensprossen.<\/p>\n\n\n\n<h2 class=\"wp-block-heading\">Gem\u00fcsebeet auf Terrasse oder Balkon<\/h2>\n\n\n\n<p>Gem\u00fcse aus dem eigenen Anbau schmeckt Gro\u00df und Klein besonders gut und wer keinen Garten zur Verf\u00fcgung hat, muss auf diesen Luxus nicht verzichten. Ein Hochbeet l\u00e4sst sich sehr gut auf Balkon oder Terrasse integrieren und kann auch ein echter Hingucker sein. Wenn etwas weniger Platz zur Verf\u00fcgung steht, kann das Gem\u00fcsebett auch in K\u00fcbeln angelegt werden. So lassen sich fast alle Gem\u00fcsesorten kultivieren, wenn das Pflanzengef\u00e4\u00df gro\u00df genug ist. Aber Achtung! Normale Gartenerde ist daf\u00fcr zu n\u00e4hrstoffarm, deshalb sollte man auf gute Komposterde zur\u00fcckgreifen. Damit die Pflanzen \u00fcber die Saison gut gedeihen, sollte man dem Gie\u00dfwasser immer wieder eine kleine Menge Fl\u00fcssigd\u00fcnger beif\u00fcgen. Besonders Tomaten, Gurken, Stangenbohnen, Paprika, Salate und Chilis wachsen in K\u00fcbeln sehr gut. Wer einen gro\u00dfz\u00fcgigen Balkon oder eine gro\u00dfe Terrasse hat, kann sich auch ein Hochbeet aufstellen. Ein fertiges Produkt bekommen Sie in jedem Baumarkt. Wer handwerklich geschickt ist, kann sich selber eines bauen. Wichtig ist, dass das Beet mit einer Folie ausgekleidet ist und richtig bef\u00fcllt wird. Eine genaue Anleitung dazu finden Sie in unserem Blogbeitrag \u201eHochbeet anlegen\u201c.<\/p>\n<\/div><\/div><\/div><\/div>\n\n\n\n<div class=\"wp-block-cgb-t3-container-block none\" style=\"background-color:none\"><div class=\"grid-container\"><div class=\"grid-x\"><div class=\"cell small-12 medium-0 large-0\"><div id=\"lightgallery-block_acf-block-69c1111f45967\" data-block_acf-block-69c1111f45967 class=\"has-1-imgs b-cards b-cards--gallery u-grid-temp has-1-cols u-md-2 u-sm-1 wp-block-group is-layout-grid wp-block-group-is-layout-grid gallery alignwide\">\n\n        <div class=\"b-cards__item\">\n\n        \n      <figure>\n                 <img loading=\"lazy\" decoding=\"async\" width=\"1200\" height=\"800\" src=\"https:\/\/www.leeb-balkone.com\/app\/uploads\/2020\/10\/orangenbaum-blog-gigapixel.jpg\" class=\"attachment-1536x1536 size-1536x1536\" alt=\"orangenbaum blog gigapixel\" srcset=\"https:\/\/www.leeb-balkone.com\/app\/uploads\/2020\/10\/orangenbaum-blog-gigapixel-300x200.jpg 300w, https:\/\/www.leeb-balkone.com\/app\/uploads\/2020\/10\/orangenbaum-blog-gigapixel-1024x683.jpg 1024w, https:\/\/www.leeb-balkone.com\/app\/uploads\/2020\/10\/orangenbaum-blog-gigapixel-768x512.jpg 768w\" sizes=\"auto, (min-width: 1200px) 100vw, (min-width: 1024px) 1536px, (min-width: 640px) 768px, 768px\" \/>              <\/figure>\n\n                  \n  \n<\/div>\n\n    <\/div>\n\n<\/div><\/div><\/div><\/div>\n\n\n\n<div class=\"wp-block-cgb-t3-container-block none\" style=\"background-color:none\"><div class=\"grid-container\"><div class=\"grid-x\"><div class=\"cell small-12 medium-9 large-0 medium-offset-1 b-has-lsmb\">\n<h2 class=\"wp-block-heading\">Gem\u00fcsebeet in Terrasse integrieren<\/h2>\n\n\n\n<p>Wird die Terrasse neu angelegt, kann man die Beete bereits in die Planung miteinbeziehen. Ist die Terrasse gro\u00df genug, einfach Fl\u00e4chen am Boden aussparen und ein Beet integrieren, das ebenso mit Folie ausgekleidet und mit Erde bef\u00fcllt wird. Der eingebaute Naschgarten sorgt nicht nur f\u00fcr leckere Fr\u00fcchte, sondern ist gleichzeitig ein echter Hingucker.&nbsp; &nbsp;Auf Balkonien kann man die Gem\u00fcsepflanzen auch in Blumenk\u00e4sten s\u00e4en. Werden dazwischen Zierpflanzen gesetzt hat man neben frischen Kr\u00e4utern, Gem\u00fcse und Beeren auch ein dekoratives Element.<\/p>\n\n\n\n<h2 class=\"wp-block-heading\">Ein Naschgarten am Balkon<\/h2>\n\n\n\n<p>F\u00fcr alle die gern s\u00fc\u00dfe Fr\u00fcchte naschen, gibt es auch auf engem Raum L\u00f6sungen. Um leckeres und gesundes Obst heranzuziehen sind die richtigen Pflanzen, die richtige Pflege und vorallem der richtige Standort wichtig. Es reichen Pflanzt\u00f6pfe mit einer Tiefe von 20 cm und einem Wasserabzugsloch, damit sich keine Staun\u00e4sse bilden kann. Erdbeeren und Himbeeren wachsen bereits im Blumenkasten oder in der H\u00e4ngeampel. F\u00fcr Balkon und Terrasse gibt es auch eigene Zwergobstb\u00e4ume, die im K\u00fcbel gezogen werde k\u00f6nnen. Da sie nicht zu gro\u00df werden, lassen sie sich im Winter leicht an einem w\u00e4rmeren Ort verlagern. So k\u00f6nnen auch exotische Fr\u00fcchte wie Zitronen und Orangen gut gedeihen. Diese Pflanzen m\u00fcssen in den kalten Monaten in den Wohnr\u00e4umen \u00fcberwintern.<\/p>\n<\/div><\/div><\/div><\/div>\n\n\n\n<div class=\"wp-block-cgb-t3-container-block none\" style=\"background-color:none\"><div class=\"grid-container\"><div class=\"grid-x\"><div class=\"cell small-12 medium-0 large-0\"><div id=\"lightgallery-block_acf-block-69c1111f45986\" data-block_acf-block-69c1111f45986 class=\"has-1-imgs b-cards b-cards--gallery u-grid-temp has-1-cols u-md-2 u-sm-1 wp-block-group is-layout-grid wp-block-group-is-layout-grid gallery alignwide\">\n\n        <div class=\"b-cards__item\">\n\n        \n      <figure>\n                 <img loading=\"lazy\" decoding=\"async\" width=\"1200\" height=\"800\" src=\"https:\/\/www.leeb-balkone.com\/app\/uploads\/2020\/10\/zucchinie-blog-gigapixel.jpg\" class=\"attachment-1536x1536 size-1536x1536\" alt=\"zucchinie blog gigapixel\" srcset=\"https:\/\/www.leeb-balkone.com\/app\/uploads\/2020\/10\/zucchinie-blog-gigapixel-300x200.jpg 300w, https:\/\/www.leeb-balkone.com\/app\/uploads\/2020\/10\/zucchinie-blog-gigapixel-1024x683.jpg 1024w, https:\/\/www.leeb-balkone.com\/app\/uploads\/2020\/10\/zucchinie-blog-gigapixel-768x512.jpg 768w\" sizes=\"auto, (min-width: 1200px) 100vw, (min-width: 1024px) 1536px, (min-width: 640px) 768px, 768px\" \/>              <\/figure>\n\n                  \n  \n<\/div>\n\n    <\/div>\n\n<\/div><\/div><\/div><\/div>\n<\/section>\n\n\n\n<p><\/p>\n","protected":false},"excerpt":{"rendered":"<p>Urban Gardening ist besonders im st\u00e4dtischen Bereich sehr beliebt. Auf kleinstem Raum kann man einen Naschgarten mit Gem\u00fcse, Obst und Beeren anlegen. Erfahren Sie hier mehr dar\u00fcber.<\/p>\n","protected":false},"author":3,"featured_media":8842,"comment_status":"closed","ping_status":"open","sticky":false,"template":"template-onepager.blade.php","format":"standard","meta":{"_acf_changed":false,"footnotes":""},"categories":[158,159,144,146,148],"tags":[],"post_folder":[],"class_list":["post-166358","post","type-post","status-publish","format-standard","has-post-thumbnail","hentry","category-balkongestaltung","category-balkonpflanzen","category-garten-und-pflanzen","category-gartengestaltung","category-tipps-zur-balkongestaltung"],"acf":[],"yoast_head":"<!-- This site is optimized with the Yoast SEO plugin v27.2 - https:\/\/yoast.com\/product\/yoast-seo-wordpress\/ -->\n<title>Urban Gardening auf Balkon und Terrasse - Leeb Balkone \u00d6sterreich<\/title>\n<meta name=\"description\" content=\"Urban Gardening ist besonders im st\u00e4dtischen Bereich sehr beliebt. Auf kleinstem Raum kann man einen Naschgarten mit Gem\u00fcse, Obst und Beeren anlegen. Erfahren Sie hier mehr dar\u00fcber.\" \/>\n<meta name=\"robots\" content=\"index, follow, max-snippet:-1, max-image-preview:large, max-video-preview:-1\" \/>\n<meta property=\"og:locale\" content=\"de_DE\" \/>\n<meta property=\"og:type\" content=\"article\" \/>\n<meta property=\"og:title\" content=\"Urban Gardening auf Balkon und Terrasse - Leeb Balkone\" \/>\n<meta property=\"og:description\" content=\"Urban Gardening ist besonders im st\u00e4dtischen Bereich sehr beliebt. Auf kleinstem Raum kann man einen Naschgarten mit Gem\u00fcse, Obst und Beeren anlegen. Erfahren Sie hier mehr dar\u00fcber.\" \/>\n<meta property=\"og:url\" content=\"https:\/\/www.leeb-balkone.com\/at\/blog\/urban-gardening-auf-balkon-und-terrasse\/\" \/>\n<meta property=\"og:site_name\" content=\"Leeb Balkone\" \/>\n<meta property=\"article:publisher\" content=\"https:\/\/www.facebook.com\/balkone\/\" \/>\n<meta property=\"article:published_time\" content=\"2018-08-20T11:34:37+00:00\" \/>\n<meta property=\"article:modified_time\" content=\"2026-03-23T10:08:34+00:00\" \/>\n<meta property=\"og:image\" content=\"https:\/\/www.leeb-balkone.com\/app\/uploads\/2020\/10\/urban-gardening-gigapixel.jpg\" \/>\n\t<meta property=\"og:image:width\" content=\"1200\" \/>\n\t<meta property=\"og:image:height\" content=\"800\" \/>\n\t<meta property=\"og:image:type\" content=\"image\/jpeg\" \/>\n<meta name=\"author\" content=\"jbacher\" \/>\n<meta name=\"twitter:card\" content=\"summary_large_image\" \/>\n<script type=\"application\/ld+json\" class=\"yoast-schema-graph\">{\"@context\":\"https:\/\/schema.org\",\"@graph\":[{\"@type\":\"Article\",\"@id\":\"https:\/\/www.leeb-balkone.com\/at\/blog\/urban-gardening-auf-balkon-und-terrasse\/#article\",\"isPartOf\":{\"@id\":\"https:\/\/www.leeb-balkone.com\/at\/blog\/urban-gardening-auf-balkon-und-terrasse\/\"},\"author\":{\"name\":\"jbacher\",\"@id\":\"https:\/\/www.leeb-balkone.com\/at\/#\/schema\/person\/15f1f398efcf4703721e46c2136421fa\"},\"headline\":\"Urban Gardening auf Balkon und Terrasse\",\"datePublished\":\"2018-08-20T11:34:37+00:00\",\"dateModified\":\"2026-03-23T10:08:34+00:00\",\"mainEntityOfPage\":{\"@id\":\"https:\/\/www.leeb-balkone.com\/at\/blog\/urban-gardening-auf-balkon-und-terrasse\/\"},\"wordCount\":621,\"publisher\":{\"@id\":\"https:\/\/www.leeb-balkone.com\/at\/#organization\"},\"image\":{\"@id\":\"https:\/\/www.leeb-balkone.com\/at\/blog\/urban-gardening-auf-balkon-und-terrasse\/#primaryimage\"},\"thumbnailUrl\":\"https:\/\/www.leeb-balkone.com\/app\/uploads\/2020\/10\/urban-gardening-gigapixel.jpg\",\"articleSection\":[\"Balkongestaltung\",\"Balkonpflanzen\",\"Garten und Pflanzen\",\"Gartengestaltung\",\"Tipps zur Balkongestaltung\"],\"inLanguage\":\"de-AT\"},{\"@type\":\"WebPage\",\"@id\":\"https:\/\/www.leeb-balkone.com\/at\/blog\/urban-gardening-auf-balkon-und-terrasse\/\",\"url\":\"https:\/\/www.leeb-balkone.com\/at\/blog\/urban-gardening-auf-balkon-und-terrasse\/\",\"name\":\"Urban Gardening auf Balkon und Terrasse - Leeb Balkone\",\"isPartOf\":{\"@id\":\"https:\/\/www.leeb-balkone.com\/at\/#website\"},\"primaryImageOfPage\":{\"@id\":\"https:\/\/www.leeb-balkone.com\/at\/blog\/urban-gardening-auf-balkon-und-terrasse\/#primaryimage\"},\"image\":{\"@id\":\"https:\/\/www.leeb-balkone.com\/at\/blog\/urban-gardening-auf-balkon-und-terrasse\/#primaryimage\"},\"thumbnailUrl\":\"https:\/\/www.leeb-balkone.com\/app\/uploads\/2020\/10\/urban-gardening-gigapixel.jpg\",\"datePublished\":\"2018-08-20T11:34:37+00:00\",\"dateModified\":\"2026-03-23T10:08:34+00:00\",\"description\":\"Urban Gardening ist besonders im st\u00e4dtischen Bereich sehr beliebt. Auf kleinstem Raum kann man einen Naschgarten mit Gem\u00fcse, Obst und Beeren anlegen. Erfahren Sie hier mehr dar\u00fcber.\",\"breadcrumb\":{\"@id\":\"https:\/\/www.leeb-balkone.com\/at\/blog\/urban-gardening-auf-balkon-und-terrasse\/#breadcrumb\"},\"inLanguage\":\"de-AT\",\"potentialAction\":[{\"@type\":\"ReadAction\",\"target\":[\"https:\/\/www.leeb-balkone.com\/at\/blog\/urban-gardening-auf-balkon-und-terrasse\/\"]}]},{\"@type\":\"ImageObject\",\"inLanguage\":\"de-AT\",\"@id\":\"https:\/\/www.leeb-balkone.com\/at\/blog\/urban-gardening-auf-balkon-und-terrasse\/#primaryimage\",\"url\":\"https:\/\/www.leeb-balkone.com\/app\/uploads\/2020\/10\/urban-gardening-gigapixel.jpg\",\"contentUrl\":\"https:\/\/www.leeb-balkone.com\/app\/uploads\/2020\/10\/urban-gardening-gigapixel.jpg\",\"width\":1200,\"height\":800},{\"@type\":\"BreadcrumbList\",\"@id\":\"https:\/\/www.leeb-balkone.com\/at\/blog\/urban-gardening-auf-balkon-und-terrasse\/#breadcrumb\",\"itemListElement\":[{\"@type\":\"ListItem\",\"position\":1,\"name\":\"Home\",\"item\":\"https:\/\/www.leeb-balkone.com\/at\/\"},{\"@type\":\"ListItem\",\"position\":2,\"name\":\"Urban Gardening auf Balkon und Terrasse\"}]},{\"@type\":\"WebSite\",\"@id\":\"https:\/\/www.leeb-balkone.com\/at\/#website\",\"url\":\"https:\/\/www.leeb-balkone.com\/at\/\",\"name\":\"Leeb Balkone\",\"description\":\"Balkone und Z\u00e4une\",\"publisher\":{\"@id\":\"https:\/\/www.leeb-balkone.com\/at\/#organization\"},\"potentialAction\":[{\"@type\":\"SearchAction\",\"target\":{\"@type\":\"EntryPoint\",\"urlTemplate\":\"https:\/\/www.leeb-balkone.com\/at\/?s={search_term_string}\"},\"query-input\":{\"@type\":\"PropertyValueSpecification\",\"valueRequired\":true,\"valueName\":\"search_term_string\"}}],\"inLanguage\":\"de-AT\"},{\"@type\":\"Organization\",\"@id\":\"https:\/\/www.leeb-balkone.com\/at\/#organization\",\"name\":\"Leeb Balkone Gmbh\",\"url\":\"https:\/\/www.leeb-balkone.com\/at\/\",\"logo\":{\"@type\":\"ImageObject\",\"inLanguage\":\"de-AT\",\"@id\":\"https:\/\/www.leeb-balkone.com\/at\/#\/schema\/logo\/image\/\",\"url\":\"https:\/\/www.leeb-balkone.com\/app\/uploads\/2020\/11\/leeb-logo.svg\",\"contentUrl\":\"https:\/\/www.leeb-balkone.com\/app\/uploads\/2020\/11\/leeb-logo.svg\",\"width\":741,\"height\":204,\"caption\":\"Leeb Balkone Gmbh\"},\"image\":{\"@id\":\"https:\/\/www.leeb-balkone.com\/at\/#\/schema\/logo\/image\/\"},\"sameAs\":[\"https:\/\/www.facebook.com\/balkone\/\",\"https:\/\/www.trustedshops.at\/bewertung\/info_X4587CCF5833E31AFE0B11F47D86999F2.html\",\"https:\/\/www.trustedshops.de\/bewertung\/info_X7BA536A7A0BDC86D36C4718E4DCAEEEF.html\",\"https:\/\/www.google.com\/maps\/place\/?q=place_id:ChIJ5-zH19-IcEcR9HonWRTllHI\"]},{\"@type\":\"Person\",\"@id\":\"https:\/\/www.leeb-balkone.com\/at\/#\/schema\/person\/15f1f398efcf4703721e46c2136421fa\",\"name\":\"jbacher\"}]}<\/script>\n<!-- \/ Yoast SEO plugin. -->","yoast_head_json":{"title":"Urban Gardening auf Balkon und Terrasse - Leeb Balkone \u00d6sterreich","description":"Urban Gardening ist besonders im st\u00e4dtischen Bereich sehr beliebt. Auf kleinstem Raum kann man einen Naschgarten mit Gem\u00fcse, Obst und Beeren anlegen. Erfahren Sie hier mehr dar\u00fcber.","robots":{"index":"index","follow":"follow","max-snippet":"max-snippet:-1","max-image-preview":"max-image-preview:large","max-video-preview":"max-video-preview:-1"},"og_locale":"de_DE","og_type":"article","og_title":"Urban Gardening auf Balkon und Terrasse - Leeb Balkone","og_description":"Urban Gardening ist besonders im st\u00e4dtischen Bereich sehr beliebt. Auf kleinstem Raum kann man einen Naschgarten mit Gem\u00fcse, Obst und Beeren anlegen. Erfahren Sie hier mehr dar\u00fcber.","og_url":"https:\/\/www.leeb-balkone.com\/at\/blog\/urban-gardening-auf-balkon-und-terrasse\/","og_site_name":"Leeb Balkone","article_publisher":"https:\/\/www.facebook.com\/balkone\/","article_published_time":"2018-08-20T11:34:37+00:00","article_modified_time":"2026-03-23T10:08:34+00:00","og_image":[{"width":1200,"height":800,"url":"https:\/\/www.leeb-balkone.com\/app\/uploads\/2020\/10\/urban-gardening-gigapixel.jpg","type":"image\/jpeg"}],"author":"jbacher","twitter_card":"summary_large_image","schema":{"@context":"https:\/\/schema.org","@graph":[{"@type":"Article","@id":"https:\/\/www.leeb-balkone.com\/at\/blog\/urban-gardening-auf-balkon-und-terrasse\/#article","isPartOf":{"@id":"https:\/\/www.leeb-balkone.com\/at\/blog\/urban-gardening-auf-balkon-und-terrasse\/"},"author":{"name":"jbacher","@id":"https:\/\/www.leeb-balkone.com\/at\/#\/schema\/person\/15f1f398efcf4703721e46c2136421fa"},"headline":"Urban Gardening auf Balkon und Terrasse","datePublished":"2018-08-20T11:34:37+00:00","dateModified":"2026-03-23T10:08:34+00:00","mainEntityOfPage":{"@id":"https:\/\/www.leeb-balkone.com\/at\/blog\/urban-gardening-auf-balkon-und-terrasse\/"},"wordCount":621,"publisher":{"@id":"https:\/\/www.leeb-balkone.com\/at\/#organization"},"image":{"@id":"https:\/\/www.leeb-balkone.com\/at\/blog\/urban-gardening-auf-balkon-und-terrasse\/#primaryimage"},"thumbnailUrl":"https:\/\/www.leeb-balkone.com\/app\/uploads\/2020\/10\/urban-gardening-gigapixel.jpg","articleSection":["Balkongestaltung","Balkonpflanzen","Garten und Pflanzen","Gartengestaltung","Tipps zur Balkongestaltung"],"inLanguage":"de-AT"},{"@type":"WebPage","@id":"https:\/\/www.leeb-balkone.com\/at\/blog\/urban-gardening-auf-balkon-und-terrasse\/","url":"https:\/\/www.leeb-balkone.com\/at\/blog\/urban-gardening-auf-balkon-und-terrasse\/","name":"Urban Gardening auf Balkon und Terrasse - Leeb Balkone","isPartOf":{"@id":"https:\/\/www.leeb-balkone.com\/at\/#website"},"primaryImageOfPage":{"@id":"https:\/\/www.leeb-balkone.com\/at\/blog\/urban-gardening-auf-balkon-und-terrasse\/#primaryimage"},"image":{"@id":"https:\/\/www.leeb-balkone.com\/at\/blog\/urban-gardening-auf-balkon-und-terrasse\/#primaryimage"},"thumbnailUrl":"https:\/\/www.leeb-balkone.com\/app\/uploads\/2020\/10\/urban-gardening-gigapixel.jpg","datePublished":"2018-08-20T11:34:37+00:00","dateModified":"2026-03-23T10:08:34+00:00","description":"Urban Gardening ist besonders im st\u00e4dtischen Bereich sehr beliebt. Auf kleinstem Raum kann man einen Naschgarten mit Gem\u00fcse, Obst und Beeren anlegen. Erfahren Sie hier mehr dar\u00fcber.","breadcrumb":{"@id":"https:\/\/www.leeb-balkone.com\/at\/blog\/urban-gardening-auf-balkon-und-terrasse\/#breadcrumb"},"inLanguage":"de-AT","potentialAction":[{"@type":"ReadAction","target":["https:\/\/www.leeb-balkone.com\/at\/blog\/urban-gardening-auf-balkon-und-terrasse\/"]}]},{"@type":"ImageObject","inLanguage":"de-AT","@id":"https:\/\/www.leeb-balkone.com\/at\/blog\/urban-gardening-auf-balkon-und-terrasse\/#primaryimage","url":"https:\/\/www.leeb-balkone.com\/app\/uploads\/2020\/10\/urban-gardening-gigapixel.jpg","contentUrl":"https:\/\/www.leeb-balkone.com\/app\/uploads\/2020\/10\/urban-gardening-gigapixel.jpg","width":1200,"height":800},{"@type":"BreadcrumbList","@id":"https:\/\/www.leeb-balkone.com\/at\/blog\/urban-gardening-auf-balkon-und-terrasse\/#breadcrumb","itemListElement":[{"@type":"ListItem","position":1,"name":"Home","item":"https:\/\/www.leeb-balkone.com\/at\/"},{"@type":"ListItem","position":2,"name":"Urban Gardening auf Balkon und Terrasse"}]},{"@type":"WebSite","@id":"https:\/\/www.leeb-balkone.com\/at\/#website","url":"https:\/\/www.leeb-balkone.com\/at\/","name":"Leeb Balkone","description":"Balkone und Z\u00e4une","publisher":{"@id":"https:\/\/www.leeb-balkone.com\/at\/#organization"},"potentialAction":[{"@type":"SearchAction","target":{"@type":"EntryPoint","urlTemplate":"https:\/\/www.leeb-balkone.com\/at\/?s={search_term_string}"},"query-input":{"@type":"PropertyValueSpecification","valueRequired":true,"valueName":"search_term_string"}}],"inLanguage":"de-AT"},{"@type":"Organization","@id":"https:\/\/www.leeb-balkone.com\/at\/#organization","name":"Leeb Balkone Gmbh","url":"https:\/\/www.leeb-balkone.com\/at\/","logo":{"@type":"ImageObject","inLanguage":"de-AT","@id":"https:\/\/www.leeb-balkone.com\/at\/#\/schema\/logo\/image\/","url":"https:\/\/www.leeb-balkone.com\/app\/uploads\/2020\/11\/leeb-logo.svg","contentUrl":"https:\/\/www.leeb-balkone.com\/app\/uploads\/2020\/11\/leeb-logo.svg","width":741,"height":204,"caption":"Leeb Balkone Gmbh"},"image":{"@id":"https:\/\/www.leeb-balkone.com\/at\/#\/schema\/logo\/image\/"},"sameAs":["https:\/\/www.facebook.com\/balkone\/","https:\/\/www.trustedshops.at\/bewertung\/info_X4587CCF5833E31AFE0B11F47D86999F2.html","https:\/\/www.trustedshops.de\/bewertung\/info_X7BA536A7A0BDC86D36C4718E4DCAEEEF.html","https:\/\/www.google.com\/maps\/place\/?q=place_id:ChIJ5-zH19-IcEcR9HonWRTllHI"]},{"@type":"Person","@id":"https:\/\/www.leeb-balkone.com\/at\/#\/schema\/person\/15f1f398efcf4703721e46c2136421fa","name":"jbacher"}]}},"_links":{"self":[{"href":"https:\/\/www.leeb-balkone.com\/at\/wp-json\/wp\/v2\/posts\/166358","targetHints":{"allow":["GET"]}}],"collection":[{"href":"https:\/\/www.leeb-balkone.com\/at\/wp-json\/wp\/v2\/posts"}],"about":[{"href":"https:\/\/www.leeb-balkone.com\/at\/wp-json\/wp\/v2\/types\/post"}],"author":[{"embeddable":true,"href":"https:\/\/www.leeb-balkone.com\/at\/wp-json\/wp\/v2\/users\/3"}],"replies":[{"embeddable":true,"href":"https:\/\/www.leeb-balkone.com\/at\/wp-json\/wp\/v2\/comments?post=166358"}],"version-history":[{"count":4,"href":"https:\/\/www.leeb-balkone.com\/at\/wp-json\/wp\/v2\/posts\/166358\/revisions"}],"predecessor-version":[{"id":166366,"href":"https:\/\/www.leeb-balkone.com\/at\/wp-json\/wp\/v2\/posts\/166358\/revisions\/166366"}],"wp:featuredmedia":[{"embeddable":true,"href":"https:\/\/www.leeb-balkone.com\/at\/wp-json\/wp\/v2\/media\/8842"}],"wp:attachment":[{"href":"https:\/\/www.leeb-balkone.com\/at\/wp-json\/wp\/v2\/media?parent=166358"}],"wp:term":[{"taxonomy":"category","embeddable":true,"href":"https:\/\/www.leeb-balkone.com\/at\/wp-json\/wp\/v2\/categories?post=166358"},{"taxonomy":"post_tag","embeddable":true,"href":"https:\/\/www.leeb-balkone.com\/at\/wp-json\/wp\/v2\/tags?post=166358"},{"taxonomy":"post_folder","embeddable":true,"href":"https:\/\/www.leeb-balkone.com\/at\/wp-json\/wp\/v2\/post_folder?post=166358"}],"curies":[{"name":"wp","href":"https:\/\/api.w.org\/{rel}","templated":true}]}}