{"id":157151,"date":"2019-07-20T09:22:38","date_gmt":"2019-07-20T09:22:38","guid":{"rendered":"https:\/\/www.leeb-balkone.com\/de\/balkon-lexikon\/"},"modified":"2025-09-23T12:29:13","modified_gmt":"2025-09-23T12:29:13","slug":"balkon-lexikon","status":"publish","type":"post","link":"https:\/\/www.leeb-balkone.com\/at\/blog\/balkon-lexikon\/","title":{"rendered":"Balkon"},"content":{"rendered":"<header data-block_acf-block-68cc14bc9bc80 class=\"c-fh  l-mh-small c-fh--hero c-grad-l2r c-fh--div none\">\n      <img loading=\"lazy\" decoding=\"async\" width=\"2560\" height=\"1638\" src=\"https:\/\/www.leeb-balkone.com\/app\/uploads\/2020\/06\/balkongelaender-alu-design-casa-linea-15-scaled.jpg\" class=\"no-lazy\" alt=\"Moderner Sichtschutz mit Glaselementen\" srcset=\"https:\/\/www.leeb-balkone.com\/app\/uploads\/2020\/06\/balkongelaender-alu-design-casa-linea-15-scaled.jpg 2560w, https:\/\/www.leeb-balkone.com\/app\/uploads\/2020\/06\/balkongelaender-alu-design-casa-linea-15-300x192.jpg 300w, https:\/\/www.leeb-balkone.com\/app\/uploads\/2020\/06\/balkongelaender-alu-design-casa-linea-15-1024x655.jpg 1024w, https:\/\/www.leeb-balkone.com\/app\/uploads\/2020\/06\/balkongelaender-alu-design-casa-linea-15-768x492.jpg 768w, https:\/\/www.leeb-balkone.com\/app\/uploads\/2020\/06\/balkongelaender-alu-design-casa-linea-15-1536x983.jpg 1536w, https:\/\/www.leeb-balkone.com\/app\/uploads\/2020\/06\/balkongelaender-alu-design-casa-linea-15-2048x1311.jpg 2048w\" sizes=\"auto, (min-width: 1536px) 2048px, (min-width: 992px) 1536px, (min-width: 768px) 1024px, (min-width: 576px) 768px, 100vw\" \/>\n\n\n<div class=\"grid-container\">\n  <div class=\"grid-x\">\n    <div class=\"cell small-12 medium-6 medium-offset-1\">\n      <div class=\"c-fh__wrapper\">\n              <\/div>\n    <\/div>\n  <\/div>\n<\/div>\n  \n    \n    <\/header>\n\n\n  \n  <section class=\"wp-block-group alignfull t3-header u-max-wide t3-header-text has-white-background-color has-background has-global-padding is-layout-constrained wp-block-group-is-layout-constrained\">\n    <div class=\"wp-block-group o-grid u-md-1 u-sm-1 is-layout-flow wp-block-group-is-layout-flow\">\n  <div class=\"wp-block-group u-g-10 u-g-s-2\">\n      <div class=\"yoast-breadcrumbs\"><span><span><a href=\"https:\/\/www.leeb-balkone.com\/at\/\">Home<\/a><\/span><\/span><\/div>\n      \n    <h1>Balkon<\/h1>\n  <\/div>\n<\/div>\n  <\/section>\n\n\n\n\n\n\n<section class=\"wp-block-cgb-t3-section-block alignfull b-pt-small  is-style-bg-white\" style=\"display:inherit;min-height:inherit\">\n<div class=\"wp-block-cgb-t3-container-block none\" style=\"background-color:none\"><div class=\"grid-container\"><div class=\"grid-x\"><div class=\"cell small-12 medium-9 large-0 medium-offset-1 b-has-lsmb\">\n<p><span class=\"h2ash1\">Balkon Lexikon<\/span><\/p>\n\n\n\n<p><span class=\"teaser\">Info &amp; FAQ zum Balkon \u2013 Leeb Balkone von A bis Z<\/span><\/p>\n<\/div><\/div><\/div><\/div>\n\n\n\n<div class=\"wp-block-cgb-t3-container-block none\" style=\"background-color:none\"><div class=\"grid-container\"><div class=\"grid-x\"><div class=\"cell small-12 medium-9 large-0 medium-offset-1 b-has-lsmb\">\n<p>A<\/p>\n\n\n\n<h3 class=\"wp-block-heading\">Abschlussleiste:<\/h3>\n\n\n\n<p>Die Abschlussleiste bildet den oberen bzw. unteren Abschluss der F\u00fcllung eines Balkons. Oftmals ist vor den Abschlussleisten auch noch ein Rahmen angebracht. In diesen F\u00e4llen wird die F\u00fcllung vom Rahmen und nicht von den Abschlussleiten \u201egehalten\u201c.<\/p>\n\n\n\n<h3 class=\"wp-block-heading\">Absturzsicherung<\/h3>\n\n\n\n<p>Ein Balkon dient in erster Linie als Absturzsicherung. Dabei sind gesetzliche Vorschriften (Bauordnung) einzuhalten. Absturzsicherungen sind ab einer Fallh\u00f6he von 1 Meter vorgeschrieben und m\u00fcssen eine Mindesth\u00f6he von 100cm aufweisen. Ab einer Absturzh\u00f6he von 12 Metern muss die H\u00f6he der Absturzsicherung (=<a href=\"https:\/\/www.leeb-balkone.com\/at\/balkongelaender\/balkongelaender-alu\/\">Balkongel\u00e4nder<\/a>) mindestens 110cm betragen.<\/p>\n\n\n\n<h3 class=\"wp-block-heading\">ALU COMFORT PLUS\u00ae-Beschichtung<\/h3>\n\n\n\n<p>Bei der ALU COMFORT PLUS\u00ae-Beschichtung werden hydrophobierende Partikel im gesamten Lackaufbau verteilt. Diese sorgen daf\u00fcr, dass Schmutzpartikel nicht am Balkon haften bleiben und durch zu Kugeln geformte Wassertropfen \u2013 wie bei einem Lotusblatt \u2013 abtransportiert werden.<br>Dadurch ergibt sich f\u00fcr Leeb-Balkon-Besitzer der Vorteil des geringen Wartungs- und Pflegeaufwands gepaart mit der langj\u00e4hrigen Top-Optik.<\/p>\n\n\n\n<h3 class=\"wp-block-heading\">Aluminium<\/h3>\n\n\n\n<p>Aluminium ist ein chemisches Element. Das Leichtmetall Aluminium hat ein silbrig-wei\u00dfes Aussehen und ist sehr korrosionsbest\u00e4ndig.<br>Der Werkstoff Aluminium steht f\u00fcr edle Optik, Stabilit\u00e4t und Langlebigkeit \u2013 Attribute, die auch unsere Leeb-Balkone auszeichnen.<br>Anbaubalkon:<br>Leeb bietet mit seinen Anbaubalkonen die tolle M\u00f6glichkeit, sich zus\u00e4tzlichen Wohnraum zu schaffen. Sollte ein Haus keinen Balkon besitzen, oder ein zus\u00e4tzlicher Balkon gew\u00fcnscht sein, besteht die M\u00f6glichkeit, diesen nachtr\u00e4glich anzubauen.<br>Dabei kommen mehrere Varianten in Frage, die im Kapitel \u201eAnbaubalkone\u201c n\u00e4her erl\u00e4utert werden.<\/p>\n\n\n\n<p>B<\/p>\n\n\n\n<h3 class=\"wp-block-heading\">Balkon<\/h3>\n\n\n\n<p>Als Balkon versteht man grunds\u00e4tzlich eine aus einem Geb\u00e4ude hervorragende, betretbare und mit der Geb\u00e4udeh\u00fclle verbundene Plattform \u00fcber dem Geb\u00e4udeniveau (=Boden). Laut Bauordnung muss diese Plattform mit einer Absturzsicherung (=Balkongel\u00e4nder) versehen sein.<\/p>\n\n\n\n<h3 class=\"wp-block-heading\">Baluster<\/h3>\n\n\n\n<p>Als Baluster werden die Steherverkleidungen von Balkonen verstanden. Es handelt sich hierbei um die \u201eAbschlusss\u00e4ulen\u201c eines einzelnen Balkonfeldes. Diese dienen sowohl der Abdeckung von als auch der Befestigung des Balkons an Eisensteher. Damit wird der Balkon mit der Balkonplatte verbunden.<br>Bei Alu-Balkonen von Leeb sind die Baluster so gestaltet, dass keine Befestigungsschrauben sichtbar sind. Damit erh\u00e4lt ihr Balkon eine perfekte Optik \u2013 von Au\u00dfen, wie auch von Innen.<\/p>\n\n\n\n<h3 class=\"wp-block-heading\">Betonblende<\/h3>\n\n\n\n<p>Die Betonblende dient der Abdeckung der Betonplatte, auf die der Balkon montiert wird.<\/p>\n\n\n\n<h3 class=\"wp-block-heading\">Blumenk\u00e4sten<\/h3>\n\n\n\n<p>Blumenk\u00e4sten sind f\u00fcr viele Hausbesitzer ein dekorativer Bestandteil eines Balkons. Bei Alu-Balkonen von Leeb wird, je nach Ausf\u00fchrung, unterschieden zwischen Blumenk\u00e4sten zum Einh\u00e4ngen und solchen, die fest mit dem Balkon verschraubt sind.<\/p>\n\n\n\n<p>C<\/p>\n\n\n\n<h3 class=\"wp-block-heading\">Chemische Reinigungsmittel<\/h3>\n\n\n\n<p>F\u00fcr Alu-Balkone von Leeb sind zur Reinigung lediglich klares Wasser und ein Tuch notwendig. Dank der einzigartigen ALU COMFORT PLUS \u00ae-Beschichtung bleibt kein Schmutz am Balkon haften und auf chemische Reinigungsmittel kann verzichtet werden.<\/p>\n\n\n\n<p>D<\/p>\n\n\n\n<h3 class=\"wp-block-heading\">Dekore<\/h3>\n\n\n\n<p>Dekore sind Zierelemente, die in zahlreichen Leeb-Balkonen vorkommen. Da unsere Balkone jedoch nicht \u201evon der Stange\u201c kommen, sondern f\u00fcr unsere Kunden individuell produziert werden, ist eine personalisierte Gestaltung des Balkons m\u00f6glich. Es gibt daher zig-hunderte M\u00f6glichkeiten, Dekore und Balkonmodelle zu kombinieren. Dadurch kann jeder Balkon zu einem Unikat werden.<\/p>\n<\/div><\/div><\/div><\/div>\n\n\n<div class=\"b-carousel  band slider\" data-block_acf-block-68cc14bc9bcb8>\n  <div class=\"slides\">\n          <div>\n\n\n\n  \n    \n          \n\n              \n        \n\n        <img loading=\"lazy\" decoding=\"async\" width=\"1024\" height=\"782\" src=\"https:\/\/www.leeb-balkone.com\/app\/uploads\/2020\/04\/Metro-SR-4-1024x782.jpg\" class=\"no-lazy\" alt=\"Modernes Balkongel\u00e4nder mit Design-Muster und Milchglas-Sichtschutz - Alubalkon Alu Design Metro\" srcset=\"https:\/\/www.leeb-balkone.com\/app\/uploads\/2020\/04\/Metro-SR-4-1024x782.jpg 1024w, https:\/\/www.leeb-balkone.com\/app\/uploads\/2020\/04\/Metro-SR-4-768x586.jpg 768w, https:\/\/www.leeb-balkone.com\/app\/uploads\/2020\/04\/Metro-SR-4-300x229.jpg 300w, https:\/\/www.leeb-balkone.com\/app\/uploads\/2020\/04\/Metro-SR-4-1536x1173.jpg 1536w, https:\/\/www.leeb-balkone.com\/app\/uploads\/2020\/04\/Metro-SR-4-2048x1564.jpg 2048w\" sizes=\"auto, (min-width: 1200px) 1024px, (min-width: 1024px) 768px, (min-width: 640px) 768px, 768px\" \/>        \n            \n          \n  <\/div>\n\n          <div>\n\n\n\n  \n    \n          \n\n              \n        \n\n        <img loading=\"lazy\" decoding=\"async\" width=\"1024\" height=\"720\" src=\"https:\/\/www.leeb-balkone.com\/app\/uploads\/2020\/06\/A_Casa-Linea-19-1024x720.jpg\" class=\"no-lazy\" alt=\"Herrlicher Seeblick mit Alu Design Casa Linea Balkon\" srcset=\"https:\/\/www.leeb-balkone.com\/app\/uploads\/2020\/06\/A_Casa-Linea-19-1024x720.jpg 1024w, https:\/\/www.leeb-balkone.com\/app\/uploads\/2020\/06\/A_Casa-Linea-19-300x211.jpg 300w, https:\/\/www.leeb-balkone.com\/app\/uploads\/2020\/06\/A_Casa-Linea-19-768x540.jpg 768w, https:\/\/www.leeb-balkone.com\/app\/uploads\/2020\/06\/A_Casa-Linea-19-1536x1081.jpg 1536w, https:\/\/www.leeb-balkone.com\/app\/uploads\/2020\/06\/A_Casa-Linea-19-2048x1441.jpg 2048w\" sizes=\"auto, (min-width: 1200px) 1024px, (min-width: 1024px) 768px, (min-width: 640px) 768px, 768px\" \/>        \n            \n          \n  <\/div>\n\n          <div>\n\n\n\n  \n    \n          \n\n              \n        \n\n        <img loading=\"lazy\" decoding=\"async\" width=\"1024\" height=\"684\" src=\"https:\/\/www.leeb-balkone.com\/app\/uploads\/2020\/07\/alu-balkon-janus-1-1024x684.jpg\" class=\"no-lazy\" alt=\"S\u00fc\u00dfes Einfamilienhaus mit Alu Design Janus Balkongel\u00e4nder\" srcset=\"https:\/\/www.leeb-balkone.com\/app\/uploads\/2020\/07\/alu-balkon-janus-1-1024x684.jpg 1024w, https:\/\/www.leeb-balkone.com\/app\/uploads\/2020\/07\/alu-balkon-janus-1-300x200.jpg 300w, https:\/\/www.leeb-balkone.com\/app\/uploads\/2020\/07\/alu-balkon-janus-1-768x513.jpg 768w, https:\/\/www.leeb-balkone.com\/app\/uploads\/2020\/07\/alu-balkon-janus-1-1536x1025.jpg 1536w, https:\/\/www.leeb-balkone.com\/app\/uploads\/2020\/07\/alu-balkon-janus-1-2048x1367.jpg 2048w\" sizes=\"auto, (min-width: 1200px) 1024px, (min-width: 1024px) 768px, (min-width: 640px) 768px, 768px\" \/>        \n            \n          \n  <\/div>\n\n          <div>\n\n\n\n  \n    \n          \n\n              \n        \n\n        <img loading=\"lazy\" decoding=\"async\" width=\"1024\" height=\"683\" src=\"https:\/\/www.leeb-balkone.com\/app\/uploads\/2020\/06\/balkongelaender-alu-design-villach-17-1024x683.jpg\" class=\"no-lazy\" alt=\"Moderner W\u00fcrfel mit Alu Design Villach Zaun\" srcset=\"https:\/\/www.leeb-balkone.com\/app\/uploads\/2020\/06\/balkongelaender-alu-design-villach-17-1024x683.jpg 1024w, https:\/\/www.leeb-balkone.com\/app\/uploads\/2020\/06\/balkongelaender-alu-design-villach-17-300x200.jpg 300w, https:\/\/www.leeb-balkone.com\/app\/uploads\/2020\/06\/balkongelaender-alu-design-villach-17-768x512.jpg 768w, https:\/\/www.leeb-balkone.com\/app\/uploads\/2020\/06\/balkongelaender-alu-design-villach-17-1536x1024.jpg 1536w, https:\/\/www.leeb-balkone.com\/app\/uploads\/2020\/06\/balkongelaender-alu-design-villach-17-2048x1366.jpg 2048w\" sizes=\"auto, (min-width: 1200px) 1024px, (min-width: 1024px) 768px, (min-width: 640px) 768px, 768px\" \/>        \n            \n          \n  <\/div>\n\n          <div>\n\n\n\n  \n    \n          \n\n              \n        \n\n        <img loading=\"lazy\" decoding=\"async\" width=\"1024\" height=\"720\" src=\"https:\/\/www.leeb-balkone.com\/app\/uploads\/2020\/06\/5292-1024x720.jpg\" class=\"no-lazy\" alt=\"Prachtvoller Ausblick mit Alu Design Casa Linea Balkon\" srcset=\"https:\/\/www.leeb-balkone.com\/app\/uploads\/2020\/06\/5292-1024x720.jpg 1024w, https:\/\/www.leeb-balkone.com\/app\/uploads\/2020\/06\/5292-300x211.jpg 300w, https:\/\/www.leeb-balkone.com\/app\/uploads\/2020\/06\/5292-768x540.jpg 768w, https:\/\/www.leeb-balkone.com\/app\/uploads\/2020\/06\/5292-1536x1081.jpg 1536w, https:\/\/www.leeb-balkone.com\/app\/uploads\/2020\/06\/5292-2048x1441.jpg 2048w\" sizes=\"auto, (min-width: 1200px) 1024px, (min-width: 1024px) 768px, (min-width: 640px) 768px, 768px\" \/>        \n            \n          \n  <\/div>\n\n          <div>\n\n\n\n  \n    \n          \n\n              \n        \n\n        <img loading=\"lazy\" decoding=\"async\" width=\"1024\" height=\"720\" src=\"https:\/\/www.leeb-balkone.com\/app\/uploads\/2020\/06\/Anbaubalkon-Glasboden-Madrid-Casa-Linea-15-1024x720.jpg\" class=\"no-lazy\" alt=\"Moderne Terrasse mit Alu Design Casa Linea Balkon\" srcset=\"https:\/\/www.leeb-balkone.com\/app\/uploads\/2020\/06\/Anbaubalkon-Glasboden-Madrid-Casa-Linea-15-1024x720.jpg 1024w, https:\/\/www.leeb-balkone.com\/app\/uploads\/2020\/06\/Anbaubalkon-Glasboden-Madrid-Casa-Linea-15-300x211.jpg 300w, https:\/\/www.leeb-balkone.com\/app\/uploads\/2020\/06\/Anbaubalkon-Glasboden-Madrid-Casa-Linea-15-768x540.jpg 768w, https:\/\/www.leeb-balkone.com\/app\/uploads\/2020\/06\/Anbaubalkon-Glasboden-Madrid-Casa-Linea-15-1536x1081.jpg 1536w, https:\/\/www.leeb-balkone.com\/app\/uploads\/2020\/06\/Anbaubalkon-Glasboden-Madrid-Casa-Linea-15-2048x1441.jpg 2048w\" sizes=\"auto, (min-width: 1200px) 1024px, (min-width: 1024px) 768px, (min-width: 640px) 768px, 768px\" \/>        \n            \n          \n  <\/div>\n\n      <\/div>\n\n<\/div>\n\n\n\n<div class=\"wp-block-cgb-t3-container-block none\" style=\"background-color:none\"><div class=\"grid-container\"><div class=\"grid-x\"><div class=\"cell small-12 medium-9 large-0 medium-offset-1 b-has-lsmb\">\n<p>E<\/p>\n\n\n\n<h3 class=\"wp-block-heading\">Edelstahlbalkon<\/h3>\n\n\n\n<p>In den letzten Jahren hat sich der Edelstahlbalkon als Alternative zu einem Alu-Balkon etabliert \u2013 zumeist in Verbindung mit Glas. Auch Leeb bietet solche Edelstahlbalkone an. Allerdings ist die Modellvielfalt bei Edelstahlbalkonen beschr\u00e4nkt, w\u00e4hrend gerade diese gro\u00dfe Auswahl ein klares Plus f\u00fcr Alu-Balkone darstellt.<\/p>\n\n\n\n<h3 class=\"wp-block-heading\">Erker<\/h3>\n\n\n\n<p>Balkonform, die \u00fcberdacht und von eigenen W\u00e4nden umgeben ist.<\/p>\n\n\n\n<h3 class=\"wp-block-heading\">Erscheinungsbalkon<\/h3>\n\n\n\n<p>Als repr\u00e4sentativer Bau im Allgemeinen wird ein \u00f6ffentliches Geb\u00e4ude mit einem hohen Stellenwert f\u00fcr die Bev\u00f6lkerung bezeichnet, wie z.B. ein Rathaus, ein Dom, eine Universit\u00e4t oder ein Schloss. An solchen Geb\u00e4uden findet man h\u00e4ufig einen so genannten Erscheinungsbalkon. Dieser dient als Plattform f\u00fcr Pers\u00f6nlichkeiten um vor einem Publikum in Erscheinung zu treten. Es handelt sich um eine, im Obergeschoss von Geb\u00e4uden befindliche Plattform, welche auf einen Platz oder auf eine Stra\u00dfe hin gerichtet ist. Sie ist von einer Br\u00fcstung (ein dicker, durchg\u00e4ngiger Aufbau zur Absturzsicherung), bei moderneren Bauten auch von einem einfachen Gel\u00e4nder (eine durchbrochene, meist verstrebte Absturzsicherung) eingefasst. Die Br\u00fcstung bzw. das Gel\u00e4nder umfasst den Balkon dabei zwei- oder dreiseitig.<br>Bekannte Beispiele solcher Erscheinungsbalkone sind beispielsweise die Benediktionsloggia am Petersdom, der Erscheinungsbalkon des Berliner Stadtschlosses, der Balkon am Buckingham Palace und nat\u00fcrlich der Balkon des Schlosses Belvedere, auf dem Au\u00dfenminister Leopold Figl am 15. Mai 1955 dem \u00f6sterreichischen Volk den unterzeichneten Staatsvertrag zeigte.<\/p>\n\n\n\n<p>F<\/p>\n\n\n\n<h3 class=\"wp-block-heading\">Familienbetrieb<\/h3>\n\n\n\n<p>Die Firma Leeb Balkone wird in 4. Generation als Familienbetrieb geleitet. Franz Leeb, der Vater des heutigen Gesch\u00e4ftsf\u00fchrers Markus Leeb, hat um 1975 begonnen, Holzbalkone zu produzieren und das Unternehmen so zu Europas Nr. 1 bei Balkonen gemacht.<\/p>\n\n\n\n<h3 class=\"wp-block-heading\">Fertigung<\/h3>\n\n\n\n<p>Die Fertigung von Leeb-Balkonen erfolgt ausschlie\u00dflich in unserem Werk in Gnesau\/K\u00e4rnten. Damit erstehen Sie ein 100% \u00f6sterreichisches Produkt.<\/p>\n\n\n\n<h3 class=\"wp-block-heading\">Franz\u00f6sischer Balkon<\/h3>\n\n\n\n<p>Beim franz\u00f6sischen Balkon handelt es sich im Grunde um keinen \u201eechten\u201c Balkon, sondern vielmehr um eine Absturzsicherung vor einem bodentiefen Fenster.<\/p>\n\n\n\n<h3 class=\"wp-block-heading\">F\u00fcllung<\/h3>\n\n\n\n<p>Als F\u00fcllung wird jener Teil eines Balkon bezeichnet, der jedem Modell sein charakteristisches Aussehen verleiht. Im Gegensatz dazu unterscheiden sich Baluster, Betonblende und Handlauf bei den meisten Modellen kaum voneinander, abgesehen von der Farbe.<\/p>\n\n\n\n<p>G<\/p>\n\n\n\n<h3 class=\"wp-block-heading\">Gel\u00e4nder<\/h3>\n\n\n\n<p>Der Begriff \u201eBalkon\u201c in dem Sinne, wie wir ihn hier verwenden, m\u00fcsste eigentlich korrekt \u201eBalkongel\u00e4nder\u201c hei\u00dfen. Denn dieses Gel\u00e4nder dient der oben erw\u00e4hnten Absturzsicherung.<br>In unserer Auffassung ist die Bezeichnung \u201eBalkongel\u00e4nder\u201c f\u00fcr Leeb-Balkone jedoch zu eng gefasst. Unsere Balkonmodelle werten ein Haus auf und machen einen Balkon (im Sinne einer Betonplatte) erst zu dem, was ein Balkon sein sollte: ein zus\u00e4tzlicher Wohnraum, der auch optisch keine W\u00fcnsche offen l\u00e4sst.<\/p>\n\n\n\n<p>H<\/p>\n\n\n\n<h3 class=\"wp-block-heading\">Handlauf<\/h3>\n\n\n\n<p>Der Handlauf schlie\u00dft den Balkon (im Sinne des Balkongel\u00e4nders) oben ab. Im normalen Sprachgebrauch wird der Handlauf oftmals als Gel\u00e4nder bezeichnet.<\/p>\n\n\n\n<h3 class=\"wp-block-heading\">Holzbalkon<\/h3>\n\n\n\n<p>Obwohl Leeb Balkone zu ca. 85% Alu-Balkone fertigt, hat uns der Holzbalkon erst zu Europas Nr. 1 bei Balkonen gemacht. Seit 1975 werden in unserem Werk Holzbalkone gefertigt \u2013 und zwar aus qualitativ h\u00f6chstwertigem Nadelholz, das im Umkreis von ca. 20km um unser Werk in Gnesau\/K\u00e4rnten auf \u00fcber 1000 Metern Seeh\u00f6he w\u00e4chst.<br>Damit auch diese Balkone pflegeleicht und langlebig bleiben, haben wir unser VACU Protect-Oberfl\u00e4chenverfahren entwickelt, das unsere Holzbalkone dank Tiefenimpr\u00e4gnierung wasserabweisend und UV-best\u00e4ndig machen.<\/p>\n\n\n\n<h3 class=\"wp-block-heading\">Holzoptik Balkon<\/h3>\n\n\n\n<p>Seit einiger Zeit ist es m\u00f6glich, durch ein ausgekl\u00fcgeltes Verfahren, Alu-Balkone in Holzoptik herzustellen. Dadurch lassen sich die Vorteile eines Alu-Balkons mit der Optik eines Holzbalkons kombinieren. Alle Alu-Balkone von Leeb sind auch in einer von 9 innovativen Holzoptiken erh\u00e4ltlich.<\/p>\n<\/div><\/div><\/div><\/div>\n\n\n\n<div class=\"wp-block-cgb-t3-container-block none\" style=\"background-color:none\"><div class=\"grid-container\"><div class=\"grid-x\"><div class=\"cell small-12 medium-9 large-0 medium-offset-1 b-has-lsmb\">\n<p>I<\/p>\n\n\n\n<h3 class=\"wp-block-heading\">Impr\u00e4gnierung<\/h3>\n\n\n\n<p>Unsere Holzbalkone werden mit unserem eigens entwickelten VACU Protect-Oberfl\u00e4chenverfahren behandelt, um sie pflegeleicht und langlebig zu machen. Dabei wird die Impr\u00e4gnierung tief in das Holz eingebracht, wodurch es wasserabweisend und UV-best\u00e4ndig wird. Somit sind unsere Holzbalkone perfekt vor Pilz- und Sch\u00e4dlingsbefall, UV-Strahlen und Verwitterung gesch\u00fctzt.<\/p>\n\n\n\n<p>J<\/p>\n\n\n\n<p>K<\/p>\n\n\n\n<h3 class=\"wp-block-heading\">Korrosionsbest\u00e4ndigkeit<\/h3>\n\n\n\n<p>Aluminium wei\u00dft als Leichtmetall eine hohe Korrosionsbest\u00e4ndigkeit auf. Daher ist es ideal geeignet f\u00fcr den Bau von Balkonen.<\/p>\n\n\n\n<p>L<\/p>\n\n\n\n<h3 class=\"wp-block-heading\">Langlebigkeit\/Lebensdauer<\/h3>\n\n\n\n<h3 class=\"wp-block-heading\">Loggia<\/h3>\n\n\n\n<p>Besondere Balkonform, die nicht aus der Geb\u00e4udeh\u00fclle hervorragt.<\/p>\n\n\n\n<p>M<\/p>\n\n\n\n<h3 class=\"wp-block-heading\">Modellvielfalt Balkon<\/h3>\n\n\n\n<p>Leeb hat bis zu 300 verschiedene Balkon-Modelle zur Auswahl. Durch die Kombination der zur Auswahl stehenden Farben, Dekore und weiteren Individualisierungsm\u00f6glichkeiten l\u00e4sst sich die Anzahl der Modell-Varianten noch viel weiter steigern. So ist beinahe ein jeder Leeb-Balkon ein Unikat.<\/p>\n\n\n\n<h3 class=\"wp-block-heading\">Montage<\/h3>\n\n\n\n<p>Grunds\u00e4tzlich k\u00f6nnen sich Leeb-Kunden entscheiden, ob sie ihren Balkon selbst montieren oder auf unsere Montageprofis zur\u00fcckgreifen m\u00f6chten.<\/p>\n\n\n\n<p>N<\/p>\n\n\n\n<h3 class=\"wp-block-heading\">Niroster<\/h3>\n\n\n\n<p>Unter Niroster oder \u201eNiro\u201c versteht man rostfreien (oder eben nichtrostenden) Stahl. Dieser wird gerne in Form von St\u00e4ben als Dekorelement bei Leeb-Balkonen eingesetzt. Solche St\u00e4be geben vielen Modellen ein noch edleres Aussehen.<\/p>\n\n\n\n<p>P<\/p>\n\n\n\n<h3 class=\"wp-block-heading\">Profile<\/h3>\n\n\n\n<p>Als Profile werden jene Aluminium-Teile bezeichnet, die die F\u00fcllung eines Balkons bilden. Diese \u201eAlu-Latten\u201c k\u00f6nnen horizontal, vertikal oder schr\u00e4g angebracht sein. Dadurch verleihen sie jedem Modell sein charakteristisches Aussehen.<\/p>\n\n\n\n<p>Q<\/p>\n\n\n\n<h3 class=\"wp-block-heading\">Qualit\u00e4t<\/h3>\n\n\n\n<p>Bei LEEB wird Qualit\u00e4t gro\u00df geschrieben. Zu den exklusiven Leeb-Qualit\u00e4tskriterien geh\u00f6ren Softline-Kanten f\u00fcr langlebige Beschichtung, verdeckte Verschraubungen und eine stabile Eckrahmenkonstruktion. Wir sind der erste und einzige Balkonhersteller in Europa, der nach der Qualit\u00e4tsnorm ISO 9001 gepr\u00fcft und zertifiziert ist.<\/p>\n\n\n\n<h3 class=\"wp-block-heading\">Querlatten<\/h3>\n\n\n\n<p>Als Querlatten werden Profile (in Holz oder Alu) bezeichnet, die horizontal angebracht sind. Diese Bauweise hat in den letzten Jahren an Bedeutung gewonnen. Balkonmodelle mit horizontalen Latten wirken moderner und geh\u00f6ren zu den Top-Sellern bei Leeb.<\/p>\n<\/div><\/div><\/div><\/div>\n\n\n<div class=\"b-carousel  band slider\" data-block_acf-block-68cc14bc9bce9>\n  <div class=\"slides\">\n          <div>\n\n\n\n  \n    \n          \n\n              \n        \n\n        <img loading=\"lazy\" decoding=\"async\" width=\"1024\" height=\"720\" src=\"https:\/\/www.leeb-balkone.com\/app\/uploads\/2020\/06\/A_Cordoba-33-1024x720.jpg\" class=\"no-lazy\" alt=\"Moderne Terrasse mit Alu Design Cordoba Balkon\" srcset=\"https:\/\/www.leeb-balkone.com\/app\/uploads\/2020\/06\/A_Cordoba-33-1024x720.jpg 1024w, https:\/\/www.leeb-balkone.com\/app\/uploads\/2020\/06\/A_Cordoba-33-300x211.jpg 300w, https:\/\/www.leeb-balkone.com\/app\/uploads\/2020\/06\/A_Cordoba-33-768x540.jpg 768w, https:\/\/www.leeb-balkone.com\/app\/uploads\/2020\/06\/A_Cordoba-33-1536x1081.jpg 1536w, https:\/\/www.leeb-balkone.com\/app\/uploads\/2020\/06\/A_Cordoba-33-2048x1441.jpg 2048w\" sizes=\"auto, (min-width: 1200px) 1024px, (min-width: 1024px) 768px, (min-width: 640px) 768px, 768px\" \/>        \n            \n          \n  <\/div>\n\n          <div>\n\n\n\n  \n    \n          \n\n              \n        \n\n        <img loading=\"lazy\" decoding=\"async\" width=\"1024\" height=\"708\" src=\"https:\/\/www.leeb-balkone.com\/app\/uploads\/2020\/07\/edelstahl-balkongelaender-alu-design-lissabon-6-1024x708.jpg\" class=\"no-lazy\" alt=\"Balkongel\u00e4nder Alu mit Edelstahl-Streben und Lochblech-Dekor - Alubalkon Alu Design Lissabon\" srcset=\"https:\/\/www.leeb-balkone.com\/app\/uploads\/2020\/07\/edelstahl-balkongelaender-alu-design-lissabon-6-1024x708.jpg 1024w, https:\/\/www.leeb-balkone.com\/app\/uploads\/2020\/07\/edelstahl-balkongelaender-alu-design-lissabon-6-300x208.jpg 300w, https:\/\/www.leeb-balkone.com\/app\/uploads\/2020\/07\/edelstahl-balkongelaender-alu-design-lissabon-6-768x531.jpg 768w, https:\/\/www.leeb-balkone.com\/app\/uploads\/2020\/07\/edelstahl-balkongelaender-alu-design-lissabon-6-1536x1063.jpg 1536w, https:\/\/www.leeb-balkone.com\/app\/uploads\/2020\/07\/edelstahl-balkongelaender-alu-design-lissabon-6-2048x1417.jpg 2048w\" sizes=\"auto, (min-width: 1200px) 1024px, (min-width: 1024px) 768px, (min-width: 640px) 768px, 768px\" \/>        \n            \n          \n  <\/div>\n\n          <div>\n\n\n\n  \n    \n          \n\n              \n        \n\n        <img loading=\"lazy\" decoding=\"async\" width=\"1024\" height=\"721\" src=\"https:\/\/www.leeb-balkone.com\/app\/uploads\/2020\/07\/balkongelaender-alu-select-imola-10-1024x721.jpg\" class=\"no-lazy\" alt=\"Modernes Balkongel\u00e4nder aus Alu in Holzoptik mit semitransparenter Querlattung - Alubalkon Alu Select Imola\" srcset=\"https:\/\/www.leeb-balkone.com\/app\/uploads\/2020\/07\/balkongelaender-alu-select-imola-10-1024x721.jpg 1024w, https:\/\/www.leeb-balkone.com\/app\/uploads\/2020\/07\/balkongelaender-alu-select-imola-10-300x211.jpg 300w, https:\/\/www.leeb-balkone.com\/app\/uploads\/2020\/07\/balkongelaender-alu-select-imola-10-768x540.jpg 768w, https:\/\/www.leeb-balkone.com\/app\/uploads\/2020\/07\/balkongelaender-alu-select-imola-10-1536x1081.jpg 1536w, https:\/\/www.leeb-balkone.com\/app\/uploads\/2020\/07\/balkongelaender-alu-select-imola-10-2048x1441.jpg 2048w\" sizes=\"auto, (min-width: 1200px) 1024px, (min-width: 1024px) 768px, (min-width: 640px) 768px, 768px\" \/>        \n            \n          \n  <\/div>\n\n          <div>\n\n\n\n  \n    \n          \n\n              \n        \n\n        <img loading=\"lazy\" decoding=\"async\" width=\"1024\" height=\"721\" src=\"https:\/\/www.leeb-balkone.com\/app\/uploads\/2020\/07\/balkon-alu-design-glas-2-1024x721.jpg\" class=\"no-lazy\" alt=\"Moderne Terrasse\" srcset=\"https:\/\/www.leeb-balkone.com\/app\/uploads\/2020\/07\/balkon-alu-design-glas-2-1024x721.jpg 1024w, https:\/\/www.leeb-balkone.com\/app\/uploads\/2020\/07\/balkon-alu-design-glas-2-300x211.jpg 300w, https:\/\/www.leeb-balkone.com\/app\/uploads\/2020\/07\/balkon-alu-design-glas-2-768x540.jpg 768w, https:\/\/www.leeb-balkone.com\/app\/uploads\/2020\/07\/balkon-alu-design-glas-2-1536x1081.jpg 1536w, https:\/\/www.leeb-balkone.com\/app\/uploads\/2020\/07\/balkon-alu-design-glas-2-2048x1441.jpg 2048w\" sizes=\"auto, (min-width: 1200px) 1024px, (min-width: 1024px) 768px, (min-width: 640px) 768px, 768px\" \/>        \n            \n          \n  <\/div>\n\n          <div>\n\n\n\n  \n    \n          \n\n              \n        \n\n        <img loading=\"lazy\" decoding=\"async\" width=\"1024\" height=\"768\" src=\"https:\/\/www.leeb-balkone.com\/app\/uploads\/2020\/07\/balkongelaender-alu-select-pisa_8-1-1024x768.jpeg\" class=\"no-lazy\" alt=\"Traditioneller Alubalkon in Holzoptik mit Alu Select Pisa Balkongel\u00e4nder\" srcset=\"https:\/\/www.leeb-balkone.com\/app\/uploads\/2020\/07\/balkongelaender-alu-select-pisa_8-1-1024x768.jpeg 1024w, https:\/\/www.leeb-balkone.com\/app\/uploads\/2020\/07\/balkongelaender-alu-select-pisa_8-1-300x225.jpeg 300w, https:\/\/www.leeb-balkone.com\/app\/uploads\/2020\/07\/balkongelaender-alu-select-pisa_8-1-768x576.jpeg 768w, https:\/\/www.leeb-balkone.com\/app\/uploads\/2020\/07\/balkongelaender-alu-select-pisa_8-1-1536x1152.jpeg 1536w, https:\/\/www.leeb-balkone.com\/app\/uploads\/2020\/07\/balkongelaender-alu-select-pisa_8-1-2048x1536.jpeg 2048w\" sizes=\"auto, (min-width: 1200px) 1024px, (min-width: 1024px) 768px, (min-width: 640px) 768px, 768px\" \/>        \n            \n          \n  <\/div>\n\n      <\/div>\n\n<\/div>\n\n\n\n<div class=\"wp-block-cgb-t3-container-block none\" style=\"background-color:none\"><div class=\"grid-container\"><div class=\"grid-x\"><div class=\"cell small-12 medium-9 large-0 medium-offset-1 b-has-lsmb\">\n<p>R<\/p>\n\n\n\n<h3 class=\"wp-block-heading\">Rahmen<\/h3>\n\n\n\n<p>Der Rahmen hat bei vielen Modellen die Aufgabe, die F\u00fcllung \u201efestzuhalten\u201c.<\/p>\n\n\n\n<h3 class=\"wp-block-heading\">RAL-Farben<\/h3>\n\n\n\n<p>RAL-Farben sind normierte Farben der RAL gGmbH, denen in einem Farbkatalog vierstellige Zahlen zugewiesen sind. Alu-Balkone von Leeb sind in jeder Farbe aus diesem Katalog lieferbar.<\/p>\n\n\n\n<h3 class=\"wp-block-heading\">Rundum-Service<\/h3>\n\n\n\n<p>Wenn es um den Balkon geht, \u00fcbernehmen wir fast alles \u2013 nur die Entscheidungen bez\u00fcglich Modell und Farbe m\u00fcssen unsere Kunden schon selbst treffen. Doch auch dabei unterst\u00fctzen wir sie \u2013 z.B. durch unseren Beratungs- und Fotomontage-Service. Hierbei wird der zur Auswahl stehende Balkon mithilfe eines Computerprogramms digital auf das jeweilige Haus \u201emontiert\u201c.<\/p>\n\n\n\n<p>S<\/p>\n\n\n\n<h3 class=\"wp-block-heading\">Select Baukastensystem<\/h3>\n\n\n\n<p>Das Select-Programm von Leeb bietet die M\u00f6glichkeit, sich seinen Balkon in einer Art Baukastensystem selbst zusammenzustellen. Daf\u00fcr stehen 8 Balkon-Basismodelle zur Auswahl, die mit 22 Dekorelementen kombiniert werden k\u00f6nnen. N\u00e4here Informationen dazu finden Sie im Kapitel \u201eSelect\u201c.<\/p>\n\n\n\n<p>T<\/p>\n\n\n\n<h3 class=\"wp-block-heading\">Terrasse<\/h3>\n\n\n\n<p>Im Gegensatz zum Balkon fehlt der Terrasse das Merkmal der Erh\u00f6hung, d.h. eine Terrasse (vom lateinischen Wort terra = Erde, Erdboden) ist eine nicht \u00fcberdachte Plattform auf Ebene des Erdgeschosses eines Hauses. Auch eine Terrasse kann mit einem Balkongel\u00e4nder eingefasst sein.<\/p>\n\n\n\n<p>U<\/p>\n\n\n\n<h3 class=\"wp-block-heading\">Unterkonstruktion<\/h3>\n\n\n\n<p>Als Unterkonstruktion f\u00fcr Balkone kann neben einer Betonplatte auch Holz oder Aluminium verwendet werden. Diese M\u00f6glichkeiten bestehen auch beim nachtr\u00e4glichen Balkonanbau.<\/p>\n\n\n\n<p>V<\/p>\n\n\n\n<h3 class=\"wp-block-heading\">Veranda<\/h3>\n\n\n\n<p>Eine Veranda ist eine \u00fcberdachte Terrasse und daher kein Balkon im eigentlichen Sinne. Dennoch kann eine Veranda mit einem Balkongel\u00e4nder umgeben sein.<\/p>\n\n\n\n<h3 class=\"wp-block-heading\">Verschraubung, verdeckte<\/h3>\n\n\n\n<p>Unter verdeckter Verschraubung verstehen wir bei Leeb, dass die Montageschrauben, die zur Befestigung des Balkons an den Eisenstehern dienen, nicht sichtbar sind. Diese Schrauben werden durch unsere Steherverblendung, den so genannten Balustern, verdeckt. Dies garantiert auch von der Innenseite eine perfekte Optik.<\/p>\n\n\n\n<p>W<\/p>\n\n\n\n<h3 class=\"wp-block-heading\">Winterfester Balkon<\/h3>\n\n\n\n<p>Leeb-Balkone sind durch ihre patentierten Oberfl\u00e4chen-Verfahren optimal gesch\u00fctzt, auch im Winter. Wer seinen Balkon dennoch extra winterfest machen m\u00f6chte, kann etwaige Blumenk\u00e4sten abdecken (falls diese fest verschraubt sind) oder abh\u00e4ngen.<\/p>\n\n\n\n<p>X<\/p>\n\n\n\n<p>Y<\/p>\n\n\n\n<h3 class=\"wp-block-heading\">Y-Form<\/h3>\n\n\n\n<p>Die Y-Form kommt in vielen Balkon-Modellen von Leeb vor. Dieses Design l\u00e4sst den Balkon verspielter wirken. Einige Modelle, die sich dieser Y-Form bedienen, sind zweifarbig angelegt. Dabei werden meist zwei Dekor-Dreiecke, die \u00fcbereinander liegen und damit die Y-Form bilden, in unterschiedlichen Farben ausgef\u00fchrt.<\/p>\n\n\n\n<p>Z<\/p>\n\n\n\n<h3 class=\"wp-block-heading\">Zierstreifen<\/h3>\n\n\n\n<p>Zierstreifen heben sich farblich von den sie umgebenden Teilen (Betonblende und\/oder Blumenkasten) ab.<\/p>\n<\/div><\/div><\/div><\/div>\n<\/section>\n","protected":false},"excerpt":{"rendered":"<p>Rund um den Balkon: Alles zu Leeb Balkone und Z\u00e4une. Von Abschlussleiste bis winterfester Balkon, von Baluster bis Zierleiste. RAL-Farben und Dekore, Montage und Unterkonstruktion.<\/p>\n","protected":false},"author":3,"featured_media":5283,"comment_status":"closed","ping_status":"open","sticky":false,"template":"template-onepager.blade.php","format":"standard","meta":{"_acf_changed":false,"footnotes":""},"categories":[162,163],"tags":[],"post_folder":[],"class_list":["post-157151","post","type-post","status-publish","format-standard","has-post-thumbnail","hentry","category-balkonbau-mit-leeb","category-technik-innovation"],"acf":[],"yoast_head":"<!-- This site is optimized with the Yoast SEO plugin v27.2 - https:\/\/yoast.com\/product\/yoast-seo-wordpress\/ -->\n<title>Balkon Lexikon - Leeb Balkone \u00d6sterreich<\/title>\n<meta name=\"description\" content=\"Rund um den Balkon: Alles zu Leeb Balkone und Z\u00e4une. Von Abschlussleiste bis winterfester Balkon, von Baluster bis Zierleiste. RAL-Farben und Dekore, Montage und Unterkonstruktion.\" \/>\n<meta name=\"robots\" content=\"index, follow, max-snippet:-1, max-image-preview:large, max-video-preview:-1\" \/>\n<meta property=\"og:locale\" content=\"de_DE\" \/>\n<meta property=\"og:type\" content=\"article\" \/>\n<meta property=\"og:title\" content=\"Balkon Lexikon - Leeb Balkone\" \/>\n<meta property=\"og:description\" content=\"Rund um den Balkon: Alles zu Leeb Balkone und Z\u00e4une. Von Abschlussleiste bis winterfester Balkon, von Baluster bis Zierleiste. RAL-Farben und Dekore, Montage und Unterkonstruktion.\" \/>\n<meta property=\"og:url\" content=\"https:\/\/www.leeb-balkone.com\/at\/blog\/balkon-lexikon\/\" \/>\n<meta property=\"og:site_name\" content=\"Leeb Balkone\" \/>\n<meta property=\"article:publisher\" content=\"https:\/\/www.facebook.com\/balkone\/\" \/>\n<meta property=\"article:published_time\" content=\"2019-07-20T09:22:38+00:00\" \/>\n<meta property=\"article:modified_time\" content=\"2025-09-23T12:29:13+00:00\" \/>\n<meta property=\"og:image\" content=\"https:\/\/www.leeb-balkone.com\/app\/uploads\/2020\/06\/balkongelaender-alu-design-casa-linea-15-scaled.jpg\" \/>\n\t<meta property=\"og:image:width\" content=\"2560\" \/>\n\t<meta property=\"og:image:height\" content=\"1638\" \/>\n\t<meta property=\"og:image:type\" content=\"image\/jpeg\" \/>\n<meta name=\"author\" content=\"jbacher\" \/>\n<meta name=\"twitter:card\" content=\"summary_large_image\" \/>\n<script type=\"application\/ld+json\" class=\"yoast-schema-graph\">{\"@context\":\"https:\/\/schema.org\",\"@graph\":[{\"@type\":\"Article\",\"@id\":\"https:\/\/www.leeb-balkone.com\/at\/blog\/balkon-lexikon\/#article\",\"isPartOf\":{\"@id\":\"https:\/\/www.leeb-balkone.com\/at\/blog\/balkon-lexikon\/\"},\"author\":{\"name\":\"jbacher\",\"@id\":\"https:\/\/www.leeb-balkone.com\/at\/#\/schema\/person\/15f1f398efcf4703721e46c2136421fa\"},\"headline\":\"Balkon\",\"datePublished\":\"2019-07-20T09:22:38+00:00\",\"dateModified\":\"2025-09-23T12:29:13+00:00\",\"mainEntityOfPage\":{\"@id\":\"https:\/\/www.leeb-balkone.com\/at\/blog\/balkon-lexikon\/\"},\"wordCount\":1789,\"publisher\":{\"@id\":\"https:\/\/www.leeb-balkone.com\/at\/#organization\"},\"image\":{\"@id\":\"https:\/\/www.leeb-balkone.com\/at\/blog\/balkon-lexikon\/#primaryimage\"},\"thumbnailUrl\":\"https:\/\/www.leeb-balkone.com\/app\/uploads\/2020\/06\/balkongelaender-alu-design-casa-linea-15-scaled.jpg\",\"articleSection\":[\"Balkonbau mit Leeb\",\"Technik &amp; Innovation\"],\"inLanguage\":\"de-AT\"},{\"@type\":\"WebPage\",\"@id\":\"https:\/\/www.leeb-balkone.com\/at\/blog\/balkon-lexikon\/\",\"url\":\"https:\/\/www.leeb-balkone.com\/at\/blog\/balkon-lexikon\/\",\"name\":\"Balkon Lexikon - Leeb Balkone\",\"isPartOf\":{\"@id\":\"https:\/\/www.leeb-balkone.com\/at\/#website\"},\"primaryImageOfPage\":{\"@id\":\"https:\/\/www.leeb-balkone.com\/at\/blog\/balkon-lexikon\/#primaryimage\"},\"image\":{\"@id\":\"https:\/\/www.leeb-balkone.com\/at\/blog\/balkon-lexikon\/#primaryimage\"},\"thumbnailUrl\":\"https:\/\/www.leeb-balkone.com\/app\/uploads\/2020\/06\/balkongelaender-alu-design-casa-linea-15-scaled.jpg\",\"datePublished\":\"2019-07-20T09:22:38+00:00\",\"dateModified\":\"2025-09-23T12:29:13+00:00\",\"description\":\"Rund um den Balkon: Alles zu Leeb Balkone und Z\u00e4une. Von Abschlussleiste bis winterfester Balkon, von Baluster bis Zierleiste. RAL-Farben und Dekore, Montage und Unterkonstruktion.\",\"breadcrumb\":{\"@id\":\"https:\/\/www.leeb-balkone.com\/at\/blog\/balkon-lexikon\/#breadcrumb\"},\"inLanguage\":\"de-AT\",\"potentialAction\":[{\"@type\":\"ReadAction\",\"target\":[\"https:\/\/www.leeb-balkone.com\/at\/blog\/balkon-lexikon\/\"]}]},{\"@type\":\"ImageObject\",\"inLanguage\":\"de-AT\",\"@id\":\"https:\/\/www.leeb-balkone.com\/at\/blog\/balkon-lexikon\/#primaryimage\",\"url\":\"https:\/\/www.leeb-balkone.com\/app\/uploads\/2020\/06\/balkongelaender-alu-design-casa-linea-15-scaled.jpg\",\"contentUrl\":\"https:\/\/www.leeb-balkone.com\/app\/uploads\/2020\/06\/balkongelaender-alu-design-casa-linea-15-scaled.jpg\",\"width\":2560,\"height\":1638,\"caption\":\"Traumhafte Gartenanlage mit Alu Design Casa Linea Balkongel\u00e4nder\"},{\"@type\":\"BreadcrumbList\",\"@id\":\"https:\/\/www.leeb-balkone.com\/at\/blog\/balkon-lexikon\/#breadcrumb\",\"itemListElement\":[{\"@type\":\"ListItem\",\"position\":1,\"name\":\"Home\",\"item\":\"https:\/\/www.leeb-balkone.com\/at\/\"},{\"@type\":\"ListItem\",\"position\":2,\"name\":\"Balkon\"}]},{\"@type\":\"WebSite\",\"@id\":\"https:\/\/www.leeb-balkone.com\/at\/#website\",\"url\":\"https:\/\/www.leeb-balkone.com\/at\/\",\"name\":\"Leeb Balkone\",\"description\":\"Balkone und Z\u00e4une\",\"publisher\":{\"@id\":\"https:\/\/www.leeb-balkone.com\/at\/#organization\"},\"potentialAction\":[{\"@type\":\"SearchAction\",\"target\":{\"@type\":\"EntryPoint\",\"urlTemplate\":\"https:\/\/www.leeb-balkone.com\/at\/?s={search_term_string}\"},\"query-input\":{\"@type\":\"PropertyValueSpecification\",\"valueRequired\":true,\"valueName\":\"search_term_string\"}}],\"inLanguage\":\"de-AT\"},{\"@type\":\"Organization\",\"@id\":\"https:\/\/www.leeb-balkone.com\/at\/#organization\",\"name\":\"Leeb Balkone Gmbh\",\"url\":\"https:\/\/www.leeb-balkone.com\/at\/\",\"logo\":{\"@type\":\"ImageObject\",\"inLanguage\":\"de-AT\",\"@id\":\"https:\/\/www.leeb-balkone.com\/at\/#\/schema\/logo\/image\/\",\"url\":\"https:\/\/www.leeb-balkone.com\/app\/uploads\/2020\/11\/leeb-logo.svg\",\"contentUrl\":\"https:\/\/www.leeb-balkone.com\/app\/uploads\/2020\/11\/leeb-logo.svg\",\"width\":741,\"height\":204,\"caption\":\"Leeb Balkone Gmbh\"},\"image\":{\"@id\":\"https:\/\/www.leeb-balkone.com\/at\/#\/schema\/logo\/image\/\"},\"sameAs\":[\"https:\/\/www.facebook.com\/balkone\/\",\"https:\/\/www.trustedshops.at\/bewertung\/info_X4587CCF5833E31AFE0B11F47D86999F2.html\",\"https:\/\/www.trustedshops.de\/bewertung\/info_X7BA536A7A0BDC86D36C4718E4DCAEEEF.html\",\"https:\/\/www.google.com\/maps\/place\/?q=place_id:ChIJ5-zH19-IcEcR9HonWRTllHI\"]},{\"@type\":\"Person\",\"@id\":\"https:\/\/www.leeb-balkone.com\/at\/#\/schema\/person\/15f1f398efcf4703721e46c2136421fa\",\"name\":\"jbacher\"}]}<\/script>\n<!-- \/ Yoast SEO plugin. -->","yoast_head_json":{"title":"Balkon Lexikon - Leeb Balkone \u00d6sterreich","description":"Rund um den Balkon: Alles zu Leeb Balkone und Z\u00e4une. Von Abschlussleiste bis winterfester Balkon, von Baluster bis Zierleiste. RAL-Farben und Dekore, Montage und Unterkonstruktion.","robots":{"index":"index","follow":"follow","max-snippet":"max-snippet:-1","max-image-preview":"max-image-preview:large","max-video-preview":"max-video-preview:-1"},"og_locale":"de_DE","og_type":"article","og_title":"Balkon Lexikon - Leeb Balkone","og_description":"Rund um den Balkon: Alles zu Leeb Balkone und Z\u00e4une. Von Abschlussleiste bis winterfester Balkon, von Baluster bis Zierleiste. RAL-Farben und Dekore, Montage und Unterkonstruktion.","og_url":"https:\/\/www.leeb-balkone.com\/at\/blog\/balkon-lexikon\/","og_site_name":"Leeb Balkone","article_publisher":"https:\/\/www.facebook.com\/balkone\/","article_published_time":"2019-07-20T09:22:38+00:00","article_modified_time":"2025-09-23T12:29:13+00:00","og_image":[{"width":2560,"height":1638,"url":"https:\/\/www.leeb-balkone.com\/app\/uploads\/2020\/06\/balkongelaender-alu-design-casa-linea-15-scaled.jpg","type":"image\/jpeg"}],"author":"jbacher","twitter_card":"summary_large_image","schema":{"@context":"https:\/\/schema.org","@graph":[{"@type":"Article","@id":"https:\/\/www.leeb-balkone.com\/at\/blog\/balkon-lexikon\/#article","isPartOf":{"@id":"https:\/\/www.leeb-balkone.com\/at\/blog\/balkon-lexikon\/"},"author":{"name":"jbacher","@id":"https:\/\/www.leeb-balkone.com\/at\/#\/schema\/person\/15f1f398efcf4703721e46c2136421fa"},"headline":"Balkon","datePublished":"2019-07-20T09:22:38+00:00","dateModified":"2025-09-23T12:29:13+00:00","mainEntityOfPage":{"@id":"https:\/\/www.leeb-balkone.com\/at\/blog\/balkon-lexikon\/"},"wordCount":1789,"publisher":{"@id":"https:\/\/www.leeb-balkone.com\/at\/#organization"},"image":{"@id":"https:\/\/www.leeb-balkone.com\/at\/blog\/balkon-lexikon\/#primaryimage"},"thumbnailUrl":"https:\/\/www.leeb-balkone.com\/app\/uploads\/2020\/06\/balkongelaender-alu-design-casa-linea-15-scaled.jpg","articleSection":["Balkonbau mit Leeb","Technik &amp; Innovation"],"inLanguage":"de-AT"},{"@type":"WebPage","@id":"https:\/\/www.leeb-balkone.com\/at\/blog\/balkon-lexikon\/","url":"https:\/\/www.leeb-balkone.com\/at\/blog\/balkon-lexikon\/","name":"Balkon Lexikon - Leeb Balkone","isPartOf":{"@id":"https:\/\/www.leeb-balkone.com\/at\/#website"},"primaryImageOfPage":{"@id":"https:\/\/www.leeb-balkone.com\/at\/blog\/balkon-lexikon\/#primaryimage"},"image":{"@id":"https:\/\/www.leeb-balkone.com\/at\/blog\/balkon-lexikon\/#primaryimage"},"thumbnailUrl":"https:\/\/www.leeb-balkone.com\/app\/uploads\/2020\/06\/balkongelaender-alu-design-casa-linea-15-scaled.jpg","datePublished":"2019-07-20T09:22:38+00:00","dateModified":"2025-09-23T12:29:13+00:00","description":"Rund um den Balkon: Alles zu Leeb Balkone und Z\u00e4une. Von Abschlussleiste bis winterfester Balkon, von Baluster bis Zierleiste. RAL-Farben und Dekore, Montage und Unterkonstruktion.","breadcrumb":{"@id":"https:\/\/www.leeb-balkone.com\/at\/blog\/balkon-lexikon\/#breadcrumb"},"inLanguage":"de-AT","potentialAction":[{"@type":"ReadAction","target":["https:\/\/www.leeb-balkone.com\/at\/blog\/balkon-lexikon\/"]}]},{"@type":"ImageObject","inLanguage":"de-AT","@id":"https:\/\/www.leeb-balkone.com\/at\/blog\/balkon-lexikon\/#primaryimage","url":"https:\/\/www.leeb-balkone.com\/app\/uploads\/2020\/06\/balkongelaender-alu-design-casa-linea-15-scaled.jpg","contentUrl":"https:\/\/www.leeb-balkone.com\/app\/uploads\/2020\/06\/balkongelaender-alu-design-casa-linea-15-scaled.jpg","width":2560,"height":1638,"caption":"Traumhafte Gartenanlage mit Alu Design Casa Linea Balkongel\u00e4nder"},{"@type":"BreadcrumbList","@id":"https:\/\/www.leeb-balkone.com\/at\/blog\/balkon-lexikon\/#breadcrumb","itemListElement":[{"@type":"ListItem","position":1,"name":"Home","item":"https:\/\/www.leeb-balkone.com\/at\/"},{"@type":"ListItem","position":2,"name":"Balkon"}]},{"@type":"WebSite","@id":"https:\/\/www.leeb-balkone.com\/at\/#website","url":"https:\/\/www.leeb-balkone.com\/at\/","name":"Leeb Balkone","description":"Balkone und Z\u00e4une","publisher":{"@id":"https:\/\/www.leeb-balkone.com\/at\/#organization"},"potentialAction":[{"@type":"SearchAction","target":{"@type":"EntryPoint","urlTemplate":"https:\/\/www.leeb-balkone.com\/at\/?s={search_term_string}"},"query-input":{"@type":"PropertyValueSpecification","valueRequired":true,"valueName":"search_term_string"}}],"inLanguage":"de-AT"},{"@type":"Organization","@id":"https:\/\/www.leeb-balkone.com\/at\/#organization","name":"Leeb Balkone Gmbh","url":"https:\/\/www.leeb-balkone.com\/at\/","logo":{"@type":"ImageObject","inLanguage":"de-AT","@id":"https:\/\/www.leeb-balkone.com\/at\/#\/schema\/logo\/image\/","url":"https:\/\/www.leeb-balkone.com\/app\/uploads\/2020\/11\/leeb-logo.svg","contentUrl":"https:\/\/www.leeb-balkone.com\/app\/uploads\/2020\/11\/leeb-logo.svg","width":741,"height":204,"caption":"Leeb Balkone Gmbh"},"image":{"@id":"https:\/\/www.leeb-balkone.com\/at\/#\/schema\/logo\/image\/"},"sameAs":["https:\/\/www.facebook.com\/balkone\/","https:\/\/www.trustedshops.at\/bewertung\/info_X4587CCF5833E31AFE0B11F47D86999F2.html","https:\/\/www.trustedshops.de\/bewertung\/info_X7BA536A7A0BDC86D36C4718E4DCAEEEF.html","https:\/\/www.google.com\/maps\/place\/?q=place_id:ChIJ5-zH19-IcEcR9HonWRTllHI"]},{"@type":"Person","@id":"https:\/\/www.leeb-balkone.com\/at\/#\/schema\/person\/15f1f398efcf4703721e46c2136421fa","name":"jbacher"}]}},"_links":{"self":[{"href":"https:\/\/www.leeb-balkone.com\/at\/wp-json\/wp\/v2\/posts\/157151","targetHints":{"allow":["GET"]}}],"collection":[{"href":"https:\/\/www.leeb-balkone.com\/at\/wp-json\/wp\/v2\/posts"}],"about":[{"href":"https:\/\/www.leeb-balkone.com\/at\/wp-json\/wp\/v2\/types\/post"}],"author":[{"embeddable":true,"href":"https:\/\/www.leeb-balkone.com\/at\/wp-json\/wp\/v2\/users\/3"}],"replies":[{"embeddable":true,"href":"https:\/\/www.leeb-balkone.com\/at\/wp-json\/wp\/v2\/comments?post=157151"}],"version-history":[{"count":1,"href":"https:\/\/www.leeb-balkone.com\/at\/wp-json\/wp\/v2\/posts\/157151\/revisions"}],"predecessor-version":[{"id":157154,"href":"https:\/\/www.leeb-balkone.com\/at\/wp-json\/wp\/v2\/posts\/157151\/revisions\/157154"}],"wp:featuredmedia":[{"embeddable":true,"href":"https:\/\/www.leeb-balkone.com\/at\/wp-json\/wp\/v2\/media\/5283"}],"wp:attachment":[{"href":"https:\/\/www.leeb-balkone.com\/at\/wp-json\/wp\/v2\/media?parent=157151"}],"wp:term":[{"taxonomy":"category","embeddable":true,"href":"https:\/\/www.leeb-balkone.com\/at\/wp-json\/wp\/v2\/categories?post=157151"},{"taxonomy":"post_tag","embeddable":true,"href":"https:\/\/www.leeb-balkone.com\/at\/wp-json\/wp\/v2\/tags?post=157151"},{"taxonomy":"post_folder","embeddable":true,"href":"https:\/\/www.leeb-balkone.com\/at\/wp-json\/wp\/v2\/post_folder?post=157151"}],"curies":[{"name":"wp","href":"https:\/\/api.w.org\/{rel}","templated":true}]}}