{"id":157147,"date":"2019-10-02T11:36:31","date_gmt":"2019-10-02T11:36:31","guid":{"rendered":"https:\/\/www.leeb-balkone.com\/de\/zaun-lexikon\/"},"modified":"2019-10-02T11:36:31","modified_gmt":"2019-10-02T11:36:31","slug":"zaun-lexikon","status":"publish","type":"post","link":"https:\/\/www.leeb-balkone.com\/at\/blog\/zaun-lexikon\/","title":{"rendered":"Zaun-Lexikon: Leeb Z\u00e4une von A bis Z"},"content":{"rendered":"<header data-block_acf-block-68cc2c1a627bd class=\"c-fh  l-mh-small c-fh--hero c-grad-l2r c-fh--div none\">\n      <img loading=\"lazy\" decoding=\"async\" width=\"2560\" height=\"1709\" src=\"https:\/\/www.leeb-balkone.com\/app\/uploads\/2020\/07\/zaun-alu-ambito-19-1-scaled.jpeg\" class=\"no-lazy\" alt=\"Moderner Gartenpool mit Glas\u00fcberdachung und Aluzaun Nizza als Sichtschutz\" srcset=\"https:\/\/www.leeb-balkone.com\/app\/uploads\/2020\/07\/zaun-alu-ambito-19-1-scaled.jpeg 2560w, https:\/\/www.leeb-balkone.com\/app\/uploads\/2020\/07\/zaun-alu-ambito-19-1-300x200.jpeg 300w, https:\/\/www.leeb-balkone.com\/app\/uploads\/2020\/07\/zaun-alu-ambito-19-1-1024x684.jpeg 1024w, https:\/\/www.leeb-balkone.com\/app\/uploads\/2020\/07\/zaun-alu-ambito-19-1-768x513.jpeg 768w, https:\/\/www.leeb-balkone.com\/app\/uploads\/2020\/07\/zaun-alu-ambito-19-1-1536x1025.jpeg 1536w, https:\/\/www.leeb-balkone.com\/app\/uploads\/2020\/07\/zaun-alu-ambito-19-1-2048x1367.jpeg 2048w\" sizes=\"auto, (min-width: 1536px) 2048px, (min-width: 992px) 1536px, (min-width: 768px) 1024px, (min-width: 576px) 768px, 100vw\" \/>\n\n\n<div class=\"grid-container\">\n  <div class=\"grid-x\">\n    <div class=\"cell small-12 medium-6 medium-offset-1\">\n      <div class=\"c-fh__wrapper\">\n              <\/div>\n    <\/div>\n  <\/div>\n<\/div>\n  \n    \n    <\/header>\n\n\n  \n  <section class=\"wp-block-group alignfull t3-header u-max-wide t3-header-text has-white-background-color has-background has-global-padding is-layout-constrained wp-block-group-is-layout-constrained\">\n    <div class=\"wp-block-group o-grid u-md-1 u-sm-1 is-layout-flow wp-block-group-is-layout-flow\">\n  <div class=\"wp-block-group u-g-10 u-g-s-2\">\n      <div class=\"yoast-breadcrumbs\"><span><span><a href=\"https:\/\/www.leeb-balkone.com\/at\/\">Home<\/a><\/span><\/span><\/div>\n      \n    <h1>Zaun-Lexikon: Leeb Z\u00e4une von A bis Z<\/h1>\n  <\/div>\n<\/div>\n  <\/section>\n\n\n\n\n\n\n<section class=\"wp-block-cgb-t3-section-block alignfull b-pt-small  is-style-bg-white\" style=\"display:inherit;min-height:inherit\">\n<div class=\"wp-block-cgb-t3-container-block none\" style=\"background-color:none\"><div class=\"grid-container\"><div class=\"grid-x\"><div class=\"cell small-12 medium-9 large-0 medium-offset-1 b-has-lsmb\">\n<p><span class=\"h2ash1\">Zaun Lexikon<\/span><\/p>\n\n\n\n<p><span class=\"teaser\">Infos &amp; FAQ zum Zaun \u2013 Leeb Z\u00e4une von A bis Z<\/span><\/p>\n<\/div><\/div><\/div><\/div>\n\n\n\n<div class=\"wp-block-cgb-t3-container-block none\" style=\"background-color:none\"><div class=\"grid-container\"><div class=\"grid-x\"><div class=\"cell small-12 medium-9 large-0 medium-offset-1 b-has-lsmb\">\n<p><strong>A<\/strong><\/p>\n\n\n\n<h3 class=\"wp-block-heading\">Aluminium<\/h3>\n\n\n\n<p>Eine klare Linienf\u00fchrung, stabile Eckrahmenkonstruktion, Softline-Kanten und die innovative Pulverbeschichtung ALU COMFORT PLUS\u00ae machen alle Leeb Produkte aus Aluminium nahezu pflege- und wartungsfrei. Die vielf\u00e4ltige Alu-Gestaltungsvarianten lassen kaum W\u00fcnsche nach Individualit\u00e4t offen. Ein sch\u00f6ner Anblick \u2013 ein \u201eLeeben\u201c lang<\/p>\n\n\n\n<p><strong>B<\/strong><\/p>\n\n\n\n<h3 class=\"wp-block-heading\"><strong>Beratungsservice<\/strong><\/h3>\n\n\n\n<p>Ihr Leeb Balkon- und Zaunberater steht Ihnen mit Rat und Tat vor Ort zur Seite. Lassen Sie sich beraten und sich die Entscheidung erleichtern! Die rundum Beratung von Leeb umfasst nicht nur ein unverbindliches Beratungsgespr\u00e4ch vor Ort, sondern auch ein kostenloses Fotomontage-Service, das Ihnen die Entscheidung erleichtern soll.<\/p>\n\n\n\n<p><strong>C<\/strong><\/p>\n\n\n\n<h3 class=\"wp-block-heading\"><strong>Chemische Reinigungsmittel<\/strong><\/h3>\n\n\n\n<p>Alle Oberfl\u00e4chen sind schmutzabweisend und damit besonders pflegeleicht. Daf\u00fcr sorgen vor allem die patentierten Verfahren zur Oberfl\u00e4chenbehandlung von Holz und Aluminium: Mit VACU-PROTECT\u00ae wurde ein spezielles Impr\u00e4gnierungsverfahren entwickelt, das alle Holzbauteile dauerhaft vor Pilz- oder Sch\u00e4dlingsbefall, UV-Strahlen und Verwitterung sch\u00fctzt. Die nach bewusst umweltfreundlichen Kriterien entwickelte ALU COMFORT PLUS\u00ae Pulverbeschichtung sorgt f\u00fcr extreme Witterungsbest\u00e4ndigkeit aller Oberfl\u00e4chen aus Aluminium und macht Aluminiumz\u00e4une und Aluminiumbalkone von Leeb nahezu pflege- und wartungsfrei. Warmes Wasser und ein Tuch reichen aus, um den Zaun wieder in neuem Glanz erstrahlen zu lassen.<\/p>\n\n\n\n<p><strong>D<\/strong><\/p>\n\n\n\n<h3 class=\"wp-block-heading\"><strong>Dekor<\/strong><\/h3>\n\n\n\n<p>Z\u00e4une und Balkone von Leeb lassen sich mit unterschiedlichen Dekor-Elementen individuell und ganz nach Ihren pers\u00f6nlichen W\u00fcnschen gestalten. Auch bei der Farbgebung Ihres Aluzaunes sind Ihrer Fantasie keine Grenzen gesetzt. Unser Modell \u201eBelvedere\u201c zeigt, wie sch\u00f6n Dekor-Elemente wirken k\u00f6nnen.<\/p>\n\n\n\n<p><strong>E<\/strong><\/p>\n\n\n\n<h3 class=\"wp-block-heading\"><strong>Eingang<\/strong><\/h3>\n\n\n\n<p>Jeder Zaun braucht auch einen Eingang, zum Beispiel in Form eines Zauntores. Leeb liefert je nach Anforderung und gew\u00e4hltem Zaun die passenden\u00a0Drehtore, Schiebetore und Geht\u00fcren. Alle unsere Zauntore sind als stabile Aluminiumrahmen-Konstruktionen ausgef\u00fchrt und k\u00f6nnen mit\u00a0<a href=\"https:\/\/www.leeb-balkone.com\/at\/zaeune\/aluzaun\/\">Z\u00e4unen\u00a0aus Aluminium<\/a> von Leeb\u00a0kombiniert werden. Jedes Zauntor entspricht den hohen Qualit\u00e4tsanforderungen von Leeb. Passgenaue Verarbeitung, hochwertige Rohstoffe und der Einsatz der ALU COMFORT PLUS\u00ae Beschichtung machen unsere Zauntore st\u00e4rker belastbar und nahezu wartungsfrei.<\/p>\n\n\n\n<p><strong>F<\/strong><\/p>\n\n\n\n<h3 class=\"wp-block-heading\"><strong>Familienbetrieb<\/strong><\/h3>\n\n\n\n<p>Die Firma Leeb Balkone wird in vierter Generation als Familienbetrieb geleitet. Franz Leeb, der Vater des heutigen Gesch\u00e4ftsf\u00fchrers Markus Leeb, hat im Jahre 1975 begonnen, Holzbalkone zu produzieren und das Unternehmen so zu Europas Nr. 1 im Balkon-Sektor gemacht.<\/p>\n\n\n\n<p><strong>G<\/strong><\/p>\n\n\n\n<h3 class=\"wp-block-heading\"><strong>Glas-Elemente<\/strong><\/h3>\n\n\n\n<p>Wie stets bei Leeb, k\u00f6nnen Sie auch im Zaunsektor aus verschiedenen Gl\u00e4sern w\u00e4hlen. Und durch viele Farbkombinationen bietet beispielsweise das Zaunmodell \u201ePalma\u201c die M\u00f6glichkeit, seinen pers\u00f6nlichen Stil perfekt umzusetzen. Das Modell \u201ePalma\u201c mit Glaseinsatz ist vielseitig einsetzbar, eignet sich aber besonders gut f\u00fcr den zeitgen\u00f6ssischen Wohn- und Hausbau.&nbsp;<\/p>\n<\/div><\/div><\/div><\/div>\n\n\n<div class=\"b-carousel  band slider\" data-block_acf-block-68cc2c1a627e2>\n  <div class=\"slides\">\n          <div>\n\n\n\n  \n    \n          \n\n              \n        \n\n        <img loading=\"lazy\" decoding=\"async\" width=\"1024\" height=\"767\" src=\"https:\/\/www.leeb-balkone.com\/app\/uploads\/2020\/09\/zaun-alu-landeck-18-1024x767.jpg\" class=\"no-lazy\" alt=\"Baum im Garten mit Alu Zaun Landeck\" srcset=\"https:\/\/www.leeb-balkone.com\/app\/uploads\/2020\/09\/zaun-alu-landeck-18-1024x767.jpg 1024w, https:\/\/www.leeb-balkone.com\/app\/uploads\/2020\/09\/zaun-alu-landeck-18-300x225.jpg 300w, https:\/\/www.leeb-balkone.com\/app\/uploads\/2020\/09\/zaun-alu-landeck-18-768x575.jpg 768w, https:\/\/www.leeb-balkone.com\/app\/uploads\/2020\/09\/zaun-alu-landeck-18-1536x1151.jpg 1536w, https:\/\/www.leeb-balkone.com\/app\/uploads\/2020\/09\/zaun-alu-landeck-18-2048x1535.jpg 2048w\" sizes=\"auto, (min-width: 1200px) 1024px, (min-width: 1024px) 768px, (min-width: 640px) 768px, 768px\" \/>        \n            \n          \n  <\/div>\n\n          <div>\n\n\n\n  \n    \n          \n\n              \n        \n\n        <img loading=\"lazy\" decoding=\"async\" width=\"1024\" height=\"683\" src=\"https:\/\/www.leeb-balkone.com\/app\/uploads\/2020\/07\/zaun-alu-landeck-14-1024x683.jpg\" class=\"no-lazy\" alt=\"Impulsanter \" srcset=\"https:\/\/www.leeb-balkone.com\/app\/uploads\/2020\/07\/zaun-alu-landeck-14-1024x683.jpg 1024w, https:\/\/www.leeb-balkone.com\/app\/uploads\/2020\/07\/zaun-alu-landeck-14-300x200.jpg 300w, https:\/\/www.leeb-balkone.com\/app\/uploads\/2020\/07\/zaun-alu-landeck-14-768x512.jpg 768w, https:\/\/www.leeb-balkone.com\/app\/uploads\/2020\/07\/zaun-alu-landeck-14-1536x1024.jpg 1536w, https:\/\/www.leeb-balkone.com\/app\/uploads\/2020\/07\/zaun-alu-landeck-14-2048x1366.jpg 2048w\" sizes=\"auto, (min-width: 1200px) 1024px, (min-width: 1024px) 768px, (min-width: 640px) 768px, 768px\" \/>        \n            \n          \n  <\/div>\n\n          <div>\n\n\n\n  \n    \n          \n\n              \n        \n\n        <img loading=\"lazy\" decoding=\"async\" width=\"1024\" height=\"684\" src=\"https:\/\/www.leeb-balkone.com\/app\/uploads\/2020\/07\/zaun-alu-landeck-9-1024x684.jpg\" class=\"no-lazy\" alt=\"Farbspiel aus Grau und Rot mit Alu Zaun Landeck\" srcset=\"https:\/\/www.leeb-balkone.com\/app\/uploads\/2020\/07\/zaun-alu-landeck-9-1024x684.jpg 1024w, https:\/\/www.leeb-balkone.com\/app\/uploads\/2020\/07\/zaun-alu-landeck-9-300x200.jpg 300w, https:\/\/www.leeb-balkone.com\/app\/uploads\/2020\/07\/zaun-alu-landeck-9-768x513.jpg 768w, https:\/\/www.leeb-balkone.com\/app\/uploads\/2020\/07\/zaun-alu-landeck-9-1536x1025.jpg 1536w, https:\/\/www.leeb-balkone.com\/app\/uploads\/2020\/07\/zaun-alu-landeck-9-2048x1367.jpg 2048w\" sizes=\"auto, (min-width: 1200px) 1024px, (min-width: 1024px) 768px, (min-width: 640px) 768px, 768px\" \/>        \n            \n          \n  <\/div>\n\n          <div>\n\n\n\n  \n    \n          \n\n              \n        \n\n        <img loading=\"lazy\" decoding=\"async\" width=\"1024\" height=\"684\" src=\"https:\/\/www.leeb-balkone.com\/app\/uploads\/2020\/08\/zaun-alu-nizza-9-1024x684.jpg\" class=\"no-lazy\" alt=\"Perfekter Sichtschutz mit Aluzaun Nizza\" srcset=\"https:\/\/www.leeb-balkone.com\/app\/uploads\/2020\/08\/zaun-alu-nizza-9-1024x684.jpg 1024w, https:\/\/www.leeb-balkone.com\/app\/uploads\/2020\/08\/zaun-alu-nizza-9-300x200.jpg 300w, https:\/\/www.leeb-balkone.com\/app\/uploads\/2020\/08\/zaun-alu-nizza-9-768x513.jpg 768w, https:\/\/www.leeb-balkone.com\/app\/uploads\/2020\/08\/zaun-alu-nizza-9-1536x1025.jpg 1536w, https:\/\/www.leeb-balkone.com\/app\/uploads\/2020\/08\/zaun-alu-nizza-9-2048x1367.jpg 2048w\" sizes=\"auto, (min-width: 1200px) 1024px, (min-width: 1024px) 768px, (min-width: 640px) 768px, 768px\" \/>        \n            \n          \n  <\/div>\n\n          <div>\n\n\n\n  \n    \n          \n\n              \n        \n\n        <img loading=\"lazy\" decoding=\"async\" width=\"1024\" height=\"684\" src=\"https:\/\/www.leeb-balkone.com\/app\/uploads\/2020\/07\/zaun-alu-valetta-8-1024x684.jpg\" class=\"no-lazy\" alt=\"Elegante Gartenanlage mit Aluzaun Valletta\" srcset=\"https:\/\/www.leeb-balkone.com\/app\/uploads\/2020\/07\/zaun-alu-valetta-8-1024x684.jpg 1024w, https:\/\/www.leeb-balkone.com\/app\/uploads\/2020\/07\/zaun-alu-valetta-8-300x200.jpg 300w, https:\/\/www.leeb-balkone.com\/app\/uploads\/2020\/07\/zaun-alu-valetta-8-768x513.jpg 768w, https:\/\/www.leeb-balkone.com\/app\/uploads\/2020\/07\/zaun-alu-valetta-8-1536x1025.jpg 1536w, https:\/\/www.leeb-balkone.com\/app\/uploads\/2020\/07\/zaun-alu-valetta-8-2048x1367.jpg 2048w\" sizes=\"auto, (min-width: 1200px) 1024px, (min-width: 1024px) 768px, (min-width: 640px) 768px, 768px\" \/>        \n            \n          \n  <\/div>\n\n      <\/div>\n\n<\/div>\n\n\n\n<div class=\"wp-block-cgb-t3-container-block none\" style=\"background-color:none\"><div class=\"grid-container\"><div class=\"grid-x\"><div class=\"cell small-12 medium-9 large-0 medium-offset-1 b-has-lsmb\">\n<p><strong>H<\/strong><\/p>\n\n\n\n<h3 class=\"wp-block-heading\"><strong>Holzoptik<\/strong><\/h3>\n\n\n\n<p>Bei Leeb k\u00f6nnen durch ein ausgekl\u00fcgeltes Verfahren Aluminiumz\u00e4une auch in Holzoptik hergestellt werden. Dadurch lassen sich die Vorteile eines Aluminiumzaunes mit der Optik eines Holzzaunes kombinieren.<\/p>\n\n\n\n<p><strong>I<\/strong><\/p>\n\n\n\n<h3 class=\"wp-block-heading\">Immer sch\u00f6n anzusehen<\/h3>\n\n\n\n<p>Leeb Z\u00e4une sind nicht nur robuster und langlebiger, sondern auch dauerhaft sch\u00f6n. Ein Leeb Zaun versch\u00f6nert Ihr Grundst\u00fcck um ein gutes St\u00fcck und bietet Ihrem Haus den passenden Rahmen \u2013 ob mit Sichtschutz-Elementen oder in der \u201eluftigeren\u201c Variante.<\/p>\n\n\n\n<p><strong>J<\/strong><\/p>\n\n\n\n<h3 class=\"wp-block-heading\">Jederzeit erweiterbar<\/h3>\n\n\n\n<p>Leeb Z\u00e4une sind jederzeit erweiterbar oder mit dem passenden Leeb Balkon kombinierbar. Viele Zaunmodelle gibt es auch in der Ausf\u00fchrung als Balkon. Ob im gleichen Look oder ein passendes Balkon-Modell zum Zaun \u2013 hier kann jederzeit erweitert werden.<\/p>\n\n\n\n<p><strong>K<\/strong><\/p>\n\n\n\n<h3 class=\"wp-block-heading\"><strong>Kappen<\/strong><\/h3>\n\n\n\n<p>F\u00fcr viele Zaunmodelle steht eine Vielzahl an Zaunkappen zur Verf\u00fcgung.&nbsp;Der exklusive Zaun \u201eVersailles\u201c vermittelt durch seine eleganten St\u00e4be besondere Leichtigkeit. Dieser Aluminiumzaun ist mit gleich langen Zaunst\u00e4ben sowie einer konvexen oder konkaven W\u00f6lbung lieferbar und l\u00e4sst sich farblich ideal auf Ihren Garten und Ihr Anwesen abstimmen. Zur Wahl stehen die neun RAL-Standardfarben und auf Wunsch alle weiteren RAL-Farben.<\/p>\n\n\n\n<p><strong>L<\/strong><\/p>\n\n\n\n<h3 class=\"wp-block-heading\"><strong>Langlebigkeit<\/strong><\/h3>\n\n\n\n<p>Aluminiumz\u00e4une von Leeb sind ein sch\u00f6ner Anblick \u2013 ein Zaunleben lang! Die vom Familienbetrieb entwickelte Oberfl\u00e4chenbeschichtung sorgt f\u00fcr extrem lange Haltbarkeit und dauerhafte Sch\u00f6nheit.<\/p>\n\n\n\n<p><strong>M<\/strong><\/p>\n\n\n\n<h3 class=\"wp-block-heading\"><strong>Modelle<\/strong><\/h3>\n\n\n\n<p>W\u00e4hlen Sie aus \u00fcber 200 verschiedenen Zaun- und Balkonvarianten und kombinieren Sie Farben, F\u00fcllungen oder Dekore so zu Ihrem Traumzaun oder Wunschbalkon!<\/p>\n<\/div><\/div><\/div><\/div>\n\n\n\n<div class=\"wp-block-cgb-t3-container-block none\" style=\"background-color:none\"><div class=\"grid-container\"><div class=\"grid-x\"><div class=\"cell small-12 medium-9 large-0 medium-offset-1 b-has-lsmb\">\n<p><strong>N<\/strong><\/p>\n\n\n\n<h3 class=\"wp-block-heading\"><strong>Niroster<\/strong><\/h3>\n\n\n\n<p>Unter Niroster oder \u201eNiro\u201c versteht man rostfreien (also nichtrostenden) Stahl. Dieser wird gerne in Form von St\u00e4ben als Dekorelement bei Leeb Produkten eingesetzt. Solche St\u00e4be geben vielen Modellen ein noch edleres Aussehen.<\/p>\n\n\n\n<p><strong>O<\/strong><\/p>\n\n\n\n<h3 class=\"wp-block-heading\"><strong>Optik<\/strong><\/h3>\n\n\n\n<p>Bei Leeb ist der Kunde die Nummer 1. Egal, welche W\u00fcnsche Sie haben \u2013 wir erf\u00fcllen Sie Ihnen! Die Optik des Zauns wird ganz nach Ihren Design-Vorstellungen angepasst. Die Produktpalette umfasst sowohl moderne als auch klassische und traditionelle Modelle, die in unz\u00e4hligen Ausf\u00fchrungen erh\u00e4ltlich sind.<\/p>\n\n\n\n<p><strong>P<\/strong><\/p>\n\n\n\n<h3 class=\"wp-block-heading\"><strong>Pulverbeschichtung<\/strong><\/h3>\n\n\n\n<p>Die einzigartige ALU COMFORT PLUS\u00ae Oberfl\u00e4chenbeschichtung mit Lotus-Effekt ist das Ergebnis stetiger Weiterentwicklung. Eine hochmoderne Pulverbeschichtungsanlage, st\u00e4ndige Qualit\u00e4tskontrollen und hohes Fachwissen garantieren europaweite Spitzenprodukte.<\/p>\n\n\n\n<p><strong>Q<\/strong><\/p>\n\n\n\n<h3 class=\"wp-block-heading\"><strong>Qualit\u00e4t \u2013 ein \u201eLeeben\u201c lang<\/strong><\/h3>\n\n\n\n<p>Bei Leeb wird Qualit\u00e4t gro\u00dfgeschrieben. Zu den exklusiven Leeb-Qualit\u00e4tskriterien geh\u00f6ren Softline-Kanten f\u00fcr langlebige Beschichtung, verdeckte Verschraubungen und eine stabile Eckrahmenkonstruktion. Wir sind der erste und einer der wenigen Balkonhersteller in Europa, der nach der Qualit\u00e4tsnorm ISO 9001 gepr\u00fcft und zertifiziert ist.<\/p>\n<\/div><\/div><\/div><\/div>\n\n\n<div class=\"b-carousel  band slider\" data-block_acf-block-68cc2c1a627fb>\n  <div class=\"slides\">\n          <div>\n\n\n\n  \n    \n          \n\n              \n        \n\n        <img loading=\"lazy\" decoding=\"async\" width=\"1024\" height=\"788\" src=\"https:\/\/www.leeb-balkone.com\/app\/uploads\/2020\/07\/zaun-alu-ambito-8-1024x788.jpeg\" class=\"no-lazy\" alt=\"Moderner W\u00fcrfel mit Alu Zaun Ambito\" srcset=\"https:\/\/www.leeb-balkone.com\/app\/uploads\/2020\/07\/zaun-alu-ambito-8-1024x788.jpeg 1024w, https:\/\/www.leeb-balkone.com\/app\/uploads\/2020\/07\/zaun-alu-ambito-8-300x231.jpeg 300w, https:\/\/www.leeb-balkone.com\/app\/uploads\/2020\/07\/zaun-alu-ambito-8-768x591.jpeg 768w, https:\/\/www.leeb-balkone.com\/app\/uploads\/2020\/07\/zaun-alu-ambito-8-1536x1182.jpeg 1536w, https:\/\/www.leeb-balkone.com\/app\/uploads\/2020\/07\/zaun-alu-ambito-8-2048x1575.jpeg 2048w\" sizes=\"auto, (min-width: 1200px) 1024px, (min-width: 1024px) 768px, (min-width: 640px) 768px, 768px\" \/>        \n            \n          \n  <\/div>\n\n          <div>\n\n\n\n  \n    \n          \n\n              \n        \n\n        <img loading=\"lazy\" decoding=\"async\" width=\"1024\" height=\"684\" src=\"https:\/\/www.leeb-balkone.com\/app\/uploads\/2020\/07\/zaun-alu-grado-8-1024x684.jpg\" class=\"no-lazy\" alt=\"Gro\u00dfz\u00fcgige Gartensitzgarnitur mit Alusichtschutz\" srcset=\"https:\/\/www.leeb-balkone.com\/app\/uploads\/2020\/07\/zaun-alu-grado-8-1024x684.jpg 1024w, https:\/\/www.leeb-balkone.com\/app\/uploads\/2020\/07\/zaun-alu-grado-8-300x200.jpg 300w, https:\/\/www.leeb-balkone.com\/app\/uploads\/2020\/07\/zaun-alu-grado-8-768x513.jpg 768w, https:\/\/www.leeb-balkone.com\/app\/uploads\/2020\/07\/zaun-alu-grado-8-1536x1025.jpg 1536w, https:\/\/www.leeb-balkone.com\/app\/uploads\/2020\/07\/zaun-alu-grado-8-2048x1367.jpg 2048w\" sizes=\"auto, (min-width: 1200px) 1024px, (min-width: 1024px) 768px, (min-width: 640px) 768px, 768px\" \/>        \n            \n          \n  <\/div>\n\n          <div>\n\n\n\n  \n    \n          \n\n              \n        \n\n        <img loading=\"lazy\" decoding=\"async\" width=\"1024\" height=\"683\" src=\"https:\/\/www.leeb-balkone.com\/app\/uploads\/2020\/07\/zaun-alu-grado-1-1024x683.jpg\" class=\"no-lazy\" alt=\"Gepflegte Blumenrabatte mit Alu Zaun Grado\" srcset=\"https:\/\/www.leeb-balkone.com\/app\/uploads\/2020\/07\/zaun-alu-grado-1-1024x683.jpg 1024w, https:\/\/www.leeb-balkone.com\/app\/uploads\/2020\/07\/zaun-alu-grado-1-300x200.jpg 300w, https:\/\/www.leeb-balkone.com\/app\/uploads\/2020\/07\/zaun-alu-grado-1-768x512.jpg 768w, https:\/\/www.leeb-balkone.com\/app\/uploads\/2020\/07\/zaun-alu-grado-1-1536x1024.jpg 1536w, https:\/\/www.leeb-balkone.com\/app\/uploads\/2020\/07\/zaun-alu-grado-1-2048x1366.jpg 2048w\" sizes=\"auto, (min-width: 1200px) 1024px, (min-width: 1024px) 768px, (min-width: 640px) 768px, 768px\" \/>        \n            \n          \n  <\/div>\n\n          <div>\n\n\n\n  \n    \n          \n\n              \n        \n\n        <img loading=\"lazy\" decoding=\"async\" width=\"1024\" height=\"684\" src=\"https:\/\/www.leeb-balkone.com\/app\/uploads\/2020\/07\/zaun-alu-nizza-2-1024x684.jpg\" class=\"no-lazy\" alt=\"Moderner Sichtschutz mit Aluzaun Nizza\" srcset=\"https:\/\/www.leeb-balkone.com\/app\/uploads\/2020\/07\/zaun-alu-nizza-2-1024x684.jpg 1024w, https:\/\/www.leeb-balkone.com\/app\/uploads\/2020\/07\/zaun-alu-nizza-2-300x200.jpg 300w, https:\/\/www.leeb-balkone.com\/app\/uploads\/2020\/07\/zaun-alu-nizza-2-768x513.jpg 768w, https:\/\/www.leeb-balkone.com\/app\/uploads\/2020\/07\/zaun-alu-nizza-2-1536x1025.jpg 1536w, https:\/\/www.leeb-balkone.com\/app\/uploads\/2020\/07\/zaun-alu-nizza-2-2048x1367.jpg 2048w\" sizes=\"auto, (min-width: 1200px) 1024px, (min-width: 1024px) 768px, (min-width: 640px) 768px, 768px\" \/>        \n            \n          \n  <\/div>\n\n          <div>\n\n\n\n  \n    \n          \n\n              \n        \n\n        <img loading=\"lazy\" decoding=\"async\" width=\"1024\" height=\"684\" src=\"https:\/\/www.leeb-balkone.com\/app\/uploads\/2020\/07\/zaun-alu-hallegg-7-1024x684.jpg\" class=\"no-lazy\" alt=\"zaun alu hallegg 7\" srcset=\"https:\/\/www.leeb-balkone.com\/app\/uploads\/2020\/07\/zaun-alu-hallegg-7-1024x684.jpg 1024w, https:\/\/www.leeb-balkone.com\/app\/uploads\/2020\/07\/zaun-alu-hallegg-7-300x200.jpg 300w, https:\/\/www.leeb-balkone.com\/app\/uploads\/2020\/07\/zaun-alu-hallegg-7-768x513.jpg 768w, https:\/\/www.leeb-balkone.com\/app\/uploads\/2020\/07\/zaun-alu-hallegg-7-1536x1025.jpg 1536w, https:\/\/www.leeb-balkone.com\/app\/uploads\/2020\/07\/zaun-alu-hallegg-7-2048x1367.jpg 2048w\" sizes=\"auto, (min-width: 1200px) 1024px, (min-width: 1024px) 768px, (min-width: 640px) 768px, 768px\" \/>        \n            \n          \n  <\/div>\n\n      <\/div>\n\n<\/div>\n\n\n\n<div class=\"wp-block-cgb-t3-container-block none\" style=\"background-color:none\"><div class=\"grid-container\"><div class=\"grid-x\"><div class=\"cell small-12 medium-9 large-0 medium-offset-1 b-has-lsmb\">\n<p><strong>R<\/strong><\/p>\n\n\n\n<h3 class=\"wp-block-heading\"><strong>Robust<\/strong><\/h3>\n\n\n\n<p>Leeb Balkone und Z\u00e4une aus Aluminium sind robust und extra-haltbar. Dank der ALUL COMFORT PLUS\u00ae Pulverbeschichtung sind die Aluminiumprodukte noch robuster und punkten mit Stabilit\u00e4t und Langlebigkeit.<\/p>\n\n\n\n<p><strong>S<\/strong><\/p>\n\n\n\n<h3 class=\"wp-block-heading\"><strong>Sichtschutz<\/strong><\/h3>\n\n\n\n<p>Sichtschutz von Leeb ist vielseitig, pflegeleicht und langlebig. Verarbeitet wird eine hochwertige Aluminiumlegierung mittels umweltfreundlicher Verfahren. W\u00e4hlen Sie aus vielf\u00e4ltigen Ausf\u00fchrungsvarianten und Modellen Ihren pers\u00f6nlichen Sichtschutz. Ob klassisch-elegant oder modern.<\/p>\n\n\n\n<p><strong>T<\/strong><\/p>\n\n\n\n<h3 class=\"wp-block-heading\"><strong>Tor<\/strong><\/h3>\n\n\n\n<p>Passend zu allen Zaunmodellen liefert Leeb bei Bedarf passende und ma\u00dfgeschneiderte Zauntore: haltbare und pflegeleichte Schiebetore, Geht\u00fcren oder Drehtore als Aluminium. Gestalten Sie den Einfahrtsbereich zu Ihrem Grundst\u00fcck optisch und funktional ganz nach Ihren W\u00fcnschen, denn die&nbsp;Zauntore lassen sich je nach Bedarf in den Zaun integrieren und ergeben so ein stimmiges Gesamtbild.<\/p>\n\n\n\n<p><strong>U<\/strong><\/p>\n\n\n\n<h3 class=\"wp-block-heading\"><strong>Umweltbewusst<\/strong><\/h3>\n\n\n\n<p>Die Leeb Balkone GmbH hat sich der nachhaltigen, umweltbewussten Produktion von Balkongel\u00e4ndern sowie Z\u00e4unen verschrieben und entwickelt innovative Verfahren zur umweltfreundlichen Oberfl\u00e4chenbehandlung von Aluminium und Holz. Unsere Pulverbeschichtung ist ein umweltfreundliches Verfahren, f\u00fcr Holzprodukte verwenden wir hochwertiges Holz aus den heimischen W\u00e4ldern der Nockberge.<\/p>\n\n\n\n<p><strong>V<\/strong><\/p>\n\n\n\n<h3 class=\"wp-block-heading\"><strong>Verarbeitung<\/strong><\/h3>\n\n\n\n<p>Beste Verarbeitung hochwertiger Aluminiumlegierungen und das patentierte ALU COMFORT PLUS\u00ae Beschichtungsverfahren geben Sicherheit.<\/p>\n\n\n\n<p><strong>W<\/strong><\/p>\n\n\n\n<h3 class=\"wp-block-heading\"><strong>Winterfest<\/strong><\/h3>\n\n\n\n<p>Leeb-Z\u00e4une sind durch ihre patentierten Oberfl\u00e4chen-Verfahren optimal gesch\u00fctzt, auch im Winter. So fallen die Pflege und der Fr\u00fchjahrsputz noch leichter.<\/p>\n\n\n\n<p><strong>X<\/strong><\/p>\n\n\n\n<h3 class=\"wp-block-heading\"><strong>X-Mal haltbarer<\/strong><\/h3>\n\n\n\n<p>Dank der &nbsp;ALU COMFORT PLUS\u00ae Pulverbeschichtung sind Z\u00e4une von Leeb X-Mal haltbarer. Der sch\u00f6ne Anblick bleibt lange Zeit erhalten.<\/p>\n\n\n\n<p><strong>Y<\/strong><\/p>\n\n\n\n<h3 class=\"wp-block-heading\"><strong>Y-Form<\/strong><\/h3>\n\n\n\n<p>Die Y-Form kommt in einigen Zauntor-Modellen von Leeb vor. Dieses Design l\u00e4sst das Zauntor verspielter wirken. Einige Modelle, die sich dieser Y-Form bedienen, sind zweifarbig angelegt. Dabei werden meist zwei Dekor-Dreiecke, die \u00fcbereinander liegen und damit die Y-Form bilden, in unterschiedlichen Farben ausgef\u00fchrt. Zum Beispiel wird die Y-Form beim Zaunmodell \u201e<a href=\"https:\/\/www.leeb-balkone.com\/at\/zaeune\/aluzaun\/belvedere\/\">Belvedere<\/a>\u201c eingesetzt.<\/p>\n\n\n\n<p><strong>Z<\/strong><\/p>\n\n\n\n<h3 class=\"wp-block-heading\"><strong>Zaun<\/strong><\/h3>\n\n\n\n<p>Ein Aluminium-Zaun von Leeb schm\u00fcckt jedes Haus. Designvielfalt trifft auf innovative Produktqualit\u00e4t und l\u00e4sst keinen Wunsch mehr offen. Entscheiden Sie sich auch f\u00fcr Ihren Leeb \u2013 ein \u201eLeeben\u201c lang!<\/p>\n<\/div><\/div><\/div><\/div>\n<\/section>\n","protected":false},"excerpt":{"rendered":"<p>Rund um den Zaun. Alles zu Leeb Z\u00e4unen \u2013 von Aluminium bis Y-Form, von Beratungsservice bis Winterfest. Glaselemente und Holzdekor, Sichtschutz und Tor.<\/p>\n","protected":false},"author":3,"featured_media":5185,"comment_status":"closed","ping_status":"open","sticky":false,"template":"template-onepager.blade.php","format":"standard","meta":{"_acf_changed":false,"footnotes":""},"categories":[174],"tags":[],"post_folder":[],"class_list":["post-157147","post","type-post","status-publish","format-standard","has-post-thumbnail","hentry","category-zaun-sichtschutz"],"acf":[],"yoast_head":"<!-- This site is optimized with the Yoast SEO plugin v27.2 - https:\/\/yoast.com\/product\/yoast-seo-wordpress\/ -->\n<title>Zaun-Lexikon: Leeb Z\u00e4une von A bis Z - Leeb Balkone \u00d6sterreich<\/title>\n<meta name=\"description\" content=\"Rund um den Zaun. Alles zu Leeb Z\u00e4unen \u2013 von Aluminium bis Y-Form, von Beratungsservice bis Winterfest. Glaselemente und Holzdekor, Sichtschutz und Tor.\" \/>\n<meta name=\"robots\" content=\"index, follow, max-snippet:-1, max-image-preview:large, max-video-preview:-1\" \/>\n<meta property=\"og:locale\" content=\"de_DE\" \/>\n<meta property=\"og:type\" content=\"article\" \/>\n<meta property=\"og:title\" content=\"Zaun-Lexikon: Leeb Z\u00e4une von A bis Z - Leeb Balkone\" \/>\n<meta property=\"og:description\" content=\"Rund um den Zaun. Alles zu Leeb Z\u00e4unen \u2013 von Aluminium bis Y-Form, von Beratungsservice bis Winterfest. Glaselemente und Holzdekor, Sichtschutz und Tor.\" \/>\n<meta property=\"og:url\" content=\"https:\/\/www.leeb-balkone.com\/at\/blog\/zaun-lexikon\/\" \/>\n<meta property=\"og:site_name\" content=\"Leeb Balkone\" \/>\n<meta property=\"article:publisher\" content=\"https:\/\/www.facebook.com\/balkone\/\" \/>\n<meta property=\"article:published_time\" content=\"2019-10-02T11:36:31+00:00\" \/>\n<meta property=\"og:image\" content=\"https:\/\/www.leeb-balkone.com\/app\/uploads\/2020\/07\/zaun-alu-ambito-19-1-scaled.jpeg\" \/>\n\t<meta property=\"og:image:width\" content=\"2560\" \/>\n\t<meta property=\"og:image:height\" content=\"1709\" \/>\n\t<meta property=\"og:image:type\" content=\"image\/jpeg\" \/>\n<meta name=\"author\" content=\"jbacher\" \/>\n<meta name=\"twitter:card\" content=\"summary_large_image\" \/>\n<script type=\"application\/ld+json\" class=\"yoast-schema-graph\">{\"@context\":\"https:\/\/schema.org\",\"@graph\":[{\"@type\":\"Article\",\"@id\":\"https:\/\/www.leeb-balkone.com\/at\/blog\/zaun-lexikon\/#article\",\"isPartOf\":{\"@id\":\"https:\/\/www.leeb-balkone.com\/at\/blog\/zaun-lexikon\/\"},\"author\":{\"name\":\"jbacher\",\"@id\":\"https:\/\/www.leeb-balkone.com\/at\/#\/schema\/person\/15f1f398efcf4703721e46c2136421fa\"},\"headline\":\"Zaun-Lexikon: Leeb Z\u00e4une von A bis Z\",\"datePublished\":\"2019-10-02T11:36:31+00:00\",\"mainEntityOfPage\":{\"@id\":\"https:\/\/www.leeb-balkone.com\/at\/blog\/zaun-lexikon\/\"},\"wordCount\":1188,\"publisher\":{\"@id\":\"https:\/\/www.leeb-balkone.com\/at\/#organization\"},\"image\":{\"@id\":\"https:\/\/www.leeb-balkone.com\/at\/blog\/zaun-lexikon\/#primaryimage\"},\"thumbnailUrl\":\"https:\/\/www.leeb-balkone.com\/app\/uploads\/2020\/07\/zaun-alu-ambito-19-1-scaled.jpeg\",\"articleSection\":[\"Zaun &amp; Sichtschutz\"],\"inLanguage\":\"de-AT\"},{\"@type\":\"WebPage\",\"@id\":\"https:\/\/www.leeb-balkone.com\/at\/blog\/zaun-lexikon\/\",\"url\":\"https:\/\/www.leeb-balkone.com\/at\/blog\/zaun-lexikon\/\",\"name\":\"Zaun-Lexikon: Leeb Z\u00e4une von A bis Z - Leeb Balkone\",\"isPartOf\":{\"@id\":\"https:\/\/www.leeb-balkone.com\/at\/#website\"},\"primaryImageOfPage\":{\"@id\":\"https:\/\/www.leeb-balkone.com\/at\/blog\/zaun-lexikon\/#primaryimage\"},\"image\":{\"@id\":\"https:\/\/www.leeb-balkone.com\/at\/blog\/zaun-lexikon\/#primaryimage\"},\"thumbnailUrl\":\"https:\/\/www.leeb-balkone.com\/app\/uploads\/2020\/07\/zaun-alu-ambito-19-1-scaled.jpeg\",\"datePublished\":\"2019-10-02T11:36:31+00:00\",\"description\":\"Rund um den Zaun. Alles zu Leeb Z\u00e4unen \u2013 von Aluminium bis Y-Form, von Beratungsservice bis Winterfest. Glaselemente und Holzdekor, Sichtschutz und Tor.\",\"breadcrumb\":{\"@id\":\"https:\/\/www.leeb-balkone.com\/at\/blog\/zaun-lexikon\/#breadcrumb\"},\"inLanguage\":\"de-AT\",\"potentialAction\":[{\"@type\":\"ReadAction\",\"target\":[\"https:\/\/www.leeb-balkone.com\/at\/blog\/zaun-lexikon\/\"]}]},{\"@type\":\"ImageObject\",\"inLanguage\":\"de-AT\",\"@id\":\"https:\/\/www.leeb-balkone.com\/at\/blog\/zaun-lexikon\/#primaryimage\",\"url\":\"https:\/\/www.leeb-balkone.com\/app\/uploads\/2020\/07\/zaun-alu-ambito-19-1-scaled.jpeg\",\"contentUrl\":\"https:\/\/www.leeb-balkone.com\/app\/uploads\/2020\/07\/zaun-alu-ambito-19-1-scaled.jpeg\",\"width\":2560,\"height\":1709,\"caption\":\"Gartenzaun aus Alu als Sicht-, Wind- und Schallschutz\"},{\"@type\":\"BreadcrumbList\",\"@id\":\"https:\/\/www.leeb-balkone.com\/at\/blog\/zaun-lexikon\/#breadcrumb\",\"itemListElement\":[{\"@type\":\"ListItem\",\"position\":1,\"name\":\"Home\",\"item\":\"https:\/\/www.leeb-balkone.com\/at\/\"},{\"@type\":\"ListItem\",\"position\":2,\"name\":\"Zaun-Lexikon: Leeb Z\u00e4une von A bis Z\"}]},{\"@type\":\"WebSite\",\"@id\":\"https:\/\/www.leeb-balkone.com\/at\/#website\",\"url\":\"https:\/\/www.leeb-balkone.com\/at\/\",\"name\":\"Leeb Balkone\",\"description\":\"Balkone und Z\u00e4une\",\"publisher\":{\"@id\":\"https:\/\/www.leeb-balkone.com\/at\/#organization\"},\"potentialAction\":[{\"@type\":\"SearchAction\",\"target\":{\"@type\":\"EntryPoint\",\"urlTemplate\":\"https:\/\/www.leeb-balkone.com\/at\/?s={search_term_string}\"},\"query-input\":{\"@type\":\"PropertyValueSpecification\",\"valueRequired\":true,\"valueName\":\"search_term_string\"}}],\"inLanguage\":\"de-AT\"},{\"@type\":\"Organization\",\"@id\":\"https:\/\/www.leeb-balkone.com\/at\/#organization\",\"name\":\"Leeb Balkone Gmbh\",\"url\":\"https:\/\/www.leeb-balkone.com\/at\/\",\"logo\":{\"@type\":\"ImageObject\",\"inLanguage\":\"de-AT\",\"@id\":\"https:\/\/www.leeb-balkone.com\/at\/#\/schema\/logo\/image\/\",\"url\":\"https:\/\/www.leeb-balkone.com\/app\/uploads\/2020\/11\/leeb-logo.svg\",\"contentUrl\":\"https:\/\/www.leeb-balkone.com\/app\/uploads\/2020\/11\/leeb-logo.svg\",\"width\":741,\"height\":204,\"caption\":\"Leeb Balkone Gmbh\"},\"image\":{\"@id\":\"https:\/\/www.leeb-balkone.com\/at\/#\/schema\/logo\/image\/\"},\"sameAs\":[\"https:\/\/www.facebook.com\/balkone\/\",\"https:\/\/www.trustedshops.at\/bewertung\/info_X4587CCF5833E31AFE0B11F47D86999F2.html\",\"https:\/\/www.trustedshops.de\/bewertung\/info_X7BA536A7A0BDC86D36C4718E4DCAEEEF.html\",\"https:\/\/www.google.com\/maps\/place\/?q=place_id:ChIJ5-zH19-IcEcR9HonWRTllHI\"]},{\"@type\":\"Person\",\"@id\":\"https:\/\/www.leeb-balkone.com\/at\/#\/schema\/person\/15f1f398efcf4703721e46c2136421fa\",\"name\":\"jbacher\"}]}<\/script>\n<!-- \/ Yoast SEO plugin. -->","yoast_head_json":{"title":"Zaun-Lexikon: Leeb Z\u00e4une von A bis Z - Leeb Balkone \u00d6sterreich","description":"Rund um den Zaun. Alles zu Leeb Z\u00e4unen \u2013 von Aluminium bis Y-Form, von Beratungsservice bis Winterfest. Glaselemente und Holzdekor, Sichtschutz und Tor.","robots":{"index":"index","follow":"follow","max-snippet":"max-snippet:-1","max-image-preview":"max-image-preview:large","max-video-preview":"max-video-preview:-1"},"og_locale":"de_DE","og_type":"article","og_title":"Zaun-Lexikon: Leeb Z\u00e4une von A bis Z - Leeb Balkone","og_description":"Rund um den Zaun. Alles zu Leeb Z\u00e4unen \u2013 von Aluminium bis Y-Form, von Beratungsservice bis Winterfest. Glaselemente und Holzdekor, Sichtschutz und Tor.","og_url":"https:\/\/www.leeb-balkone.com\/at\/blog\/zaun-lexikon\/","og_site_name":"Leeb Balkone","article_publisher":"https:\/\/www.facebook.com\/balkone\/","article_published_time":"2019-10-02T11:36:31+00:00","og_image":[{"width":2560,"height":1709,"url":"https:\/\/www.leeb-balkone.com\/app\/uploads\/2020\/07\/zaun-alu-ambito-19-1-scaled.jpeg","type":"image\/jpeg"}],"author":"jbacher","twitter_card":"summary_large_image","schema":{"@context":"https:\/\/schema.org","@graph":[{"@type":"Article","@id":"https:\/\/www.leeb-balkone.com\/at\/blog\/zaun-lexikon\/#article","isPartOf":{"@id":"https:\/\/www.leeb-balkone.com\/at\/blog\/zaun-lexikon\/"},"author":{"name":"jbacher","@id":"https:\/\/www.leeb-balkone.com\/at\/#\/schema\/person\/15f1f398efcf4703721e46c2136421fa"},"headline":"Zaun-Lexikon: Leeb Z\u00e4une von A bis Z","datePublished":"2019-10-02T11:36:31+00:00","mainEntityOfPage":{"@id":"https:\/\/www.leeb-balkone.com\/at\/blog\/zaun-lexikon\/"},"wordCount":1188,"publisher":{"@id":"https:\/\/www.leeb-balkone.com\/at\/#organization"},"image":{"@id":"https:\/\/www.leeb-balkone.com\/at\/blog\/zaun-lexikon\/#primaryimage"},"thumbnailUrl":"https:\/\/www.leeb-balkone.com\/app\/uploads\/2020\/07\/zaun-alu-ambito-19-1-scaled.jpeg","articleSection":["Zaun &amp; Sichtschutz"],"inLanguage":"de-AT"},{"@type":"WebPage","@id":"https:\/\/www.leeb-balkone.com\/at\/blog\/zaun-lexikon\/","url":"https:\/\/www.leeb-balkone.com\/at\/blog\/zaun-lexikon\/","name":"Zaun-Lexikon: Leeb Z\u00e4une von A bis Z - Leeb Balkone","isPartOf":{"@id":"https:\/\/www.leeb-balkone.com\/at\/#website"},"primaryImageOfPage":{"@id":"https:\/\/www.leeb-balkone.com\/at\/blog\/zaun-lexikon\/#primaryimage"},"image":{"@id":"https:\/\/www.leeb-balkone.com\/at\/blog\/zaun-lexikon\/#primaryimage"},"thumbnailUrl":"https:\/\/www.leeb-balkone.com\/app\/uploads\/2020\/07\/zaun-alu-ambito-19-1-scaled.jpeg","datePublished":"2019-10-02T11:36:31+00:00","description":"Rund um den Zaun. Alles zu Leeb Z\u00e4unen \u2013 von Aluminium bis Y-Form, von Beratungsservice bis Winterfest. Glaselemente und Holzdekor, Sichtschutz und Tor.","breadcrumb":{"@id":"https:\/\/www.leeb-balkone.com\/at\/blog\/zaun-lexikon\/#breadcrumb"},"inLanguage":"de-AT","potentialAction":[{"@type":"ReadAction","target":["https:\/\/www.leeb-balkone.com\/at\/blog\/zaun-lexikon\/"]}]},{"@type":"ImageObject","inLanguage":"de-AT","@id":"https:\/\/www.leeb-balkone.com\/at\/blog\/zaun-lexikon\/#primaryimage","url":"https:\/\/www.leeb-balkone.com\/app\/uploads\/2020\/07\/zaun-alu-ambito-19-1-scaled.jpeg","contentUrl":"https:\/\/www.leeb-balkone.com\/app\/uploads\/2020\/07\/zaun-alu-ambito-19-1-scaled.jpeg","width":2560,"height":1709,"caption":"Gartenzaun aus Alu als Sicht-, Wind- und Schallschutz"},{"@type":"BreadcrumbList","@id":"https:\/\/www.leeb-balkone.com\/at\/blog\/zaun-lexikon\/#breadcrumb","itemListElement":[{"@type":"ListItem","position":1,"name":"Home","item":"https:\/\/www.leeb-balkone.com\/at\/"},{"@type":"ListItem","position":2,"name":"Zaun-Lexikon: Leeb Z\u00e4une von A bis Z"}]},{"@type":"WebSite","@id":"https:\/\/www.leeb-balkone.com\/at\/#website","url":"https:\/\/www.leeb-balkone.com\/at\/","name":"Leeb Balkone","description":"Balkone und Z\u00e4une","publisher":{"@id":"https:\/\/www.leeb-balkone.com\/at\/#organization"},"potentialAction":[{"@type":"SearchAction","target":{"@type":"EntryPoint","urlTemplate":"https:\/\/www.leeb-balkone.com\/at\/?s={search_term_string}"},"query-input":{"@type":"PropertyValueSpecification","valueRequired":true,"valueName":"search_term_string"}}],"inLanguage":"de-AT"},{"@type":"Organization","@id":"https:\/\/www.leeb-balkone.com\/at\/#organization","name":"Leeb Balkone Gmbh","url":"https:\/\/www.leeb-balkone.com\/at\/","logo":{"@type":"ImageObject","inLanguage":"de-AT","@id":"https:\/\/www.leeb-balkone.com\/at\/#\/schema\/logo\/image\/","url":"https:\/\/www.leeb-balkone.com\/app\/uploads\/2020\/11\/leeb-logo.svg","contentUrl":"https:\/\/www.leeb-balkone.com\/app\/uploads\/2020\/11\/leeb-logo.svg","width":741,"height":204,"caption":"Leeb Balkone Gmbh"},"image":{"@id":"https:\/\/www.leeb-balkone.com\/at\/#\/schema\/logo\/image\/"},"sameAs":["https:\/\/www.facebook.com\/balkone\/","https:\/\/www.trustedshops.at\/bewertung\/info_X4587CCF5833E31AFE0B11F47D86999F2.html","https:\/\/www.trustedshops.de\/bewertung\/info_X7BA536A7A0BDC86D36C4718E4DCAEEEF.html","https:\/\/www.google.com\/maps\/place\/?q=place_id:ChIJ5-zH19-IcEcR9HonWRTllHI"]},{"@type":"Person","@id":"https:\/\/www.leeb-balkone.com\/at\/#\/schema\/person\/15f1f398efcf4703721e46c2136421fa","name":"jbacher"}]}},"_links":{"self":[{"href":"https:\/\/www.leeb-balkone.com\/at\/wp-json\/wp\/v2\/posts\/157147","targetHints":{"allow":["GET"]}}],"collection":[{"href":"https:\/\/www.leeb-balkone.com\/at\/wp-json\/wp\/v2\/posts"}],"about":[{"href":"https:\/\/www.leeb-balkone.com\/at\/wp-json\/wp\/v2\/types\/post"}],"author":[{"embeddable":true,"href":"https:\/\/www.leeb-balkone.com\/at\/wp-json\/wp\/v2\/users\/3"}],"replies":[{"embeddable":true,"href":"https:\/\/www.leeb-balkone.com\/at\/wp-json\/wp\/v2\/comments?post=157147"}],"version-history":[{"count":0,"href":"https:\/\/www.leeb-balkone.com\/at\/wp-json\/wp\/v2\/posts\/157147\/revisions"}],"wp:featuredmedia":[{"embeddable":true,"href":"https:\/\/www.leeb-balkone.com\/at\/wp-json\/wp\/v2\/media\/5185"}],"wp:attachment":[{"href":"https:\/\/www.leeb-balkone.com\/at\/wp-json\/wp\/v2\/media?parent=157147"}],"wp:term":[{"taxonomy":"category","embeddable":true,"href":"https:\/\/www.leeb-balkone.com\/at\/wp-json\/wp\/v2\/categories?post=157147"},{"taxonomy":"post_tag","embeddable":true,"href":"https:\/\/www.leeb-balkone.com\/at\/wp-json\/wp\/v2\/tags?post=157147"},{"taxonomy":"post_folder","embeddable":true,"href":"https:\/\/www.leeb-balkone.com\/at\/wp-json\/wp\/v2\/post_folder?post=157147"}],"curies":[{"name":"wp","href":"https:\/\/api.w.org\/{rel}","templated":true}]}}