{"id":157075,"date":"2018-03-20T09:41:53","date_gmt":"2018-03-20T09:41:53","guid":{"rendered":"https:\/\/www.leeb-balkone.com\/de\/balkone-und-zaeune-aus-alu-im-katalog\/"},"modified":"2026-01-28T15:18:23","modified_gmt":"2026-01-28T15:18:23","slug":"balkone-und-zaeune-aus-alu-im-katalog","status":"publish","type":"post","link":"https:\/\/www.leeb-balkone.com\/at\/blog\/balkone-und-zaeune-aus-alu-im-katalog\/","title":{"rendered":"Balkone und Z\u00e4une aus Alu im Katalog"},"content":{"rendered":"<header data-block_acf-block-697a28ac41748 class=\"c-fh  l-mh-small c-fh--hero c-grad-l2r c-fh--div none\">\n      <img loading=\"lazy\" decoding=\"async\" width=\"480\" height=\"320\" src=\"https:\/\/www.leeb-balkone.com\/app\/uploads\/2020\/10\/leeb-katalog-gesamt-de.jpg\" class=\"no-lazy\" alt=\"Jetzt gratis Katalog anfordern\" srcset=\"https:\/\/www.leeb-balkone.com\/app\/uploads\/2020\/10\/leeb-katalog-gesamt-de.jpg 480w, https:\/\/www.leeb-balkone.com\/app\/uploads\/2020\/10\/leeb-katalog-gesamt-de-300x200.jpg 300w\" sizes=\"auto, (min-width: 1536px) 2048px, (min-width: 992px) 1536px, (min-width: 768px) 1024px, (min-width: 576px) 768px, 100vw\" \/>\n\n\n<div class=\"grid-container\">\n  <div class=\"grid-x\">\n    <div class=\"cell small-12 medium-6 medium-offset-1\">\n      <div class=\"c-fh__wrapper\">\n              <\/div>\n    <\/div>\n  <\/div>\n<\/div>\n  \n    \n    <\/header>\n\n\n  \n  <section class=\"wp-block-group alignfull t3-header u-max-wide t3-header-text has-white-background-color has-background has-global-padding is-layout-constrained wp-block-group-is-layout-constrained\">\n    <div class=\"wp-block-group o-grid u-md-1 u-sm-1 is-layout-flow wp-block-group-is-layout-flow\">\n  <div class=\"wp-block-group u-g-10 u-g-s-2\">\n      <div class=\"yoast-breadcrumbs\"><span><span><a href=\"https:\/\/www.leeb-balkone.com\/at\/\">Home<\/a><\/span><\/span><\/div>\n      \n    <h1>Balkone und Z\u00e4une aus Alu im Katalog<\/h1>\n  <\/div>\n<\/div>\n  <\/section>\n\n\n\n\n\n\n<section class=\"wp-block-cgb-t3-section-block alignfull b-pt-small  is-style-bg-white\" style=\"display:inherit;min-height:inherit\">\n<div class=\"wp-block-cgb-t3-container-block none\" style=\"background-color:none\"><div class=\"grid-container\"><div class=\"grid-x\"><div class=\"cell small-12 medium-9 large-0 medium-offset-1 b-has-lsmb\">\n<p>Aluminium statt Holz. W\u00e4hrend Leeb bis vor wenigen Jahren fast ausschlie\u00dflich Balkone und Z\u00e4une aus Holz fertigte, hat das Gnesauer Traditionsunternehmen seinen Schwerpunkt inzwischen auf die Herstellung von Metallbalkonen verlegt: \u00dcber 50.000 Laufmeter Balkongel\u00e4nder verlassen j\u00e4hrlich das Werk von Leeb, 90 Prozent davon sind aus Aluminium.<\/p>\n\n\n\n<p>Das einstige S\u00e4gewerk Leeb wurde bereits um 1900 vom Urgro\u00dfvater des Gesch\u00e4ftsf\u00fchrers Markus Leeb gegr\u00fcndet, Mitte der 70er-Jahre begann man schlie\u00dflich mit der Produktion von Holzbalkonen und wiederum 30 Jahre sp\u00e4ter erfolgte die Spezialisierung im Bereich Alubalkone. \u00dcber die H\u00e4lfte der Produktion wird vor allem in die Schweiz sowie nach Deutschland und Italien exportiert. W\u00e4hrend in den Nachbarl\u00e4ndern prim\u00e4r Balkone verkauft werden, sind in \u00d6sterreich neben den Balkonen vor allem Z\u00e4une sehr beliebt.<\/p>\n<\/div><\/div><\/div><\/div>\n\n\n<div class=\"b-carousel  band slider\" data-block_acf-block-697a28ac41767>\n  <div class=\"slides\">\n          <div>\n\n\n\n  \n    \n          \n\n              \n        \n\n        <img loading=\"lazy\" decoding=\"async\" width=\"480\" height=\"320\" src=\"https:\/\/www.leeb-balkone.com\/app\/uploads\/2020\/10\/leeb-katalog-zaeune-de.jpg\" class=\"no-lazy\" alt=\"leeb katalog zaeune de\" srcset=\"https:\/\/www.leeb-balkone.com\/app\/uploads\/2020\/10\/leeb-katalog-zaeune-de.jpg 480w, https:\/\/www.leeb-balkone.com\/app\/uploads\/2020\/10\/leeb-katalog-zaeune-de-300x200.jpg 300w\" sizes=\"auto, (min-width: 1200px) 1024px, (min-width: 1024px) 768px, (min-width: 640px) 768px, 768px\" \/>        \n            \n          \n  <\/div>\n\n          <div>\n\n\n\n  \n    \n          \n\n              \n        \n\n        <img loading=\"lazy\" decoding=\"async\" width=\"480\" height=\"320\" src=\"https:\/\/www.leeb-balkone.com\/app\/uploads\/2020\/10\/leeb-katalog-ueberdachungen-de.jpg\" class=\"no-lazy\" alt=\"leeb katalog ueberdachungen de\" srcset=\"https:\/\/www.leeb-balkone.com\/app\/uploads\/2020\/10\/leeb-katalog-ueberdachungen-de.jpg 480w, https:\/\/www.leeb-balkone.com\/app\/uploads\/2020\/10\/leeb-katalog-ueberdachungen-de-300x200.jpg 300w\" sizes=\"auto, (min-width: 1200px) 1024px, (min-width: 1024px) 768px, (min-width: 640px) 768px, 768px\" \/>        \n            \n          \n  <\/div>\n\n          <div>\n\n\n\n  \n    \n          \n\n              \n        \n\n        <img loading=\"lazy\" decoding=\"async\" width=\"480\" height=\"320\" src=\"https:\/\/www.leeb-balkone.com\/app\/uploads\/2020\/10\/leeb-katalog-holz-de.jpg\" class=\"no-lazy\" alt=\"leeb katalog holz de\" srcset=\"https:\/\/www.leeb-balkone.com\/app\/uploads\/2020\/10\/leeb-katalog-holz-de.jpg 480w, https:\/\/www.leeb-balkone.com\/app\/uploads\/2020\/10\/leeb-katalog-holz-de-300x200.jpg 300w\" sizes=\"auto, (min-width: 1200px) 1024px, (min-width: 1024px) 768px, (min-width: 640px) 768px, 768px\" \/>        \n            \n          \n  <\/div>\n\n          <div>\n\n\n\n  \n    \n          \n\n              \n        \n\n        <img loading=\"lazy\" decoding=\"async\" width=\"480\" height=\"320\" src=\"https:\/\/www.leeb-balkone.com\/app\/uploads\/2020\/10\/leeb-katalog-gesamt-de.jpg\" class=\"no-lazy\" alt=\"leeb katalog gesamt de\" srcset=\"https:\/\/www.leeb-balkone.com\/app\/uploads\/2020\/10\/leeb-katalog-gesamt-de.jpg 480w, https:\/\/www.leeb-balkone.com\/app\/uploads\/2020\/10\/leeb-katalog-gesamt-de-300x200.jpg 300w\" sizes=\"auto, (min-width: 1200px) 1024px, (min-width: 1024px) 768px, (min-width: 640px) 768px, 768px\" \/>        \n            \n          \n  <\/div>\n\n          <div>\n\n\n\n  \n    \n          \n\n              \n        \n\n        <img loading=\"lazy\" decoding=\"async\" width=\"950\" height=\"659\" src=\"https:\/\/www.leeb-balkone.com\/app\/uploads\/2020\/10\/katalog-alubalkone.jpg\" class=\"no-lazy\" alt=\"katalog alubalkone\" srcset=\"https:\/\/www.leeb-balkone.com\/app\/uploads\/2020\/10\/katalog-alubalkone.jpg 950w, https:\/\/www.leeb-balkone.com\/app\/uploads\/2020\/10\/katalog-alubalkone-300x208.jpg 300w, https:\/\/www.leeb-balkone.com\/app\/uploads\/2020\/10\/katalog-alubalkone-768x533.jpg 768w\" sizes=\"auto, (min-width: 1200px) 1024px, (min-width: 1024px) 768px, (min-width: 640px) 768px, 768px\" \/>        \n            \n          \n  <\/div>\n\n          <div>\n\n\n\n  \n    \n          \n\n              \n        \n\n        <img loading=\"lazy\" decoding=\"async\" width=\"480\" height=\"320\" src=\"https:\/\/www.leeb-balkone.com\/app\/uploads\/2020\/10\/leeb-katalog-anbaubalkone-de.jpg\" class=\"no-lazy\" alt=\"leeb katalog anbaubalkone de\" srcset=\"https:\/\/www.leeb-balkone.com\/app\/uploads\/2020\/10\/leeb-katalog-anbaubalkone-de.jpg 480w, https:\/\/www.leeb-balkone.com\/app\/uploads\/2020\/10\/leeb-katalog-anbaubalkone-de-300x200.jpg 300w\" sizes=\"auto, (min-width: 1200px) 1024px, (min-width: 1024px) 768px, (min-width: 640px) 768px, 768px\" \/>        \n            \n          \n  <\/div>\n\n      <\/div>\n\n<\/div>\n\n\n\n<div class=\"wp-block-cgb-t3-container-block none\" style=\"background-color:none\"><div class=\"grid-container\"><div class=\"grid-x\"><div class=\"cell small-12 medium-9 large-0 medium-offset-1 b-has-lsmb\">\n<h2 class=\"wp-block-heading\">Ihr sch\u00f6nster Platz an der Sonne<\/h2>\n\n\n\n<p>Was Leebs Alubalkone von anderen unterscheidet, ist die innovative Oberfl\u00e4chenbeschichtung ALU COMFORT\u00ae, die jedem\u00a0<a href=\"https:\/\/www.leeb-balkone.com\/at\/balkongelaender\/balkongelaender-alu\/\">Alu Balkongel\u00e4nder<\/a>\u00a0und\u00a0<a href=\"https:\/\/www.leeb-balkone.com\/at\/zaeune\/aluzaun\/\">Zaun aus Aluminium<\/a>\u00a0von Leeb zus\u00e4tzliche Festigkeit verleiht und seine Nutzungsdauer deutlich erh\u00f6ht. Dank der Beschichtung sind die Balkongel\u00e4nder aus Aluminium wasserabweisend sowie kratzfest und damit nahezu pflege- und wartungsfrei. Auch in puncto Design hebt sich Leeb vom Mitbewerb ab. Zwar werden vereinzelt auch Designauftr\u00e4ge an einzelne Studios vergeben, grunds\u00e4tzlich aber entstehen die Balkondesigns inhouse. An diesem Prozess darf sich jeder Mitarbeiter, unabh\u00e4ngig seines eigentlichen T\u00e4tigkeitsbereiches, beteiligen \u2013 und so geschieht es tats\u00e4chlich auch in der Praxis!<\/p>\n\n\n\n<h2 class=\"wp-block-heading\">Erfolgsfaktor Mensch<\/h2>\n\n\n\n<p>Gesch\u00e4ftsf\u00fchrer Markus Leeb sieht n\u00e4mlich vor allem die Menschen des Betriebes als die wahren Erfolgsfaktoren: Ihre Motivation ist der Antrieb des Unternehmens, ihre Designs basierend auf ihren Ideen und Anspr\u00fcchen erfreuen sich gro\u00dfer Beliebtheit am Markt und ihr Know-how sowie ihre Handwerkskunst schaffen letztendlich die international erfolgreichen Qualit\u00e4tsprodukte von Leeb.<\/p>\n\n\n\n<p>Entdecken Sie die aktuellen Ideen, Innovationen und beliebten Klassiker der Leeb Balkone GmbH im Katalog!\u00a0<a href=\"https:\/\/www.leeb-balkone.com\/at\/kontakt\/katalog-anfordern\/\">Hier<\/a>\u00a0gratis anfordern!<\/p>\n<\/div><\/div><\/div><\/div>\n<\/section>\n\n\n\n<p><\/p>\n","protected":false},"excerpt":{"rendered":"<p>Aluminium statt Holz. W\u00e4hrend Leeb bis vor wenigen Jahren fast ausschlie\u00dflich Balkone und Z\u00e4une aus Holz fertigte, hat das Gnesauer Traditionsunternehmen seinen Schwerpunkt inzwischen auf die Herstellung von Metallbalkonen verlegt \u2026<\/p>\n","protected":false},"author":3,"featured_media":8910,"comment_status":"closed","ping_status":"open","sticky":false,"template":"template-onepager.blade.php","format":"standard","meta":{"_acf_changed":false,"footnotes":""},"categories":[166,162,163],"tags":[],"post_folder":[],"class_list":["post-157075","post","type-post","status-publish","format-standard","has-post-thumbnail","hentry","category-aktuelles-zu-leeb-balkone","category-balkonbau-mit-leeb","category-technik-innovation"],"acf":[],"yoast_head":"<!-- This site is optimized with the Yoast SEO plugin v27.2 - https:\/\/yoast.com\/product\/yoast-seo-wordpress\/ -->\n<title>Balkone und Z\u00e4une aus Alu im Katalog - Leeb Balkone \u00d6sterreich<\/title>\n<meta name=\"description\" content=\"Aluminium statt Holz. W\u00e4hrend Leeb bis vor wenigen Jahren fast ausschlie\u00dflich Balkone und Z\u00e4une aus Holz fertigte, hat das Gnesauer Traditionsunternehmen seinen Schwerpunkt inzwischen auf die Herstellung von Metallbalkonen verlegt \u2026\" \/>\n<meta name=\"robots\" content=\"index, follow, max-snippet:-1, max-image-preview:large, max-video-preview:-1\" \/>\n<meta property=\"og:locale\" content=\"de_DE\" \/>\n<meta property=\"og:type\" content=\"article\" \/>\n<meta property=\"og:title\" content=\"Balkone und Z\u00e4une aus Alu im Katalog - Leeb Balkone\" \/>\n<meta property=\"og:description\" content=\"Aluminium statt Holz. W\u00e4hrend Leeb bis vor wenigen Jahren fast ausschlie\u00dflich Balkone und Z\u00e4une aus Holz fertigte, hat das Gnesauer Traditionsunternehmen seinen Schwerpunkt inzwischen auf die Herstellung von Metallbalkonen verlegt \u2026\" \/>\n<meta property=\"og:url\" content=\"https:\/\/www.leeb-balkone.com\/at\/blog\/balkone-und-zaeune-aus-alu-im-katalog\/\" \/>\n<meta property=\"og:site_name\" content=\"Leeb Balkone\" \/>\n<meta property=\"article:publisher\" content=\"https:\/\/www.facebook.com\/balkone\/\" \/>\n<meta property=\"article:published_time\" content=\"2018-03-20T09:41:53+00:00\" \/>\n<meta property=\"article:modified_time\" content=\"2026-01-28T15:18:23+00:00\" \/>\n<meta property=\"og:image\" content=\"https:\/\/www.leeb-balkone.com\/app\/uploads\/2020\/10\/leeb-katalog-gesamt-de.jpg\" \/>\n\t<meta property=\"og:image:width\" content=\"480\" \/>\n\t<meta property=\"og:image:height\" content=\"320\" \/>\n\t<meta property=\"og:image:type\" content=\"image\/jpeg\" \/>\n<meta name=\"author\" content=\"jbacher\" \/>\n<meta name=\"twitter:card\" content=\"summary_large_image\" \/>\n<script type=\"application\/ld+json\" class=\"yoast-schema-graph\">{\"@context\":\"https:\/\/schema.org\",\"@graph\":[{\"@type\":\"Article\",\"@id\":\"https:\/\/www.leeb-balkone.com\/at\/blog\/balkone-und-zaeune-aus-alu-im-katalog\/#article\",\"isPartOf\":{\"@id\":\"https:\/\/www.leeb-balkone.com\/at\/blog\/balkone-und-zaeune-aus-alu-im-katalog\/\"},\"author\":{\"name\":\"jbacher\",\"@id\":\"https:\/\/www.leeb-balkone.com\/at\/#\/schema\/person\/15f1f398efcf4703721e46c2136421fa\"},\"headline\":\"Balkone und Z\u00e4une aus Alu im Katalog\",\"datePublished\":\"2018-03-20T09:41:53+00:00\",\"dateModified\":\"2026-01-28T15:18:23+00:00\",\"mainEntityOfPage\":{\"@id\":\"https:\/\/www.leeb-balkone.com\/at\/blog\/balkone-und-zaeune-aus-alu-im-katalog\/\"},\"wordCount\":326,\"publisher\":{\"@id\":\"https:\/\/www.leeb-balkone.com\/at\/#organization\"},\"image\":{\"@id\":\"https:\/\/www.leeb-balkone.com\/at\/blog\/balkone-und-zaeune-aus-alu-im-katalog\/#primaryimage\"},\"thumbnailUrl\":\"https:\/\/www.leeb-balkone.com\/app\/uploads\/2020\/10\/leeb-katalog-gesamt-de.jpg\",\"articleSection\":[\"Aktuelles zu Leeb Balkone\",\"Balkonbau mit Leeb\",\"Technik &amp; Innovation\"],\"inLanguage\":\"de-AT\"},{\"@type\":\"WebPage\",\"@id\":\"https:\/\/www.leeb-balkone.com\/at\/blog\/balkone-und-zaeune-aus-alu-im-katalog\/\",\"url\":\"https:\/\/www.leeb-balkone.com\/at\/blog\/balkone-und-zaeune-aus-alu-im-katalog\/\",\"name\":\"Balkone und Z\u00e4une aus Alu im Katalog - Leeb Balkone\",\"isPartOf\":{\"@id\":\"https:\/\/www.leeb-balkone.com\/at\/#website\"},\"primaryImageOfPage\":{\"@id\":\"https:\/\/www.leeb-balkone.com\/at\/blog\/balkone-und-zaeune-aus-alu-im-katalog\/#primaryimage\"},\"image\":{\"@id\":\"https:\/\/www.leeb-balkone.com\/at\/blog\/balkone-und-zaeune-aus-alu-im-katalog\/#primaryimage\"},\"thumbnailUrl\":\"https:\/\/www.leeb-balkone.com\/app\/uploads\/2020\/10\/leeb-katalog-gesamt-de.jpg\",\"datePublished\":\"2018-03-20T09:41:53+00:00\",\"dateModified\":\"2026-01-28T15:18:23+00:00\",\"description\":\"Aluminium statt Holz. W\u00e4hrend Leeb bis vor wenigen Jahren fast ausschlie\u00dflich Balkone und Z\u00e4une aus Holz fertigte, hat das Gnesauer Traditionsunternehmen seinen Schwerpunkt inzwischen auf die Herstellung von Metallbalkonen verlegt \u2026\",\"breadcrumb\":{\"@id\":\"https:\/\/www.leeb-balkone.com\/at\/blog\/balkone-und-zaeune-aus-alu-im-katalog\/#breadcrumb\"},\"inLanguage\":\"de-AT\",\"potentialAction\":[{\"@type\":\"ReadAction\",\"target\":[\"https:\/\/www.leeb-balkone.com\/at\/blog\/balkone-und-zaeune-aus-alu-im-katalog\/\"]}]},{\"@type\":\"ImageObject\",\"inLanguage\":\"de-AT\",\"@id\":\"https:\/\/www.leeb-balkone.com\/at\/blog\/balkone-und-zaeune-aus-alu-im-katalog\/#primaryimage\",\"url\":\"https:\/\/www.leeb-balkone.com\/app\/uploads\/2020\/10\/leeb-katalog-gesamt-de.jpg\",\"contentUrl\":\"https:\/\/www.leeb-balkone.com\/app\/uploads\/2020\/10\/leeb-katalog-gesamt-de.jpg\",\"width\":480,\"height\":320},{\"@type\":\"BreadcrumbList\",\"@id\":\"https:\/\/www.leeb-balkone.com\/at\/blog\/balkone-und-zaeune-aus-alu-im-katalog\/#breadcrumb\",\"itemListElement\":[{\"@type\":\"ListItem\",\"position\":1,\"name\":\"Home\",\"item\":\"https:\/\/www.leeb-balkone.com\/at\/\"},{\"@type\":\"ListItem\",\"position\":2,\"name\":\"Balkone und Z\u00e4une aus Alu im Katalog\"}]},{\"@type\":\"WebSite\",\"@id\":\"https:\/\/www.leeb-balkone.com\/at\/#website\",\"url\":\"https:\/\/www.leeb-balkone.com\/at\/\",\"name\":\"Leeb Balkone\",\"description\":\"Balkone und Z\u00e4une\",\"publisher\":{\"@id\":\"https:\/\/www.leeb-balkone.com\/at\/#organization\"},\"potentialAction\":[{\"@type\":\"SearchAction\",\"target\":{\"@type\":\"EntryPoint\",\"urlTemplate\":\"https:\/\/www.leeb-balkone.com\/at\/?s={search_term_string}\"},\"query-input\":{\"@type\":\"PropertyValueSpecification\",\"valueRequired\":true,\"valueName\":\"search_term_string\"}}],\"inLanguage\":\"de-AT\"},{\"@type\":\"Organization\",\"@id\":\"https:\/\/www.leeb-balkone.com\/at\/#organization\",\"name\":\"Leeb Balkone Gmbh\",\"url\":\"https:\/\/www.leeb-balkone.com\/at\/\",\"logo\":{\"@type\":\"ImageObject\",\"inLanguage\":\"de-AT\",\"@id\":\"https:\/\/www.leeb-balkone.com\/at\/#\/schema\/logo\/image\/\",\"url\":\"https:\/\/www.leeb-balkone.com\/app\/uploads\/2020\/11\/leeb-logo.svg\",\"contentUrl\":\"https:\/\/www.leeb-balkone.com\/app\/uploads\/2020\/11\/leeb-logo.svg\",\"width\":741,\"height\":204,\"caption\":\"Leeb Balkone Gmbh\"},\"image\":{\"@id\":\"https:\/\/www.leeb-balkone.com\/at\/#\/schema\/logo\/image\/\"},\"sameAs\":[\"https:\/\/www.facebook.com\/balkone\/\",\"https:\/\/www.trustedshops.at\/bewertung\/info_X4587CCF5833E31AFE0B11F47D86999F2.html\",\"https:\/\/www.trustedshops.de\/bewertung\/info_X7BA536A7A0BDC86D36C4718E4DCAEEEF.html\",\"https:\/\/www.google.com\/maps\/place\/?q=place_id:ChIJ5-zH19-IcEcR9HonWRTllHI\"]},{\"@type\":\"Person\",\"@id\":\"https:\/\/www.leeb-balkone.com\/at\/#\/schema\/person\/15f1f398efcf4703721e46c2136421fa\",\"name\":\"jbacher\"}]}<\/script>\n<!-- \/ Yoast SEO plugin. -->","yoast_head_json":{"title":"Balkone und Z\u00e4une aus Alu im Katalog - Leeb Balkone \u00d6sterreich","description":"Aluminium statt Holz. W\u00e4hrend Leeb bis vor wenigen Jahren fast ausschlie\u00dflich Balkone und Z\u00e4une aus Holz fertigte, hat das Gnesauer Traditionsunternehmen seinen Schwerpunkt inzwischen auf die Herstellung von Metallbalkonen verlegt \u2026","robots":{"index":"index","follow":"follow","max-snippet":"max-snippet:-1","max-image-preview":"max-image-preview:large","max-video-preview":"max-video-preview:-1"},"og_locale":"de_DE","og_type":"article","og_title":"Balkone und Z\u00e4une aus Alu im Katalog - Leeb Balkone","og_description":"Aluminium statt Holz. W\u00e4hrend Leeb bis vor wenigen Jahren fast ausschlie\u00dflich Balkone und Z\u00e4une aus Holz fertigte, hat das Gnesauer Traditionsunternehmen seinen Schwerpunkt inzwischen auf die Herstellung von Metallbalkonen verlegt \u2026","og_url":"https:\/\/www.leeb-balkone.com\/at\/blog\/balkone-und-zaeune-aus-alu-im-katalog\/","og_site_name":"Leeb Balkone","article_publisher":"https:\/\/www.facebook.com\/balkone\/","article_published_time":"2018-03-20T09:41:53+00:00","article_modified_time":"2026-01-28T15:18:23+00:00","og_image":[{"width":480,"height":320,"url":"https:\/\/www.leeb-balkone.com\/app\/uploads\/2020\/10\/leeb-katalog-gesamt-de.jpg","type":"image\/jpeg"}],"author":"jbacher","twitter_card":"summary_large_image","schema":{"@context":"https:\/\/schema.org","@graph":[{"@type":"Article","@id":"https:\/\/www.leeb-balkone.com\/at\/blog\/balkone-und-zaeune-aus-alu-im-katalog\/#article","isPartOf":{"@id":"https:\/\/www.leeb-balkone.com\/at\/blog\/balkone-und-zaeune-aus-alu-im-katalog\/"},"author":{"name":"jbacher","@id":"https:\/\/www.leeb-balkone.com\/at\/#\/schema\/person\/15f1f398efcf4703721e46c2136421fa"},"headline":"Balkone und Z\u00e4une aus Alu im Katalog","datePublished":"2018-03-20T09:41:53+00:00","dateModified":"2026-01-28T15:18:23+00:00","mainEntityOfPage":{"@id":"https:\/\/www.leeb-balkone.com\/at\/blog\/balkone-und-zaeune-aus-alu-im-katalog\/"},"wordCount":326,"publisher":{"@id":"https:\/\/www.leeb-balkone.com\/at\/#organization"},"image":{"@id":"https:\/\/www.leeb-balkone.com\/at\/blog\/balkone-und-zaeune-aus-alu-im-katalog\/#primaryimage"},"thumbnailUrl":"https:\/\/www.leeb-balkone.com\/app\/uploads\/2020\/10\/leeb-katalog-gesamt-de.jpg","articleSection":["Aktuelles zu Leeb Balkone","Balkonbau mit Leeb","Technik &amp; Innovation"],"inLanguage":"de-AT"},{"@type":"WebPage","@id":"https:\/\/www.leeb-balkone.com\/at\/blog\/balkone-und-zaeune-aus-alu-im-katalog\/","url":"https:\/\/www.leeb-balkone.com\/at\/blog\/balkone-und-zaeune-aus-alu-im-katalog\/","name":"Balkone und Z\u00e4une aus Alu im Katalog - Leeb Balkone","isPartOf":{"@id":"https:\/\/www.leeb-balkone.com\/at\/#website"},"primaryImageOfPage":{"@id":"https:\/\/www.leeb-balkone.com\/at\/blog\/balkone-und-zaeune-aus-alu-im-katalog\/#primaryimage"},"image":{"@id":"https:\/\/www.leeb-balkone.com\/at\/blog\/balkone-und-zaeune-aus-alu-im-katalog\/#primaryimage"},"thumbnailUrl":"https:\/\/www.leeb-balkone.com\/app\/uploads\/2020\/10\/leeb-katalog-gesamt-de.jpg","datePublished":"2018-03-20T09:41:53+00:00","dateModified":"2026-01-28T15:18:23+00:00","description":"Aluminium statt Holz. W\u00e4hrend Leeb bis vor wenigen Jahren fast ausschlie\u00dflich Balkone und Z\u00e4une aus Holz fertigte, hat das Gnesauer Traditionsunternehmen seinen Schwerpunkt inzwischen auf die Herstellung von Metallbalkonen verlegt \u2026","breadcrumb":{"@id":"https:\/\/www.leeb-balkone.com\/at\/blog\/balkone-und-zaeune-aus-alu-im-katalog\/#breadcrumb"},"inLanguage":"de-AT","potentialAction":[{"@type":"ReadAction","target":["https:\/\/www.leeb-balkone.com\/at\/blog\/balkone-und-zaeune-aus-alu-im-katalog\/"]}]},{"@type":"ImageObject","inLanguage":"de-AT","@id":"https:\/\/www.leeb-balkone.com\/at\/blog\/balkone-und-zaeune-aus-alu-im-katalog\/#primaryimage","url":"https:\/\/www.leeb-balkone.com\/app\/uploads\/2020\/10\/leeb-katalog-gesamt-de.jpg","contentUrl":"https:\/\/www.leeb-balkone.com\/app\/uploads\/2020\/10\/leeb-katalog-gesamt-de.jpg","width":480,"height":320},{"@type":"BreadcrumbList","@id":"https:\/\/www.leeb-balkone.com\/at\/blog\/balkone-und-zaeune-aus-alu-im-katalog\/#breadcrumb","itemListElement":[{"@type":"ListItem","position":1,"name":"Home","item":"https:\/\/www.leeb-balkone.com\/at\/"},{"@type":"ListItem","position":2,"name":"Balkone und Z\u00e4une aus Alu im Katalog"}]},{"@type":"WebSite","@id":"https:\/\/www.leeb-balkone.com\/at\/#website","url":"https:\/\/www.leeb-balkone.com\/at\/","name":"Leeb Balkone","description":"Balkone und Z\u00e4une","publisher":{"@id":"https:\/\/www.leeb-balkone.com\/at\/#organization"},"potentialAction":[{"@type":"SearchAction","target":{"@type":"EntryPoint","urlTemplate":"https:\/\/www.leeb-balkone.com\/at\/?s={search_term_string}"},"query-input":{"@type":"PropertyValueSpecification","valueRequired":true,"valueName":"search_term_string"}}],"inLanguage":"de-AT"},{"@type":"Organization","@id":"https:\/\/www.leeb-balkone.com\/at\/#organization","name":"Leeb Balkone Gmbh","url":"https:\/\/www.leeb-balkone.com\/at\/","logo":{"@type":"ImageObject","inLanguage":"de-AT","@id":"https:\/\/www.leeb-balkone.com\/at\/#\/schema\/logo\/image\/","url":"https:\/\/www.leeb-balkone.com\/app\/uploads\/2020\/11\/leeb-logo.svg","contentUrl":"https:\/\/www.leeb-balkone.com\/app\/uploads\/2020\/11\/leeb-logo.svg","width":741,"height":204,"caption":"Leeb Balkone Gmbh"},"image":{"@id":"https:\/\/www.leeb-balkone.com\/at\/#\/schema\/logo\/image\/"},"sameAs":["https:\/\/www.facebook.com\/balkone\/","https:\/\/www.trustedshops.at\/bewertung\/info_X4587CCF5833E31AFE0B11F47D86999F2.html","https:\/\/www.trustedshops.de\/bewertung\/info_X7BA536A7A0BDC86D36C4718E4DCAEEEF.html","https:\/\/www.google.com\/maps\/place\/?q=place_id:ChIJ5-zH19-IcEcR9HonWRTllHI"]},{"@type":"Person","@id":"https:\/\/www.leeb-balkone.com\/at\/#\/schema\/person\/15f1f398efcf4703721e46c2136421fa","name":"jbacher"}]}},"_links":{"self":[{"href":"https:\/\/www.leeb-balkone.com\/at\/wp-json\/wp\/v2\/posts\/157075","targetHints":{"allow":["GET"]}}],"collection":[{"href":"https:\/\/www.leeb-balkone.com\/at\/wp-json\/wp\/v2\/posts"}],"about":[{"href":"https:\/\/www.leeb-balkone.com\/at\/wp-json\/wp\/v2\/types\/post"}],"author":[{"embeddable":true,"href":"https:\/\/www.leeb-balkone.com\/at\/wp-json\/wp\/v2\/users\/3"}],"replies":[{"embeddable":true,"href":"https:\/\/www.leeb-balkone.com\/at\/wp-json\/wp\/v2\/comments?post=157075"}],"version-history":[{"count":2,"href":"https:\/\/www.leeb-balkone.com\/at\/wp-json\/wp\/v2\/posts\/157075\/revisions"}],"predecessor-version":[{"id":163601,"href":"https:\/\/www.leeb-balkone.com\/at\/wp-json\/wp\/v2\/posts\/157075\/revisions\/163601"}],"wp:featuredmedia":[{"embeddable":true,"href":"https:\/\/www.leeb-balkone.com\/at\/wp-json\/wp\/v2\/media\/8910"}],"wp:attachment":[{"href":"https:\/\/www.leeb-balkone.com\/at\/wp-json\/wp\/v2\/media?parent=157075"}],"wp:term":[{"taxonomy":"category","embeddable":true,"href":"https:\/\/www.leeb-balkone.com\/at\/wp-json\/wp\/v2\/categories?post=157075"},{"taxonomy":"post_tag","embeddable":true,"href":"https:\/\/www.leeb-balkone.com\/at\/wp-json\/wp\/v2\/tags?post=157075"},{"taxonomy":"post_folder","embeddable":true,"href":"https:\/\/www.leeb-balkone.com\/at\/wp-json\/wp\/v2\/post_folder?post=157075"}],"curies":[{"name":"wp","href":"https:\/\/api.w.org\/{rel}","templated":true}]}}