{"id":157073,"date":"2018-02-20T08:36:06","date_gmt":"2018-02-20T08:36:06","guid":{"rendered":"https:\/\/www.leeb-balkone.com\/de\/von-der-planung-bis-zur-montage\/"},"modified":"2018-02-20T08:36:06","modified_gmt":"2018-02-20T08:36:06","slug":"von-der-planung-bis-zur-montage","status":"publish","type":"post","link":"https:\/\/www.leeb-balkone.com\/at\/blog\/von-der-planung-bis-zur-montage\/","title":{"rendered":"Von der Planung bis zur Montage"},"content":{"rendered":"<header data-block_acf-block-68cc1d5d6de54 class=\"c-fh  l-mh-small c-fh--hero c-grad-l2r c-fh--div none\">\n      <img loading=\"lazy\" decoding=\"async\" width=\"2560\" height=\"1707\" src=\"https:\/\/www.leeb-balkone.com\/app\/uploads\/2020\/08\/alu-balkongelaender-montage-2-scaled.jpg\" class=\"no-lazy\" alt=\"Tolles Montageteam bei der Firma Leeb Balkone\" srcset=\"https:\/\/www.leeb-balkone.com\/app\/uploads\/2020\/08\/alu-balkongelaender-montage-2-scaled.jpg 2560w, https:\/\/www.leeb-balkone.com\/app\/uploads\/2020\/08\/alu-balkongelaender-montage-2-300x200.jpg 300w, https:\/\/www.leeb-balkone.com\/app\/uploads\/2020\/08\/alu-balkongelaender-montage-2-1024x683.jpg 1024w, https:\/\/www.leeb-balkone.com\/app\/uploads\/2020\/08\/alu-balkongelaender-montage-2-768x512.jpg 768w, https:\/\/www.leeb-balkone.com\/app\/uploads\/2020\/08\/alu-balkongelaender-montage-2-1536x1024.jpg 1536w, https:\/\/www.leeb-balkone.com\/app\/uploads\/2020\/08\/alu-balkongelaender-montage-2-2048x1366.jpg 2048w\" sizes=\"auto, (min-width: 1536px) 2048px, (min-width: 992px) 1536px, (min-width: 768px) 1024px, (min-width: 576px) 768px, 100vw\" \/>\n\n\n<div class=\"grid-container\">\n  <div class=\"grid-x\">\n    <div class=\"cell small-12 medium-6 medium-offset-1\">\n      <div class=\"c-fh__wrapper\">\n              <\/div>\n    <\/div>\n  <\/div>\n<\/div>\n  \n    \n    <\/header>\n\n\n  \n  <section class=\"wp-block-group alignfull t3-header u-max-wide t3-header-text has-white-background-color has-background has-global-padding is-layout-constrained wp-block-group-is-layout-constrained\">\n    <div class=\"wp-block-group o-grid u-md-1 u-sm-1 is-layout-flow wp-block-group-is-layout-flow\">\n  <div class=\"wp-block-group u-g-10 u-g-s-2\">\n      <div class=\"yoast-breadcrumbs\"><span><span><a href=\"https:\/\/www.leeb-balkone.com\/at\/\">Home<\/a><\/span><\/span><\/div>\n      \n    <h1>Von der Planung bis zur Montage<\/h1>\n  <\/div>\n<\/div>\n  <\/section>\n\n\n\n\n\n\n<section class=\"wp-block-cgb-t3-section-block alignfull b-pt-small  is-style-bg-white\" style=\"display:inherit;min-height:inherit\">\n<div class=\"wp-block-cgb-t3-container-block none\" style=\"background-color:none\"><div class=\"grid-container\"><div class=\"grid-x\"><div class=\"cell small-12 medium-9 large-0 medium-offset-1 b-has-lsmb\">\n<p>Vom Erstkontakt bis hin zur Montage \u2013 mit Leeb haben Sie bestimmt die richtige Wahl getroffen. Individuelle Beratung und Planung haben bei uns oberste Priorit\u00e4t, ebenso wie die Qualit\u00e4t unserer Rohstoffe. Modernste Maschinenausstattung und das beste Fachpersonal sorgen f\u00fcr unsere einzigartigen Produkte. Heute m\u00f6chten wir euch einen kleinen Einblick hinter die Kulissen geben und auch die Entstehungsgeschichte eines Balkons erkl\u00e4ren.<\/p>\n\n\n\n<h2 class=\"wp-block-heading\">Ein Leeb-Partner ist immer in Ihrer N\u00e4he<\/h2>\n\n\n\n<p>Sie m\u00f6chten einen neuen Balkon und sind sich \u00fcber Modell, Farbe und Material unschl\u00fcssig? Kein Problem: ein Anruf bei Leeb gen\u00fcgt und ein kompetenter Leeb-Partner in Ihrer N\u00e4he kommt zu Ihnen nach Hause. Vor Ort besichtigen Sie dann gemeinsam die Beschaffenheit und Sie werden \u00fcber die vielen M\u00f6glichkeiten, die Leeb zu bieten hat, informiert. Direkt vor Ort erhalten Sie ein unverbindliches Angebot. Sind Sie sich bei Modell und Farbe noch unschl\u00fcssig, kann eine kostenlose Fotomontage Abhilfe verschaffen. Sie haben so die M\u00f6glichkeit unterschiedliche Modelle und Farbkombinationen zu vergleichen.<\/p>\n<\/div><\/div><\/div><\/div>\n\n\n\n<div class=\"wp-block-cgb-t3-container-block none\" style=\"background-color:none\"><div class=\"grid-container\"><div class=\"grid-x\"><div class=\"cell small-12 medium-0 large-0\"><div id=\"lightgallery-block_acf-block-68cc1d5d6de71\" data-block_acf-block-68cc1d5d6de71 class=\"has-2-imgs b-cards b-cards--gallery u-grid-temp has-2-cols u-md-2 u-sm-1 wp-block-group is-layout-grid wp-block-group-is-layout-grid gallery alignwide\">\n\n        <div class=\"b-cards__item\">\n\n        \n      <figure>\n                 <img loading=\"lazy\" decoding=\"async\" width=\"1024\" height=\"683\" src=\"https:\/\/www.leeb-balkone.com\/app\/uploads\/2020\/08\/leeb-balkone-mitarbeiter-9-1024x683.jpg\" class=\"attachment-large size-large\" alt=\"Perfekte Beratung bei Leeb Balkone\" srcset=\"https:\/\/www.leeb-balkone.com\/app\/uploads\/2020\/08\/leeb-balkone-mitarbeiter-9-1024x683.jpg 1024w, https:\/\/www.leeb-balkone.com\/app\/uploads\/2020\/08\/leeb-balkone-mitarbeiter-9-300x200.jpg 300w, https:\/\/www.leeb-balkone.com\/app\/uploads\/2020\/08\/leeb-balkone-mitarbeiter-9-768x512.jpg 768w, https:\/\/www.leeb-balkone.com\/app\/uploads\/2020\/08\/leeb-balkone-mitarbeiter-9-1536x1024.jpg 1536w, https:\/\/www.leeb-balkone.com\/app\/uploads\/2020\/08\/leeb-balkone-mitarbeiter-9-2048x1365.jpg 2048w\" sizes=\"auto, (min-width: 1200px) 1024px, (min-width: 1024px) 768px, (min-width: 640px) 768px, 768px\" \/>              <\/figure>\n\n                  \n  \n<\/div>\n\n        <div class=\"b-cards__item\">\n\n        \n      <figure>\n                 <img loading=\"lazy\" decoding=\"async\" width=\"1024\" height=\"683\" src=\"https:\/\/www.leeb-balkone.com\/app\/uploads\/2020\/08\/alu-balkongelaender-montage-1-1024x683.jpg\" class=\"attachment-large size-large\" alt=\"Genaues Arbeiten durch unsere Montageprofis der Firma Leeb Balkone\" srcset=\"https:\/\/www.leeb-balkone.com\/app\/uploads\/2020\/08\/alu-balkongelaender-montage-1-1024x683.jpg 1024w, https:\/\/www.leeb-balkone.com\/app\/uploads\/2020\/08\/alu-balkongelaender-montage-1-300x200.jpg 300w, https:\/\/www.leeb-balkone.com\/app\/uploads\/2020\/08\/alu-balkongelaender-montage-1-768x512.jpg 768w, https:\/\/www.leeb-balkone.com\/app\/uploads\/2020\/08\/alu-balkongelaender-montage-1-1536x1024.jpg 1536w, https:\/\/www.leeb-balkone.com\/app\/uploads\/2020\/08\/alu-balkongelaender-montage-1-2048x1366.jpg 2048w\" sizes=\"auto, (min-width: 1200px) 1024px, (min-width: 1024px) 768px, (min-width: 640px) 768px, 768px\" \/>              <\/figure>\n\n                  \n  \n<\/div>\n\n    <\/div>\n\n<\/div><\/div><\/div><\/div>\n\n\n\n<div class=\"wp-block-cgb-t3-container-block none\" style=\"background-color:none\"><div class=\"grid-container\"><div class=\"grid-x\"><div class=\"cell small-12 medium-9 large-0 medium-offset-1 b-has-lsmb\">\n<h2 class=\"wp-block-heading\">Jeder Balkon wird bei Leeb individuell geplant<\/h2>\n\n\n\n<p>Sobald Sie sich f\u00fcr ein Modell entschieden haben, kommt ein Aufma\u00dftechniker zu Ihnen und misst alles genau aus. Die Daten werden dann an unsere technischen Zeichner weitergeschickt, die Ihren Balkon individuell planen und die Unterlagen f\u00fcr die Produktion anfertigen. Gemeinsam mit Ihnen und Ihrem Leeb-Partner werden technische L\u00f6sungen erarbeitet. Ist die Planung korrekt und auch Sie sind damit einverstanden, werden alle Fertigungsunterlagen digital an die Produktion geschickt.<\/p>\n<\/div><\/div><\/div><\/div>\n\n\n\n<div class=\"wp-block-cgb-t3-container-block none\" style=\"background-color:none\"><div class=\"grid-container\"><div class=\"grid-x\"><div class=\"cell small-12 medium-0 large-0\"><div id=\"lightgallery-block_acf-block-68cc1d5d6de81\" data-block_acf-block-68cc1d5d6de81 class=\"has-1-imgs b-cards b-cards--gallery u-grid-temp has-1-cols u-md-2 u-sm-1 wp-block-group is-layout-grid wp-block-group-is-layout-grid gallery alignwide\">\n\n        <div class=\"b-cards__item\">\n\n        \n      <figure>\n                 <img loading=\"lazy\" decoding=\"async\" width=\"1536\" height=\"1151\" src=\"https:\/\/www.leeb-balkone.com\/app\/uploads\/2020\/08\/leeb-balkone-mitarbeiter-4-1-1536x1151.jpeg\" class=\"attachment-1536x1536 size-1536x1536\" alt=\"Montieren eines Leeb Alu-Balkongel\u00e4nders nach Ma\u00df\" srcset=\"https:\/\/www.leeb-balkone.com\/app\/uploads\/2020\/08\/leeb-balkone-mitarbeiter-4-1-1536x1151.jpeg 1536w, https:\/\/www.leeb-balkone.com\/app\/uploads\/2020\/08\/leeb-balkone-mitarbeiter-4-1-300x225.jpeg 300w, https:\/\/www.leeb-balkone.com\/app\/uploads\/2020\/08\/leeb-balkone-mitarbeiter-4-1-1024x767.jpeg 1024w, https:\/\/www.leeb-balkone.com\/app\/uploads\/2020\/08\/leeb-balkone-mitarbeiter-4-1-768x575.jpeg 768w, https:\/\/www.leeb-balkone.com\/app\/uploads\/2020\/08\/leeb-balkone-mitarbeiter-4-1-2048x1534.jpeg 2048w\" sizes=\"auto, (min-width: 1200px) 100vw, (min-width: 1024px) 1536px, (min-width: 640px) 768px, 768px\" \/>              <\/figure>\n\n                  \n  \n<\/div>\n\n    <\/div>\n\n<\/div><\/div><\/div><\/div>\n\n\n\n<div class=\"wp-block-cgb-t3-container-block none\" style=\"background-color:none\"><div class=\"grid-container\"><div class=\"grid-x\"><div class=\"cell small-12 medium-9 large-0 medium-offset-1 b-has-lsmb\">\n<h2 class=\"wp-block-heading\">Produktion ausschlie\u00dflich in \u00d6sterreich<\/h2>\n\n\n\n<p>In unserem Werk im K\u00e4rntner Gnesau durchl\u00e4uft Ihr <a href=\"https:\/\/www.leeb-balkone.com\/at\/balkongelaender\/balkongelaender-alu\/\">Alu Balkonmodell<\/a> mehrere Abteilungen. Zu Beginn werden die Alu-Profile grob zugeschnitten und mithilfe einer modernen Pulverbeschichtungsanlage in Ihrer Wunschfarbe beschichtet. Dabei wird die patentierte <a href=\"https:\/\/www.leeb-balkone.com\/at\/technik\/alu-comfort-plus\/\">ALU COMFORT PLUS\u00ae Pulverbeschichtung<\/a> angewendet, die Ihren Balkon schmutzabweisender und somit pflegeleichter macht. Die nun beschichteten Profile werden in einem n\u00e4chsten Schritt laut Planliste zugeschnitten und bereits zusammengeschaut \u2013 der Balkon nimmt nun schon Form an.<\/p>\n\n\n\n<h2 class=\"wp-block-heading\">Millimetergenau Montage von Profis<\/h2>\n\n\n\n<p>Die fertigen Balkonfelder und die Zubeh\u00f6rteile werden nun ordnungsgem\u00e4\u00df verpackt, in firmeneigene LKWs verladen und fachgerecht zu Ihnen nach Hause geliefert. Unsere Leeb-Montage-Profis sind bestens geschult und k\u00f6nnen Ihnen bei auftretenden Fragen vor Ort mit Rat und Tat zur Seite stehen. Dank millimetergenau vorgefertigter Elemente entsteht kaum Schmutz und die Montage kann schnell durchgef\u00fchrt werden.<\/p>\n\n\n\n<p><strong>Von der <a href=\"https:\/\/www.leeb-balkone.com\/at\/service\/planungsservice\/\">Planung<\/a> bis zur <a href=\"https:\/\/www.leeb-balkone.com\/at\/service\/lieferung-und-montage\/\">Montage<\/a> \u2013 bei Leeb Balkone bekommen Sie alles aus einer Hand!<\/strong><\/p>\n<\/div><\/div><\/div><\/div>\n<\/section>\n\n\n\n<p><\/p>\n","protected":false},"excerpt":{"rendered":"<p>Wer sich f\u00fcr ein Produkt vom Hause Leeb entscheidet, bekommt alles aus einer Hand. Individuelle Beratung und Planung haben bei uns oberste Priorit\u00e4t, ebenso wie qualitativ hochwertige Rohstoffe, modernste Maschinenausstattung und kompetentes Fachpersonal.<\/p>\n","protected":false},"author":3,"featured_media":6082,"comment_status":"closed","ping_status":"open","sticky":false,"template":"template-onepager.blade.php","format":"standard","meta":{"_acf_changed":false,"footnotes":""},"categories":[166,162,145,163],"tags":[],"post_folder":[],"class_list":["post-157073","post","type-post","status-publish","format-standard","has-post-thumbnail","hentry","category-aktuelles-zu-leeb-balkone","category-balkonbau-mit-leeb","category-gartenbau","category-technik-innovation"],"acf":[],"yoast_head":"<!-- This site is optimized with the Yoast SEO plugin v27.2 - https:\/\/yoast.com\/product\/yoast-seo-wordpress\/ -->\n<title>Von der Planung bis zur Montage - Leeb Balkone \u00d6sterreich<\/title>\n<meta name=\"description\" content=\"Wer sich f\u00fcr ein Produkt vom Hause Leeb entscheidet, bekommt alles aus einer Hand. Individuelle Beratung und Planung haben bei uns oberste Priorit\u00e4t, ebenso wie qualitativ hochwertige Rohstoffe, modernste Maschinenausstattung und kompetentes Fachpersonal.\" \/>\n<meta name=\"robots\" content=\"index, follow, max-snippet:-1, max-image-preview:large, max-video-preview:-1\" \/>\n<meta property=\"og:locale\" content=\"de_DE\" \/>\n<meta property=\"og:type\" content=\"article\" \/>\n<meta property=\"og:title\" content=\"Von der Planung bis zur Montage - Leeb Balkone\" \/>\n<meta property=\"og:description\" content=\"Wer sich f\u00fcr ein Produkt vom Hause Leeb entscheidet, bekommt alles aus einer Hand. Individuelle Beratung und Planung haben bei uns oberste Priorit\u00e4t, ebenso wie qualitativ hochwertige Rohstoffe, modernste Maschinenausstattung und kompetentes Fachpersonal.\" \/>\n<meta property=\"og:url\" content=\"https:\/\/www.leeb-balkone.com\/at\/blog\/von-der-planung-bis-zur-montage\/\" \/>\n<meta property=\"og:site_name\" content=\"Leeb Balkone\" \/>\n<meta property=\"article:publisher\" content=\"https:\/\/www.facebook.com\/balkone\/\" \/>\n<meta property=\"article:published_time\" content=\"2018-02-20T08:36:06+00:00\" \/>\n<meta property=\"og:image\" content=\"https:\/\/www.leeb-balkone.com\/app\/uploads\/2020\/08\/alu-balkongelaender-montage-2-scaled.jpg\" \/>\n\t<meta property=\"og:image:width\" content=\"2560\" \/>\n\t<meta property=\"og:image:height\" content=\"1707\" \/>\n\t<meta property=\"og:image:type\" content=\"image\/jpeg\" \/>\n<meta name=\"author\" content=\"jbacher\" \/>\n<meta name=\"twitter:card\" content=\"summary_large_image\" \/>\n<script type=\"application\/ld+json\" class=\"yoast-schema-graph\">{\"@context\":\"https:\/\/schema.org\",\"@graph\":[{\"@type\":\"Article\",\"@id\":\"https:\/\/www.leeb-balkone.com\/at\/blog\/von-der-planung-bis-zur-montage\/#article\",\"isPartOf\":{\"@id\":\"https:\/\/www.leeb-balkone.com\/at\/blog\/von-der-planung-bis-zur-montage\/\"},\"author\":{\"name\":\"jbacher\",\"@id\":\"https:\/\/www.leeb-balkone.com\/at\/#\/schema\/person\/15f1f398efcf4703721e46c2136421fa\"},\"headline\":\"Von der Planung bis zur Montage\",\"datePublished\":\"2018-02-20T08:36:06+00:00\",\"mainEntityOfPage\":{\"@id\":\"https:\/\/www.leeb-balkone.com\/at\/blog\/von-der-planung-bis-zur-montage\/\"},\"wordCount\":403,\"publisher\":{\"@id\":\"https:\/\/www.leeb-balkone.com\/at\/#organization\"},\"image\":{\"@id\":\"https:\/\/www.leeb-balkone.com\/at\/blog\/von-der-planung-bis-zur-montage\/#primaryimage\"},\"thumbnailUrl\":\"https:\/\/www.leeb-balkone.com\/app\/uploads\/2020\/08\/alu-balkongelaender-montage-2-scaled.jpg\",\"articleSection\":[\"Aktuelles zu Leeb Balkone\",\"Balkonbau mit Leeb\",\"Gartenbau\",\"Technik &amp; Innovation\"],\"inLanguage\":\"de-AT\"},{\"@type\":\"WebPage\",\"@id\":\"https:\/\/www.leeb-balkone.com\/at\/blog\/von-der-planung-bis-zur-montage\/\",\"url\":\"https:\/\/www.leeb-balkone.com\/at\/blog\/von-der-planung-bis-zur-montage\/\",\"name\":\"Von der Planung bis zur Montage - Leeb Balkone\",\"isPartOf\":{\"@id\":\"https:\/\/www.leeb-balkone.com\/at\/#website\"},\"primaryImageOfPage\":{\"@id\":\"https:\/\/www.leeb-balkone.com\/at\/blog\/von-der-planung-bis-zur-montage\/#primaryimage\"},\"image\":{\"@id\":\"https:\/\/www.leeb-balkone.com\/at\/blog\/von-der-planung-bis-zur-montage\/#primaryimage\"},\"thumbnailUrl\":\"https:\/\/www.leeb-balkone.com\/app\/uploads\/2020\/08\/alu-balkongelaender-montage-2-scaled.jpg\",\"datePublished\":\"2018-02-20T08:36:06+00:00\",\"description\":\"Wer sich f\u00fcr ein Produkt vom Hause Leeb entscheidet, bekommt alles aus einer Hand. Individuelle Beratung und Planung haben bei uns oberste Priorit\u00e4t, ebenso wie qualitativ hochwertige Rohstoffe, modernste Maschinenausstattung und kompetentes Fachpersonal.\",\"breadcrumb\":{\"@id\":\"https:\/\/www.leeb-balkone.com\/at\/blog\/von-der-planung-bis-zur-montage\/#breadcrumb\"},\"inLanguage\":\"de-AT\",\"potentialAction\":[{\"@type\":\"ReadAction\",\"target\":[\"https:\/\/www.leeb-balkone.com\/at\/blog\/von-der-planung-bis-zur-montage\/\"]}]},{\"@type\":\"ImageObject\",\"inLanguage\":\"de-AT\",\"@id\":\"https:\/\/www.leeb-balkone.com\/at\/blog\/von-der-planung-bis-zur-montage\/#primaryimage\",\"url\":\"https:\/\/www.leeb-balkone.com\/app\/uploads\/2020\/08\/alu-balkongelaender-montage-2-scaled.jpg\",\"contentUrl\":\"https:\/\/www.leeb-balkone.com\/app\/uploads\/2020\/08\/alu-balkongelaender-montage-2-scaled.jpg\",\"width\":2560,\"height\":1707,\"caption\":\"Tolles Montageteam bei der Firma Leeb Balkone\"},{\"@type\":\"BreadcrumbList\",\"@id\":\"https:\/\/www.leeb-balkone.com\/at\/blog\/von-der-planung-bis-zur-montage\/#breadcrumb\",\"itemListElement\":[{\"@type\":\"ListItem\",\"position\":1,\"name\":\"Home\",\"item\":\"https:\/\/www.leeb-balkone.com\/at\/\"},{\"@type\":\"ListItem\",\"position\":2,\"name\":\"Von der Planung bis zur Montage\"}]},{\"@type\":\"WebSite\",\"@id\":\"https:\/\/www.leeb-balkone.com\/at\/#website\",\"url\":\"https:\/\/www.leeb-balkone.com\/at\/\",\"name\":\"Leeb Balkone\",\"description\":\"Balkone und Z\u00e4une\",\"publisher\":{\"@id\":\"https:\/\/www.leeb-balkone.com\/at\/#organization\"},\"potentialAction\":[{\"@type\":\"SearchAction\",\"target\":{\"@type\":\"EntryPoint\",\"urlTemplate\":\"https:\/\/www.leeb-balkone.com\/at\/?s={search_term_string}\"},\"query-input\":{\"@type\":\"PropertyValueSpecification\",\"valueRequired\":true,\"valueName\":\"search_term_string\"}}],\"inLanguage\":\"de-AT\"},{\"@type\":\"Organization\",\"@id\":\"https:\/\/www.leeb-balkone.com\/at\/#organization\",\"name\":\"Leeb Balkone Gmbh\",\"url\":\"https:\/\/www.leeb-balkone.com\/at\/\",\"logo\":{\"@type\":\"ImageObject\",\"inLanguage\":\"de-AT\",\"@id\":\"https:\/\/www.leeb-balkone.com\/at\/#\/schema\/logo\/image\/\",\"url\":\"https:\/\/www.leeb-balkone.com\/app\/uploads\/2020\/11\/leeb-logo.svg\",\"contentUrl\":\"https:\/\/www.leeb-balkone.com\/app\/uploads\/2020\/11\/leeb-logo.svg\",\"width\":741,\"height\":204,\"caption\":\"Leeb Balkone Gmbh\"},\"image\":{\"@id\":\"https:\/\/www.leeb-balkone.com\/at\/#\/schema\/logo\/image\/\"},\"sameAs\":[\"https:\/\/www.facebook.com\/balkone\/\",\"https:\/\/www.trustedshops.at\/bewertung\/info_X4587CCF5833E31AFE0B11F47D86999F2.html\",\"https:\/\/www.trustedshops.de\/bewertung\/info_X7BA536A7A0BDC86D36C4718E4DCAEEEF.html\",\"https:\/\/www.google.com\/maps\/place\/?q=place_id:ChIJ5-zH19-IcEcR9HonWRTllHI\"]},{\"@type\":\"Person\",\"@id\":\"https:\/\/www.leeb-balkone.com\/at\/#\/schema\/person\/15f1f398efcf4703721e46c2136421fa\",\"name\":\"jbacher\"}]}<\/script>\n<!-- \/ Yoast SEO plugin. -->","yoast_head_json":{"title":"Von der Planung bis zur Montage - Leeb Balkone \u00d6sterreich","description":"Wer sich f\u00fcr ein Produkt vom Hause Leeb entscheidet, bekommt alles aus einer Hand. Individuelle Beratung und Planung haben bei uns oberste Priorit\u00e4t, ebenso wie qualitativ hochwertige Rohstoffe, modernste Maschinenausstattung und kompetentes Fachpersonal.","robots":{"index":"index","follow":"follow","max-snippet":"max-snippet:-1","max-image-preview":"max-image-preview:large","max-video-preview":"max-video-preview:-1"},"og_locale":"de_DE","og_type":"article","og_title":"Von der Planung bis zur Montage - Leeb Balkone","og_description":"Wer sich f\u00fcr ein Produkt vom Hause Leeb entscheidet, bekommt alles aus einer Hand. Individuelle Beratung und Planung haben bei uns oberste Priorit\u00e4t, ebenso wie qualitativ hochwertige Rohstoffe, modernste Maschinenausstattung und kompetentes Fachpersonal.","og_url":"https:\/\/www.leeb-balkone.com\/at\/blog\/von-der-planung-bis-zur-montage\/","og_site_name":"Leeb Balkone","article_publisher":"https:\/\/www.facebook.com\/balkone\/","article_published_time":"2018-02-20T08:36:06+00:00","og_image":[{"width":2560,"height":1707,"url":"https:\/\/www.leeb-balkone.com\/app\/uploads\/2020\/08\/alu-balkongelaender-montage-2-scaled.jpg","type":"image\/jpeg"}],"author":"jbacher","twitter_card":"summary_large_image","schema":{"@context":"https:\/\/schema.org","@graph":[{"@type":"Article","@id":"https:\/\/www.leeb-balkone.com\/at\/blog\/von-der-planung-bis-zur-montage\/#article","isPartOf":{"@id":"https:\/\/www.leeb-balkone.com\/at\/blog\/von-der-planung-bis-zur-montage\/"},"author":{"name":"jbacher","@id":"https:\/\/www.leeb-balkone.com\/at\/#\/schema\/person\/15f1f398efcf4703721e46c2136421fa"},"headline":"Von der Planung bis zur Montage","datePublished":"2018-02-20T08:36:06+00:00","mainEntityOfPage":{"@id":"https:\/\/www.leeb-balkone.com\/at\/blog\/von-der-planung-bis-zur-montage\/"},"wordCount":403,"publisher":{"@id":"https:\/\/www.leeb-balkone.com\/at\/#organization"},"image":{"@id":"https:\/\/www.leeb-balkone.com\/at\/blog\/von-der-planung-bis-zur-montage\/#primaryimage"},"thumbnailUrl":"https:\/\/www.leeb-balkone.com\/app\/uploads\/2020\/08\/alu-balkongelaender-montage-2-scaled.jpg","articleSection":["Aktuelles zu Leeb Balkone","Balkonbau mit Leeb","Gartenbau","Technik &amp; Innovation"],"inLanguage":"de-AT"},{"@type":"WebPage","@id":"https:\/\/www.leeb-balkone.com\/at\/blog\/von-der-planung-bis-zur-montage\/","url":"https:\/\/www.leeb-balkone.com\/at\/blog\/von-der-planung-bis-zur-montage\/","name":"Von der Planung bis zur Montage - Leeb Balkone","isPartOf":{"@id":"https:\/\/www.leeb-balkone.com\/at\/#website"},"primaryImageOfPage":{"@id":"https:\/\/www.leeb-balkone.com\/at\/blog\/von-der-planung-bis-zur-montage\/#primaryimage"},"image":{"@id":"https:\/\/www.leeb-balkone.com\/at\/blog\/von-der-planung-bis-zur-montage\/#primaryimage"},"thumbnailUrl":"https:\/\/www.leeb-balkone.com\/app\/uploads\/2020\/08\/alu-balkongelaender-montage-2-scaled.jpg","datePublished":"2018-02-20T08:36:06+00:00","description":"Wer sich f\u00fcr ein Produkt vom Hause Leeb entscheidet, bekommt alles aus einer Hand. Individuelle Beratung und Planung haben bei uns oberste Priorit\u00e4t, ebenso wie qualitativ hochwertige Rohstoffe, modernste Maschinenausstattung und kompetentes Fachpersonal.","breadcrumb":{"@id":"https:\/\/www.leeb-balkone.com\/at\/blog\/von-der-planung-bis-zur-montage\/#breadcrumb"},"inLanguage":"de-AT","potentialAction":[{"@type":"ReadAction","target":["https:\/\/www.leeb-balkone.com\/at\/blog\/von-der-planung-bis-zur-montage\/"]}]},{"@type":"ImageObject","inLanguage":"de-AT","@id":"https:\/\/www.leeb-balkone.com\/at\/blog\/von-der-planung-bis-zur-montage\/#primaryimage","url":"https:\/\/www.leeb-balkone.com\/app\/uploads\/2020\/08\/alu-balkongelaender-montage-2-scaled.jpg","contentUrl":"https:\/\/www.leeb-balkone.com\/app\/uploads\/2020\/08\/alu-balkongelaender-montage-2-scaled.jpg","width":2560,"height":1707,"caption":"Tolles Montageteam bei der Firma Leeb Balkone"},{"@type":"BreadcrumbList","@id":"https:\/\/www.leeb-balkone.com\/at\/blog\/von-der-planung-bis-zur-montage\/#breadcrumb","itemListElement":[{"@type":"ListItem","position":1,"name":"Home","item":"https:\/\/www.leeb-balkone.com\/at\/"},{"@type":"ListItem","position":2,"name":"Von der Planung bis zur Montage"}]},{"@type":"WebSite","@id":"https:\/\/www.leeb-balkone.com\/at\/#website","url":"https:\/\/www.leeb-balkone.com\/at\/","name":"Leeb Balkone","description":"Balkone und Z\u00e4une","publisher":{"@id":"https:\/\/www.leeb-balkone.com\/at\/#organization"},"potentialAction":[{"@type":"SearchAction","target":{"@type":"EntryPoint","urlTemplate":"https:\/\/www.leeb-balkone.com\/at\/?s={search_term_string}"},"query-input":{"@type":"PropertyValueSpecification","valueRequired":true,"valueName":"search_term_string"}}],"inLanguage":"de-AT"},{"@type":"Organization","@id":"https:\/\/www.leeb-balkone.com\/at\/#organization","name":"Leeb Balkone Gmbh","url":"https:\/\/www.leeb-balkone.com\/at\/","logo":{"@type":"ImageObject","inLanguage":"de-AT","@id":"https:\/\/www.leeb-balkone.com\/at\/#\/schema\/logo\/image\/","url":"https:\/\/www.leeb-balkone.com\/app\/uploads\/2020\/11\/leeb-logo.svg","contentUrl":"https:\/\/www.leeb-balkone.com\/app\/uploads\/2020\/11\/leeb-logo.svg","width":741,"height":204,"caption":"Leeb Balkone Gmbh"},"image":{"@id":"https:\/\/www.leeb-balkone.com\/at\/#\/schema\/logo\/image\/"},"sameAs":["https:\/\/www.facebook.com\/balkone\/","https:\/\/www.trustedshops.at\/bewertung\/info_X4587CCF5833E31AFE0B11F47D86999F2.html","https:\/\/www.trustedshops.de\/bewertung\/info_X7BA536A7A0BDC86D36C4718E4DCAEEEF.html","https:\/\/www.google.com\/maps\/place\/?q=place_id:ChIJ5-zH19-IcEcR9HonWRTllHI"]},{"@type":"Person","@id":"https:\/\/www.leeb-balkone.com\/at\/#\/schema\/person\/15f1f398efcf4703721e46c2136421fa","name":"jbacher"}]}},"_links":{"self":[{"href":"https:\/\/www.leeb-balkone.com\/at\/wp-json\/wp\/v2\/posts\/157073","targetHints":{"allow":["GET"]}}],"collection":[{"href":"https:\/\/www.leeb-balkone.com\/at\/wp-json\/wp\/v2\/posts"}],"about":[{"href":"https:\/\/www.leeb-balkone.com\/at\/wp-json\/wp\/v2\/types\/post"}],"author":[{"embeddable":true,"href":"https:\/\/www.leeb-balkone.com\/at\/wp-json\/wp\/v2\/users\/3"}],"replies":[{"embeddable":true,"href":"https:\/\/www.leeb-balkone.com\/at\/wp-json\/wp\/v2\/comments?post=157073"}],"version-history":[{"count":0,"href":"https:\/\/www.leeb-balkone.com\/at\/wp-json\/wp\/v2\/posts\/157073\/revisions"}],"wp:featuredmedia":[{"embeddable":true,"href":"https:\/\/www.leeb-balkone.com\/at\/wp-json\/wp\/v2\/media\/6082"}],"wp:attachment":[{"href":"https:\/\/www.leeb-balkone.com\/at\/wp-json\/wp\/v2\/media?parent=157073"}],"wp:term":[{"taxonomy":"category","embeddable":true,"href":"https:\/\/www.leeb-balkone.com\/at\/wp-json\/wp\/v2\/categories?post=157073"},{"taxonomy":"post_tag","embeddable":true,"href":"https:\/\/www.leeb-balkone.com\/at\/wp-json\/wp\/v2\/tags?post=157073"},{"taxonomy":"post_folder","embeddable":true,"href":"https:\/\/www.leeb-balkone.com\/at\/wp-json\/wp\/v2\/post_folder?post=157073"}],"curies":[{"name":"wp","href":"https:\/\/api.w.org\/{rel}","templated":true}]}}