{"id":144008,"date":"2025-02-20T14:48:24","date_gmt":"2025-02-20T14:48:24","guid":{"rendered":"https:\/\/www.leeb-balkone.com\/de\/blog\/"},"modified":"2025-10-02T06:14:11","modified_gmt":"2025-10-02T06:14:11","slug":"hecke-schneiden","status":"publish","type":"post","link":"https:\/\/www.leeb-balkone.com\/at\/blog\/hecke-schneiden\/","title":{"rendered":"Von Hecke zu Zaun. Von Arbeit zu Ruhe."},"content":{"rendered":"<header class=\"wp-block-group alignfull t3-header u-max-wide t3-header-text has-white-background-color has-background has-global-padding is-layout-constrained wp-block-group-is-layout-constrained\">\n    <div class=\"wp-block-group o-grid u-md-1 u-sm-1 is-layout-flow wp-block-group-is-layout-flow\">\n  <div class=\"wp-block-group u-g-10 u-g-s-2\">\n      <div class=\"yoast-breadcrumbs\"><span><span><a href=\"https:\/\/www.leeb-balkone.com\/at\/\">Home<\/a><\/span><\/span><\/div>\n      \n    <h1>Von Hecke zu Zaun. Von Arbeit zu Ruhe.<\/h1>\n  <\/div>\n<\/div>\n  <\/header>\n\n\n\n\n\n\n\n<section class=\"wp-block-cgb-t3-section-block alignfull b-pt-small  is-style-bg-white\" style=\"display:inherit;min-height:inherit\">\n<div class=\"wp-block-cgb-t3-container-block none\" style=\"background-color:none\"><div class=\"grid-container\"><div class=\"grid-x\"><div class=\"cell small-12 medium-9 large-0 medium-offset-1 b-has-lsmb\">\n<p><span class=\"teaser\">Alle Jahre im Fr\u00fchling steht wieder das gleiche Ritual an: die Hecke schneiden, formen und pflegen. Doch wer sich von seiner Hecke trennen m\u00f6chte, hat gerade jetzt im Herbst und Winter den idealen Zeitpunkt daf\u00fcr. Mit einem <a href=\"https:\/\/www.leeb-balkone.com\/at\/zaeune\/\" target=\"_blank\" rel=\"noreferrer noopener\">Leeb-Zaun<\/a> schaffen Sie eine dauerhafte Alternative: pflegeleicht, wartungsfrei und stilvoll. Ein Zaun statt Hecke bedeutet klar weniger Aufwand, ein harmonisches Gartenerlebnis und mehr Zeit f\u00fcr die sch\u00f6nen Dinge im Leben. <\/span><\/p>\n\n\n\n<div class=\"wp-block-group is-layout-flow wp-block-group-is-layout-flow\">\n<p><span class=\"teaser\">Wann darf man die Hecke eigentlich schneiden? H\u00e4tten Sie es gewusst?<\/span><\/p>\n<\/div>\n<\/div><\/div><\/div><\/div>\n\n\n\n<div class=\"wp-block-cgb-t3-container-block none\" style=\"background-color:none\"><div class=\"grid-container\"><div class=\"grid-x\"><div class=\"cell small-12 medium-0 large-0\"><div id=\"lightgallery-block_acf-block-68de182faf323\" data-block_acf-block-68de182faf323 class=\"has-1-imgs b-cards b-cards--gallery u-grid-temp has-1-cols u-md-2 u-sm-1 wp-block-group is-layout-grid wp-block-group-is-layout-grid gallery alignwide\">\n\n        <div class=\"b-cards__item\">\n\n        \n      <figure>\n                 <img loading=\"lazy\" decoding=\"async\" width=\"1536\" height=\"1024\" src=\"https:\/\/www.leeb-balkone.com\/app\/uploads\/2025\/02\/hecke-schneiden-wann-1536x1024.jpg\" class=\"attachment-1536x1536 size-1536x1536\" alt=\"Hecke schneiden richtig gemacht: R\u00fcckschnitte sind nicht nur aufwendig, sondern mitunter verboten\" srcset=\"https:\/\/www.leeb-balkone.com\/app\/uploads\/2025\/02\/hecke-schneiden-wann-1536x1024.jpg 1536w, https:\/\/www.leeb-balkone.com\/app\/uploads\/2025\/02\/hecke-schneiden-wann-300x200.jpg 300w, https:\/\/www.leeb-balkone.com\/app\/uploads\/2025\/02\/hecke-schneiden-wann-1024x683.jpg 1024w, https:\/\/www.leeb-balkone.com\/app\/uploads\/2025\/02\/hecke-schneiden-wann-768x512.jpg 768w\" sizes=\"auto, (min-width: 1200px) 100vw, (min-width: 1024px) 1536px, (min-width: 640px) 768px, 768px\" \/>              <\/figure>\n\n                  \n        <div class=\"caption\">\n                          <p>Hecken schneiden ist aufwendig und nicht immer erlaubt\n              <\/div>\n  \n<\/div>\n\n    <\/div>\n\n<\/div><\/div><\/div><\/div>\n\n\n\n<div class=\"wp-block-cgb-t3-container-block none\" style=\"background-color:none\"><div class=\"grid-container\"><div class=\"grid-x\"><div class=\"cell small-12 medium-9 large-0 medium-offset-1 b-has-lsmb\">\n<p style=\"padding-top:0;padding-bottom:0\"><span class=\"teaser\">Inhalte<\/span><\/p>\n\n\n\n<p style=\"padding-top:0;padding-bottom:var(--wp--preset--spacing--1-5)\"><span class=\"teaser\"><a href=\"#Verbote\">Verbote und Gebote: Wann darf man die Hecke schneiden?<\/a><br><a href=\"#Regelungen\">Allgemeine Regelungen zu Heckenschnitt und Nachbarschaft<\/a><br><a href=\"#Alternative\">Wartungsarme Alternative zum &#8220;lebendigen Zaun&#8221;<\/a><\/span><\/p>\n\n\n\n<h2 class=\"wp-block-heading\" id=\"Verbote\">Hecke schneiden &#8211; Verbote und Gebote<\/h2>\n\n\n\n<h3 class=\"wp-block-heading\">Deutschland: Schnittverbot von M\u00e4rz bis September<\/h3>\n\n\n\n<p>Zwischen dem <strong>1. M\u00e4rz und dem 30. September<\/strong> ist es grunds\u00e4tzlich verboten, Hecken, lebende Z\u00e4une, Geb\u00fcsche und andere Geh\u00f6lze stark zu beschneiden oder gar zu roden. Dieses Verbot dient dem Schutz von br\u00fctenden V\u00f6geln, Insekten und anderen Kleintieren, die in Hecken einen wichtigen Lebensraum finden. Leichte Formschnitte und die Entfernung von Zuwachs sind erlaubt, solange keine Tiere in der Hecke nisten. Nisten V\u00f6gel in der Hecke, ist jeglicher Schnitt w\u00e4hrend der Brutzeit g\u00e4nzlich verboten. Leichte Form- und Pflegeschnitte sind w\u00e4hrend der Schutzzeit erlaubt, sofern keine Tiere in der Hecke nisten. Diese dienen lediglich dazu, die Hecke in Form zu halten und den Zuwachs zu beschneiden. R\u00fcckschnitte zum Wohl der Pflanzen sind grunds\u00e4tzlich erlaubt, sollten aber idealerweise au\u00dferhalb der Brutzeit erfolgen, um die Tiere nicht zu st\u00f6ren.<\/p>\n\n\n\n<h4 class=\"wp-block-heading\">Die wichtigsten Punkte im \u00dcberblick<\/h4>\n\n\n\n<ul class=\"wp-block-list\">\n<li><strong>Schnittverbot:<\/strong> Gem\u00e4ss dem Bundesnaturschutzgesetz (BNatSchG) ist es in Deutschland zwischen dem 1. M\u00e4rz und dem 30. September untersagt, Hecken, lebende Z\u00e4une, Geb\u00fcsche und andere Geh\u00f6lze stark zu beschneiden oder gar zu roden. <\/li>\n\n\n\n<li><strong>Schonende Pflegeschnitte:<\/strong> Leichte Formschnitte und die Entfernung von Zuwachs sind erlaubt, solange keine Tiere in der Hecke nisten. <\/li>\n\n\n\n<li><strong>Absolutes Schnittverbot:<\/strong> Nisten V\u00f6gel in der Hecke, ist jeglicher Schnitt w\u00e4hrend der Brutzeit g\u00e4nzlich verboten.<\/li>\n\n\n\n<li><strong>Ausnahmen:<\/strong> In bestimmten F\u00e4llen kann die zust\u00e4ndige Gemeinde Ausnahmegenehmigungen erteilen, beispielsweise wenn die Hecke eine Gefahr f\u00fcr die \u00f6ffentliche Sicherheit darstellt.<\/li>\n<\/ul>\n\n\n\n<h4 class=\"wp-block-heading\">Was bedeutet das f\u00fcr Gartenbesitzer?<\/h4>\n\n\n\n<ul class=\"wp-block-list\">\n<li><strong>Planung:<\/strong> Gartenbesitzer sollten ihre Heckenschnitt-Massnahmen entsprechend planen und die Schutzfristen beachten.<\/li>\n\n\n\n<li><strong>Vorsicht:<\/strong> Achten Sie auf Anzeichen von Vogelnestern in Ihrer Hecke. <\/li>\n\n\n\n<li><strong>Information:<\/strong> Informieren Sie sich \u00fcber die spezifischen Regelungen in Ihrer Gemeinde, da diese von den bundesweiten Bestimmungen abweichen k\u00f6nnen.<\/li>\n<\/ul>\n\n\n\n<h4 class=\"wp-block-heading\">Tipps f\u00fcr den Heckenschnitt<\/h4>\n\n\n\n<ul class=\"wp-block-list\">\n<li><strong>Idealer Zeitpunkt:<\/strong> Der beste Zeitpunkt f\u00fcr einen kr\u00e4ftigen R\u00fcckschnitt ist Herbst oder Sp\u00e4twinter \/ Fr\u00fchjahr (Oktober bis Februar), wenn die Pflanzen in der Ruhephase sind. <\/li>\n\n\n\n<li><strong>Schnitttechnik:<\/strong> Verwenden Sie scharfe Werkzeuge und achten Sie auf eine saubere Schnitttechnik. <\/li>\n\n\n\n<li><strong>Entsorgung:<\/strong> Informieren Sie sich \u00fcber die M\u00f6glichkeiten der Entsorgung des Schnittguts in Ihrer Gemeinde.<\/li>\n<\/ul>\n\n\n\n<h3 class=\"wp-block-heading\">Heckenschnitt in \u00d6sterreich: Was ist erlaubt, was ist verboten?<\/h3>\n\n\n\n<p>In \u00d6sterreich gibt es keine bundesweit einheitliche Regelung f\u00fcr den Heckenschnitt, wie beispielsweise in Deutschland. Die Regelungen sind von Bundesland zu Bundesland unterschiedlich. Es ist jedoch wichtig, einige Punkte zu beachten, um sicherzustellen, dass Sie die Hecke zum richtigen Zeitpunkt und auf die richtige Weise schneiden:<\/p>\n\n\n\n<h4 class=\"wp-block-heading\">Gesetzliche Bestimmungen und Verbote<\/h4>\n\n\n\n<ul class=\"wp-block-list\">\n<li><strong>Kein generelles Schnittverbot:<\/strong> In \u00d6sterreich gibt es kein generelles Verbot f\u00fcr den Heckenschnitt w\u00e4hrend bestimmter Zeiten, wie es in Deutschland der Fall ist. <\/li>\n\n\n\n<li><strong>Brut- und Nistzeit:<\/strong> Es ist jedoch verboten, Hecken zu schneiden, wenn V\u00f6gel oder andere Tiere darin br\u00fcten. Dies gilt auch f\u00fcr leichte Formschnitte. Die Brut- und Nistzeit variiert je nach Vogelart und Region, liegt aber im Allgemeinen zwischen M\u00e4rz und September. <\/li>\n\n\n\n<li><strong>Lokale Vorschriften:<\/strong> Einige Gemeinden oder Bundesl\u00e4nder k\u00f6nnen eigene Regelungen f\u00fcr den Heckenschnitt haben. Es ist ratsam, sich vor dem Schnitt \u00fcber die geltenden Vorschriften zu informieren. <\/li>\n\n\n\n<li><strong>Nachbarschaftsrecht:<\/strong> Das Nachbarschaftsrecht regelt die H\u00f6hen und Abst\u00e4nde von Hecken zu Nachbargrundst\u00fccken. Hier gibt es oft konkrete Vorgaben, die einzuhalten sind.<\/li>\n<\/ul>\n\n\n\n<h4 class=\"wp-block-heading\">Gebote und Empfehlungen<\/h4>\n\n\n\n<ul class=\"wp-block-list\">\n<li><strong>Beachten Sie die Brut- und Nistzeit:<\/strong> Auch wenn kein generelles Schnittverbot besteht, ist es im Sinne des Naturschutzes ratsam, die Brut- und Nistzeit der V\u00f6gel zu respektieren und die Hecke in dieser Zeit nicht zu schneiden. <\/li>\n\n\n\n<li><strong>Informieren Sie sich \u00fcber lokale Vorschriften:<\/strong> Erkundigen Sie sich bei Ihrer Gemeinde oder beim zust\u00e4ndigen Amt nach spezifischen Regelungen f\u00fcr den Heckenschnitt. <\/li>\n\n\n\n<li><strong>Beachten Sie das Nachbarschaftsrecht:<\/strong> Halten Sie die vorgegebenen H\u00f6hen und Abst\u00e4nde von Hecken zu Nachbargrundst\u00fccken ein, um Konflikte zu vermeiden.<\/li>\n<\/ul>\n\n\n\n<h3 class=\"wp-block-heading\">Schweiz: Hecke schneiden verboten in der Brutzeit<\/h3>\n\n\n\n<p>In der Schweiz ist der Heckenschnitt im Natur- und Heimatschutzgesetz (NHG) geregelt. So wie in Deutschland ist es vom 1. M\u00e4rz bis zum 30. September verboten, Hecken, lebende Z\u00e4une, Geb\u00fcsche und andere Geh\u00f6lze stark zu beschneiden oder zu roden. Dieses Verbot dient dem Schutz von br\u00fctenden V\u00f6geln und anderen Tieren. Es ist wichtig zu beachten, dass einige Kantone oder Gemeinden eigene Regelungen f\u00fcr den Heckenschnitt haben k\u00f6nnen. Informieren Sie sich daher am besten bei Ihrer Gemeinde oder beim kantonalen Amt f\u00fcr Natur- und Landschaftsschutz.<\/p>\n\n\n\n<h4 class=\"wp-block-heading\">Verbote und Schutzbestimmungen<\/h4>\n\n\n\n<ul class=\"wp-block-list\">\n<li><strong>Leichte Form- und Pflegeschnitte:<\/strong> Leichte Formschnitte und die Entfernung von Zuwachs sind erlaubt, solange keine Tiere in der Hecke nisten. Diese dienen lediglich dazu, die Hecke in Form zu halten und den Zuwachs zu beschneiden.<\/li>\n\n\n\n<li><strong>R\u00fcckschnitte zum Wohl der Pflanzen:<\/strong> R\u00fcckschnitte, die dem Wohl der Pflanzen dienen (z.B. Entfernung kranker \u00c4ste), sind grunds\u00e4tzlich erlaubt, sollten aber idealerweise au\u00dferhalb der Brutzeit erfolgen.<\/li>\n<\/ul>\n\n\n\n<h4 class=\"wp-block-heading\">Empfehlungen und gute Praxis<\/h4>\n\n\n\n<ul class=\"wp-block-list\">\n<li><strong>Idealer Zeitpunkt:<\/strong> Der beste Zeitpunkt f\u00fcr einen kr\u00e4ftigen R\u00fcckschnitt ist der Sp\u00e4twinter (Oktober bis Februar), wenn die Pflanzen in der Ruhephase sind. <\/li>\n\n\n\n<li><strong>Schnitttechnik:<\/strong> Verwenden Sie scharfe Werkzeuge und achten Sie auf eine saubere Schnitttechnik, um die Pflanzen nicht unn\u00f6tig zu verletzen. <\/li>\n\n\n\n<li><strong>Vorsicht bei Nestern:<\/strong> Achten Sie vor dem Schnitt unbedingt auf Anzeichen von Nestern in der Hecke. <\/li>\n\n\n\n<li><strong>Information:<\/strong> Informieren Sie sich \u00fcber die spezifischen Regelungen in Ihrer Gemeinde oder Ihrem Kanton, da diese von den bundesweiten Bestimmungen abweichen k\u00f6nnen. <\/li>\n\n\n\n<li><strong>Nachbarschaftsrecht:<\/strong> Beachten Sie die Regelungen des Nachbarschaftsrechts, wenn es um die H\u00f6he und den Abstand von Hecken zu Nachbargrundst\u00fccken geht.<\/li>\n<\/ul>\n\n\n\n<h2 class=\"wp-block-heading\" id=\"Regelungen\"><br>Allgemeine Regelungen f\u00fcr den Heckenschnitt<\/h2>\n\n\n\n<h3 class=\"wp-block-heading\"><strong>Deutschland:<\/strong><\/h3>\n\n\n\n<ul class=\"wp-block-list\">\n<li><strong>Abstand:<\/strong> Hecken m\u00fcssen in der Regel einen bestimmten Abstand zum Nachbargrundst\u00fcck einhalten. Dieser Abstand ist von der Wuchsh\u00f6he der Hecke abh\u00e4ngig und kann in den Nachbarschaftsgesetzen der L\u00e4nder variieren. <\/li>\n\n\n\n<li><strong>H\u00f6he:<\/strong> Die H\u00f6he von Hecken ist ebenfalls begrenzt. Auch hier gibt es unterschiedliche Regelungen in den einzelnen Bundesl\u00e4ndern. <\/li>\n\n\n\n<li><strong>Schnitt:<\/strong> Der Nachbar hat das Recht, \u00fcberh\u00e4ngende \u00c4ste und Wurzeln bis zur Grundst\u00fccksgrenze abzuschneiden. Allerdings sollte er dies fachgerecht tun und den Eigent\u00fcmer der Hecke vorher informieren. <\/li>\n\n\n\n<li><strong>R\u00fccksichtnahme:<\/strong> Grunds\u00e4tzlich gilt der Grundsatz der R\u00fccksichtnahme. Das bedeutet, dass man bei der Pflege seiner Hecke die Interessen des Nachbarn ber\u00fccksichtigen sollte.<\/li>\n<\/ul>\n\n\n\n<h3 class=\"wp-block-heading\"><strong>\u00d6sterreich:<\/strong><\/h3>\n\n\n\n<ul class=\"wp-block-list\">\n<li><strong>R\u00fccksichtnahme:<\/strong> Bei der Pflege von Hecken ist auf die Interessen des Nachbarn R\u00fccksicht zu nehmen. <\/li>\n\n\n\n<li><strong>Abstand:<\/strong> Ein angemessener Abstand zur Grundst\u00fccksgrenze sollte eingehalten werden. Die H\u00f6he und der erforderliche Abstand k\u00f6nnen je nach Bundesland und Art der Hecke variieren. <\/li>\n\n\n\n<li><strong>H\u00f6he:<\/strong> Die H\u00f6he der Hecke darf in der Regel eine bestimmte H\u00f6he nicht \u00fcberschreiten. Auch hier gibt es je nach Bundesland unterschiedliche Regelungen. <\/li>\n\n\n\n<li><strong>\u00dcberhang:<\/strong> \u00dcberh\u00e4ngende \u00c4ste und Wurzeln d\u00fcrfen vom Nachbarn bis zur Grundst\u00fccksgrenze zur\u00fcckgeschnitten werden. <\/li>\n\n\n\n<li><strong>Besch\u00e4digung:<\/strong> Der Heckenschnitt darf die Hecke des Nachbarn nicht besch\u00e4digen.<\/li>\n<\/ul>\n\n\n\n<h3 class=\"wp-block-heading\">Schweiz<\/h3>\n\n\n\n<ul class=\"wp-block-list\">\n<li><strong>Grenzabst\u00e4nde:<\/strong> Die Kantone haben unterschiedliche Regelungen bez\u00fcglich der Grenzabst\u00e4nde von Hecken zu Nachbargrundst\u00fccken. Diese k\u00f6nnen je nach Kanton und Art der Bepflanzung variieren. <\/li>\n\n\n\n<li><strong>H\u00f6he der Hecke:<\/strong> Auch die maximale H\u00f6he von Hecken kann kantonal unterschiedlich geregelt sein. <\/li>\n\n\n\n<li><strong>Kapprecht:<\/strong> \u00dcberh\u00e4ngende \u00c4ste und Wurzeln vom Nachbargrundst\u00fcck d\u00fcrfen in der Regel bis zur Grundst\u00fccksgrenze zur\u00fcckgeschnitten werden (sog. Kapprecht). <\/li>\n\n\n\n<li><strong>Pflicht zum Zur\u00fcckschneiden:<\/strong> Der Nachbar kann verlangen, dass die Hecke zur\u00fcckgeschnitten wird, wenn sie die Nutzung seines Grundst\u00fccks beeintr\u00e4chtigt.<\/li>\n<\/ul>\n\n\n\n<h2 class=\"wp-block-heading\" id=\"Alternative\"><br>Alternativen zum &#8220;lebenden Zaun&#8221;<\/h2>\n\n\n\n<p>Nichts geht \u00fcber eine sch\u00f6ne, gepflegte Hecke als Sichtschutz. F\u00fcr jene aber, welche die Zeit nicht haben oder die M\u00fchen nicht auf sich nehmen wollen, gibt es Alternativen zur Wahrung der Privatsph\u00e4re und Grundst\u00fccksbegrenzung. Und das durchaus mit Benefits: Z\u00e4une aus Aluminium etwa sind besonders haltbar, pflegeleicht und vielseitig &#8211; mit einem Solarzaun gewinnen Sie nebenbei sogar Energie!<\/p>\n<\/div><\/div><\/div><\/div>\n\n\n\n<div class=\"wp-block-cgb-t3-container-block none\" style=\"background-color:none\"><div class=\"grid-container\"><div class=\"grid-x\"><div class=\"cell small-12 medium-0 large-0\"><div id=\"lightgallery-block_acf-block-68de182faf34c\" data-block_acf-block-68de182faf34c class=\"has-2-imgs b-cards b-cards--gallery u-grid-temp has-2-cols u-md-2 u-sm-1 wp-block-group is-layout-grid wp-block-group-is-layout-grid gallery alignwide\">\n\n        <div class=\"b-cards__item\">\n\n        <a data-src=\"https:\/\/www.leeb-balkone.com\/app\/uploads\/2020\/07\/zaun-alu-diritto-17-1536x1147.jpg\" data-thumb=\"https:\/\/www.leeb-balkone.com\/app\/uploads\/2020\/07\/zaun-alu-diritto-17-300x224.jpg\" class=\"hasHover dark\">\n        \n      <figure>\n                 <img loading=\"lazy\" decoding=\"async\" width=\"1024\" height=\"765\" src=\"https:\/\/www.leeb-balkone.com\/app\/uploads\/2020\/07\/zaun-alu-diritto-17-1024x765.jpg\" class=\"attachment-large size-large\" alt=\"Zaun mit horizontalen Profilen - Balance zwischen Blickschutz und Lichtdurchl\u00e4ssigkeit\" srcset=\"https:\/\/www.leeb-balkone.com\/app\/uploads\/2020\/07\/zaun-alu-diritto-17-1024x765.jpg 1024w, https:\/\/www.leeb-balkone.com\/app\/uploads\/2020\/07\/zaun-alu-diritto-17-300x224.jpg 300w, https:\/\/www.leeb-balkone.com\/app\/uploads\/2020\/07\/zaun-alu-diritto-17-768x574.jpg 768w, https:\/\/www.leeb-balkone.com\/app\/uploads\/2020\/07\/zaun-alu-diritto-17-1536x1147.jpg 1536w, https:\/\/www.leeb-balkone.com\/app\/uploads\/2020\/07\/zaun-alu-diritto-17-2048x1529.jpg 2048w\" sizes=\"auto, (min-width: 1200px) 1024px, (min-width: 1024px) 768px, (min-width: 640px) 768px, 768px\" \/>              <\/figure>\n\n                          <\/a>\n      \n  \n<\/div>\n\n        <div class=\"b-cards__item\">\n\n        <a data-src=\"https:\/\/www.leeb-balkone.com\/app\/uploads\/2022\/06\/Zaun-Solar-06-Optimus-1536x976.jpg\" data-thumb=\"https:\/\/www.leeb-balkone.com\/app\/uploads\/2022\/06\/Zaun-Solar-06-Optimus-300x191.jpg\" class=\"hasHover dark\">\n        \n      <figure>\n                 <img loading=\"lazy\" decoding=\"async\" width=\"1024\" height=\"651\" src=\"https:\/\/www.leeb-balkone.com\/app\/uploads\/2022\/06\/Zaun-Solar-06-Optimus-1024x651.jpg\" class=\"attachment-large size-large\" alt=\"Zaun Solar 06 Optimus\" srcset=\"https:\/\/www.leeb-balkone.com\/app\/uploads\/2022\/06\/Zaun-Solar-06-Optimus-1024x651.jpg 1024w, https:\/\/www.leeb-balkone.com\/app\/uploads\/2022\/06\/Zaun-Solar-06-Optimus-300x191.jpg 300w, https:\/\/www.leeb-balkone.com\/app\/uploads\/2022\/06\/Zaun-Solar-06-Optimus-768x488.jpg 768w, https:\/\/www.leeb-balkone.com\/app\/uploads\/2022\/06\/Zaun-Solar-06-Optimus-1536x976.jpg 1536w, https:\/\/www.leeb-balkone.com\/app\/uploads\/2022\/06\/Zaun-Solar-06-Optimus-2048x1301.jpg 2048w\" sizes=\"auto, (min-width: 1200px) 1024px, (min-width: 1024px) 768px, (min-width: 640px) 768px, 768px\" \/>              <\/figure>\n\n                          <\/a>\n      \n  \n<\/div>\n\n    <\/div>\n\n<\/div><\/div><\/div><\/div>\n\n\n\n<div class=\"wp-block-cgb-t3-container-block none\" style=\"background-color:none\"><div class=\"grid-container\"><div class=\"grid-x\"><div class=\"cell small-12 medium-9 large-0 medium-offset-1 b-has-lsmb\">\n<p class=\"has-medium-font-size\"><em>Ansichten: Halbtransparenter <a href=\"https:\/\/www.leeb-balkone.com\/at\/zaeune\/sichtschutz\/\">Sichtschutzzaun<\/a> mit Rankpflanzen und <a href=\"https:\/\/www.leeb-balkone.com\/at\/solar\/solar-zaun\/\">Solarzaun<\/a><\/em><\/p>\n\n\n\n<h3 class=\"wp-block-heading\">Beratung<\/h3>\n\n\n\n<p><strong>Tipp: <\/strong>Verschaffen Sie sich einen ersten Eindruck mit einer unverbindlichen <a href=\"https:\/\/www.leeb-balkone.com\/at\/service\/3d-konfigurator\/\">3D Planung<\/a>. Ihr pers\u00f6nlicher Leeb-Berater ist gerne f\u00fcr Sie da!<br><\/p>\n<\/div><\/div><\/div><\/div>\n<\/section>\n","protected":false},"excerpt":{"rendered":"<p>Heckenschnitt in Deutschland, \u00d6sterreich und der Schweiz im Vergleich: Verbote, Regelungen, Alternativen.<\/p>\n","protected":false},"author":4,"featured_media":144017,"comment_status":"closed","ping_status":"open","sticky":false,"template":"template-onepager.blade.php","format":"standard","meta":{"_acf_changed":false,"footnotes":""},"categories":[146,174],"tags":[],"post_folder":[],"class_list":["post-144008","post","type-post","status-publish","format-standard","has-post-thumbnail","hentry","category-gartengestaltung","category-zaun-sichtschutz"],"acf":[],"yoast_head":"<!-- This site is optimized with the Yoast SEO plugin v27.2 - https:\/\/yoast.com\/product\/yoast-seo-wordpress\/ -->\n<title>Von Hecke zu Zaun. Von Arbeit zu Ruhe. - Leeb Balkone \u00d6sterreich<\/title>\n<meta name=\"description\" content=\"Heckenschnitt in Deutschland, \u00d6sterreich und der Schweiz im Vergleich: Verbote, Regelungen, Alternativen.\" \/>\n<meta name=\"robots\" content=\"index, follow, max-snippet:-1, max-image-preview:large, max-video-preview:-1\" \/>\n<meta property=\"og:locale\" content=\"de_DE\" \/>\n<meta property=\"og:type\" content=\"article\" \/>\n<meta property=\"og:title\" content=\"Terrassenbeschattung: Schatten f\u00fcr die Terrasse!\" \/>\n<meta property=\"og:description\" content=\"Beschattung kann f\u00fcr eine l\u00e4ngere und bessere Nutzung Ihrer Terrasse sorgen! Terrassendach Beschattung und Terrassenbeschattung von Leeb.\" \/>\n<meta property=\"og:url\" content=\"https:\/\/www.leeb-balkone.com\/at\/blog\/hecke-schneiden\/\" \/>\n<meta property=\"og:site_name\" content=\"Leeb Balkone\" \/>\n<meta property=\"article:publisher\" content=\"https:\/\/www.facebook.com\/balkone\/\" \/>\n<meta property=\"article:published_time\" content=\"2025-02-20T14:48:24+00:00\" \/>\n<meta property=\"article:modified_time\" content=\"2025-10-02T06:14:11+00:00\" \/>\n<meta property=\"og:image\" content=\"https:\/\/www.leeb-balkone.com\/app\/uploads\/2022\/07\/terrassenbeschattung-scaled.jpg\" \/>\n\t<meta property=\"og:image:width\" content=\"2500\" \/>\n\t<meta property=\"og:image:height\" content=\"1519\" \/>\n\t<meta property=\"og:image:type\" content=\"image\/jpeg\" \/>\n<meta name=\"author\" content=\"Herbert Weichart\" \/>\n<meta name=\"twitter:card\" content=\"summary_large_image\" \/>\n<script type=\"application\/ld+json\" class=\"yoast-schema-graph\">{\"@context\":\"https:\/\/schema.org\",\"@graph\":[{\"@type\":\"Article\",\"@id\":\"https:\/\/www.leeb-balkone.com\/at\/blog\/hecke-schneiden\/#article\",\"isPartOf\":{\"@id\":\"https:\/\/www.leeb-balkone.com\/at\/blog\/hecke-schneiden\/\"},\"author\":{\"name\":\"Herbert Weichart\",\"@id\":\"https:\/\/www.leeb-balkone.com\/at\/#\/schema\/person\/dc2e2c82db329667ee507698e220238f\"},\"headline\":\"Von Hecke zu Zaun. Von Arbeit zu Ruhe.\",\"datePublished\":\"2025-02-20T14:48:24+00:00\",\"dateModified\":\"2025-10-02T06:14:11+00:00\",\"mainEntityOfPage\":{\"@id\":\"https:\/\/www.leeb-balkone.com\/at\/blog\/hecke-schneiden\/\"},\"wordCount\":1428,\"publisher\":{\"@id\":\"https:\/\/www.leeb-balkone.com\/at\/#organization\"},\"image\":{\"@id\":\"https:\/\/www.leeb-balkone.com\/at\/blog\/hecke-schneiden\/#primaryimage\"},\"thumbnailUrl\":\"https:\/\/www.leeb-balkone.com\/app\/uploads\/2025\/02\/hecke-schneiden-wann.jpg\",\"articleSection\":[\"Gartengestaltung\",\"Zaun &amp; Sichtschutz\"],\"inLanguage\":\"de-AT\"},{\"@type\":\"WebPage\",\"@id\":\"https:\/\/www.leeb-balkone.com\/at\/blog\/hecke-schneiden\/\",\"url\":\"https:\/\/www.leeb-balkone.com\/at\/blog\/hecke-schneiden\/\",\"name\":\"Von Hecke zu Zaun. Von Arbeit zu Ruhe. - Leeb Balkone\",\"isPartOf\":{\"@id\":\"https:\/\/www.leeb-balkone.com\/at\/#website\"},\"primaryImageOfPage\":{\"@id\":\"https:\/\/www.leeb-balkone.com\/at\/blog\/hecke-schneiden\/#primaryimage\"},\"image\":{\"@id\":\"https:\/\/www.leeb-balkone.com\/at\/blog\/hecke-schneiden\/#primaryimage\"},\"thumbnailUrl\":\"https:\/\/www.leeb-balkone.com\/app\/uploads\/2025\/02\/hecke-schneiden-wann.jpg\",\"datePublished\":\"2025-02-20T14:48:24+00:00\",\"dateModified\":\"2025-10-02T06:14:11+00:00\",\"description\":\"Heckenschnitt in Deutschland, \u00d6sterreich und der Schweiz im Vergleich: Verbote, Regelungen, Alternativen.\",\"breadcrumb\":{\"@id\":\"https:\/\/www.leeb-balkone.com\/at\/blog\/hecke-schneiden\/#breadcrumb\"},\"inLanguage\":\"de-AT\",\"potentialAction\":[{\"@type\":\"ReadAction\",\"target\":[\"https:\/\/www.leeb-balkone.com\/at\/blog\/hecke-schneiden\/\"]}]},{\"@type\":\"ImageObject\",\"inLanguage\":\"de-AT\",\"@id\":\"https:\/\/www.leeb-balkone.com\/at\/blog\/hecke-schneiden\/#primaryimage\",\"url\":\"https:\/\/www.leeb-balkone.com\/app\/uploads\/2025\/02\/hecke-schneiden-wann.jpg\",\"contentUrl\":\"https:\/\/www.leeb-balkone.com\/app\/uploads\/2025\/02\/hecke-schneiden-wann.jpg\",\"width\":1920,\"height\":1280,\"caption\":\"Hecken schneiden ist aufwendig und nicht immer erlaubt\"},{\"@type\":\"BreadcrumbList\",\"@id\":\"https:\/\/www.leeb-balkone.com\/at\/blog\/hecke-schneiden\/#breadcrumb\",\"itemListElement\":[{\"@type\":\"ListItem\",\"position\":1,\"name\":\"Home\",\"item\":\"https:\/\/www.leeb-balkone.com\/at\/\"},{\"@type\":\"ListItem\",\"position\":2,\"name\":\"Von Hecke zu Zaun. Von Arbeit zu Ruhe.\"}]},{\"@type\":\"WebSite\",\"@id\":\"https:\/\/www.leeb-balkone.com\/at\/#website\",\"url\":\"https:\/\/www.leeb-balkone.com\/at\/\",\"name\":\"Leeb Balkone\",\"description\":\"Balkone und Z\u00e4une\",\"publisher\":{\"@id\":\"https:\/\/www.leeb-balkone.com\/at\/#organization\"},\"potentialAction\":[{\"@type\":\"SearchAction\",\"target\":{\"@type\":\"EntryPoint\",\"urlTemplate\":\"https:\/\/www.leeb-balkone.com\/at\/?s={search_term_string}\"},\"query-input\":{\"@type\":\"PropertyValueSpecification\",\"valueRequired\":true,\"valueName\":\"search_term_string\"}}],\"inLanguage\":\"de-AT\"},{\"@type\":\"Organization\",\"@id\":\"https:\/\/www.leeb-balkone.com\/at\/#organization\",\"name\":\"Leeb Balkone Gmbh\",\"url\":\"https:\/\/www.leeb-balkone.com\/at\/\",\"logo\":{\"@type\":\"ImageObject\",\"inLanguage\":\"de-AT\",\"@id\":\"https:\/\/www.leeb-balkone.com\/at\/#\/schema\/logo\/image\/\",\"url\":\"https:\/\/www.leeb-balkone.com\/app\/uploads\/2020\/11\/leeb-logo.svg\",\"contentUrl\":\"https:\/\/www.leeb-balkone.com\/app\/uploads\/2020\/11\/leeb-logo.svg\",\"width\":741,\"height\":204,\"caption\":\"Leeb Balkone Gmbh\"},\"image\":{\"@id\":\"https:\/\/www.leeb-balkone.com\/at\/#\/schema\/logo\/image\/\"},\"sameAs\":[\"https:\/\/www.facebook.com\/balkone\/\",\"https:\/\/www.trustedshops.at\/bewertung\/info_X4587CCF5833E31AFE0B11F47D86999F2.html\",\"https:\/\/www.trustedshops.de\/bewertung\/info_X7BA536A7A0BDC86D36C4718E4DCAEEEF.html\",\"https:\/\/www.google.com\/maps\/place\/?q=place_id:ChIJ5-zH19-IcEcR9HonWRTllHI\"]},{\"@type\":\"Person\",\"@id\":\"https:\/\/www.leeb-balkone.com\/at\/#\/schema\/person\/dc2e2c82db329667ee507698e220238f\",\"name\":\"Herbert Weichart\"}]}<\/script>\n<!-- \/ Yoast SEO plugin. -->","yoast_head_json":{"title":"Von Hecke zu Zaun. Von Arbeit zu Ruhe. - Leeb Balkone \u00d6sterreich","description":"Heckenschnitt in Deutschland, \u00d6sterreich und der Schweiz im Vergleich: Verbote, Regelungen, Alternativen.","robots":{"index":"index","follow":"follow","max-snippet":"max-snippet:-1","max-image-preview":"max-image-preview:large","max-video-preview":"max-video-preview:-1"},"og_locale":"de_DE","og_type":"article","og_title":"Terrassenbeschattung: Schatten f\u00fcr die Terrasse!","og_description":"Beschattung kann f\u00fcr eine l\u00e4ngere und bessere Nutzung Ihrer Terrasse sorgen! Terrassendach Beschattung und Terrassenbeschattung von Leeb.","og_url":"https:\/\/www.leeb-balkone.com\/at\/blog\/hecke-schneiden\/","og_site_name":"Leeb Balkone","article_publisher":"https:\/\/www.facebook.com\/balkone\/","article_published_time":"2025-02-20T14:48:24+00:00","article_modified_time":"2025-10-02T06:14:11+00:00","og_image":[{"width":2500,"height":1519,"url":"https:\/\/www.leeb-balkone.com\/app\/uploads\/2022\/07\/terrassenbeschattung-scaled.jpg","type":"image\/jpeg"}],"author":"Herbert Weichart","twitter_card":"summary_large_image","schema":{"@context":"https:\/\/schema.org","@graph":[{"@type":"Article","@id":"https:\/\/www.leeb-balkone.com\/at\/blog\/hecke-schneiden\/#article","isPartOf":{"@id":"https:\/\/www.leeb-balkone.com\/at\/blog\/hecke-schneiden\/"},"author":{"name":"Herbert Weichart","@id":"https:\/\/www.leeb-balkone.com\/at\/#\/schema\/person\/dc2e2c82db329667ee507698e220238f"},"headline":"Von Hecke zu Zaun. Von Arbeit zu Ruhe.","datePublished":"2025-02-20T14:48:24+00:00","dateModified":"2025-10-02T06:14:11+00:00","mainEntityOfPage":{"@id":"https:\/\/www.leeb-balkone.com\/at\/blog\/hecke-schneiden\/"},"wordCount":1428,"publisher":{"@id":"https:\/\/www.leeb-balkone.com\/at\/#organization"},"image":{"@id":"https:\/\/www.leeb-balkone.com\/at\/blog\/hecke-schneiden\/#primaryimage"},"thumbnailUrl":"https:\/\/www.leeb-balkone.com\/app\/uploads\/2025\/02\/hecke-schneiden-wann.jpg","articleSection":["Gartengestaltung","Zaun &amp; Sichtschutz"],"inLanguage":"de-AT"},{"@type":"WebPage","@id":"https:\/\/www.leeb-balkone.com\/at\/blog\/hecke-schneiden\/","url":"https:\/\/www.leeb-balkone.com\/at\/blog\/hecke-schneiden\/","name":"Von Hecke zu Zaun. Von Arbeit zu Ruhe. - Leeb Balkone","isPartOf":{"@id":"https:\/\/www.leeb-balkone.com\/at\/#website"},"primaryImageOfPage":{"@id":"https:\/\/www.leeb-balkone.com\/at\/blog\/hecke-schneiden\/#primaryimage"},"image":{"@id":"https:\/\/www.leeb-balkone.com\/at\/blog\/hecke-schneiden\/#primaryimage"},"thumbnailUrl":"https:\/\/www.leeb-balkone.com\/app\/uploads\/2025\/02\/hecke-schneiden-wann.jpg","datePublished":"2025-02-20T14:48:24+00:00","dateModified":"2025-10-02T06:14:11+00:00","description":"Heckenschnitt in Deutschland, \u00d6sterreich und der Schweiz im Vergleich: Verbote, Regelungen, Alternativen.","breadcrumb":{"@id":"https:\/\/www.leeb-balkone.com\/at\/blog\/hecke-schneiden\/#breadcrumb"},"inLanguage":"de-AT","potentialAction":[{"@type":"ReadAction","target":["https:\/\/www.leeb-balkone.com\/at\/blog\/hecke-schneiden\/"]}]},{"@type":"ImageObject","inLanguage":"de-AT","@id":"https:\/\/www.leeb-balkone.com\/at\/blog\/hecke-schneiden\/#primaryimage","url":"https:\/\/www.leeb-balkone.com\/app\/uploads\/2025\/02\/hecke-schneiden-wann.jpg","contentUrl":"https:\/\/www.leeb-balkone.com\/app\/uploads\/2025\/02\/hecke-schneiden-wann.jpg","width":1920,"height":1280,"caption":"Hecken schneiden ist aufwendig und nicht immer erlaubt"},{"@type":"BreadcrumbList","@id":"https:\/\/www.leeb-balkone.com\/at\/blog\/hecke-schneiden\/#breadcrumb","itemListElement":[{"@type":"ListItem","position":1,"name":"Home","item":"https:\/\/www.leeb-balkone.com\/at\/"},{"@type":"ListItem","position":2,"name":"Von Hecke zu Zaun. Von Arbeit zu Ruhe."}]},{"@type":"WebSite","@id":"https:\/\/www.leeb-balkone.com\/at\/#website","url":"https:\/\/www.leeb-balkone.com\/at\/","name":"Leeb Balkone","description":"Balkone und Z\u00e4une","publisher":{"@id":"https:\/\/www.leeb-balkone.com\/at\/#organization"},"potentialAction":[{"@type":"SearchAction","target":{"@type":"EntryPoint","urlTemplate":"https:\/\/www.leeb-balkone.com\/at\/?s={search_term_string}"},"query-input":{"@type":"PropertyValueSpecification","valueRequired":true,"valueName":"search_term_string"}}],"inLanguage":"de-AT"},{"@type":"Organization","@id":"https:\/\/www.leeb-balkone.com\/at\/#organization","name":"Leeb Balkone Gmbh","url":"https:\/\/www.leeb-balkone.com\/at\/","logo":{"@type":"ImageObject","inLanguage":"de-AT","@id":"https:\/\/www.leeb-balkone.com\/at\/#\/schema\/logo\/image\/","url":"https:\/\/www.leeb-balkone.com\/app\/uploads\/2020\/11\/leeb-logo.svg","contentUrl":"https:\/\/www.leeb-balkone.com\/app\/uploads\/2020\/11\/leeb-logo.svg","width":741,"height":204,"caption":"Leeb Balkone Gmbh"},"image":{"@id":"https:\/\/www.leeb-balkone.com\/at\/#\/schema\/logo\/image\/"},"sameAs":["https:\/\/www.facebook.com\/balkone\/","https:\/\/www.trustedshops.at\/bewertung\/info_X4587CCF5833E31AFE0B11F47D86999F2.html","https:\/\/www.trustedshops.de\/bewertung\/info_X7BA536A7A0BDC86D36C4718E4DCAEEEF.html","https:\/\/www.google.com\/maps\/place\/?q=place_id:ChIJ5-zH19-IcEcR9HonWRTllHI"]},{"@type":"Person","@id":"https:\/\/www.leeb-balkone.com\/at\/#\/schema\/person\/dc2e2c82db329667ee507698e220238f","name":"Herbert Weichart"}]}},"_links":{"self":[{"href":"https:\/\/www.leeb-balkone.com\/at\/wp-json\/wp\/v2\/posts\/144008","targetHints":{"allow":["GET"]}}],"collection":[{"href":"https:\/\/www.leeb-balkone.com\/at\/wp-json\/wp\/v2\/posts"}],"about":[{"href":"https:\/\/www.leeb-balkone.com\/at\/wp-json\/wp\/v2\/types\/post"}],"author":[{"embeddable":true,"href":"https:\/\/www.leeb-balkone.com\/at\/wp-json\/wp\/v2\/users\/4"}],"replies":[{"embeddable":true,"href":"https:\/\/www.leeb-balkone.com\/at\/wp-json\/wp\/v2\/comments?post=144008"}],"version-history":[{"count":65,"href":"https:\/\/www.leeb-balkone.com\/at\/wp-json\/wp\/v2\/posts\/144008\/revisions"}],"predecessor-version":[{"id":158202,"href":"https:\/\/www.leeb-balkone.com\/at\/wp-json\/wp\/v2\/posts\/144008\/revisions\/158202"}],"wp:featuredmedia":[{"embeddable":true,"href":"https:\/\/www.leeb-balkone.com\/at\/wp-json\/wp\/v2\/media\/144017"}],"wp:attachment":[{"href":"https:\/\/www.leeb-balkone.com\/at\/wp-json\/wp\/v2\/media?parent=144008"}],"wp:term":[{"taxonomy":"category","embeddable":true,"href":"https:\/\/www.leeb-balkone.com\/at\/wp-json\/wp\/v2\/categories?post=144008"},{"taxonomy":"post_tag","embeddable":true,"href":"https:\/\/www.leeb-balkone.com\/at\/wp-json\/wp\/v2\/tags?post=144008"},{"taxonomy":"post_folder","embeddable":true,"href":"https:\/\/www.leeb-balkone.com\/at\/wp-json\/wp\/v2\/post_folder?post=144008"}],"curies":[{"name":"wp","href":"https:\/\/api.w.org\/{rel}","templated":true}]}}