{"id":141794,"date":"2024-10-25T13:21:53","date_gmt":"2024-10-25T13:21:53","guid":{"rendered":"https:\/\/www.leeb-balkone.com\/de\/blog\/"},"modified":"2025-09-22T20:37:52","modified_gmt":"2025-09-22T20:37:52","slug":"accoya-holz-terrassendielen-aus-accoya","status":"publish","type":"post","link":"https:\/\/www.leeb-balkone.com\/at\/blog\/accoya-holz-terrassendielen-aus-accoya\/","title":{"rendered":"Accoya: Terrassendielen aus Accoya-Holz!"},"content":{"rendered":"<header class=\"wp-block-group alignfull t3-header u-max-wide t3-header-text has-white-background-color has-background has-global-padding is-layout-constrained wp-block-group-is-layout-constrained\">\n    <div class=\"wp-block-group o-grid u-md-1 u-sm-1 is-layout-flow wp-block-group-is-layout-flow\">\n  <div class=\"wp-block-group u-g-10 u-g-s-2\">\n      <div class=\"yoast-breadcrumbs\"><span><span><a href=\"https:\/\/www.leeb-balkone.com\/at\/\">Home<\/a><\/span><\/span><\/div>\n      \n    <h1>Accoya: Terrassendielen aus Accoya-Holz!<\/h1>\n  <\/div>\n<\/div>\n  <\/header>\n\n\n\n\n\n<section class=\"wp-block-cgb-t3-section-block alignfull b-pt-small  is-style-bg-white\" style=\"display:inherit;min-height:inherit\">\n<div class=\"wp-block-cgb-t3-container-block none\" style=\"background-color:none\"><div class=\"grid-container\"><div class=\"grid-x\"><div class=\"cell small-12 medium-9 large-0 medium-offset-1 b-has-lsmb\">\n<p><span class=\"teaser\">Accoya-Holz &#8211; oder auch: Accoya modifiziertes Holz &#8211; vereint Langlebigkeit, \u00c4sthetik und Nachhaltigkeit. Die hohe Formstabilit\u00e4t erm\u00f6glicht eine nahtlose Oberfl\u00e4che, w\u00e4hrend die nat\u00fcrliche K\u00fchle des Holzes f\u00fcr ein angenehmes Barfu\u00dfgef\u00fchl sorgt. Dank seiner Widerstandsf\u00e4higkeit gegen Witterungseinfl\u00fcsse und Sch\u00e4dlinge ist Accoya-Holz die perfekte Wahl f\u00fcr anspruchsvolle Terrassendielen. <\/span><\/p>\n<\/div><\/div><\/div><\/div>\n\n\n\n<div class=\"wp-block-cgb-t3-container-block none\" style=\"background-color:none\"><div class=\"grid-container\"><div class=\"grid-x\"><div class=\"cell small-12 medium-0 large-0\"><div id=\"lightgallery-block_acf-block-68cab83fc4c9f\" data-block_acf-block-68cab83fc4c9f class=\"has-1-imgs b-cards b-cards--gallery u-grid-temp has-1-cols u-md-2 u-sm-1 wp-block-group is-layout-grid wp-block-group-is-layout-grid gallery alignwide\">\n\n        <div class=\"b-cards__item\">\n\n        \n      <figure>\n                 <img loading=\"lazy\" decoding=\"async\" width=\"1536\" height=\"1024\" src=\"https:\/\/www.leeb-balkone.com\/app\/uploads\/2020\/07\/balkon-terrassenboden-holz-accoya-01-1536x1024.jpg\" class=\"attachment-1536x1536 size-1536x1536\" alt=\"balkon terrassenboden holz accoya 01\" srcset=\"https:\/\/www.leeb-balkone.com\/app\/uploads\/2020\/07\/balkon-terrassenboden-holz-accoya-01-1536x1024.jpg 1536w, https:\/\/www.leeb-balkone.com\/app\/uploads\/2020\/07\/balkon-terrassenboden-holz-accoya-01-300x200.jpg 300w, https:\/\/www.leeb-balkone.com\/app\/uploads\/2020\/07\/balkon-terrassenboden-holz-accoya-01-1024x683.jpg 1024w, https:\/\/www.leeb-balkone.com\/app\/uploads\/2020\/07\/balkon-terrassenboden-holz-accoya-01-768x512.jpg 768w, https:\/\/www.leeb-balkone.com\/app\/uploads\/2020\/07\/balkon-terrassenboden-holz-accoya-01-2048x1366.jpg 2048w\" sizes=\"auto, (min-width: 1200px) 100vw, (min-width: 1024px) 1536px, (min-width: 640px) 768px, 768px\" \/>              <\/figure>\n\n                  \n  \n<\/div>\n\n    <\/div>\n\n<\/div><\/div><\/div><\/div>\n\n\n\n<div class=\"wp-block-group is-layout-flow wp-block-group-is-layout-flow\">\n<div class=\"wp-block-cgb-t3-container-block none\" style=\"background-color:none\"><div class=\"grid-container\"><div class=\"grid-x\"><div class=\"cell small-12 medium-9 large-0 medium-offset-1 b-has-lsmb\">\n<h2 class=\"wp-block-heading\"><strong>Accoya: Eine nachhaltige Wahl f\u00fcr den Au\u00dfenbereich<\/strong><\/h2>\n\n\n\n<p><span class=\"teaser\">Accoya ist ein modifiziertes Holzprodukt, das durch einen einzigartigen Prozess hergestellt wird. Dabei wird nachhaltig gewonnenes Nadelholz einer Acetylierung unterzogen. Dieses Verfahren ver\u00e4ndert die Zellstruktur des Holzes auf molekularer Ebene und verleiht ihm au\u00dfergew\u00f6hnliche Eigenschaften.<\/span><\/p>\n\n\n\n<h2 class=\"wp-block-heading\">Vorteile von Accoya-Holz<\/h2>\n\n\n\n<ul class=\"wp-block-list\">\n<li><strong>Langlebigkeit: <\/strong>Accoya-Holz ist extrem widerstandsf\u00e4hig gegen F\u00e4ulnis, Pilze und Insektenbefall. Es kann ohne Probleme im direkten Erdkontakt und unter Wasser eingesetzt werden.<\/li>\n\n\n\n<li><strong>Formstabilit\u00e4t: <\/strong>Accoya-Holz quillt kaum und schwindet nur minimal. Dadurch bleibt es formstabil und verzugsfrei, selbst unter wechselnden Wetterbedingungen.<\/li>\n\n\n\n<li><strong>Dimensionsstabilit\u00e4t: <\/strong>Accoya-Holz beh\u00e4lt seine Abmessungen \u00fcber viele Jahre hinweg bei.<\/li>\n\n\n\n<li><strong>Pflegeleicht: <\/strong>Accoya-Holz ist einfach zu reinigen und erfordert nur minimale Pflege.<\/li>\n\n\n\n<li><strong>Barfu\u00dffreundlich: <\/strong>Die Oberfl\u00e4che von Accoya-Holz ist glatt und splitterfrei, was es besonders angenehm f\u00fcr barf\u00fc\u00dfige Spazierg\u00e4nge macht. Zudem bleibt es k\u00fchl.<\/li>\n\n\n\n<li><strong>Ungiftig: <\/strong>Der Herstellungsprozess der Accoya-H\u00f6lzer f\u00fcgt dem Holz nichts hinzu, was nicht bereits in der Natur vorkommt. Accoya ist sicher f\u00fcr Ihre Familie und ihr Haustier.<\/li>\n\n\n\n<li><strong>Insektenresistent: <\/strong>Accoya ist sehr widerstandsf\u00e4hig gegen Insektensch\u00e4den.  <\/li>\n\n\n\n<li><strong>Nachhaltigkeit: <\/strong>Das Holz wird aus nachhaltig bewirtschafteten W\u00e4ldern gewonnen und ist Cradle to Cradle Gold zertifiziert.<\/li>\n<\/ul>\n\n\n\n<p>Anbaubalkone vom Marktf\u00fchrer Leeb und Accoya Terrassendielen f\u00fcr Holzterrassen vereinen sich zu einer hochwertigen Gesamtl\u00f6sung, die Langlebigkeit und geringen Wartungsaufwand mit \u00e4sthetischer Vielfalt kombiniert.<\/p>\n\n\n\n<h2 class=\"wp-block-heading\"><strong>Terrassendielen aus Accoya bei Leeb<\/strong><\/h2>\n\n\n\n<p>In Kombination mit den ma\u00dfgeschneiderten Anbau- und Vorstellbalkonen von Leeb, die eine nahezu wartungsfreie und witterungsbest\u00e4ndige Erweiterung des Wohnraums erm\u00f6glichen, entsteht ein harmonisches Gesamtkonzept. Diese Partnerschaft betont die Wichtigkeit von Nachhaltigkeit und umweltbewusstem Design, erkennbar an den strengen Zertifizierungen beider Qualit\u00e4tsprodukte.<\/p>\n\n\n\n<p><strong>Beispiele f\u00fcr Leeb Holzterrassen mit Accoya Terrassendielen:<\/strong><\/p>\n<\/div><\/div><\/div><\/div>\n<\/div>\n\n\n\n<div class=\"wp-block-cgb-t3-container-block none\" style=\"background-color:none\"><div class=\"grid-container\"><div class=\"grid-x\"><div class=\"cell small-12 medium-0 large-0\"><div id=\"lightgallery-block_acf-block-68cab83fc4cb1\" data-block_acf-block-68cab83fc4cb1 class=\"has-4-imgs b-cards b-cards--gallery u-grid-temp has-2-cols u-md-2 u-sm-1 wp-block-group is-layout-grid wp-block-group-is-layout-grid gallery alignwide\">\n\n        <div class=\"b-cards__item\">\n\n        <a data-src=\"https:\/\/www.leeb-balkone.com\/app\/uploads\/2020\/07\/balkon-terrassenboden-holz-accoya-01-1536x1024.jpg\" data-thumb=\"https:\/\/www.leeb-balkone.com\/app\/uploads\/2020\/07\/balkon-terrassenboden-holz-accoya-01-300x200.jpg\" class=\"hasHover dark\">\n        \n      <figure>\n                 <img loading=\"lazy\" decoding=\"async\" width=\"1024\" height=\"683\" src=\"https:\/\/www.leeb-balkone.com\/app\/uploads\/2020\/07\/balkon-terrassenboden-holz-accoya-01-1024x683.jpg\" class=\"attachment-large size-large\" alt=\"balkon terrassenboden holz accoya 01\" srcset=\"https:\/\/www.leeb-balkone.com\/app\/uploads\/2020\/07\/balkon-terrassenboden-holz-accoya-01-1024x683.jpg 1024w, https:\/\/www.leeb-balkone.com\/app\/uploads\/2020\/07\/balkon-terrassenboden-holz-accoya-01-300x200.jpg 300w, https:\/\/www.leeb-balkone.com\/app\/uploads\/2020\/07\/balkon-terrassenboden-holz-accoya-01-768x512.jpg 768w, https:\/\/www.leeb-balkone.com\/app\/uploads\/2020\/07\/balkon-terrassenboden-holz-accoya-01-1536x1024.jpg 1536w, https:\/\/www.leeb-balkone.com\/app\/uploads\/2020\/07\/balkon-terrassenboden-holz-accoya-01-2048x1366.jpg 2048w\" sizes=\"auto, (min-width: 1200px) 1024px, (min-width: 1024px) 768px, (min-width: 640px) 768px, 768px\" \/>              <\/figure>\n\n                          <\/a>\n      \n  \n<\/div>\n\n        <div class=\"b-cards__item\">\n\n        <a data-src=\"https:\/\/www.leeb-balkone.com\/app\/uploads\/2020\/07\/balkon-terrassenboden-holz-accoya-02-1536x1024.jpg\" data-thumb=\"https:\/\/www.leeb-balkone.com\/app\/uploads\/2020\/07\/balkon-terrassenboden-holz-accoya-02-300x200.jpg\" class=\"hasHover dark\">\n        \n      <figure>\n                 <img loading=\"lazy\" decoding=\"async\" width=\"1024\" height=\"683\" src=\"https:\/\/www.leeb-balkone.com\/app\/uploads\/2020\/07\/balkon-terrassenboden-holz-accoya-02-1024x683.jpg\" class=\"attachment-large size-large\" alt=\"Anbaubalkon mit Boden aus Accoya-Holz\" srcset=\"https:\/\/www.leeb-balkone.com\/app\/uploads\/2020\/07\/balkon-terrassenboden-holz-accoya-02-1024x683.jpg 1024w, https:\/\/www.leeb-balkone.com\/app\/uploads\/2020\/07\/balkon-terrassenboden-holz-accoya-02-300x200.jpg 300w, https:\/\/www.leeb-balkone.com\/app\/uploads\/2020\/07\/balkon-terrassenboden-holz-accoya-02-768x512.jpg 768w, https:\/\/www.leeb-balkone.com\/app\/uploads\/2020\/07\/balkon-terrassenboden-holz-accoya-02-1536x1024.jpg 1536w, https:\/\/www.leeb-balkone.com\/app\/uploads\/2020\/07\/balkon-terrassenboden-holz-accoya-02-2048x1366.jpg 2048w\" sizes=\"auto, (min-width: 1200px) 1024px, (min-width: 1024px) 768px, (min-width: 640px) 768px, 768px\" \/>              <\/figure>\n\n                          <\/a>\n      \n  \n<\/div>\n\n        <div class=\"b-cards__item\">\n\n        <a data-src=\"https:\/\/www.leeb-balkone.com\/app\/uploads\/2020\/07\/balkon-terrassenboden-holz-accoya-04-1536x1024.jpg\" data-thumb=\"https:\/\/www.leeb-balkone.com\/app\/uploads\/2020\/07\/balkon-terrassenboden-holz-accoya-04-300x200.jpg\" class=\"hasHover dark\">\n        \n      <figure>\n                 <img loading=\"lazy\" decoding=\"async\" width=\"1024\" height=\"683\" src=\"https:\/\/www.leeb-balkone.com\/app\/uploads\/2020\/07\/balkon-terrassenboden-holz-accoya-04-1024x683.jpg\" class=\"attachment-large size-large\" alt=\"balkon terrassenboden holz accoya 04\" srcset=\"https:\/\/www.leeb-balkone.com\/app\/uploads\/2020\/07\/balkon-terrassenboden-holz-accoya-04-1024x683.jpg 1024w, https:\/\/www.leeb-balkone.com\/app\/uploads\/2020\/07\/balkon-terrassenboden-holz-accoya-04-300x200.jpg 300w, https:\/\/www.leeb-balkone.com\/app\/uploads\/2020\/07\/balkon-terrassenboden-holz-accoya-04-768x512.jpg 768w, https:\/\/www.leeb-balkone.com\/app\/uploads\/2020\/07\/balkon-terrassenboden-holz-accoya-04-1536x1024.jpg 1536w, https:\/\/www.leeb-balkone.com\/app\/uploads\/2020\/07\/balkon-terrassenboden-holz-accoya-04-2048x1366.jpg 2048w\" sizes=\"auto, (min-width: 1200px) 1024px, (min-width: 1024px) 768px, (min-width: 640px) 768px, 768px\" \/>              <\/figure>\n\n                          <\/a>\n      \n  \n<\/div>\n\n        <div class=\"b-cards__item\">\n\n        <a data-src=\"https:\/\/www.leeb-balkone.com\/app\/uploads\/2020\/07\/balkon-terrassenboden-holz-accoya-03-1536x1024.jpg\" data-thumb=\"https:\/\/www.leeb-balkone.com\/app\/uploads\/2020\/07\/balkon-terrassenboden-holz-accoya-03-300x200.jpg\" class=\"hasHover dark\">\n              <div class=\"badge-wrapper\">\n    \n      <figure>\n                 <img loading=\"lazy\" decoding=\"async\" width=\"1024\" height=\"683\" src=\"https:\/\/www.leeb-balkone.com\/app\/uploads\/2020\/07\/balkon-terrassenboden-holz-accoya-03-1024x683.jpg\" class=\"attachment-large size-large\" alt=\"balkon terrassenboden holz accoya 03\" srcset=\"https:\/\/www.leeb-balkone.com\/app\/uploads\/2020\/07\/balkon-terrassenboden-holz-accoya-03-1024x683.jpg 1024w, https:\/\/www.leeb-balkone.com\/app\/uploads\/2020\/07\/balkon-terrassenboden-holz-accoya-03-300x200.jpg 300w, https:\/\/www.leeb-balkone.com\/app\/uploads\/2020\/07\/balkon-terrassenboden-holz-accoya-03-768x512.jpg 768w, https:\/\/www.leeb-balkone.com\/app\/uploads\/2020\/07\/balkon-terrassenboden-holz-accoya-03-1536x1024.jpg 1536w, https:\/\/www.leeb-balkone.com\/app\/uploads\/2020\/07\/balkon-terrassenboden-holz-accoya-03-2048x1366.jpg 2048w\" sizes=\"auto, (min-width: 1200px) 1024px, (min-width: 1024px) 768px, (min-width: 640px) 768px, 768px\" \/>              <\/figure>\n\n              <div class=\"badge\">Anbaubalkon mit Boden aus Accoya-Holz<\/div>\n                    <\/div>\n                    <\/a>\n      \n  \n<\/div>\n\n    <\/div>\n\n<\/div><\/div><\/div><\/div>\n\n\n\n<div class=\"wp-block-cgb-t3-container-block none\" style=\"background-color:none\"><div class=\"grid-container\"><div class=\"grid-x\"><div class=\"cell small-12 medium-9 large-0 medium-offset-1 b-has-lsmb\">\n<p><strong><em>Leeb Accoya Terrassendielen werden idR im Zuge der Errichtung eines Anbaubalkons verbaut.<\/em><\/strong><\/p>\n\n\n\n<p>Accoya Terrassendielen \u00fcbertrumpfen klassische WPC-B\u00f6den hinsichtlich Langlebigkeit, Umweltfreundlichkeit und Widerstandsf\u00e4higkeit gegen Wetterextreme. Durch ihre nachhaltige Herkunft und \u00fcberlegene Leistung setzen sie neue Standards, die WPC-B\u00f6den nicht erreichen.<\/p>\n<\/div><\/div><\/div><\/div>\n\n\n\n<div class=\"wp-block-cgb-t3-container-block none\" style=\"background-color:none\"><div class=\"grid-container\"><div class=\"grid-x\"><div class=\"cell small-12 medium-9 large-0 medium-offset-1 b-has-lsmb\">\n<p><strong>Ihr pers\u00f6nlicher Leeb-Berater pr\u00e4sentiert Ihnen gerne vor Ort die vielen Vorz\u00fcge von <a href=\"https:\/\/www.leeb-balkone.com\/de\/anbaubalkone\/balkonboden-terrassenboden\/\">Accoya-Holzterrassen<\/a> in Kombination mit <a href=\"https:\/\/www.leeb-balkone.com\/de\/anbaubalkone\/\">Leeb-Anbaubalkonen<\/a>!<\/strong><\/p>\n<\/div><\/div><\/div><\/div>\n<\/section>\n","protected":false},"excerpt":{"rendered":"<p>Nachhaltige Wahl f\u00fcr den Au\u00dfenbereich &#8211; die au\u00dfergew\u00f6hnlichen Eigenschaften des modifizierten Holzes Accoya.<\/p>\n","protected":false},"author":4,"featured_media":136307,"comment_status":"closed","ping_status":"open","sticky":false,"template":"template-onepager.blade.php","format":"standard","meta":{"_acf_changed":false,"footnotes":""},"categories":[166,162,155,163],"tags":[],"post_folder":[],"class_list":["post-141794","post","type-post","status-publish","format-standard","has-post-thumbnail","hentry","category-aktuelles-zu-leeb-balkone","category-balkonbau-mit-leeb","category-nachhaltigkeit-oekologie","category-technik-innovation"],"acf":[],"yoast_head":"<!-- This site is optimized with the Yoast SEO plugin v27.2 - https:\/\/yoast.com\/product\/yoast-seo-wordpress\/ -->\n<title>Accoya-Holz: Terrassendielen aus Accoya - Leeb Balkone \u00d6sterreich<\/title>\n<meta name=\"description\" content=\"Accoya modifiziertes Holz: Eine nachhaltige Wahl f\u00fcr den Au\u00dfenbereich. Terrassendielen aus Accoya von Leeb Balkone!\" \/>\n<meta name=\"robots\" content=\"index, follow, max-snippet:-1, max-image-preview:large, max-video-preview:-1\" \/>\n<meta property=\"og:locale\" content=\"de_DE\" \/>\n<meta property=\"og:type\" content=\"article\" \/>\n<meta property=\"og:title\" content=\"Terrassenbeschattung: Schatten f\u00fcr die Terrasse!\" \/>\n<meta property=\"og:description\" content=\"Beschattung kann f\u00fcr eine l\u00e4ngere und bessere Nutzung Ihrer Terrasse sorgen! Terrassendach Beschattung und Terrassenbeschattung von Leeb.\" \/>\n<meta property=\"og:url\" content=\"https:\/\/www.leeb-balkone.com\/at\/blog\/accoya-holz-terrassendielen-aus-accoya\/\" \/>\n<meta property=\"og:site_name\" content=\"Leeb Balkone\" \/>\n<meta property=\"article:publisher\" content=\"https:\/\/www.facebook.com\/balkone\/\" \/>\n<meta property=\"article:published_time\" content=\"2024-10-25T13:21:53+00:00\" \/>\n<meta property=\"article:modified_time\" content=\"2025-09-22T20:37:52+00:00\" \/>\n<meta property=\"og:image\" content=\"https:\/\/www.leeb-balkone.com\/app\/uploads\/2022\/07\/terrassenbeschattung-scaled.jpg\" \/>\n\t<meta property=\"og:image:width\" content=\"2500\" \/>\n\t<meta property=\"og:image:height\" content=\"1519\" \/>\n\t<meta property=\"og:image:type\" content=\"image\/jpeg\" \/>\n<meta name=\"author\" content=\"Herbert Weichart\" \/>\n<meta name=\"twitter:card\" content=\"summary_large_image\" \/>\n<script type=\"application\/ld+json\" class=\"yoast-schema-graph\">{\"@context\":\"https:\/\/schema.org\",\"@graph\":[{\"@type\":\"Article\",\"@id\":\"https:\/\/www.leeb-balkone.com\/at\/blog\/accoya-holz-terrassendielen-aus-accoya\/#article\",\"isPartOf\":{\"@id\":\"https:\/\/www.leeb-balkone.com\/at\/blog\/accoya-holz-terrassendielen-aus-accoya\/\"},\"author\":{\"name\":\"Herbert Weichart\",\"@id\":\"https:\/\/www.leeb-balkone.com\/at\/#\/schema\/person\/dc2e2c82db329667ee507698e220238f\"},\"headline\":\"Accoya: Terrassendielen aus Accoya-Holz!\",\"datePublished\":\"2024-10-25T13:21:53+00:00\",\"dateModified\":\"2025-09-22T20:37:52+00:00\",\"mainEntityOfPage\":{\"@id\":\"https:\/\/www.leeb-balkone.com\/at\/blog\/accoya-holz-terrassendielen-aus-accoya\/\"},\"wordCount\":408,\"publisher\":{\"@id\":\"https:\/\/www.leeb-balkone.com\/at\/#organization\"},\"image\":{\"@id\":\"https:\/\/www.leeb-balkone.com\/at\/blog\/accoya-holz-terrassendielen-aus-accoya\/#primaryimage\"},\"thumbnailUrl\":\"https:\/\/www.leeb-balkone.com\/app\/uploads\/2020\/07\/balkon-terrassenboden-holz-accoya-01.jpg\",\"articleSection\":[\"Aktuelles zu Leeb Balkone\",\"Balkonbau mit Leeb\",\"Nachhaltigkeit &amp; \u00d6kologie\",\"Technik &amp; Innovation\"],\"inLanguage\":\"de-AT\"},{\"@type\":\"WebPage\",\"@id\":\"https:\/\/www.leeb-balkone.com\/at\/blog\/accoya-holz-terrassendielen-aus-accoya\/\",\"url\":\"https:\/\/www.leeb-balkone.com\/at\/blog\/accoya-holz-terrassendielen-aus-accoya\/\",\"name\":\"Accoya-Holz: Terrassendielen aus Accoya - Leeb Balkone\",\"isPartOf\":{\"@id\":\"https:\/\/www.leeb-balkone.com\/at\/#website\"},\"primaryImageOfPage\":{\"@id\":\"https:\/\/www.leeb-balkone.com\/at\/blog\/accoya-holz-terrassendielen-aus-accoya\/#primaryimage\"},\"image\":{\"@id\":\"https:\/\/www.leeb-balkone.com\/at\/blog\/accoya-holz-terrassendielen-aus-accoya\/#primaryimage\"},\"thumbnailUrl\":\"https:\/\/www.leeb-balkone.com\/app\/uploads\/2020\/07\/balkon-terrassenboden-holz-accoya-01.jpg\",\"datePublished\":\"2024-10-25T13:21:53+00:00\",\"dateModified\":\"2025-09-22T20:37:52+00:00\",\"description\":\"Accoya modifiziertes Holz: Eine nachhaltige Wahl f\u00fcr den Au\u00dfenbereich. Terrassendielen aus Accoya von Leeb Balkone!\",\"breadcrumb\":{\"@id\":\"https:\/\/www.leeb-balkone.com\/at\/blog\/accoya-holz-terrassendielen-aus-accoya\/#breadcrumb\"},\"inLanguage\":\"de-AT\",\"potentialAction\":[{\"@type\":\"ReadAction\",\"target\":[\"https:\/\/www.leeb-balkone.com\/at\/blog\/accoya-holz-terrassendielen-aus-accoya\/\"]}]},{\"@type\":\"ImageObject\",\"inLanguage\":\"de-AT\",\"@id\":\"https:\/\/www.leeb-balkone.com\/at\/blog\/accoya-holz-terrassendielen-aus-accoya\/#primaryimage\",\"url\":\"https:\/\/www.leeb-balkone.com\/app\/uploads\/2020\/07\/balkon-terrassenboden-holz-accoya-01.jpg\",\"contentUrl\":\"https:\/\/www.leeb-balkone.com\/app\/uploads\/2020\/07\/balkon-terrassenboden-holz-accoya-01.jpg\",\"width\":2500,\"height\":1667,\"caption\":\"Boden aus Accoyaholz\"},{\"@type\":\"BreadcrumbList\",\"@id\":\"https:\/\/www.leeb-balkone.com\/at\/blog\/accoya-holz-terrassendielen-aus-accoya\/#breadcrumb\",\"itemListElement\":[{\"@type\":\"ListItem\",\"position\":1,\"name\":\"Home\",\"item\":\"https:\/\/www.leeb-balkone.com\/at\/\"},{\"@type\":\"ListItem\",\"position\":2,\"name\":\"Accoya: Terrassendielen aus Accoya-Holz!\"}]},{\"@type\":\"WebSite\",\"@id\":\"https:\/\/www.leeb-balkone.com\/at\/#website\",\"url\":\"https:\/\/www.leeb-balkone.com\/at\/\",\"name\":\"Leeb Balkone\",\"description\":\"Balkone und Z\u00e4une\",\"publisher\":{\"@id\":\"https:\/\/www.leeb-balkone.com\/at\/#organization\"},\"potentialAction\":[{\"@type\":\"SearchAction\",\"target\":{\"@type\":\"EntryPoint\",\"urlTemplate\":\"https:\/\/www.leeb-balkone.com\/at\/?s={search_term_string}\"},\"query-input\":{\"@type\":\"PropertyValueSpecification\",\"valueRequired\":true,\"valueName\":\"search_term_string\"}}],\"inLanguage\":\"de-AT\"},{\"@type\":\"Organization\",\"@id\":\"https:\/\/www.leeb-balkone.com\/at\/#organization\",\"name\":\"Leeb Balkone Gmbh\",\"url\":\"https:\/\/www.leeb-balkone.com\/at\/\",\"logo\":{\"@type\":\"ImageObject\",\"inLanguage\":\"de-AT\",\"@id\":\"https:\/\/www.leeb-balkone.com\/at\/#\/schema\/logo\/image\/\",\"url\":\"https:\/\/www.leeb-balkone.com\/app\/uploads\/2020\/11\/leeb-logo.svg\",\"contentUrl\":\"https:\/\/www.leeb-balkone.com\/app\/uploads\/2020\/11\/leeb-logo.svg\",\"width\":741,\"height\":204,\"caption\":\"Leeb Balkone Gmbh\"},\"image\":{\"@id\":\"https:\/\/www.leeb-balkone.com\/at\/#\/schema\/logo\/image\/\"},\"sameAs\":[\"https:\/\/www.facebook.com\/balkone\/\",\"https:\/\/www.trustedshops.at\/bewertung\/info_X4587CCF5833E31AFE0B11F47D86999F2.html\",\"https:\/\/www.trustedshops.de\/bewertung\/info_X7BA536A7A0BDC86D36C4718E4DCAEEEF.html\",\"https:\/\/www.google.com\/maps\/place\/?q=place_id:ChIJ5-zH19-IcEcR9HonWRTllHI\"]},{\"@type\":\"Person\",\"@id\":\"https:\/\/www.leeb-balkone.com\/at\/#\/schema\/person\/dc2e2c82db329667ee507698e220238f\",\"name\":\"Herbert Weichart\"}]}<\/script>\n<!-- \/ Yoast SEO plugin. -->","yoast_head_json":{"title":"Accoya-Holz: Terrassendielen aus Accoya - Leeb Balkone \u00d6sterreich","description":"Accoya modifiziertes Holz: Eine nachhaltige Wahl f\u00fcr den Au\u00dfenbereich. Terrassendielen aus Accoya von Leeb Balkone!","robots":{"index":"index","follow":"follow","max-snippet":"max-snippet:-1","max-image-preview":"max-image-preview:large","max-video-preview":"max-video-preview:-1"},"og_locale":"de_DE","og_type":"article","og_title":"Terrassenbeschattung: Schatten f\u00fcr die Terrasse!","og_description":"Beschattung kann f\u00fcr eine l\u00e4ngere und bessere Nutzung Ihrer Terrasse sorgen! Terrassendach Beschattung und Terrassenbeschattung von Leeb.","og_url":"https:\/\/www.leeb-balkone.com\/at\/blog\/accoya-holz-terrassendielen-aus-accoya\/","og_site_name":"Leeb Balkone","article_publisher":"https:\/\/www.facebook.com\/balkone\/","article_published_time":"2024-10-25T13:21:53+00:00","article_modified_time":"2025-09-22T20:37:52+00:00","og_image":[{"width":2500,"height":1519,"url":"https:\/\/www.leeb-balkone.com\/app\/uploads\/2022\/07\/terrassenbeschattung-scaled.jpg","type":"image\/jpeg"}],"author":"Herbert Weichart","twitter_card":"summary_large_image","schema":{"@context":"https:\/\/schema.org","@graph":[{"@type":"Article","@id":"https:\/\/www.leeb-balkone.com\/at\/blog\/accoya-holz-terrassendielen-aus-accoya\/#article","isPartOf":{"@id":"https:\/\/www.leeb-balkone.com\/at\/blog\/accoya-holz-terrassendielen-aus-accoya\/"},"author":{"name":"Herbert Weichart","@id":"https:\/\/www.leeb-balkone.com\/at\/#\/schema\/person\/dc2e2c82db329667ee507698e220238f"},"headline":"Accoya: Terrassendielen aus Accoya-Holz!","datePublished":"2024-10-25T13:21:53+00:00","dateModified":"2025-09-22T20:37:52+00:00","mainEntityOfPage":{"@id":"https:\/\/www.leeb-balkone.com\/at\/blog\/accoya-holz-terrassendielen-aus-accoya\/"},"wordCount":408,"publisher":{"@id":"https:\/\/www.leeb-balkone.com\/at\/#organization"},"image":{"@id":"https:\/\/www.leeb-balkone.com\/at\/blog\/accoya-holz-terrassendielen-aus-accoya\/#primaryimage"},"thumbnailUrl":"https:\/\/www.leeb-balkone.com\/app\/uploads\/2020\/07\/balkon-terrassenboden-holz-accoya-01.jpg","articleSection":["Aktuelles zu Leeb Balkone","Balkonbau mit Leeb","Nachhaltigkeit &amp; \u00d6kologie","Technik &amp; Innovation"],"inLanguage":"de-AT"},{"@type":"WebPage","@id":"https:\/\/www.leeb-balkone.com\/at\/blog\/accoya-holz-terrassendielen-aus-accoya\/","url":"https:\/\/www.leeb-balkone.com\/at\/blog\/accoya-holz-terrassendielen-aus-accoya\/","name":"Accoya-Holz: Terrassendielen aus Accoya - Leeb Balkone","isPartOf":{"@id":"https:\/\/www.leeb-balkone.com\/at\/#website"},"primaryImageOfPage":{"@id":"https:\/\/www.leeb-balkone.com\/at\/blog\/accoya-holz-terrassendielen-aus-accoya\/#primaryimage"},"image":{"@id":"https:\/\/www.leeb-balkone.com\/at\/blog\/accoya-holz-terrassendielen-aus-accoya\/#primaryimage"},"thumbnailUrl":"https:\/\/www.leeb-balkone.com\/app\/uploads\/2020\/07\/balkon-terrassenboden-holz-accoya-01.jpg","datePublished":"2024-10-25T13:21:53+00:00","dateModified":"2025-09-22T20:37:52+00:00","description":"Accoya modifiziertes Holz: Eine nachhaltige Wahl f\u00fcr den Au\u00dfenbereich. Terrassendielen aus Accoya von Leeb Balkone!","breadcrumb":{"@id":"https:\/\/www.leeb-balkone.com\/at\/blog\/accoya-holz-terrassendielen-aus-accoya\/#breadcrumb"},"inLanguage":"de-AT","potentialAction":[{"@type":"ReadAction","target":["https:\/\/www.leeb-balkone.com\/at\/blog\/accoya-holz-terrassendielen-aus-accoya\/"]}]},{"@type":"ImageObject","inLanguage":"de-AT","@id":"https:\/\/www.leeb-balkone.com\/at\/blog\/accoya-holz-terrassendielen-aus-accoya\/#primaryimage","url":"https:\/\/www.leeb-balkone.com\/app\/uploads\/2020\/07\/balkon-terrassenboden-holz-accoya-01.jpg","contentUrl":"https:\/\/www.leeb-balkone.com\/app\/uploads\/2020\/07\/balkon-terrassenboden-holz-accoya-01.jpg","width":2500,"height":1667,"caption":"Boden aus Accoyaholz"},{"@type":"BreadcrumbList","@id":"https:\/\/www.leeb-balkone.com\/at\/blog\/accoya-holz-terrassendielen-aus-accoya\/#breadcrumb","itemListElement":[{"@type":"ListItem","position":1,"name":"Home","item":"https:\/\/www.leeb-balkone.com\/at\/"},{"@type":"ListItem","position":2,"name":"Accoya: Terrassendielen aus Accoya-Holz!"}]},{"@type":"WebSite","@id":"https:\/\/www.leeb-balkone.com\/at\/#website","url":"https:\/\/www.leeb-balkone.com\/at\/","name":"Leeb Balkone","description":"Balkone und Z\u00e4une","publisher":{"@id":"https:\/\/www.leeb-balkone.com\/at\/#organization"},"potentialAction":[{"@type":"SearchAction","target":{"@type":"EntryPoint","urlTemplate":"https:\/\/www.leeb-balkone.com\/at\/?s={search_term_string}"},"query-input":{"@type":"PropertyValueSpecification","valueRequired":true,"valueName":"search_term_string"}}],"inLanguage":"de-AT"},{"@type":"Organization","@id":"https:\/\/www.leeb-balkone.com\/at\/#organization","name":"Leeb Balkone Gmbh","url":"https:\/\/www.leeb-balkone.com\/at\/","logo":{"@type":"ImageObject","inLanguage":"de-AT","@id":"https:\/\/www.leeb-balkone.com\/at\/#\/schema\/logo\/image\/","url":"https:\/\/www.leeb-balkone.com\/app\/uploads\/2020\/11\/leeb-logo.svg","contentUrl":"https:\/\/www.leeb-balkone.com\/app\/uploads\/2020\/11\/leeb-logo.svg","width":741,"height":204,"caption":"Leeb Balkone Gmbh"},"image":{"@id":"https:\/\/www.leeb-balkone.com\/at\/#\/schema\/logo\/image\/"},"sameAs":["https:\/\/www.facebook.com\/balkone\/","https:\/\/www.trustedshops.at\/bewertung\/info_X4587CCF5833E31AFE0B11F47D86999F2.html","https:\/\/www.trustedshops.de\/bewertung\/info_X7BA536A7A0BDC86D36C4718E4DCAEEEF.html","https:\/\/www.google.com\/maps\/place\/?q=place_id:ChIJ5-zH19-IcEcR9HonWRTllHI"]},{"@type":"Person","@id":"https:\/\/www.leeb-balkone.com\/at\/#\/schema\/person\/dc2e2c82db329667ee507698e220238f","name":"Herbert Weichart"}]}},"_links":{"self":[{"href":"https:\/\/www.leeb-balkone.com\/at\/wp-json\/wp\/v2\/posts\/141794","targetHints":{"allow":["GET"]}}],"collection":[{"href":"https:\/\/www.leeb-balkone.com\/at\/wp-json\/wp\/v2\/posts"}],"about":[{"href":"https:\/\/www.leeb-balkone.com\/at\/wp-json\/wp\/v2\/types\/post"}],"author":[{"embeddable":true,"href":"https:\/\/www.leeb-balkone.com\/at\/wp-json\/wp\/v2\/users\/4"}],"replies":[{"embeddable":true,"href":"https:\/\/www.leeb-balkone.com\/at\/wp-json\/wp\/v2\/comments?post=141794"}],"version-history":[{"count":26,"href":"https:\/\/www.leeb-balkone.com\/at\/wp-json\/wp\/v2\/posts\/141794\/revisions"}],"predecessor-version":[{"id":157126,"href":"https:\/\/www.leeb-balkone.com\/at\/wp-json\/wp\/v2\/posts\/141794\/revisions\/157126"}],"wp:featuredmedia":[{"embeddable":true,"href":"https:\/\/www.leeb-balkone.com\/at\/wp-json\/wp\/v2\/media\/136307"}],"wp:attachment":[{"href":"https:\/\/www.leeb-balkone.com\/at\/wp-json\/wp\/v2\/media?parent=141794"}],"wp:term":[{"taxonomy":"category","embeddable":true,"href":"https:\/\/www.leeb-balkone.com\/at\/wp-json\/wp\/v2\/categories?post=141794"},{"taxonomy":"post_tag","embeddable":true,"href":"https:\/\/www.leeb-balkone.com\/at\/wp-json\/wp\/v2\/tags?post=141794"},{"taxonomy":"post_folder","embeddable":true,"href":"https:\/\/www.leeb-balkone.com\/at\/wp-json\/wp\/v2\/post_folder?post=141794"}],"curies":[{"name":"wp","href":"https:\/\/api.w.org\/{rel}","templated":true}]}}