{"id":140750,"date":"2024-08-28T08:08:40","date_gmt":"2024-08-28T08:08:40","guid":{"rendered":"https:\/\/www.leeb-balkone.com\/de\/blog\/balkonien\/"},"modified":"2025-09-17T13:44:39","modified_gmt":"2025-09-17T13:44:39","slug":"balkonien","status":"publish","type":"post","link":"https:\/\/www.leeb-balkone.com\/at\/blog\/balkonien\/","title":{"rendered":"Balkonien &#8211; Zuhause zur Urlaubsoase machen"},"content":{"rendered":"<header class=\"wp-block-group alignfull t3-header u-max-wide t3-header-text has-white-background-color has-background has-global-padding is-layout-constrained wp-block-group-is-layout-constrained\">\n    <div class=\"wp-block-group o-grid u-md-1 u-sm-1 is-layout-flow wp-block-group-is-layout-flow\">\n  <div class=\"wp-block-group u-g-10 u-g-s-2\">\n      <div class=\"yoast-breadcrumbs\"><span><span><a href=\"https:\/\/www.leeb-balkone.com\/at\/\">Home<\/a><\/span><\/span><\/div>\n      \n    <h1>Balkonien &#8211; Zuhause zur Urlaubsoase machen<\/h1>\n  <\/div>\n<\/div>\n  <\/header>\n\n\n\n\n\n\n\n<section class=\"wp-block-cgb-t3-section-block alignfull b-pt-small b-pb-none is-style-bg-white\" style=\"display:inherit;min-height:inherit\">\n<div class=\"wp-block-cgb-t3-container-block none\" style=\"background-color:none\"><div class=\"grid-container\"><div class=\"grid-x\"><div class=\"cell small-12 medium-9 large-0 medium-offset-1 b-has-lsmb\">\n<p><span class=\"teaser\">In einer Zeit, in der das Reisen zunehmend komplexer wird und viele Menschen nach alternativen Urlaubsformen suchen, r\u00fcckt ein besonderer Ort in den Mittelpunkt: der eigene Balkon. Warum in die Ferne schweifen, wenn das Gl\u00fcck so nah sein kann? Mit einem Leeb Design-Balkon verwandeln Sie Ihren Au\u00dfenbereich in eine wahre Urlaubsoase. Tauchen Sie ein in die Welt des Balkonien Urlaubs und entdecken Sie, wie Sie Ihren Balkon zu einem Ort der Erholung und des Genusses gestalten k\u00f6nnen.<\/span><\/p>\n<\/div><\/div><\/div><\/div>\n\n\n\n<div class=\"wp-block-cgb-t3-container-block none\" style=\"background-color:none\"><div class=\"grid-container\"><div class=\"grid-x\"><div class=\"cell small-12 medium-0 large-0\"><div id=\"lightgallery-block_acf-block-68cabb459d36e\" data-block_acf-block-68cabb459d36e class=\"has-1-imgs b-cards b-cards--gallery u-grid-temp has-1-cols u-md-2 u-sm-1 wp-block-group is-layout-grid wp-block-group-is-layout-grid gallery alignwide\">\n\n        <div class=\"b-cards__item\">\n\n        \n      <figure>\n                 <img loading=\"lazy\" decoding=\"async\" width=\"1536\" height=\"1025\" src=\"https:\/\/www.leeb-balkone.com\/app\/uploads\/2020\/07\/glas-balkongelaender-alu-design-vision-39-1536x1025.jpg\" class=\"attachment-1536x1536 size-1536x1536\" alt=\"Der Charme von Balkonien: Urlaub zu Hause\" srcset=\"https:\/\/www.leeb-balkone.com\/app\/uploads\/2020\/07\/glas-balkongelaender-alu-design-vision-39-1536x1025.jpg 1536w, https:\/\/www.leeb-balkone.com\/app\/uploads\/2020\/07\/glas-balkongelaender-alu-design-vision-39-300x200.jpg 300w, https:\/\/www.leeb-balkone.com\/app\/uploads\/2020\/07\/glas-balkongelaender-alu-design-vision-39-1024x684.jpg 1024w, https:\/\/www.leeb-balkone.com\/app\/uploads\/2020\/07\/glas-balkongelaender-alu-design-vision-39-768x513.jpg 768w, https:\/\/www.leeb-balkone.com\/app\/uploads\/2020\/07\/glas-balkongelaender-alu-design-vision-39-2048x1367.jpg 2048w\" sizes=\"auto, (min-width: 1200px) 100vw, (min-width: 1024px) 1536px, (min-width: 640px) 768px, 768px\" \/>              <\/figure>\n\n                  \n        <div class=\"caption\">\n                          <p>Der Charme von Balkonien: Urlaub zu Hause\n              <\/div>\n  \n<\/div>\n\n    <\/div>\n\n<\/div><\/div><\/div><\/div>\n\n\n\n<div class=\"wp-block-group is-layout-flow wp-block-group-is-layout-flow\">\n<div class=\"wp-block-cgb-t3-container-block none\" style=\"background-color:none\"><div class=\"grid-container\"><div class=\"grid-x\"><div class=\"cell small-12 medium-9 large-0 medium-offset-1\">\n<h2 class=\"wp-block-heading\"><strong>Leeb Design-Balkon: Ein Ort der Entspannung und Erholung<\/strong><\/h2>\n\n\n\n<p>Ein Balkon bietet eine einzigartige Gelegenheit, sich eine pers\u00f6nliche R\u00fcckzugsoase zu schaffen, ohne das Haus verlassen zu m\u00fcssen. Es ist der perfekte Ort, um die Natur zu genie\u00dfen, zu entspannen und dem Alltag zu entfliehen. Mit ein wenig Kreativit\u00e4t und den richtigen Produkten kann Ihr Balkon zu einem wahren Paradies werden. <\/p>\n\n\n\n<p>Ein Leeb Design-Balkon steht f\u00fcr Qualit\u00e4t, Stil und Komfort. Diese Balkone sind nicht nur \u00e4sthetisch ansprechend, sondern auch funktional und langlebig. Sie bieten die perfekte Basis, um Ihre Urlaubsoase zu gestalten. Von hochwertigen Materialien bis hin zu durchdachten Designs \u2013 ein Leeb Balkon ist die ideale Wahl f\u00fcr Ihr pers\u00f6nliches Refugium.<\/p>\n\n\n\n<h2 class=\"wp-block-heading\">Gestaltungstipps f\u00fcr Ihre Balkonien Urlaubsoase<\/h2>\n\n\n\n<p>Um Ihren Balkon in eine Urlaubsoase zu verwandeln, bedarf es einiger kreativer Ideen und praktischer Tipps. Hier sind einige Anregungen, wie Sie Ihren Balkon optimal nutzen k\u00f6nnen:<\/p>\n\n\n\n<h3 class=\"wp-block-heading\">Komfortable Sitzgelegenheiten und Loungem\u00f6bel<\/h3>\n\n\n\n<p>Der erste Schritt zu einem gem\u00fctlichen Balkon ist die Auswahl der richtigen M\u00f6bel. Loungem\u00f6bel, bequeme St\u00fchle und ein kleiner Tisch sind essenziell, um sich zu entspannen und den Au\u00dfenbereich voll auszukosten. W\u00e4hlen Sie wetterfeste Materialien, die langlebig und pflegeleicht sind.<\/p>\n\n\n\n<h3 class=\"wp-block-heading\"><strong>Pflanzen und Gr\u00fcn f\u00fcr eine frische Atmosph\u00e4re<\/strong><\/h3>\n\n\n\n<p>Pflanzen sind ein Muss f\u00fcr jeden Balkon. Sie bringen Leben und Farbe in den Raum und sorgen f\u00fcr eine angenehme Atmosph\u00e4re. W\u00e4hlen Sie eine Mischung aus bl\u00fchenden Pflanzen, immergr\u00fcnen Str\u00e4uchern und Kr\u00e4utern, um eine vielf\u00e4ltige und ansprechende Gr\u00fcnfl\u00e4che zu schaffen.<\/p>\n\n\n\n<h3 class=\"wp-block-heading\"><strong>Beleuchtung f\u00fcr stimmungsvolle Ab<\/strong><\/h3>\n\n\n\n<p>Die richtige Beleuchtung kann die Stimmung auf Ihrem Balkon ma\u00dfgeblich beeinflussen. Lichterketten, Solarleuchten und LED-Kerzen sind ideal, um eine gem\u00fctliche und einladende Atmosph\u00e4re zu schaffen. Achten Sie darauf, verschiedene Lichtquellen zu kombinieren, um eine warme und stimmungsvolle Beleuchtung zu erzielen.<\/p>\n\n\n\n<h3 class=\"wp-block-heading\"><strong>Sonnenschutz und Sichtschutz f\u00fcr Privatsph\u00e4re<\/strong><\/h3>\n\n\n\n<p>Ein guter Sonnenschutz ist unerl\u00e4sslich, um hei\u00dfe Sommertage auf dem Balkon genie\u00dfen zu k\u00f6nnen. Markisen, Sonnenschirme oder Sonnensegel bieten Schutz vor der Sonne und schaffen gleichzeitig ein angenehmes Ambiente. Ein Sichtschutz sorgt f\u00fcr zus\u00e4tzliche Privatsph\u00e4re und l\u00e4sst Sie ungest\u00f6rt entspannen.<\/p>\n\n\n\n<h3 class=\"wp-block-heading\"><strong>Dekoration und pers\u00f6nliche Akzente<\/strong><\/h3>\n\n\n\n<p>Pers\u00f6nliche Dekorationselemente wie Kissen, Decken, Kerzen und Windspiele machen Ihren Balkon zu einem einzigartigen Ort, der Ihren Stil und Ihre Pers\u00f6nlichkeit widerspiegelt. W\u00e4hlen Sie Farben und Muster, die zu Ihrem Geschmack passen, und schaffen Sie so eine individuelle Wohlf\u00fchloase.<\/p>\n<\/div><\/div><\/div><\/div>\n<\/div>\n\n\n\n<div class=\"wp-block-cgb-t3-container-block none\" style=\"background-color:none\"><div class=\"grid-container\"><div class=\"grid-x\"><div class=\"cell small-12 medium-0 large-0\"><div id=\"lightgallery-block_acf-block-68cabb459d38d\" data-block_acf-block-68cabb459d38d class=\"has-1-imgs b-cards b-cards--gallery u-grid-temp has-1-cols u-md-2 u-sm-1 wp-block-group is-layout-grid wp-block-group-is-layout-grid gallery alignwide\">\n\n        <div class=\"b-cards__item\">\n\n        <a data-src=\"https:\/\/www.leeb-balkone.com\/app\/uploads\/2024\/08\/Leeb-alu-balkon-mit-grauglas-poolterrasse-balkonien-1536x1024.jpg\" data-thumb=\"https:\/\/www.leeb-balkone.com\/app\/uploads\/2024\/08\/Leeb-alu-balkon-mit-grauglas-poolterrasse-balkonien-300x200.jpg\" class=\"hasHover dark\">\n        \n      <figure>\n                 <img loading=\"lazy\" decoding=\"async\" width=\"1536\" height=\"1024\" src=\"https:\/\/www.leeb-balkone.com\/app\/uploads\/2024\/08\/Leeb-alu-balkon-mit-grauglas-poolterrasse-balkonien-1536x1024.jpg\" class=\"attachment-1536x1536 size-1536x1536\" alt=\"Leeb alu balkon mit grauglas poolterrasse balkonien\" srcset=\"https:\/\/www.leeb-balkone.com\/app\/uploads\/2024\/08\/Leeb-alu-balkon-mit-grauglas-poolterrasse-balkonien-1536x1024.jpg 1536w, https:\/\/www.leeb-balkone.com\/app\/uploads\/2024\/08\/Leeb-alu-balkon-mit-grauglas-poolterrasse-balkonien-300x200.jpg 300w, https:\/\/www.leeb-balkone.com\/app\/uploads\/2024\/08\/Leeb-alu-balkon-mit-grauglas-poolterrasse-balkonien-1024x683.jpg 1024w, https:\/\/www.leeb-balkone.com\/app\/uploads\/2024\/08\/Leeb-alu-balkon-mit-grauglas-poolterrasse-balkonien-768x512.jpg 768w, https:\/\/www.leeb-balkone.com\/app\/uploads\/2024\/08\/Leeb-alu-balkon-mit-grauglas-poolterrasse-balkonien-2048x1366.jpg 2048w\" sizes=\"auto, (min-width: 1200px) 100vw, (min-width: 1024px) 1536px, (min-width: 640px) 768px, 768px\" \/>              <\/figure>\n\n                          <\/a>\n      \n        <div class=\"caption\">\n                          <p>Leeb Balkon aus Aluminium und Grauglas f\u00fcr ungest\u00f6rte Sommermomente auf der Poolterrasse\n              <\/div>\n  \n<\/div>\n\n    <\/div>\n\n<\/div><\/div><\/div><\/div>\n\n\n\n<div class=\"wp-block-cgb-t3-container-block none\" style=\"background-color:none\"><div class=\"grid-container\"><div class=\"grid-x\"><div class=\"cell small-12 medium-9 large-0 medium-offset-1 b-has-lsmb\">\n<p><strong>Mehr erfahren zu:<\/strong><\/p>\n\n\n\n<p><a href=\"https:\/\/www.leeb-balkone.com\/at\/balkongelaender\/balkongelaender-alu\/\">Balkongel\u00e4nder<\/a> von Leeb<\/p>\n\n\n\n<h2 class=\"wp-block-heading\"><strong>Individuelle Planung <\/strong>durch Ihren pers\u00f6nlichen Leeb-Berater<\/h2>\n\n\n\n<p>Jeder Balkon ist einzigartig, und deshalb bietet Leeb eine individuelle Planung und Beratung an. Von der ersten Idee bis zur finalen Umsetzung steht Ihnen das Team von Leeb mit Rat und Tat zur Seite. Mit modernster Technologie wie dem 3D-Konfigurator k\u00f6nnen Sie Ihren Traumbalkon visualisieren und perfekt an Ihre Bed\u00fcrfnisse anpassen.<\/p>\n<\/div><\/div><\/div><\/div>\n<\/section>\n","protected":false},"excerpt":{"rendered":"<p>Wer dem Verkehrsstau entgehen will, holt sich den Urlaub zu sich nach Hause. Der eigene Balkon als Ort der Erholung!<\/p>\n","protected":false},"author":12,"featured_media":133393,"comment_status":"closed","ping_status":"open","sticky":false,"template":"template-onepager.blade.php","format":"standard","meta":{"_acf_changed":false,"footnotes":""},"categories":[158],"tags":[],"post_folder":[],"class_list":["post-140750","post","type-post","status-publish","format-standard","has-post-thumbnail","hentry","category-balkongestaltung"],"acf":[],"yoast_head":"<!-- This site is optimized with the Yoast SEO plugin v27.2 - https:\/\/yoast.com\/product\/yoast-seo-wordpress\/ -->\n<title>Pool im Garten: Mehr Privatsph\u00e4re mit Sichtschutz - Leeb Balkone \u00d6sterreich<\/title>\n<meta name=\"description\" content=\"Wer dem Verkehrsstau entgehen will, holt sich den Urlaub zu sich nach Hause. Der eigene Balkon als Ort der Erholung!\" \/>\n<meta name=\"robots\" content=\"index, follow, max-snippet:-1, max-image-preview:large, max-video-preview:-1\" \/>\n<meta property=\"og:locale\" content=\"de_DE\" \/>\n<meta property=\"og:type\" content=\"article\" \/>\n<meta property=\"og:title\" content=\"Pool im Garten: Mehr Privat mit Sichtschutz\" \/>\n<meta property=\"og:description\" content=\"Wer dem Verkehrsstau entgehen will, holt sich den Urlaub zu sich nach Hause. Der eigene Balkon als Ort der Erholung!\" \/>\n<meta property=\"og:url\" content=\"https:\/\/www.leeb-balkone.com\/at\/blog\/balkonien\/\" \/>\n<meta property=\"og:site_name\" content=\"Leeb Balkone\" \/>\n<meta property=\"article:publisher\" content=\"https:\/\/www.facebook.com\/balkone\/\" \/>\n<meta property=\"article:published_time\" content=\"2024-08-28T08:08:40+00:00\" \/>\n<meta property=\"article:modified_time\" content=\"2025-09-17T13:44:39+00:00\" \/>\n<meta property=\"og:image\" content=\"https:\/\/www.leeb-balkone.com\/app\/uploads\/2021\/06\/alu-zaun-sichtschutz-pool-kinder-1-1024x1020.jpg\" \/>\n<meta name=\"author\" content=\"Jovana Mudrinic\" \/>\n<meta name=\"twitter:card\" content=\"summary_large_image\" \/>\n<script type=\"application\/ld+json\" class=\"yoast-schema-graph\">{\"@context\":\"https:\/\/schema.org\",\"@graph\":[{\"@type\":\"Article\",\"@id\":\"https:\/\/www.leeb-balkone.com\/at\/blog\/balkonien\/#article\",\"isPartOf\":{\"@id\":\"https:\/\/www.leeb-balkone.com\/at\/blog\/balkonien\/\"},\"author\":{\"name\":\"Jovana Mudrinic\",\"@id\":\"https:\/\/www.leeb-balkone.com\/at\/#\/schema\/person\/e972a8221931fed0a3182bb928bc2b28\"},\"headline\":\"Balkonien &#8211; Zuhause zur Urlaubsoase machen\",\"datePublished\":\"2024-08-28T08:08:40+00:00\",\"dateModified\":\"2025-09-17T13:44:39+00:00\",\"mainEntityOfPage\":{\"@id\":\"https:\/\/www.leeb-balkone.com\/at\/blog\/balkonien\/\"},\"wordCount\":570,\"publisher\":{\"@id\":\"https:\/\/www.leeb-balkone.com\/at\/#organization\"},\"image\":{\"@id\":\"https:\/\/www.leeb-balkone.com\/at\/blog\/balkonien\/#primaryimage\"},\"thumbnailUrl\":\"https:\/\/www.leeb-balkone.com\/app\/uploads\/2020\/07\/glas-balkongelaender-alu-design-vision-39-scaled.jpg\",\"articleSection\":[\"Balkongestaltung\"],\"inLanguage\":\"de-AT\"},{\"@type\":\"WebPage\",\"@id\":\"https:\/\/www.leeb-balkone.com\/at\/blog\/balkonien\/\",\"url\":\"https:\/\/www.leeb-balkone.com\/at\/blog\/balkonien\/\",\"name\":\"Pool im Garten: Mehr Privatsph\u00e4re mit Sichtschutz - Leeb Balkone\",\"isPartOf\":{\"@id\":\"https:\/\/www.leeb-balkone.com\/at\/#website\"},\"primaryImageOfPage\":{\"@id\":\"https:\/\/www.leeb-balkone.com\/at\/blog\/balkonien\/#primaryimage\"},\"image\":{\"@id\":\"https:\/\/www.leeb-balkone.com\/at\/blog\/balkonien\/#primaryimage\"},\"thumbnailUrl\":\"https:\/\/www.leeb-balkone.com\/app\/uploads\/2020\/07\/glas-balkongelaender-alu-design-vision-39-scaled.jpg\",\"datePublished\":\"2024-08-28T08:08:40+00:00\",\"dateModified\":\"2025-09-17T13:44:39+00:00\",\"description\":\"Wer dem Verkehrsstau entgehen will, holt sich den Urlaub zu sich nach Hause. Der eigene Balkon als Ort der Erholung!\",\"breadcrumb\":{\"@id\":\"https:\/\/www.leeb-balkone.com\/at\/blog\/balkonien\/#breadcrumb\"},\"inLanguage\":\"de-AT\",\"potentialAction\":[{\"@type\":\"ReadAction\",\"target\":[\"https:\/\/www.leeb-balkone.com\/at\/blog\/balkonien\/\"]}]},{\"@type\":\"ImageObject\",\"inLanguage\":\"de-AT\",\"@id\":\"https:\/\/www.leeb-balkone.com\/at\/blog\/balkonien\/#primaryimage\",\"url\":\"https:\/\/www.leeb-balkone.com\/app\/uploads\/2020\/07\/glas-balkongelaender-alu-design-vision-39-scaled.jpg\",\"contentUrl\":\"https:\/\/www.leeb-balkone.com\/app\/uploads\/2020\/07\/glas-balkongelaender-alu-design-vision-39-scaled.jpg\",\"width\":2560,\"height\":1709,\"caption\":\"Der Charme von Balkonien: Urlaub zu Hause\"},{\"@type\":\"BreadcrumbList\",\"@id\":\"https:\/\/www.leeb-balkone.com\/at\/blog\/balkonien\/#breadcrumb\",\"itemListElement\":[{\"@type\":\"ListItem\",\"position\":1,\"name\":\"Home\",\"item\":\"https:\/\/www.leeb-balkone.com\/at\/\"},{\"@type\":\"ListItem\",\"position\":2,\"name\":\"Balkonien &#8211; Zuhause zur Urlaubsoase machen\"}]},{\"@type\":\"WebSite\",\"@id\":\"https:\/\/www.leeb-balkone.com\/at\/#website\",\"url\":\"https:\/\/www.leeb-balkone.com\/at\/\",\"name\":\"Leeb Balkone\",\"description\":\"Balkone und Z\u00e4une\",\"publisher\":{\"@id\":\"https:\/\/www.leeb-balkone.com\/at\/#organization\"},\"potentialAction\":[{\"@type\":\"SearchAction\",\"target\":{\"@type\":\"EntryPoint\",\"urlTemplate\":\"https:\/\/www.leeb-balkone.com\/at\/?s={search_term_string}\"},\"query-input\":{\"@type\":\"PropertyValueSpecification\",\"valueRequired\":true,\"valueName\":\"search_term_string\"}}],\"inLanguage\":\"de-AT\"},{\"@type\":\"Organization\",\"@id\":\"https:\/\/www.leeb-balkone.com\/at\/#organization\",\"name\":\"Leeb Balkone Gmbh\",\"url\":\"https:\/\/www.leeb-balkone.com\/at\/\",\"logo\":{\"@type\":\"ImageObject\",\"inLanguage\":\"de-AT\",\"@id\":\"https:\/\/www.leeb-balkone.com\/at\/#\/schema\/logo\/image\/\",\"url\":\"https:\/\/www.leeb-balkone.com\/app\/uploads\/2020\/11\/leeb-logo.svg\",\"contentUrl\":\"https:\/\/www.leeb-balkone.com\/app\/uploads\/2020\/11\/leeb-logo.svg\",\"width\":741,\"height\":204,\"caption\":\"Leeb Balkone Gmbh\"},\"image\":{\"@id\":\"https:\/\/www.leeb-balkone.com\/at\/#\/schema\/logo\/image\/\"},\"sameAs\":[\"https:\/\/www.facebook.com\/balkone\/\",\"https:\/\/www.trustedshops.at\/bewertung\/info_X4587CCF5833E31AFE0B11F47D86999F2.html\",\"https:\/\/www.trustedshops.de\/bewertung\/info_X7BA536A7A0BDC86D36C4718E4DCAEEEF.html\",\"https:\/\/www.google.com\/maps\/place\/?q=place_id:ChIJ5-zH19-IcEcR9HonWRTllHI\"]},{\"@type\":\"Person\",\"@id\":\"https:\/\/www.leeb-balkone.com\/at\/#\/schema\/person\/e972a8221931fed0a3182bb928bc2b28\",\"name\":\"Jovana Mudrinic\"}]}<\/script>\n<!-- \/ Yoast SEO plugin. -->","yoast_head_json":{"title":"Pool im Garten: Mehr Privatsph\u00e4re mit Sichtschutz - Leeb Balkone \u00d6sterreich","description":"Wer dem Verkehrsstau entgehen will, holt sich den Urlaub zu sich nach Hause. Der eigene Balkon als Ort der Erholung!","robots":{"index":"index","follow":"follow","max-snippet":"max-snippet:-1","max-image-preview":"max-image-preview:large","max-video-preview":"max-video-preview:-1"},"og_locale":"de_DE","og_type":"article","og_title":"Pool im Garten: Mehr Privat mit Sichtschutz","og_description":"Wer dem Verkehrsstau entgehen will, holt sich den Urlaub zu sich nach Hause. Der eigene Balkon als Ort der Erholung!","og_url":"https:\/\/www.leeb-balkone.com\/at\/blog\/balkonien\/","og_site_name":"Leeb Balkone","article_publisher":"https:\/\/www.facebook.com\/balkone\/","article_published_time":"2024-08-28T08:08:40+00:00","article_modified_time":"2025-09-17T13:44:39+00:00","og_image":[{"url":"https:\/\/www.leeb-balkone.com\/app\/uploads\/2021\/06\/alu-zaun-sichtschutz-pool-kinder-1-1024x1020.jpg","type":"","width":"","height":""}],"author":"Jovana Mudrinic","twitter_card":"summary_large_image","schema":{"@context":"https:\/\/schema.org","@graph":[{"@type":"Article","@id":"https:\/\/www.leeb-balkone.com\/at\/blog\/balkonien\/#article","isPartOf":{"@id":"https:\/\/www.leeb-balkone.com\/at\/blog\/balkonien\/"},"author":{"name":"Jovana Mudrinic","@id":"https:\/\/www.leeb-balkone.com\/at\/#\/schema\/person\/e972a8221931fed0a3182bb928bc2b28"},"headline":"Balkonien &#8211; Zuhause zur Urlaubsoase machen","datePublished":"2024-08-28T08:08:40+00:00","dateModified":"2025-09-17T13:44:39+00:00","mainEntityOfPage":{"@id":"https:\/\/www.leeb-balkone.com\/at\/blog\/balkonien\/"},"wordCount":570,"publisher":{"@id":"https:\/\/www.leeb-balkone.com\/at\/#organization"},"image":{"@id":"https:\/\/www.leeb-balkone.com\/at\/blog\/balkonien\/#primaryimage"},"thumbnailUrl":"https:\/\/www.leeb-balkone.com\/app\/uploads\/2020\/07\/glas-balkongelaender-alu-design-vision-39-scaled.jpg","articleSection":["Balkongestaltung"],"inLanguage":"de-AT"},{"@type":"WebPage","@id":"https:\/\/www.leeb-balkone.com\/at\/blog\/balkonien\/","url":"https:\/\/www.leeb-balkone.com\/at\/blog\/balkonien\/","name":"Pool im Garten: Mehr Privatsph\u00e4re mit Sichtschutz - Leeb Balkone","isPartOf":{"@id":"https:\/\/www.leeb-balkone.com\/at\/#website"},"primaryImageOfPage":{"@id":"https:\/\/www.leeb-balkone.com\/at\/blog\/balkonien\/#primaryimage"},"image":{"@id":"https:\/\/www.leeb-balkone.com\/at\/blog\/balkonien\/#primaryimage"},"thumbnailUrl":"https:\/\/www.leeb-balkone.com\/app\/uploads\/2020\/07\/glas-balkongelaender-alu-design-vision-39-scaled.jpg","datePublished":"2024-08-28T08:08:40+00:00","dateModified":"2025-09-17T13:44:39+00:00","description":"Wer dem Verkehrsstau entgehen will, holt sich den Urlaub zu sich nach Hause. Der eigene Balkon als Ort der Erholung!","breadcrumb":{"@id":"https:\/\/www.leeb-balkone.com\/at\/blog\/balkonien\/#breadcrumb"},"inLanguage":"de-AT","potentialAction":[{"@type":"ReadAction","target":["https:\/\/www.leeb-balkone.com\/at\/blog\/balkonien\/"]}]},{"@type":"ImageObject","inLanguage":"de-AT","@id":"https:\/\/www.leeb-balkone.com\/at\/blog\/balkonien\/#primaryimage","url":"https:\/\/www.leeb-balkone.com\/app\/uploads\/2020\/07\/glas-balkongelaender-alu-design-vision-39-scaled.jpg","contentUrl":"https:\/\/www.leeb-balkone.com\/app\/uploads\/2020\/07\/glas-balkongelaender-alu-design-vision-39-scaled.jpg","width":2560,"height":1709,"caption":"Der Charme von Balkonien: Urlaub zu Hause"},{"@type":"BreadcrumbList","@id":"https:\/\/www.leeb-balkone.com\/at\/blog\/balkonien\/#breadcrumb","itemListElement":[{"@type":"ListItem","position":1,"name":"Home","item":"https:\/\/www.leeb-balkone.com\/at\/"},{"@type":"ListItem","position":2,"name":"Balkonien &#8211; Zuhause zur Urlaubsoase machen"}]},{"@type":"WebSite","@id":"https:\/\/www.leeb-balkone.com\/at\/#website","url":"https:\/\/www.leeb-balkone.com\/at\/","name":"Leeb Balkone","description":"Balkone und Z\u00e4une","publisher":{"@id":"https:\/\/www.leeb-balkone.com\/at\/#organization"},"potentialAction":[{"@type":"SearchAction","target":{"@type":"EntryPoint","urlTemplate":"https:\/\/www.leeb-balkone.com\/at\/?s={search_term_string}"},"query-input":{"@type":"PropertyValueSpecification","valueRequired":true,"valueName":"search_term_string"}}],"inLanguage":"de-AT"},{"@type":"Organization","@id":"https:\/\/www.leeb-balkone.com\/at\/#organization","name":"Leeb Balkone Gmbh","url":"https:\/\/www.leeb-balkone.com\/at\/","logo":{"@type":"ImageObject","inLanguage":"de-AT","@id":"https:\/\/www.leeb-balkone.com\/at\/#\/schema\/logo\/image\/","url":"https:\/\/www.leeb-balkone.com\/app\/uploads\/2020\/11\/leeb-logo.svg","contentUrl":"https:\/\/www.leeb-balkone.com\/app\/uploads\/2020\/11\/leeb-logo.svg","width":741,"height":204,"caption":"Leeb Balkone Gmbh"},"image":{"@id":"https:\/\/www.leeb-balkone.com\/at\/#\/schema\/logo\/image\/"},"sameAs":["https:\/\/www.facebook.com\/balkone\/","https:\/\/www.trustedshops.at\/bewertung\/info_X4587CCF5833E31AFE0B11F47D86999F2.html","https:\/\/www.trustedshops.de\/bewertung\/info_X7BA536A7A0BDC86D36C4718E4DCAEEEF.html","https:\/\/www.google.com\/maps\/place\/?q=place_id:ChIJ5-zH19-IcEcR9HonWRTllHI"]},{"@type":"Person","@id":"https:\/\/www.leeb-balkone.com\/at\/#\/schema\/person\/e972a8221931fed0a3182bb928bc2b28","name":"Jovana Mudrinic"}]}},"_links":{"self":[{"href":"https:\/\/www.leeb-balkone.com\/at\/wp-json\/wp\/v2\/posts\/140750","targetHints":{"allow":["GET"]}}],"collection":[{"href":"https:\/\/www.leeb-balkone.com\/at\/wp-json\/wp\/v2\/posts"}],"about":[{"href":"https:\/\/www.leeb-balkone.com\/at\/wp-json\/wp\/v2\/types\/post"}],"author":[{"embeddable":true,"href":"https:\/\/www.leeb-balkone.com\/at\/wp-json\/wp\/v2\/users\/12"}],"replies":[{"embeddable":true,"href":"https:\/\/www.leeb-balkone.com\/at\/wp-json\/wp\/v2\/comments?post=140750"}],"version-history":[{"count":10,"href":"https:\/\/www.leeb-balkone.com\/at\/wp-json\/wp\/v2\/posts\/140750\/revisions"}],"predecessor-version":[{"id":156404,"href":"https:\/\/www.leeb-balkone.com\/at\/wp-json\/wp\/v2\/posts\/140750\/revisions\/156404"}],"wp:featuredmedia":[{"embeddable":true,"href":"https:\/\/www.leeb-balkone.com\/at\/wp-json\/wp\/v2\/media\/133393"}],"wp:attachment":[{"href":"https:\/\/www.leeb-balkone.com\/at\/wp-json\/wp\/v2\/media?parent=140750"}],"wp:term":[{"taxonomy":"category","embeddable":true,"href":"https:\/\/www.leeb-balkone.com\/at\/wp-json\/wp\/v2\/categories?post=140750"},{"taxonomy":"post_tag","embeddable":true,"href":"https:\/\/www.leeb-balkone.com\/at\/wp-json\/wp\/v2\/tags?post=140750"},{"taxonomy":"post_folder","embeddable":true,"href":"https:\/\/www.leeb-balkone.com\/at\/wp-json\/wp\/v2\/post_folder?post=140750"}],"curies":[{"name":"wp","href":"https:\/\/api.w.org\/{rel}","templated":true}]}}