{"id":138851,"date":"2024-05-31T16:34:40","date_gmt":"2024-05-31T16:34:40","guid":{"rendered":"https:\/\/www.leeb-balkone.com\/de\/blog\/vorstellung-grossprojekt-vivo-wohnen-an-der-uni-regensburg\/"},"modified":"2025-09-17T13:41:45","modified_gmt":"2025-09-17T13:41:45","slug":"vivo-wohnen-an-der-uni-regensburg","status":"publish","type":"post","link":"https:\/\/www.leeb-balkone.com\/at\/blog\/vivo-wohnen-an-der-uni-regensburg\/","title":{"rendered":"Vorstellung Gro\u00dfprojekt: VIVO Wohnen an der Uni Regensburg"},"content":{"rendered":"<header class=\"wp-block-group alignfull t3-header u-max-wide t3-header-text has-white-background-color has-background has-global-padding is-layout-constrained wp-block-group-is-layout-constrained\">\n    <div class=\"wp-block-group o-grid u-md-1 u-sm-1 is-layout-flow wp-block-group-is-layout-flow\">\n  <div class=\"wp-block-group u-g-10 u-g-s-2\">\n      <div class=\"yoast-breadcrumbs\"><span><span><a href=\"https:\/\/www.leeb-balkone.com\/at\/\">Home<\/a><\/span><\/span><\/div>\n      \n    <h1>Vorstellung Gro\u00dfprojekt: VIVO Wohnen an der Uni Regensburg<\/h1>\n  <\/div>\n<\/div>\n  <\/header>\n\n\n\n\n\n\n\n<section class=\"wp-block-cgb-t3-section-block alignfull b-pt-small  is-style-bg-white\" style=\"display:inherit;min-height:inherit\">\n<div class=\"wp-block-cgb-t3-container-block none\" style=\"background-color:none\"><div class=\"grid-container\"><div class=\"grid-x\"><div class=\"cell small-12 medium-9 large-0 medium-offset-1 b-has-lsmb\">\n<p><span class=\"teaser\">Das Projekt VIVO Wohnen an der Uni Regensburg demonstriert eindrucksvoll, wie innovative Architektur und effiziente Bauplanung effizient zusammenwirken k\u00f6nnen.<\/span><\/p>\n<\/div><\/div><\/div><\/div>\n\n\n\n<div class=\"wp-block-cgb-t3-container-block none\" style=\"background-color:none\"><div class=\"grid-container\"><div class=\"grid-x\"><div class=\"cell small-12 medium-0 large-0\"><div id=\"lightgallery-block_acf-block-68caba9726fb3\" data-block_acf-block-68caba9726fb3 class=\"has-1-imgs b-cards b-cards--gallery u-grid-temp has-1-cols u-md-2 u-sm-1 wp-block-group is-layout-grid wp-block-group-is-layout-grid gallery alignwide\">\n\n        <div class=\"b-cards__item\">\n\n        \n      <figure>\n                 <img loading=\"lazy\" decoding=\"async\" width=\"1024\" height=\"768\" src=\"https:\/\/www.leeb-balkone.com\/app\/uploads\/2024\/06\/LinkedIn-Goldbalkon.png\" class=\"attachment-1536x1536 size-1536x1536\" alt=\"LinkedIn Goldbalkon\" srcset=\"https:\/\/www.leeb-balkone.com\/app\/uploads\/2024\/06\/LinkedIn-Goldbalkon.png 1024w, https:\/\/www.leeb-balkone.com\/app\/uploads\/2024\/06\/LinkedIn-Goldbalkon-300x225.png 300w, https:\/\/www.leeb-balkone.com\/app\/uploads\/2024\/06\/LinkedIn-Goldbalkon-768x576.png 768w\" sizes=\"auto, (min-width: 1200px) 100vw, (min-width: 1024px) 1536px, (min-width: 640px) 768px, 768px\" \/>              <\/figure>\n\n                  \n        <div class=\"caption\">\n                      <\/div>\n  \n<\/div>\n\n    <\/div>\n\n<\/div><\/div><\/div><\/div>\n\n\n\n<div class=\"wp-block-group is-layout-flow wp-block-group-is-layout-flow\">\n<div class=\"wp-block-cgb-t3-container-block none\" style=\"background-color:none\"><div class=\"grid-container\"><div class=\"grid-x\"><div class=\"cell small-12 medium-9 large-0 medium-offset-1\">\n<h2 class=\"wp-block-heading\">Innovatives Gro\u00dfprojekt von Leeb<\/h2>\n\n\n\n<p>Im Herzen Regensburgs hebt sich das Projekt VIVO Wohnen an der Uni als Paradebeispiel f\u00fcr die fr\u00fchzeitige Einbindung von Experten in die Entwicklung von Bauprojekten hervor. Von Anfang an standen die spezifischen Anforderungen des Bauherrn im Mittelpunkt, was die Qualit\u00e4t und Pr\u00e4zision dieses herausragenden Projekts unterstreicht.<\/p>\n\n\n\n<h2 class=\"wp-block-heading\"><strong>Vision\u00e4re Planung und Umsetzung<\/strong><\/h2>\n\n\n\n<p>Die Herausforderung begann mit der visuellen Gestaltung. Urspr\u00fcnglich waren perforierte HPL-Platten f\u00fcr die Balkonf\u00fcllung vorgesehen, doch diese erwiesen sich als ungeeignet f\u00fcr die notwendige Absturzsicherung. Dies f\u00fchrte zu einer intensiven Phase der L\u00f6sungsfindung, die schlie\u00dflich in der Entscheidung f\u00fcr das <a href=\"https:\/\/www.leeb-balkone.com\/at\/balkongelaender\/balkongelaender-alu\/vision\/\">ALU-Balkonmodell VISION mit Glasf\u00fcllung<\/a> m\u00fcndete. Hierbei wurde das Glas mittels eines Siebdruckverfahrens mit einem architektonischen Muster versehen, welches nicht nur \u00e4sthetisch beeindruckt, sondern auch die geforderten Sicherheitsstandards erf\u00fcllt.<\/p>\n<\/div><\/div><\/div><\/div>\n<\/div>\n\n\n\n<div class=\"wp-block-cgb-t3-container-block none\" style=\"background-color:none\"><div class=\"grid-container\"><div class=\"grid-x\"><div class=\"cell small-12 medium-0 large-0\"><div id=\"lightgallery-block_acf-block-68caba9726fc3\" data-block_acf-block-68caba9726fc3 class=\"has-4-imgs b-cards b-cards--gallery u-grid-temp has-2-cols u-md-2 u-sm-1 wp-block-group is-layout-grid wp-block-group-is-layout-grid gallery alignwide\">\n\n        <div class=\"b-cards__item\">\n\n        <a data-src=\"https:\/\/www.leeb-balkone.com\/app\/uploads\/2022\/02\/glas-alu-balkongelaender-vivo-goldbalkon-grossprojekt7832-1536x1025.jpg\" data-thumb=\"https:\/\/www.leeb-balkone.com\/app\/uploads\/2022\/02\/glas-alu-balkongelaender-vivo-goldbalkon-grossprojekt7832-300x200.jpg\" class=\"hasHover dark\">\n        \n      <figure>\n                 <img loading=\"lazy\" decoding=\"async\" width=\"1024\" height=\"684\" src=\"https:\/\/www.leeb-balkone.com\/app\/uploads\/2022\/02\/glas-alu-balkongelaender-vivo-goldbalkon-grossprojekt7832-1024x684.jpg\" class=\"attachment-large size-large\" alt=\"glas alu balkongelaender vivo goldbalkon grossprojekt7832\" srcset=\"https:\/\/www.leeb-balkone.com\/app\/uploads\/2022\/02\/glas-alu-balkongelaender-vivo-goldbalkon-grossprojekt7832-1024x684.jpg 1024w, https:\/\/www.leeb-balkone.com\/app\/uploads\/2022\/02\/glas-alu-balkongelaender-vivo-goldbalkon-grossprojekt7832-300x200.jpg 300w, https:\/\/www.leeb-balkone.com\/app\/uploads\/2022\/02\/glas-alu-balkongelaender-vivo-goldbalkon-grossprojekt7832-768x513.jpg 768w, https:\/\/www.leeb-balkone.com\/app\/uploads\/2022\/02\/glas-alu-balkongelaender-vivo-goldbalkon-grossprojekt7832-1536x1025.jpg 1536w, https:\/\/www.leeb-balkone.com\/app\/uploads\/2022\/02\/glas-alu-balkongelaender-vivo-goldbalkon-grossprojekt7832-2048x1367.jpg 2048w\" sizes=\"auto, (min-width: 1200px) 1024px, (min-width: 1024px) 768px, (min-width: 640px) 768px, 768px\" \/>              <\/figure>\n\n                          <\/a>\n      \n  \n<\/div>\n\n        <div class=\"b-cards__item\">\n\n        <a data-src=\"https:\/\/www.leeb-balkone.com\/app\/uploads\/2022\/02\/alu-glas-balkon-in-gold-bei-wohnhausanlage-vivo-1536x1037.jpg\" data-thumb=\"https:\/\/www.leeb-balkone.com\/app\/uploads\/2022\/02\/alu-glas-balkon-in-gold-bei-wohnhausanlage-vivo-300x203.jpg\" class=\"hasHover dark\">\n        \n      <figure>\n                 <img loading=\"lazy\" decoding=\"async\" width=\"1024\" height=\"692\" src=\"https:\/\/www.leeb-balkone.com\/app\/uploads\/2022\/02\/alu-glas-balkon-in-gold-bei-wohnhausanlage-vivo-1024x692.jpg\" class=\"attachment-large size-large\" alt=\"alu glas balkon in gold bei wohnhausanlage vivo\" srcset=\"https:\/\/www.leeb-balkone.com\/app\/uploads\/2022\/02\/alu-glas-balkon-in-gold-bei-wohnhausanlage-vivo-1024x691.jpg 1024w, https:\/\/www.leeb-balkone.com\/app\/uploads\/2022\/02\/alu-glas-balkon-in-gold-bei-wohnhausanlage-vivo-300x203.jpg 300w, https:\/\/www.leeb-balkone.com\/app\/uploads\/2022\/02\/alu-glas-balkon-in-gold-bei-wohnhausanlage-vivo-768x519.jpg 768w, https:\/\/www.leeb-balkone.com\/app\/uploads\/2022\/02\/alu-glas-balkon-in-gold-bei-wohnhausanlage-vivo-1536x1037.jpg 1536w, https:\/\/www.leeb-balkone.com\/app\/uploads\/2022\/02\/alu-glas-balkon-in-gold-bei-wohnhausanlage-vivo-2048x1383.jpg 2048w, https:\/\/www.leeb-balkone.com\/app\/uploads\/2022\/02\/alu-glas-balkon-in-gold-bei-wohnhausanlage-vivo-400x270.jpg 400w\" sizes=\"auto, (min-width: 1200px) 1024px, (min-width: 1024px) 768px, (min-width: 640px) 768px, 768px\" \/>              <\/figure>\n\n                          <\/a>\n      \n  \n<\/div>\n\n        <div class=\"b-cards__item\">\n\n        <a data-src=\"https:\/\/www.leeb-balkone.com\/app\/uploads\/2024\/06\/alu-balkon-wohnungswirtschaft-12-1536x1025.jpg\" data-thumb=\"https:\/\/www.leeb-balkone.com\/app\/uploads\/2024\/06\/alu-balkon-wohnungswirtschaft-12-300x200.jpg\" class=\"hasHover dark\">\n        \n      <figure>\n                 <img loading=\"lazy\" decoding=\"async\" width=\"1024\" height=\"683\" src=\"https:\/\/www.leeb-balkone.com\/app\/uploads\/2024\/06\/alu-balkon-wohnungswirtschaft-12-1024x683.jpg\" class=\"attachment-large size-large\" alt=\"alu balkon wohnungswirtschaft 12\" srcset=\"https:\/\/www.leeb-balkone.com\/app\/uploads\/2024\/06\/alu-balkon-wohnungswirtschaft-12-1024x683.jpg 1024w, https:\/\/www.leeb-balkone.com\/app\/uploads\/2024\/06\/alu-balkon-wohnungswirtschaft-12-300x200.jpg 300w, https:\/\/www.leeb-balkone.com\/app\/uploads\/2024\/06\/alu-balkon-wohnungswirtschaft-12-768x512.jpg 768w, https:\/\/www.leeb-balkone.com\/app\/uploads\/2024\/06\/alu-balkon-wohnungswirtschaft-12-1536x1025.jpg 1536w, https:\/\/www.leeb-balkone.com\/app\/uploads\/2024\/06\/alu-balkon-wohnungswirtschaft-12-2048x1366.jpg 2048w\" sizes=\"auto, (min-width: 1200px) 1024px, (min-width: 1024px) 768px, (min-width: 640px) 768px, 768px\" \/>              <\/figure>\n\n                          <\/a>\n      \n  \n<\/div>\n\n        <div class=\"b-cards__item\">\n\n        <a data-src=\"https:\/\/www.leeb-balkone.com\/app\/uploads\/2024\/06\/alu-balkon-wohnungswirtschaft-8-1536x1025.jpg\" data-thumb=\"https:\/\/www.leeb-balkone.com\/app\/uploads\/2024\/06\/alu-balkon-wohnungswirtschaft-8-300x200.jpg\" class=\"hasHover dark\">\n        \n      <figure>\n                 <img loading=\"lazy\" decoding=\"async\" width=\"1024\" height=\"683\" src=\"https:\/\/www.leeb-balkone.com\/app\/uploads\/2024\/06\/alu-balkon-wohnungswirtschaft-8-1024x683.jpg\" class=\"attachment-large size-large\" alt=\"alu balkon wohnungswirtschaft 8\" srcset=\"https:\/\/www.leeb-balkone.com\/app\/uploads\/2024\/06\/alu-balkon-wohnungswirtschaft-8-1024x683.jpg 1024w, https:\/\/www.leeb-balkone.com\/app\/uploads\/2024\/06\/alu-balkon-wohnungswirtschaft-8-300x200.jpg 300w, https:\/\/www.leeb-balkone.com\/app\/uploads\/2024\/06\/alu-balkon-wohnungswirtschaft-8-768x512.jpg 768w, https:\/\/www.leeb-balkone.com\/app\/uploads\/2024\/06\/alu-balkon-wohnungswirtschaft-8-1536x1025.jpg 1536w, https:\/\/www.leeb-balkone.com\/app\/uploads\/2024\/06\/alu-balkon-wohnungswirtschaft-8-2048x1366.jpg 2048w\" sizes=\"auto, (min-width: 1200px) 1024px, (min-width: 1024px) 768px, (min-width: 640px) 768px, 768px\" \/>              <\/figure>\n\n                          <\/a>\n      \n  \n<\/div>\n\n    <\/div>\n\n<\/div><\/div><\/div><\/div>\n\n\n\n<div class=\"wp-block-cgb-t3-container-block none\" style=\"background-color:none\"><div class=\"grid-container\"><div class=\"grid-x\"><div class=\"cell small-12 medium-9 large-0 medium-offset-1 b-has-lsmb\">\n<h2 class=\"wp-block-heading\">Effiziente Zusammenarbeit und schnelle Umsetzung<\/h2>\n\n\n\n<p>Die Bauphase zeichnete sich durch eine besonders effiziente Zusammenarbeit aus. In enger Abstimmung zwischen Leeb und dem Hersteller der Betonfertigteile wurden bereits in der Planung Halfenschienen integriert. Diese vorinstallierten Befestigungsm\u00f6glichkeiten, kombiniert mit den statischen Vorteilen des ALU-Balkonmodell VISION, erm\u00f6glichten eine Montage der Bauteile in Rekordzeit. Der angepasste Prozess spiegelte sich auch in einer erheblichen Reduktion der Baukosten und einer Optimierung der Baustellenabl\u00e4ufe wider.<\/p>\n\n\n\n<h2 class=\"wp-block-heading\">Erfolgreiche Kooperation und beeindruckende Ergebnisse<\/h2>\n\n\n\n<p>Dieses Projekt unterstreicht die Bedeutung einer nahtlosen Zusammenarbeit zwischen Architektur, Planung und ausf\u00fchrenden Unternehmen. Die Spezialisten der Firma Leeb spielten dabei eine zentrale Rolle und trugen stark zum Erfolg bei. Eine harmonische Integration von Design, Funktionalit\u00e4t und Sicherheit zeigt, wie durchdachte Planung und innovative L\u00f6sungen zu beeindruckenden Ergebnissen f\u00fchren k\u00f6nnen.<\/p>\n\n\n\n<p>VIVO Wohnen an der Uni Regensburg steht nicht nur f\u00fcr modernen <a href=\"https:\/\/www.leeb-balkone.com\/at\/wohnungswirtschaft\/\">Objektbau<\/a>, sondern zeigt auch, dass Europas Marktf\u00fchrer nahezu jedes Gro\u00dfprojekt bestm\u00f6glich realisieren kann. <a href=\"https:\/\/www.leeb-balkone.com\/at\/anbaubalkone\/\">Leeb-Balkonsysteme<\/a> machen den Lebensraum Balkon f\u00fcr fast jeden Haustyp m\u00f6glich. Unser wartungsfreies Aluminium bietet entscheidende Vorteile gegen\u00fcber Stahlbalkonen. Die etwas h\u00f6heren Anschaffungskosten amortisieren sich schnell, da keine regelm\u00e4\u00dfigen Wartungsarbeiten wie Streichen oder Austauschen von defekten Bauteilen erforderlich sind.<\/p>\n<\/div><\/div><\/div><\/div>\n<\/section>\n","protected":false},"excerpt":{"rendered":"<p>Innovative Planung und Zusammenarbeit im Objektbau!<\/p>\n","protected":false},"author":3,"featured_media":68649,"comment_status":"closed","ping_status":"open","sticky":false,"template":"template-onepager.blade.php","format":"standard","meta":{"_acf_changed":false,"footnotes":""},"categories":[166,162,155,163],"tags":[],"post_folder":[],"class_list":["post-138851","post","type-post","status-publish","format-standard","has-post-thumbnail","hentry","category-aktuelles-zu-leeb-balkone","category-balkonbau-mit-leeb","category-nachhaltigkeit-oekologie","category-technik-innovation"],"acf":[],"yoast_head":"<!-- This site is optimized with the Yoast SEO plugin v27.2 - https:\/\/yoast.com\/product\/yoast-seo-wordpress\/ -->\n<title>Vorstellung Gro\u00dfprojekt: VIVO Wohnen an der Uni Regensburg \u00d6sterreich<\/title>\n<meta name=\"description\" content=\"VIVO Wohnen an der Uni Regensburg zeigt, wie durch innovative Planung und Zusammenarbeit im Bauwesen herausragende Ergebnisse erzielt werden.\" \/>\n<meta name=\"robots\" content=\"index, follow, max-snippet:-1, max-image-preview:large, max-video-preview:-1\" \/>\n<meta property=\"og:locale\" content=\"de_DE\" \/>\n<meta property=\"og:type\" content=\"article\" \/>\n<meta property=\"og:title\" content=\"Energetische Sanierung als Gelegenheit zu Balkonsanierung\" \/>\n<meta property=\"og:description\" content=\"Energetische Sanierung als Gelegenheit zu Balkonsanierung und Anbaubalkon. Beratungstermin vor Ort \u2013 unverbindlich und kostenlos! Leeb Balkone.\" \/>\n<meta property=\"og:url\" content=\"https:\/\/www.leeb-balkone.com\/at\/blog\/vivo-wohnen-an-der-uni-regensburg\/\" \/>\n<meta property=\"og:site_name\" content=\"Leeb Balkone\" \/>\n<meta property=\"article:publisher\" content=\"https:\/\/www.facebook.com\/balkone\/\" \/>\n<meta property=\"article:published_time\" content=\"2024-05-31T16:34:40+00:00\" \/>\n<meta property=\"article:modified_time\" content=\"2025-09-17T13:41:45+00:00\" \/>\n<meta property=\"og:image\" content=\"https:\/\/www.leeb-balkone.com\/app\/uploads\/2020\/07\/anbaubalkon-mit-stuetzen-49-1024x683.jpg\" \/>\n<meta name=\"author\" content=\"jbacher\" \/>\n<meta name=\"twitter:card\" content=\"summary_large_image\" \/>\n<script type=\"application\/ld+json\" class=\"yoast-schema-graph\">{\"@context\":\"https:\/\/schema.org\",\"@graph\":[{\"@type\":\"Article\",\"@id\":\"https:\/\/www.leeb-balkone.com\/at\/blog\/vivo-wohnen-an-der-uni-regensburg\/#article\",\"isPartOf\":{\"@id\":\"https:\/\/www.leeb-balkone.com\/at\/blog\/vivo-wohnen-an-der-uni-regensburg\/\"},\"author\":{\"name\":\"jbacher\",\"@id\":\"https:\/\/www.leeb-balkone.com\/at\/#\/schema\/person\/15f1f398efcf4703721e46c2136421fa\"},\"headline\":\"Vorstellung Gro\u00dfprojekt: VIVO Wohnen an der Uni Regensburg\",\"datePublished\":\"2024-05-31T16:34:40+00:00\",\"dateModified\":\"2025-09-17T13:41:45+00:00\",\"mainEntityOfPage\":{\"@id\":\"https:\/\/www.leeb-balkone.com\/at\/blog\/vivo-wohnen-an-der-uni-regensburg\/\"},\"wordCount\":370,\"publisher\":{\"@id\":\"https:\/\/www.leeb-balkone.com\/at\/#organization\"},\"image\":{\"@id\":\"https:\/\/www.leeb-balkone.com\/at\/blog\/vivo-wohnen-an-der-uni-regensburg\/#primaryimage\"},\"thumbnailUrl\":\"https:\/\/www.leeb-balkone.com\/app\/uploads\/2022\/02\/glas-alu-balkongelaender-vivo-goldbalkon-grossprojekt7832-scaled.jpg\",\"articleSection\":[\"Aktuelles zu Leeb Balkone\",\"Balkonbau mit Leeb\",\"Nachhaltigkeit &amp; \u00d6kologie\",\"Technik &amp; Innovation\"],\"inLanguage\":\"de-AT\"},{\"@type\":\"WebPage\",\"@id\":\"https:\/\/www.leeb-balkone.com\/at\/blog\/vivo-wohnen-an-der-uni-regensburg\/\",\"url\":\"https:\/\/www.leeb-balkone.com\/at\/blog\/vivo-wohnen-an-der-uni-regensburg\/\",\"name\":\"Vorstellung Gro\u00dfprojekt: VIVO Wohnen an der Uni Regensburg\",\"isPartOf\":{\"@id\":\"https:\/\/www.leeb-balkone.com\/at\/#website\"},\"primaryImageOfPage\":{\"@id\":\"https:\/\/www.leeb-balkone.com\/at\/blog\/vivo-wohnen-an-der-uni-regensburg\/#primaryimage\"},\"image\":{\"@id\":\"https:\/\/www.leeb-balkone.com\/at\/blog\/vivo-wohnen-an-der-uni-regensburg\/#primaryimage\"},\"thumbnailUrl\":\"https:\/\/www.leeb-balkone.com\/app\/uploads\/2022\/02\/glas-alu-balkongelaender-vivo-goldbalkon-grossprojekt7832-scaled.jpg\",\"datePublished\":\"2024-05-31T16:34:40+00:00\",\"dateModified\":\"2025-09-17T13:41:45+00:00\",\"description\":\"VIVO Wohnen an der Uni Regensburg zeigt, wie durch innovative Planung und Zusammenarbeit im Bauwesen herausragende Ergebnisse erzielt werden.\",\"breadcrumb\":{\"@id\":\"https:\/\/www.leeb-balkone.com\/at\/blog\/vivo-wohnen-an-der-uni-regensburg\/#breadcrumb\"},\"inLanguage\":\"de-AT\",\"potentialAction\":[{\"@type\":\"ReadAction\",\"target\":[\"https:\/\/www.leeb-balkone.com\/at\/blog\/vivo-wohnen-an-der-uni-regensburg\/\"]}]},{\"@type\":\"ImageObject\",\"inLanguage\":\"de-AT\",\"@id\":\"https:\/\/www.leeb-balkone.com\/at\/blog\/vivo-wohnen-an-der-uni-regensburg\/#primaryimage\",\"url\":\"https:\/\/www.leeb-balkone.com\/app\/uploads\/2022\/02\/glas-alu-balkongelaender-vivo-goldbalkon-grossprojekt7832-scaled.jpg\",\"contentUrl\":\"https:\/\/www.leeb-balkone.com\/app\/uploads\/2022\/02\/glas-alu-balkongelaender-vivo-goldbalkon-grossprojekt7832-scaled.jpg\",\"width\":2560,\"height\":1709},{\"@type\":\"BreadcrumbList\",\"@id\":\"https:\/\/www.leeb-balkone.com\/at\/blog\/vivo-wohnen-an-der-uni-regensburg\/#breadcrumb\",\"itemListElement\":[{\"@type\":\"ListItem\",\"position\":1,\"name\":\"Home\",\"item\":\"https:\/\/www.leeb-balkone.com\/at\/\"},{\"@type\":\"ListItem\",\"position\":2,\"name\":\"Vorstellung Gro\u00dfprojekt: VIVO Wohnen an der Uni Regensburg\"}]},{\"@type\":\"WebSite\",\"@id\":\"https:\/\/www.leeb-balkone.com\/at\/#website\",\"url\":\"https:\/\/www.leeb-balkone.com\/at\/\",\"name\":\"Leeb Balkone\",\"description\":\"Balkone und Z\u00e4une\",\"publisher\":{\"@id\":\"https:\/\/www.leeb-balkone.com\/at\/#organization\"},\"potentialAction\":[{\"@type\":\"SearchAction\",\"target\":{\"@type\":\"EntryPoint\",\"urlTemplate\":\"https:\/\/www.leeb-balkone.com\/at\/?s={search_term_string}\"},\"query-input\":{\"@type\":\"PropertyValueSpecification\",\"valueRequired\":true,\"valueName\":\"search_term_string\"}}],\"inLanguage\":\"de-AT\"},{\"@type\":\"Organization\",\"@id\":\"https:\/\/www.leeb-balkone.com\/at\/#organization\",\"name\":\"Leeb Balkone Gmbh\",\"url\":\"https:\/\/www.leeb-balkone.com\/at\/\",\"logo\":{\"@type\":\"ImageObject\",\"inLanguage\":\"de-AT\",\"@id\":\"https:\/\/www.leeb-balkone.com\/at\/#\/schema\/logo\/image\/\",\"url\":\"https:\/\/www.leeb-balkone.com\/app\/uploads\/2020\/11\/leeb-logo.svg\",\"contentUrl\":\"https:\/\/www.leeb-balkone.com\/app\/uploads\/2020\/11\/leeb-logo.svg\",\"width\":741,\"height\":204,\"caption\":\"Leeb Balkone Gmbh\"},\"image\":{\"@id\":\"https:\/\/www.leeb-balkone.com\/at\/#\/schema\/logo\/image\/\"},\"sameAs\":[\"https:\/\/www.facebook.com\/balkone\/\",\"https:\/\/www.trustedshops.at\/bewertung\/info_X4587CCF5833E31AFE0B11F47D86999F2.html\",\"https:\/\/www.trustedshops.de\/bewertung\/info_X7BA536A7A0BDC86D36C4718E4DCAEEEF.html\",\"https:\/\/www.google.com\/maps\/place\/?q=place_id:ChIJ5-zH19-IcEcR9HonWRTllHI\"]},{\"@type\":\"Person\",\"@id\":\"https:\/\/www.leeb-balkone.com\/at\/#\/schema\/person\/15f1f398efcf4703721e46c2136421fa\",\"name\":\"jbacher\"}]}<\/script>\n<!-- \/ Yoast SEO plugin. -->","yoast_head_json":{"title":"Vorstellung Gro\u00dfprojekt: VIVO Wohnen an der Uni Regensburg \u00d6sterreich","description":"VIVO Wohnen an der Uni Regensburg zeigt, wie durch innovative Planung und Zusammenarbeit im Bauwesen herausragende Ergebnisse erzielt werden.","robots":{"index":"index","follow":"follow","max-snippet":"max-snippet:-1","max-image-preview":"max-image-preview:large","max-video-preview":"max-video-preview:-1"},"og_locale":"de_DE","og_type":"article","og_title":"Energetische Sanierung als Gelegenheit zu Balkonsanierung","og_description":"Energetische Sanierung als Gelegenheit zu Balkonsanierung und Anbaubalkon. Beratungstermin vor Ort \u2013 unverbindlich und kostenlos! Leeb Balkone.","og_url":"https:\/\/www.leeb-balkone.com\/at\/blog\/vivo-wohnen-an-der-uni-regensburg\/","og_site_name":"Leeb Balkone","article_publisher":"https:\/\/www.facebook.com\/balkone\/","article_published_time":"2024-05-31T16:34:40+00:00","article_modified_time":"2025-09-17T13:41:45+00:00","og_image":[{"url":"https:\/\/www.leeb-balkone.com\/app\/uploads\/2020\/07\/anbaubalkon-mit-stuetzen-49-1024x683.jpg","type":"","width":"","height":""}],"author":"jbacher","twitter_card":"summary_large_image","schema":{"@context":"https:\/\/schema.org","@graph":[{"@type":"Article","@id":"https:\/\/www.leeb-balkone.com\/at\/blog\/vivo-wohnen-an-der-uni-regensburg\/#article","isPartOf":{"@id":"https:\/\/www.leeb-balkone.com\/at\/blog\/vivo-wohnen-an-der-uni-regensburg\/"},"author":{"name":"jbacher","@id":"https:\/\/www.leeb-balkone.com\/at\/#\/schema\/person\/15f1f398efcf4703721e46c2136421fa"},"headline":"Vorstellung Gro\u00dfprojekt: VIVO Wohnen an der Uni Regensburg","datePublished":"2024-05-31T16:34:40+00:00","dateModified":"2025-09-17T13:41:45+00:00","mainEntityOfPage":{"@id":"https:\/\/www.leeb-balkone.com\/at\/blog\/vivo-wohnen-an-der-uni-regensburg\/"},"wordCount":370,"publisher":{"@id":"https:\/\/www.leeb-balkone.com\/at\/#organization"},"image":{"@id":"https:\/\/www.leeb-balkone.com\/at\/blog\/vivo-wohnen-an-der-uni-regensburg\/#primaryimage"},"thumbnailUrl":"https:\/\/www.leeb-balkone.com\/app\/uploads\/2022\/02\/glas-alu-balkongelaender-vivo-goldbalkon-grossprojekt7832-scaled.jpg","articleSection":["Aktuelles zu Leeb Balkone","Balkonbau mit Leeb","Nachhaltigkeit &amp; \u00d6kologie","Technik &amp; Innovation"],"inLanguage":"de-AT"},{"@type":"WebPage","@id":"https:\/\/www.leeb-balkone.com\/at\/blog\/vivo-wohnen-an-der-uni-regensburg\/","url":"https:\/\/www.leeb-balkone.com\/at\/blog\/vivo-wohnen-an-der-uni-regensburg\/","name":"Vorstellung Gro\u00dfprojekt: VIVO Wohnen an der Uni Regensburg","isPartOf":{"@id":"https:\/\/www.leeb-balkone.com\/at\/#website"},"primaryImageOfPage":{"@id":"https:\/\/www.leeb-balkone.com\/at\/blog\/vivo-wohnen-an-der-uni-regensburg\/#primaryimage"},"image":{"@id":"https:\/\/www.leeb-balkone.com\/at\/blog\/vivo-wohnen-an-der-uni-regensburg\/#primaryimage"},"thumbnailUrl":"https:\/\/www.leeb-balkone.com\/app\/uploads\/2022\/02\/glas-alu-balkongelaender-vivo-goldbalkon-grossprojekt7832-scaled.jpg","datePublished":"2024-05-31T16:34:40+00:00","dateModified":"2025-09-17T13:41:45+00:00","description":"VIVO Wohnen an der Uni Regensburg zeigt, wie durch innovative Planung und Zusammenarbeit im Bauwesen herausragende Ergebnisse erzielt werden.","breadcrumb":{"@id":"https:\/\/www.leeb-balkone.com\/at\/blog\/vivo-wohnen-an-der-uni-regensburg\/#breadcrumb"},"inLanguage":"de-AT","potentialAction":[{"@type":"ReadAction","target":["https:\/\/www.leeb-balkone.com\/at\/blog\/vivo-wohnen-an-der-uni-regensburg\/"]}]},{"@type":"ImageObject","inLanguage":"de-AT","@id":"https:\/\/www.leeb-balkone.com\/at\/blog\/vivo-wohnen-an-der-uni-regensburg\/#primaryimage","url":"https:\/\/www.leeb-balkone.com\/app\/uploads\/2022\/02\/glas-alu-balkongelaender-vivo-goldbalkon-grossprojekt7832-scaled.jpg","contentUrl":"https:\/\/www.leeb-balkone.com\/app\/uploads\/2022\/02\/glas-alu-balkongelaender-vivo-goldbalkon-grossprojekt7832-scaled.jpg","width":2560,"height":1709},{"@type":"BreadcrumbList","@id":"https:\/\/www.leeb-balkone.com\/at\/blog\/vivo-wohnen-an-der-uni-regensburg\/#breadcrumb","itemListElement":[{"@type":"ListItem","position":1,"name":"Home","item":"https:\/\/www.leeb-balkone.com\/at\/"},{"@type":"ListItem","position":2,"name":"Vorstellung Gro\u00dfprojekt: VIVO Wohnen an der Uni Regensburg"}]},{"@type":"WebSite","@id":"https:\/\/www.leeb-balkone.com\/at\/#website","url":"https:\/\/www.leeb-balkone.com\/at\/","name":"Leeb Balkone","description":"Balkone und Z\u00e4une","publisher":{"@id":"https:\/\/www.leeb-balkone.com\/at\/#organization"},"potentialAction":[{"@type":"SearchAction","target":{"@type":"EntryPoint","urlTemplate":"https:\/\/www.leeb-balkone.com\/at\/?s={search_term_string}"},"query-input":{"@type":"PropertyValueSpecification","valueRequired":true,"valueName":"search_term_string"}}],"inLanguage":"de-AT"},{"@type":"Organization","@id":"https:\/\/www.leeb-balkone.com\/at\/#organization","name":"Leeb Balkone Gmbh","url":"https:\/\/www.leeb-balkone.com\/at\/","logo":{"@type":"ImageObject","inLanguage":"de-AT","@id":"https:\/\/www.leeb-balkone.com\/at\/#\/schema\/logo\/image\/","url":"https:\/\/www.leeb-balkone.com\/app\/uploads\/2020\/11\/leeb-logo.svg","contentUrl":"https:\/\/www.leeb-balkone.com\/app\/uploads\/2020\/11\/leeb-logo.svg","width":741,"height":204,"caption":"Leeb Balkone Gmbh"},"image":{"@id":"https:\/\/www.leeb-balkone.com\/at\/#\/schema\/logo\/image\/"},"sameAs":["https:\/\/www.facebook.com\/balkone\/","https:\/\/www.trustedshops.at\/bewertung\/info_X4587CCF5833E31AFE0B11F47D86999F2.html","https:\/\/www.trustedshops.de\/bewertung\/info_X7BA536A7A0BDC86D36C4718E4DCAEEEF.html","https:\/\/www.google.com\/maps\/place\/?q=place_id:ChIJ5-zH19-IcEcR9HonWRTllHI"]},{"@type":"Person","@id":"https:\/\/www.leeb-balkone.com\/at\/#\/schema\/person\/15f1f398efcf4703721e46c2136421fa","name":"jbacher"}]}},"_links":{"self":[{"href":"https:\/\/www.leeb-balkone.com\/at\/wp-json\/wp\/v2\/posts\/138851","targetHints":{"allow":["GET"]}}],"collection":[{"href":"https:\/\/www.leeb-balkone.com\/at\/wp-json\/wp\/v2\/posts"}],"about":[{"href":"https:\/\/www.leeb-balkone.com\/at\/wp-json\/wp\/v2\/types\/post"}],"author":[{"embeddable":true,"href":"https:\/\/www.leeb-balkone.com\/at\/wp-json\/wp\/v2\/users\/3"}],"replies":[{"embeddable":true,"href":"https:\/\/www.leeb-balkone.com\/at\/wp-json\/wp\/v2\/comments?post=138851"}],"version-history":[{"count":2,"href":"https:\/\/www.leeb-balkone.com\/at\/wp-json\/wp\/v2\/posts\/138851\/revisions"}],"predecessor-version":[{"id":156398,"href":"https:\/\/www.leeb-balkone.com\/at\/wp-json\/wp\/v2\/posts\/138851\/revisions\/156398"}],"wp:featuredmedia":[{"embeddable":true,"href":"https:\/\/www.leeb-balkone.com\/at\/wp-json\/wp\/v2\/media\/68649"}],"wp:attachment":[{"href":"https:\/\/www.leeb-balkone.com\/at\/wp-json\/wp\/v2\/media?parent=138851"}],"wp:term":[{"taxonomy":"category","embeddable":true,"href":"https:\/\/www.leeb-balkone.com\/at\/wp-json\/wp\/v2\/categories?post=138851"},{"taxonomy":"post_tag","embeddable":true,"href":"https:\/\/www.leeb-balkone.com\/at\/wp-json\/wp\/v2\/tags?post=138851"},{"taxonomy":"post_folder","embeddable":true,"href":"https:\/\/www.leeb-balkone.com\/at\/wp-json\/wp\/v2\/post_folder?post=138851"}],"curies":[{"name":"wp","href":"https:\/\/api.w.org\/{rel}","templated":true}]}}