{"id":134052,"date":"2023-11-21T16:04:31","date_gmt":"2023-11-21T16:04:31","guid":{"rendered":"https:\/\/www.leeb-balkone.com\/de\/blog\/"},"modified":"2026-01-13T10:04:29","modified_gmt":"2026-01-13T10:04:29","slug":"leeb-balkone-setzt-auf-frauenpower-innovation-nachhaltigkeit","status":"publish","type":"post","link":"https:\/\/www.leeb-balkone.com\/at\/blog\/leeb-balkone-setzt-auf-frauenpower-innovation-nachhaltigkeit\/","title":{"rendered":"Leeb Balkone setzt auf Frauenpower, Innovation &amp; Nachhaltigkeit"},"content":{"rendered":"<header class=\"wp-block-group alignfull t3-header u-max-wide t3-header-text has-white-background-color has-background has-global-padding is-layout-constrained wp-block-group-is-layout-constrained\">\n    <div class=\"wp-block-group o-grid u-md-1 u-sm-1 is-layout-flow wp-block-group-is-layout-flow\">\n  <div class=\"wp-block-group u-g-10 u-g-s-2\">\n      <div class=\"yoast-breadcrumbs\"><span><span><a href=\"https:\/\/www.leeb-balkone.com\/at\/\">Home<\/a><\/span><\/span><\/div>\n      \n    <h1>Leeb Balkone setzt auf Frauenpower, Innovation &amp; Nachhaltigkeit<\/h1>\n  <\/div>\n<\/div>\n  <\/header>\n\n\n\n\n\n<section class=\"wp-block-cgb-t3-section-block alignfull b-pt-small b-pb-none is-style-bg-white\" style=\"display:inherit;min-height:inherit\">\n<div class=\"wp-block-cgb-t3-container-block none\" style=\"background-color:none\"><div class=\"grid-container\"><div class=\"grid-x\"><div class=\"cell small-12 medium-9 large-0 medium-offset-1 b-has-lsmb\">\n<p><span class=\"teaser\">Das K\u00e4rntner Traditionsunternehmen &#8220;Leeb Balkone&#8221; blickt auf ein erfolgreiches Jahr zur\u00fcck. Damit der Trend anh\u00e4lt, setzt das Gnesauer Werk auf innovative und nachhaltige Produkte. Doch auch beim Frauenanteil hat man die Nase vorne: weit \u00fcberdurchschnittlich viele Lehrlinge bei Leeb sind weiblich<\/span>.<\/p>\n<\/div><\/div><\/div><\/div>\n\n\n\n<div class=\"wp-block-cgb-t3-container-block none\" style=\"background-color:none\"><div class=\"grid-container\"><div class=\"grid-x\"><div class=\"cell small-12 medium-0 large-0\"><div id=\"lightgallery-block_acf-block-68cabbd1c18c2\" data-block_acf-block-68cabbd1c18c2 class=\"has-1-imgs b-cards b-cards--gallery u-grid-temp has-1-cols u-md-2 u-sm-1 wp-block-group is-layout-grid wp-block-group-is-layout-grid gallery alignwide\">\n\n        <div class=\"b-cards__item\">\n\n        \n      <figure>\n                 <img loading=\"lazy\" decoding=\"async\" width=\"1536\" height=\"1151\" src=\"https:\/\/www.leeb-balkone.com\/app\/uploads\/2021\/02\/firma-leeb-balkone-zentrale-gnesau-1536x1151.jpg\" class=\"attachment-1536x1536 size-1536x1536\" alt=\"Die Firmenzentrale von Leeb Balkone in Gnesau in K\u00e4rnten\" srcset=\"https:\/\/www.leeb-balkone.com\/app\/uploads\/2021\/02\/firma-leeb-balkone-zentrale-gnesau-1536x1151.jpg 1536w, https:\/\/www.leeb-balkone.com\/app\/uploads\/2021\/02\/firma-leeb-balkone-zentrale-gnesau-300x225.jpg 300w, https:\/\/www.leeb-balkone.com\/app\/uploads\/2021\/02\/firma-leeb-balkone-zentrale-gnesau-1024x767.jpg 1024w, https:\/\/www.leeb-balkone.com\/app\/uploads\/2021\/02\/firma-leeb-balkone-zentrale-gnesau-768x575.jpg 768w, https:\/\/www.leeb-balkone.com\/app\/uploads\/2021\/02\/firma-leeb-balkone-zentrale-gnesau-2048x1535.jpg 2048w\" sizes=\"auto, (min-width: 1200px) 100vw, (min-width: 1024px) 1536px, (min-width: 640px) 768px, 768px\" \/>              <\/figure>\n\n                  \n        <div class=\"caption\">\n                      <\/div>\n  \n<\/div>\n\n    <\/div>\n\n<\/div><\/div><\/div><\/div>\n\n\n\n<div class=\"wp-block-group is-layout-flow wp-block-group-is-layout-flow\">\n<div class=\"wp-block-cgb-t3-container-block none\" style=\"background-color:none\"><div class=\"grid-container\"><div class=\"grid-x\"><div class=\"cell small-12 medium-9 large-0 medium-offset-1\">\n<p>Als langj\u00e4hriges Familienunternehmen in vierter Generation setzt Leeb Balkone vorwiegend auf die regionale Wertsch\u00f6pfung und ist Arbeitsplatz f\u00fcr rund 250 Mitarbeiter:innen. Pro Jahr verlassen mehr als 70.000 Laufmeter Balkone, Z\u00e4une, \u00dcberdachungen und Sommerg\u00e4rten aus einem Angebot von \u00fcber 300 Modellen das Werk in Gnesau.<\/p>\n\n\n\n<h2 class=\"wp-block-heading\">Photovoltaik im Trend<\/h2>\n\n\n\n<p>Mit Solar-Terrassen\u00fcberdachungen und Solar-Balkonen wurde bereits 2021 das Sortiment erg\u00e4nzt, es folgten Solar-Z\u00e4une und Solar-Carports. Diese attraktiven Energieb\u00fcndel sind mit sehr robusten und effizienten PV-Modulen ausgestattet und sorgen f\u00fcr eine hervorragende \u00d6ko-Bilanz. Die Nachfrage nach Solarprodukten wie etwa Balkonen, Z\u00e4unen und Terrassen- und Carport-\u00dcberdachungen mit integrierten PV-Modulen steigt. Das Thema Nachhaltigkeit flie\u00dft zunehmend in die Produktpalette ein. SOLEEB, die All-in-One-Solaranlage mit zwei Solarmodulen und einem Wechselrichter erweiterte in diesem Jahr das <a href=\"https:\/\/www.leeb-balkone.com\/de\/solar\/\">Solar Produktportfolio<\/a>.<\/p>\n\n\n\n<h2 class=\"wp-block-heading\">Balkonanbau erg\u00e4nzt Gel\u00e4nder, Zaun und \u00dcberdachung<\/h2>\n\n\n\n<p>Leeb Balkone f\u00fchrt nachtr\u00e4gliche <a href=\"https:\/\/www.leeb-balkone.com\/de\/anbaubalkone\/\">Balkonanbauten<\/a>, auch \u00fcber mehrere Stockwerke, aus. \u201eEinige Befestigungspunkte an der Fassade reichen meist aus, denn der Balkon steht auf St\u00fctzs\u00e4ulen\u201c, informiert Gesch\u00e4ftsf\u00fchrer Markus Leeb. Der selbsttragende Vorstellbalkon kann unabh\u00e4ngig von der Geb\u00e4ude-Statik angebracht werden und eignet sich auch f\u00fcr Mehrparteienh\u00e4user. Mit dem innovativen Leeb Anbau-Balkonsystem ist bei fast jedem Haus auch im Nachhinein ein Balkonanbau m\u00f6glich.<\/p>\n<\/div><\/div><\/div><\/div>\n<\/div>\n\n\n\n<div class=\"wp-block-cgb-t3-container-block none\" style=\"background-color:none\"><div class=\"grid-container\"><div class=\"grid-x\"><div class=\"cell small-12 medium-0 large-0\"><div id=\"lightgallery-block_acf-block-68cabbd1c18d3\" data-block_acf-block-68cabbd1c18d3 class=\"has-4-imgs b-cards b-cards--gallery u-grid-temp has-2-cols u-md-2 u-sm-1 wp-block-group is-layout-grid wp-block-group-is-layout-grid gallery alignwide\">\n\n        <div class=\"b-cards__item\">\n\n        <a data-src=\"https:\/\/www.leeb-balkone.com\/app\/uploads\/2023\/11\/Carport_Doppel_Solar-01-1536x1147.jpg\" data-thumb=\"https:\/\/www.leeb-balkone.com\/app\/uploads\/2023\/11\/Carport_Doppel_Solar-01-300x224.jpg\" class=\"hasHover dark\">\n        \n      <figure>\n                 <img loading=\"lazy\" decoding=\"async\" width=\"1024\" height=\"765\" src=\"https:\/\/www.leeb-balkone.com\/app\/uploads\/2023\/11\/Carport_Doppel_Solar-01-1024x765.jpg\" class=\"attachment-large size-large\" alt=\"Carport_Doppel_Solar 01\" srcset=\"https:\/\/www.leeb-balkone.com\/app\/uploads\/2023\/11\/Carport_Doppel_Solar-01-1024x765.jpg 1024w, https:\/\/www.leeb-balkone.com\/app\/uploads\/2023\/11\/Carport_Doppel_Solar-01-300x224.jpg 300w, https:\/\/www.leeb-balkone.com\/app\/uploads\/2023\/11\/Carport_Doppel_Solar-01-768x574.jpg 768w, https:\/\/www.leeb-balkone.com\/app\/uploads\/2023\/11\/Carport_Doppel_Solar-01-1536x1147.jpg 1536w, https:\/\/www.leeb-balkone.com\/app\/uploads\/2023\/11\/Carport_Doppel_Solar-01-2048x1529.jpg 2048w\" sizes=\"auto, (min-width: 1200px) 1024px, (min-width: 1024px) 768px, (min-width: 640px) 768px, 768px\" \/>              <\/figure>\n\n                          <\/a>\n      \n        <div class=\"caption\">\n                      <\/div>\n  \n<\/div>\n\n        <div class=\"b-cards__item\">\n\n        <a data-src=\"https:\/\/www.leeb-balkone.com\/app\/uploads\/2020\/08\/anbaubalkon-mit-stuetzen-vital-54-1536x1152.jpg\" data-thumb=\"https:\/\/www.leeb-balkone.com\/app\/uploads\/2020\/08\/anbaubalkon-mit-stuetzen-vital-54-300x225.jpg\" class=\"hasHover dark\">\n        \n      <figure>\n                 <img loading=\"lazy\" decoding=\"async\" width=\"1024\" height=\"768\" src=\"https:\/\/www.leeb-balkone.com\/app\/uploads\/2020\/08\/anbaubalkon-mit-stuetzen-vital-54-1024x768.jpg\" class=\"attachment-large size-large\" alt=\"anbaubalkon mit stuetzen vital 54\" srcset=\"https:\/\/www.leeb-balkone.com\/app\/uploads\/2020\/08\/anbaubalkon-mit-stuetzen-vital-54-1024x768.jpg 1024w, https:\/\/www.leeb-balkone.com\/app\/uploads\/2020\/08\/anbaubalkon-mit-stuetzen-vital-54-300x225.jpg 300w, https:\/\/www.leeb-balkone.com\/app\/uploads\/2020\/08\/anbaubalkon-mit-stuetzen-vital-54-768x576.jpg 768w, https:\/\/www.leeb-balkone.com\/app\/uploads\/2020\/08\/anbaubalkon-mit-stuetzen-vital-54-1536x1152.jpg 1536w, https:\/\/www.leeb-balkone.com\/app\/uploads\/2020\/08\/anbaubalkon-mit-stuetzen-vital-54-2048x1536.jpg 2048w\" sizes=\"auto, (min-width: 1200px) 1024px, (min-width: 1024px) 768px, (min-width: 640px) 768px, 768px\" \/>              <\/figure>\n\n                          <\/a>\n      \n        <div class=\"caption\">\n                      <\/div>\n  \n<\/div>\n\n        <div class=\"b-cards__item\">\n\n        <a data-src=\"https:\/\/www.leeb-balkone.com\/app\/uploads\/2023\/01\/Weihnachten-im-Schuhkarton-00-1536x1097.jpg\" data-thumb=\"https:\/\/www.leeb-balkone.com\/app\/uploads\/2023\/01\/Weihnachten-im-Schuhkarton-00-300x214.jpg\" class=\"hasHover dark\">\n        \n      <figure>\n                 <img loading=\"lazy\" decoding=\"async\" width=\"1024\" height=\"731\" src=\"https:\/\/www.leeb-balkone.com\/app\/uploads\/2023\/01\/Weihnachten-im-Schuhkarton-00-1024x731.jpg\" class=\"attachment-large size-large\" alt=\"Weihnachten im Schuhkarton 00\" srcset=\"https:\/\/www.leeb-balkone.com\/app\/uploads\/2023\/01\/Weihnachten-im-Schuhkarton-00-1024x731.jpg 1024w, https:\/\/www.leeb-balkone.com\/app\/uploads\/2023\/01\/Weihnachten-im-Schuhkarton-00-300x214.jpg 300w, https:\/\/www.leeb-balkone.com\/app\/uploads\/2023\/01\/Weihnachten-im-Schuhkarton-00-768x548.jpg 768w, https:\/\/www.leeb-balkone.com\/app\/uploads\/2023\/01\/Weihnachten-im-Schuhkarton-00-1536x1097.jpg 1536w, https:\/\/www.leeb-balkone.com\/app\/uploads\/2023\/01\/Weihnachten-im-Schuhkarton-00.jpg 2048w\" sizes=\"auto, (min-width: 1200px) 1024px, (min-width: 1024px) 768px, (min-width: 640px) 768px, 768px\" \/>              <\/figure>\n\n                          <\/a>\n      \n        <div class=\"caption\">\n                      <\/div>\n  \n<\/div>\n\n        <div class=\"b-cards__item\">\n\n        <a data-src=\"https:\/\/www.leeb-balkone.com\/app\/uploads\/2023\/11\/leeb-balkone-mitarbeiter-15-1536x1151.jpg\" data-thumb=\"https:\/\/www.leeb-balkone.com\/app\/uploads\/2023\/11\/leeb-balkone-mitarbeiter-15-300x225.jpg\" class=\"hasHover dark\">\n        \n      <figure>\n                 <img loading=\"lazy\" decoding=\"async\" width=\"1024\" height=\"767\" src=\"https:\/\/www.leeb-balkone.com\/app\/uploads\/2023\/11\/leeb-balkone-mitarbeiter-15-1024x767.jpg\" class=\"attachment-large size-large\" alt=\"leeb balkone mitarbeiter 15\" srcset=\"https:\/\/www.leeb-balkone.com\/app\/uploads\/2023\/11\/leeb-balkone-mitarbeiter-15-1024x767.jpg 1024w, https:\/\/www.leeb-balkone.com\/app\/uploads\/2023\/11\/leeb-balkone-mitarbeiter-15-300x225.jpg 300w, https:\/\/www.leeb-balkone.com\/app\/uploads\/2023\/11\/leeb-balkone-mitarbeiter-15-768x575.jpg 768w, https:\/\/www.leeb-balkone.com\/app\/uploads\/2023\/11\/leeb-balkone-mitarbeiter-15-1536x1151.jpg 1536w, https:\/\/www.leeb-balkone.com\/app\/uploads\/2023\/11\/leeb-balkone-mitarbeiter-15-2048x1535.jpg 2048w\" sizes=\"auto, (min-width: 1200px) 1024px, (min-width: 1024px) 768px, (min-width: 640px) 768px, 768px\" \/>              <\/figure>\n\n                          <\/a>\n      \n        <div class=\"caption\">\n                      <\/div>\n  \n<\/div>\n\n    <\/div>\n\n<\/div><\/div><\/div><\/div>\n\n\n\n<div class=\"wp-block-cgb-t3-container-block none\" style=\"background-color:none\"><div class=\"grid-container\"><div class=\"grid-x\"><div class=\"cell small-12 medium-9 large-0 medium-offset-1\">\n<p>Leeb in Bildern: Solar Carport, Balkonanbau, Geleebte Werte, Lehre bei Leeb<\/p>\n\n\n\n<h2 class=\"wp-block-heading\">Nachhaltig &amp; sozial<\/h2>\n\n\n\n<p>Neben der Verwendung von nachhaltigen Materialien und der Produktion von langlebigen Produkten setzt Leeb Balkone auch auf erneuerbare Energien. So wurde z.B. die Photovoltaikanlage auf den D\u00e4chern der Produktion gro\u00dffl\u00e4chig erweitert \u2013 und deckt bereits gut zwei Drittel des gesamten Strombedarfs ab. Leeb Balkone engagiert sich auch in zahlreichen sozialen Projekten und unterst\u00fctzt lokale Initiativen und arbeitet eng mit Schulen und anderen Bildungseinrichtungen zusammen. <a href=\"https:\/\/www.leeb-balkone.com\/de\/ueber-leeb\/\">Mehr erfahren \u00fcber Leeb<\/a>.<\/p>\n\n\n\n<h2 class=\"wp-block-heading\">Frauenpower im gut bezahlten Industriejob<\/h2>\n\n\n\n<p>F\u00fcr Jobsuchende mit unterschiedlichem Erfahrungsgrad gibt es eine Vielzahl von spannenden Positionen und Karrierem\u00f6glichkeiten in verschiedenen Bereichen wie Produktion, Montage, Vertrieb, Technik und Management. Doch vor allem Frauen sind in dieser M\u00e4nnerdom\u00e4ne auf dem Vormarsch. \u201eWir haben einen 25%-igen Frauenanteil, das ist in unserer Branche sehr hoch\u201c, ist Leeb stolz. Das liegt zum einen auch daran, dass der Betrieb eine eigene \u201eMamaschicht\u201c einf\u00fchrte, die sich flexibel an den Betreuungsaufgaben orientiert. Ann\u00e4hernd die H\u00e4lfte der Lehrlinge sind weiblich. \u201eSie werden unter anderem zu Metalltechnikerinnen ausgebildet. <a href=\"https:\/\/www.leeb-balkone.com\/de\/lehre-bei-leeb\/\">Lehrlinge sind bei uns immer willkommen!<\/a>\u201c, betont Markus Leeb.<\/p>\n\n\n\n<p><a href=\"https:\/\/www.leeb-balkone.com\/de\/karriere-bei-leeb\/\">Karriere bei Leeb<\/a><\/p>\n\n\n\n<p><\/p>\n\n\n\n<p><\/p>\n\n\n\n<p><\/p>\n<\/div><\/div><\/div><\/div>\n<\/section>\n","protected":false},"excerpt":{"rendered":"<p>Das K\u00e4rntner Traditionsunternehmen blickt auf ein erfolgreiches Jahr zur\u00fcck.<\/p>\n","protected":false},"author":4,"featured_media":24613,"comment_status":"closed","ping_status":"open","sticky":false,"template":"template-onepager.blade.php","format":"standard","meta":{"_acf_changed":false,"footnotes":""},"categories":[166,162,144,155,163],"tags":[],"post_folder":[],"class_list":["post-134052","post","type-post","status-publish","format-standard","has-post-thumbnail","hentry","category-aktuelles-zu-leeb-balkone","category-balkonbau-mit-leeb","category-garten-und-pflanzen","category-nachhaltigkeit-oekologie","category-technik-innovation"],"acf":[],"yoast_head":"<!-- This site is optimized with the Yoast SEO plugin v27.2 - https:\/\/yoast.com\/product\/yoast-seo-wordpress\/ -->\n<title>Leeb Balkone setzt auf Frauenpower, Innovation &amp; Nachhaltigkeit - Leeb Balkone \u00d6sterreich<\/title>\n<meta name=\"description\" content=\"Das K\u00e4rntner Traditionsunternehmen blickt auf ein erfolgreiches Jahr zur\u00fcck.\" \/>\n<meta name=\"robots\" content=\"index, follow, max-snippet:-1, max-image-preview:large, max-video-preview:-1\" \/>\n<meta property=\"og:locale\" content=\"de_DE\" \/>\n<meta property=\"og:type\" content=\"article\" \/>\n<meta property=\"og:title\" content=\"Herbstpflanzen f\u00fcr den Balkon\" \/>\n<meta property=\"og:description\" content=\"Der Herbst ist eine besondere Jahreszeit, in der die Natur sich noch einmal in ihren sch\u00f6nsten Farben zeigt. Erfahren Sie mehr \u00fcber die besten Herbstpflanzen f\u00fcr Ihren Balkon, wie Sie diese pflegen und gegebenenfalls winterfest machen.\" \/>\n<meta property=\"og:url\" content=\"https:\/\/www.leeb-balkone.com\/at\/blog\/leeb-balkone-setzt-auf-frauenpower-innovation-nachhaltigkeit\/\" \/>\n<meta property=\"og:site_name\" content=\"Leeb Balkone\" \/>\n<meta property=\"article:publisher\" content=\"https:\/\/www.facebook.com\/balkone\/\" \/>\n<meta property=\"article:published_time\" content=\"2023-11-21T16:04:31+00:00\" \/>\n<meta property=\"article:modified_time\" content=\"2026-01-13T10:04:29+00:00\" \/>\n<meta property=\"og:image\" content=\"https:\/\/www.leeb-balkone.com\/app\/uploads\/2022\/07\/terrassenbeschattung-scaled.jpg\" \/>\n\t<meta property=\"og:image:width\" content=\"2500\" \/>\n\t<meta property=\"og:image:height\" content=\"1519\" \/>\n\t<meta property=\"og:image:type\" content=\"image\/jpeg\" \/>\n<meta name=\"author\" content=\"Herbert Weichart\" \/>\n<meta name=\"twitter:card\" content=\"summary_large_image\" \/>\n<script type=\"application\/ld+json\" class=\"yoast-schema-graph\">{\"@context\":\"https:\/\/schema.org\",\"@graph\":[{\"@type\":\"Article\",\"@id\":\"https:\/\/www.leeb-balkone.com\/at\/blog\/leeb-balkone-setzt-auf-frauenpower-innovation-nachhaltigkeit\/#article\",\"isPartOf\":{\"@id\":\"https:\/\/www.leeb-balkone.com\/at\/blog\/leeb-balkone-setzt-auf-frauenpower-innovation-nachhaltigkeit\/\"},\"author\":{\"name\":\"Herbert Weichart\",\"@id\":\"https:\/\/www.leeb-balkone.com\/at\/#\/schema\/person\/dc2e2c82db329667ee507698e220238f\"},\"headline\":\"Leeb Balkone setzt auf Frauenpower, Innovation &amp; Nachhaltigkeit\",\"datePublished\":\"2023-11-21T16:04:31+00:00\",\"dateModified\":\"2026-01-13T10:04:29+00:00\",\"mainEntityOfPage\":{\"@id\":\"https:\/\/www.leeb-balkone.com\/at\/blog\/leeb-balkone-setzt-auf-frauenpower-innovation-nachhaltigkeit\/\"},\"wordCount\":455,\"publisher\":{\"@id\":\"https:\/\/www.leeb-balkone.com\/at\/#organization\"},\"image\":{\"@id\":\"https:\/\/www.leeb-balkone.com\/at\/blog\/leeb-balkone-setzt-auf-frauenpower-innovation-nachhaltigkeit\/#primaryimage\"},\"thumbnailUrl\":\"https:\/\/www.leeb-balkone.com\/app\/uploads\/2021\/02\/firma-leeb-balkone-zentrale-gnesau-scaled.jpg\",\"articleSection\":[\"Aktuelles zu Leeb Balkone\",\"Balkonbau mit Leeb\",\"Garten und Pflanzen\",\"Nachhaltigkeit &amp; \u00d6kologie\",\"Technik &amp; Innovation\"],\"inLanguage\":\"de-AT\"},{\"@type\":\"WebPage\",\"@id\":\"https:\/\/www.leeb-balkone.com\/at\/blog\/leeb-balkone-setzt-auf-frauenpower-innovation-nachhaltigkeit\/\",\"url\":\"https:\/\/www.leeb-balkone.com\/at\/blog\/leeb-balkone-setzt-auf-frauenpower-innovation-nachhaltigkeit\/\",\"name\":\"Leeb Balkone setzt auf Frauenpower, Innovation & Nachhaltigkeit - Leeb Balkone\",\"isPartOf\":{\"@id\":\"https:\/\/www.leeb-balkone.com\/at\/#website\"},\"primaryImageOfPage\":{\"@id\":\"https:\/\/www.leeb-balkone.com\/at\/blog\/leeb-balkone-setzt-auf-frauenpower-innovation-nachhaltigkeit\/#primaryimage\"},\"image\":{\"@id\":\"https:\/\/www.leeb-balkone.com\/at\/blog\/leeb-balkone-setzt-auf-frauenpower-innovation-nachhaltigkeit\/#primaryimage\"},\"thumbnailUrl\":\"https:\/\/www.leeb-balkone.com\/app\/uploads\/2021\/02\/firma-leeb-balkone-zentrale-gnesau-scaled.jpg\",\"datePublished\":\"2023-11-21T16:04:31+00:00\",\"dateModified\":\"2026-01-13T10:04:29+00:00\",\"description\":\"Das K\u00e4rntner Traditionsunternehmen blickt auf ein erfolgreiches Jahr zur\u00fcck.\",\"breadcrumb\":{\"@id\":\"https:\/\/www.leeb-balkone.com\/at\/blog\/leeb-balkone-setzt-auf-frauenpower-innovation-nachhaltigkeit\/#breadcrumb\"},\"inLanguage\":\"de-AT\",\"potentialAction\":[{\"@type\":\"ReadAction\",\"target\":[\"https:\/\/www.leeb-balkone.com\/at\/blog\/leeb-balkone-setzt-auf-frauenpower-innovation-nachhaltigkeit\/\"]}]},{\"@type\":\"ImageObject\",\"inLanguage\":\"de-AT\",\"@id\":\"https:\/\/www.leeb-balkone.com\/at\/blog\/leeb-balkone-setzt-auf-frauenpower-innovation-nachhaltigkeit\/#primaryimage\",\"url\":\"https:\/\/www.leeb-balkone.com\/app\/uploads\/2021\/02\/firma-leeb-balkone-zentrale-gnesau-scaled.jpg\",\"contentUrl\":\"https:\/\/www.leeb-balkone.com\/app\/uploads\/2021\/02\/firma-leeb-balkone-zentrale-gnesau-scaled.jpg\",\"width\":2560,\"height\":1918,\"caption\":\"Die Firmenzentrale von Leeb Balkone in Gnesau in K\u00e4rnten\"},{\"@type\":\"BreadcrumbList\",\"@id\":\"https:\/\/www.leeb-balkone.com\/at\/blog\/leeb-balkone-setzt-auf-frauenpower-innovation-nachhaltigkeit\/#breadcrumb\",\"itemListElement\":[{\"@type\":\"ListItem\",\"position\":1,\"name\":\"Home\",\"item\":\"https:\/\/www.leeb-balkone.com\/at\/\"},{\"@type\":\"ListItem\",\"position\":2,\"name\":\"Leeb Balkone setzt auf Frauenpower, Innovation &amp; Nachhaltigkeit\"}]},{\"@type\":\"WebSite\",\"@id\":\"https:\/\/www.leeb-balkone.com\/at\/#website\",\"url\":\"https:\/\/www.leeb-balkone.com\/at\/\",\"name\":\"Leeb Balkone\",\"description\":\"Balkone und Z\u00e4une\",\"publisher\":{\"@id\":\"https:\/\/www.leeb-balkone.com\/at\/#organization\"},\"potentialAction\":[{\"@type\":\"SearchAction\",\"target\":{\"@type\":\"EntryPoint\",\"urlTemplate\":\"https:\/\/www.leeb-balkone.com\/at\/?s={search_term_string}\"},\"query-input\":{\"@type\":\"PropertyValueSpecification\",\"valueRequired\":true,\"valueName\":\"search_term_string\"}}],\"inLanguage\":\"de-AT\"},{\"@type\":\"Organization\",\"@id\":\"https:\/\/www.leeb-balkone.com\/at\/#organization\",\"name\":\"Leeb Balkone Gmbh\",\"url\":\"https:\/\/www.leeb-balkone.com\/at\/\",\"logo\":{\"@type\":\"ImageObject\",\"inLanguage\":\"de-AT\",\"@id\":\"https:\/\/www.leeb-balkone.com\/at\/#\/schema\/logo\/image\/\",\"url\":\"https:\/\/www.leeb-balkone.com\/app\/uploads\/2020\/11\/leeb-logo.svg\",\"contentUrl\":\"https:\/\/www.leeb-balkone.com\/app\/uploads\/2020\/11\/leeb-logo.svg\",\"width\":741,\"height\":204,\"caption\":\"Leeb Balkone Gmbh\"},\"image\":{\"@id\":\"https:\/\/www.leeb-balkone.com\/at\/#\/schema\/logo\/image\/\"},\"sameAs\":[\"https:\/\/www.facebook.com\/balkone\/\",\"https:\/\/www.trustedshops.at\/bewertung\/info_X4587CCF5833E31AFE0B11F47D86999F2.html\",\"https:\/\/www.trustedshops.de\/bewertung\/info_X7BA536A7A0BDC86D36C4718E4DCAEEEF.html\",\"https:\/\/www.google.com\/maps\/place\/?q=place_id:ChIJ5-zH19-IcEcR9HonWRTllHI\"]},{\"@type\":\"Person\",\"@id\":\"https:\/\/www.leeb-balkone.com\/at\/#\/schema\/person\/dc2e2c82db329667ee507698e220238f\",\"name\":\"Herbert Weichart\"}]}<\/script>\n<!-- \/ Yoast SEO plugin. -->","yoast_head_json":{"title":"Leeb Balkone setzt auf Frauenpower, Innovation & Nachhaltigkeit - Leeb Balkone \u00d6sterreich","description":"Das K\u00e4rntner Traditionsunternehmen blickt auf ein erfolgreiches Jahr zur\u00fcck.","robots":{"index":"index","follow":"follow","max-snippet":"max-snippet:-1","max-image-preview":"max-image-preview:large","max-video-preview":"max-video-preview:-1"},"og_locale":"de_DE","og_type":"article","og_title":"Herbstpflanzen f\u00fcr den Balkon","og_description":"Der Herbst ist eine besondere Jahreszeit, in der die Natur sich noch einmal in ihren sch\u00f6nsten Farben zeigt. Erfahren Sie mehr \u00fcber die besten Herbstpflanzen f\u00fcr Ihren Balkon, wie Sie diese pflegen und gegebenenfalls winterfest machen.","og_url":"https:\/\/www.leeb-balkone.com\/at\/blog\/leeb-balkone-setzt-auf-frauenpower-innovation-nachhaltigkeit\/","og_site_name":"Leeb Balkone","article_publisher":"https:\/\/www.facebook.com\/balkone\/","article_published_time":"2023-11-21T16:04:31+00:00","article_modified_time":"2026-01-13T10:04:29+00:00","og_image":[{"width":2500,"height":1519,"url":"https:\/\/www.leeb-balkone.com\/app\/uploads\/2022\/07\/terrassenbeschattung-scaled.jpg","type":"image\/jpeg"}],"author":"Herbert Weichart","twitter_card":"summary_large_image","schema":{"@context":"https:\/\/schema.org","@graph":[{"@type":"Article","@id":"https:\/\/www.leeb-balkone.com\/at\/blog\/leeb-balkone-setzt-auf-frauenpower-innovation-nachhaltigkeit\/#article","isPartOf":{"@id":"https:\/\/www.leeb-balkone.com\/at\/blog\/leeb-balkone-setzt-auf-frauenpower-innovation-nachhaltigkeit\/"},"author":{"name":"Herbert Weichart","@id":"https:\/\/www.leeb-balkone.com\/at\/#\/schema\/person\/dc2e2c82db329667ee507698e220238f"},"headline":"Leeb Balkone setzt auf Frauenpower, Innovation &amp; Nachhaltigkeit","datePublished":"2023-11-21T16:04:31+00:00","dateModified":"2026-01-13T10:04:29+00:00","mainEntityOfPage":{"@id":"https:\/\/www.leeb-balkone.com\/at\/blog\/leeb-balkone-setzt-auf-frauenpower-innovation-nachhaltigkeit\/"},"wordCount":455,"publisher":{"@id":"https:\/\/www.leeb-balkone.com\/at\/#organization"},"image":{"@id":"https:\/\/www.leeb-balkone.com\/at\/blog\/leeb-balkone-setzt-auf-frauenpower-innovation-nachhaltigkeit\/#primaryimage"},"thumbnailUrl":"https:\/\/www.leeb-balkone.com\/app\/uploads\/2021\/02\/firma-leeb-balkone-zentrale-gnesau-scaled.jpg","articleSection":["Aktuelles zu Leeb Balkone","Balkonbau mit Leeb","Garten und Pflanzen","Nachhaltigkeit &amp; \u00d6kologie","Technik &amp; Innovation"],"inLanguage":"de-AT"},{"@type":"WebPage","@id":"https:\/\/www.leeb-balkone.com\/at\/blog\/leeb-balkone-setzt-auf-frauenpower-innovation-nachhaltigkeit\/","url":"https:\/\/www.leeb-balkone.com\/at\/blog\/leeb-balkone-setzt-auf-frauenpower-innovation-nachhaltigkeit\/","name":"Leeb Balkone setzt auf Frauenpower, Innovation & Nachhaltigkeit - Leeb Balkone","isPartOf":{"@id":"https:\/\/www.leeb-balkone.com\/at\/#website"},"primaryImageOfPage":{"@id":"https:\/\/www.leeb-balkone.com\/at\/blog\/leeb-balkone-setzt-auf-frauenpower-innovation-nachhaltigkeit\/#primaryimage"},"image":{"@id":"https:\/\/www.leeb-balkone.com\/at\/blog\/leeb-balkone-setzt-auf-frauenpower-innovation-nachhaltigkeit\/#primaryimage"},"thumbnailUrl":"https:\/\/www.leeb-balkone.com\/app\/uploads\/2021\/02\/firma-leeb-balkone-zentrale-gnesau-scaled.jpg","datePublished":"2023-11-21T16:04:31+00:00","dateModified":"2026-01-13T10:04:29+00:00","description":"Das K\u00e4rntner Traditionsunternehmen blickt auf ein erfolgreiches Jahr zur\u00fcck.","breadcrumb":{"@id":"https:\/\/www.leeb-balkone.com\/at\/blog\/leeb-balkone-setzt-auf-frauenpower-innovation-nachhaltigkeit\/#breadcrumb"},"inLanguage":"de-AT","potentialAction":[{"@type":"ReadAction","target":["https:\/\/www.leeb-balkone.com\/at\/blog\/leeb-balkone-setzt-auf-frauenpower-innovation-nachhaltigkeit\/"]}]},{"@type":"ImageObject","inLanguage":"de-AT","@id":"https:\/\/www.leeb-balkone.com\/at\/blog\/leeb-balkone-setzt-auf-frauenpower-innovation-nachhaltigkeit\/#primaryimage","url":"https:\/\/www.leeb-balkone.com\/app\/uploads\/2021\/02\/firma-leeb-balkone-zentrale-gnesau-scaled.jpg","contentUrl":"https:\/\/www.leeb-balkone.com\/app\/uploads\/2021\/02\/firma-leeb-balkone-zentrale-gnesau-scaled.jpg","width":2560,"height":1918,"caption":"Die Firmenzentrale von Leeb Balkone in Gnesau in K\u00e4rnten"},{"@type":"BreadcrumbList","@id":"https:\/\/www.leeb-balkone.com\/at\/blog\/leeb-balkone-setzt-auf-frauenpower-innovation-nachhaltigkeit\/#breadcrumb","itemListElement":[{"@type":"ListItem","position":1,"name":"Home","item":"https:\/\/www.leeb-balkone.com\/at\/"},{"@type":"ListItem","position":2,"name":"Leeb Balkone setzt auf Frauenpower, Innovation &amp; Nachhaltigkeit"}]},{"@type":"WebSite","@id":"https:\/\/www.leeb-balkone.com\/at\/#website","url":"https:\/\/www.leeb-balkone.com\/at\/","name":"Leeb Balkone","description":"Balkone und Z\u00e4une","publisher":{"@id":"https:\/\/www.leeb-balkone.com\/at\/#organization"},"potentialAction":[{"@type":"SearchAction","target":{"@type":"EntryPoint","urlTemplate":"https:\/\/www.leeb-balkone.com\/at\/?s={search_term_string}"},"query-input":{"@type":"PropertyValueSpecification","valueRequired":true,"valueName":"search_term_string"}}],"inLanguage":"de-AT"},{"@type":"Organization","@id":"https:\/\/www.leeb-balkone.com\/at\/#organization","name":"Leeb Balkone Gmbh","url":"https:\/\/www.leeb-balkone.com\/at\/","logo":{"@type":"ImageObject","inLanguage":"de-AT","@id":"https:\/\/www.leeb-balkone.com\/at\/#\/schema\/logo\/image\/","url":"https:\/\/www.leeb-balkone.com\/app\/uploads\/2020\/11\/leeb-logo.svg","contentUrl":"https:\/\/www.leeb-balkone.com\/app\/uploads\/2020\/11\/leeb-logo.svg","width":741,"height":204,"caption":"Leeb Balkone Gmbh"},"image":{"@id":"https:\/\/www.leeb-balkone.com\/at\/#\/schema\/logo\/image\/"},"sameAs":["https:\/\/www.facebook.com\/balkone\/","https:\/\/www.trustedshops.at\/bewertung\/info_X4587CCF5833E31AFE0B11F47D86999F2.html","https:\/\/www.trustedshops.de\/bewertung\/info_X7BA536A7A0BDC86D36C4718E4DCAEEEF.html","https:\/\/www.google.com\/maps\/place\/?q=place_id:ChIJ5-zH19-IcEcR9HonWRTllHI"]},{"@type":"Person","@id":"https:\/\/www.leeb-balkone.com\/at\/#\/schema\/person\/dc2e2c82db329667ee507698e220238f","name":"Herbert Weichart"}]}},"_links":{"self":[{"href":"https:\/\/www.leeb-balkone.com\/at\/wp-json\/wp\/v2\/posts\/134052","targetHints":{"allow":["GET"]}}],"collection":[{"href":"https:\/\/www.leeb-balkone.com\/at\/wp-json\/wp\/v2\/posts"}],"about":[{"href":"https:\/\/www.leeb-balkone.com\/at\/wp-json\/wp\/v2\/types\/post"}],"author":[{"embeddable":true,"href":"https:\/\/www.leeb-balkone.com\/at\/wp-json\/wp\/v2\/users\/4"}],"replies":[{"embeddable":true,"href":"https:\/\/www.leeb-balkone.com\/at\/wp-json\/wp\/v2\/comments?post=134052"}],"version-history":[{"count":2,"href":"https:\/\/www.leeb-balkone.com\/at\/wp-json\/wp\/v2\/posts\/134052\/revisions"}],"predecessor-version":[{"id":158609,"href":"https:\/\/www.leeb-balkone.com\/at\/wp-json\/wp\/v2\/posts\/134052\/revisions\/158609"}],"wp:featuredmedia":[{"embeddable":true,"href":"https:\/\/www.leeb-balkone.com\/at\/wp-json\/wp\/v2\/media\/24613"}],"wp:attachment":[{"href":"https:\/\/www.leeb-balkone.com\/at\/wp-json\/wp\/v2\/media?parent=134052"}],"wp:term":[{"taxonomy":"category","embeddable":true,"href":"https:\/\/www.leeb-balkone.com\/at\/wp-json\/wp\/v2\/categories?post=134052"},{"taxonomy":"post_tag","embeddable":true,"href":"https:\/\/www.leeb-balkone.com\/at\/wp-json\/wp\/v2\/tags?post=134052"},{"taxonomy":"post_folder","embeddable":true,"href":"https:\/\/www.leeb-balkone.com\/at\/wp-json\/wp\/v2\/post_folder?post=134052"}],"curies":[{"name":"wp","href":"https:\/\/api.w.org\/{rel}","templated":true}]}}