{"id":130802,"date":"2023-06-29T10:30:03","date_gmt":"2023-06-29T10:30:03","guid":{"rendered":"https:\/\/www.leeb-balkone.com\/de\/blog\/drei-dinge-die-das-aussehen-ihres-hauses-radikal-veraendern\/"},"modified":"2025-09-17T14:06:59","modified_gmt":"2025-09-17T14:06:59","slug":"drei-dinge-die-das-aussehen-ihres-hauses-radikal-veraendern","status":"publish","type":"post","link":"https:\/\/www.leeb-balkone.com\/at\/blog\/drei-dinge-die-das-aussehen-ihres-hauses-radikal-veraendern\/","title":{"rendered":"Drei Dinge, die das Aussehen Ihres Hauses radikal ver\u00e4ndern"},"content":{"rendered":"<header class=\"wp-block-group alignfull t3-header u-max-wide t3-header-text has-white-background-color has-background has-global-padding is-layout-constrained wp-block-group-is-layout-constrained\">\n    <div class=\"wp-block-group o-grid u-md-1 u-sm-1 is-layout-flow wp-block-group-is-layout-flow\">\n  <div class=\"wp-block-group u-g-10 u-g-s-2\">\n      <div class=\"yoast-breadcrumbs\"><span><span><a href=\"https:\/\/www.leeb-balkone.com\/at\/\">Home<\/a><\/span><\/span><\/div>\n      \n    <h1>Drei Dinge, die das Aussehen Ihres Hauses radikal ver\u00e4ndern<\/h1>\n  <\/div>\n<\/div>\n  <\/header>\n\n\n\n\n\n\n\n<section class=\"wp-block-cgb-t3-section-block alignfull b-pt-small b-pb-none is-style-bg-white\" style=\"display:inherit;min-height:inherit\">\n<div class=\"wp-block-cgb-t3-container-block none\" style=\"background-color:none\"><div class=\"grid-container\"><div class=\"grid-x\"><div class=\"cell small-12 medium-9 large-0 medium-offset-1 b-has-lsmb\">\n<p><span class=\"teaser\">Sind Sie derzeit unzufrieden mit dem Erscheinungsbild Ihres Hauses? M\u00f6chten Sie Ihrem Zuhause einen neuen Look verleihen und es wieder zu einem Ort machen, an dem Sie sich rundum wohlf\u00fchlen k\u00f6nnen? Ein neues Erscheinungsbild f\u00fcr das eigene Haus zu schaffen, kann eine aufregende und lohnende Erfahrung sein. Aber wo soll man anfangen und woher wei\u00df man, welche Ver\u00e4nderung die gew\u00fcnschte Wirkung hat. Wir zeigen Ihnen die wichtigsten Faktoren, die das Aussehen Ihres Hauses radikal ver\u00e4ndern k\u00f6nnen und geben Ihnen einige n\u00fctzliche Tipps, die richtigen Entscheidungen zu treffen. <\/span><\/p>\n\n\n\n<p><span class=\"teaser\">Um das Aussehen Ihres Hauses entscheidend zu ver\u00e4ndern, ist es wichtig, sich an dessen charakteristische Merkmale zu halten. Dazu geh\u00f6ren beispielsweise die Fassade, Farbe und Balkone. Des Weiteren kommt es auf den angrenzenden Au\u00dfenbereich des Hauses, also den Garten und die Umz\u00e4unung an. Hier die wichtigsten Tipps, wie Sie das Aussehen Ihres Hauses optisch und auch funktional aufwerten.<\/span><\/p>\n<\/div><\/div><\/div><\/div>\n\n\n\n<div class=\"wp-block-cgb-t3-container-block none\" style=\"background-color:none\"><div class=\"grid-container\"><div class=\"grid-x\"><div class=\"cell small-12 medium-0 large-0\"><div id=\"lightgallery-block_acf-block-68cac0818b2f7\" data-block_acf-block-68cac0818b2f7 class=\"has-1-imgs b-cards b-cards--gallery u-grid-temp has-1-cols u-md-2 u-sm-1 wp-block-group is-layout-grid wp-block-group-is-layout-grid gallery alignwide\">\n\n        <div class=\"b-cards__item\">\n\n        \n      <figure>\n                 <img loading=\"lazy\" decoding=\"async\" width=\"1536\" height=\"1025\" src=\"https:\/\/www.leeb-balkone.com\/app\/uploads\/2020\/07\/zaun-alu-landeck-11-1536x1025.jpg\" class=\"attachment-1536x1536 size-1536x1536\" alt=\"Bl\u00fchendes Schilf mit Alu Zaun Landeck\" srcset=\"https:\/\/www.leeb-balkone.com\/app\/uploads\/2020\/07\/zaun-alu-landeck-11-1536x1025.jpg 1536w, https:\/\/www.leeb-balkone.com\/app\/uploads\/2020\/07\/zaun-alu-landeck-11-300x200.jpg 300w, https:\/\/www.leeb-balkone.com\/app\/uploads\/2020\/07\/zaun-alu-landeck-11-1024x684.jpg 1024w, https:\/\/www.leeb-balkone.com\/app\/uploads\/2020\/07\/zaun-alu-landeck-11-768x513.jpg 768w, https:\/\/www.leeb-balkone.com\/app\/uploads\/2020\/07\/zaun-alu-landeck-11-2048x1367.jpg 2048w\" sizes=\"auto, (min-width: 1200px) 100vw, (min-width: 1024px) 1536px, (min-width: 640px) 768px, 768px\" \/>              <\/figure>\n\n                  \n        <div class=\"caption\">\n                      <\/div>\n  \n<\/div>\n\n    <\/div>\n\n<\/div><\/div><\/div><\/div>\n\n\n\n<div class=\"wp-block-group is-layout-flow wp-block-group-is-layout-flow\">\n<div class=\"wp-block-cgb-t3-container-block none\" style=\"background-color:none\"><div class=\"grid-container\"><div class=\"grid-x\"><div class=\"cell small-12 medium-9 large-0 medium-offset-1\">\n<h2 class=\"wp-block-heading\">Ver\u00e4nderung 1: Eine neue Fassade &#8211; das Aush\u00e4ngeschild Ihres Hauses<\/h2>\n\n\n\n<p>Geht es um das Aussehen eines Hauses, r\u00fcckt als Erstes die Fassade in den Mittelpunkt der Betrachtung. Sie stellt die Visitenkarte dar, denn sie bildet die sichtbare H\u00fclle und dementsprechend das, was als Erstes ins Auge f\u00e4llt.<\/p>\n\n\n\n<p>Die Erneuerung der Hausfassade ist nichts, was man schnell nebenbei erledigt, sondern sollte wohl \u00fcberlegt und geplant sein. Sie kann aber gute Gr\u00fcnde haben. So verblasst bei jedem Haus, das \u00fcber Jahre hinweg den wechselnden Jahreszeiten und Elementen ausgesetzt war, die Farbe mit der Zeit oder es zeigen sich sichtbare Spuren. Auch kann der Fall eintreten, dass wir uns an der gewohnten Farbe &#8220;sattsehen&#8221;. Neben der farblichen Ver\u00e4nderung gibt es aber noch weitere Optionen der Fassadengestaltung, die den Look Ihres Hauses ausmachen. Diese reichen von Renovierungen, also eher &#8220;kosmetischen&#8221; Ver\u00e4nderungen bis zu Sanierungsma\u00dfnahmen wie thermischer Sanierung.<\/p>\n\n\n\n<p>Neben einem Neuanstrich l\u00e4sst sich die Fassade mithilfe verschiedener Materialien umgestalten. M\u00f6glich sind beispielsweise eine Verputzung oder auch Verkleidungen aus Naturstein, Schiefer, Ziegel, Klinker, Holz oder Aluminium. Jedes dieser Materialien verf\u00fcgt \u00fcber eigene, optisch charakteristische Eigenschaften und beeinflusst damit das Aussehen Ihres Hauses beziehungsweise dessen Stil. Verkleidungen lassen sich zudem gut mit einer energetischen Sanierung wie einer modernen Fassadend\u00e4mmung kombinieren.<\/p>\n\n\n\n<p>Eine interessante Variante besteht darin, verschiedene Materialien bei der Fassadengestaltung zu mixen. M\u00f6glich ist es beispielsweise einen Teil zu verputzen und den anderen mit einer Verkleidung zu versehen. Wichtig ist bei all dem eine sorgf\u00e4ltige Planung, auch in Hinblick auf das Budget, um ein Endergebnis zu erhalten, das wirklich Ihren W\u00fcnschen entspricht. Nehmen Sie sich Zeit bei der Auswahl und treffen Sie eine fundierte pers\u00f6nliche Entscheidung.<\/p>\n<\/div><\/div><\/div><\/div>\n<\/div>\n\n\n\n<section class=\"wp-block-cgb-t3-section-block\" style=\"display:inherit;background-color:#fff;min-height:inherit\"><div class=\"grid-container\"><div>\n<div class=\"wp-block-cgb-t3-container-block none\" style=\"background-color:none\"><div class=\"grid-container\"><div class=\"grid-x\"><div class=\"cell small-12 medium-9 large-0 medium-offset-1\">\n<div class=\"wp-block-cgb-t3-container-block none\" style=\"background-color:none\"><div class=\"grid-container\"><div class=\"grid-x\"><div class=\"cell small-12 medium-0 large-0\">\n<h3 class=\"wp-block-heading\">Frischer Wind mit frischer Farbe \u2013 So treffen Sie eine fundierte Entscheidung f\u00fcr Ihr Haus<\/h3>\n\n\n\n<ol style=\"list-style-type:1\" class=\"wp-block-list\">\n<li>Ideensammlung: Nutzen Sie Mittel der Recherche wie soziale Medien oder Online-Fotogalerien und lassen Sie sich von H\u00e4usern in Ihrer Nachbarschaft inspirieren. Welche architektonischen Stile, Farben und Kombinationen sprechen Sie an und was f\u00fcgt sich harmonisch in die Umgebung ein?<br><\/li>\n\n\n\n<li>Architektonischer Stil: Dieser pr\u00e4gt den Charakter Ihres Hauses. Jeder Stil kommt mit bestimmten Farben oder Farbkombinationen am besten zur Geltung. Das gilt besonders bei \u00e4lteren Bestandsgeb\u00e4uden.<br><\/li>\n\n\n\n<li>Nachbarschaft und Umgebung: Geb\u00e4ude, Vegetation, Stra\u00dfengestaltung &#8211; all diese Elemente bestimmen die \u00c4sthetik in Ihrem nachbarschaftlichen Umfeld. Welche Farbauswahl w\u00fcrde daf\u00fcr sorgen, dass sich das Aussehen Ihres Hauses ansprechend in die Umgebung einf\u00fcgt?<br><\/li>\n\n\n\n<li>Probeanstriche: Mithilfe von Farbproben testen Sie verschiedene Farben Ihrer Fassade. Bei der Farbwirkung kommt es neben der Umgebung auf die Tageszeiten und verschiedenen Lichtbedingungen an.<br><\/li>\n\n\n\n<li>Bauvorschriften und Einschr\u00e4nkungen: Je nach Region gelten \u00f6rtliche Bauvorschriften oder auch bestimmte Verordnungen von Eigent\u00fcmerverb\u00e4nden. \u00dcberpr\u00fcfen Sie, ob es diesbez\u00fcglich Einschr\u00e4nkungen in Bezug auf die Farbauswahl gibt.<br><\/li>\n\n\n\n<li>Fachliche Beratung: Eine professionelle Sichtweise durch Maler oder Farbberater liefert gute Empfehlungen und hilfreiches Fachwissen, um die richtige Farbe f\u00fcr Ihr Haus auszuw\u00e4hlen.<\/li>\n<\/ol>\n<\/div><\/div><\/div><\/div>\n<\/div><\/div><\/div><\/div>\n<\/div><\/div><\/section>\n\n\n\n<div class=\"wp-block-cgb-t3-container-block none\" style=\"background-color:none\"><div class=\"grid-container\"><div class=\"grid-x\"><div class=\"cell small-12 medium-0 large-0\"><div id=\"lightgallery-block_acf-block-68cac0818b30e\" data-block_acf-block-68cac0818b30e class=\"has-2-imgs b-cards b-cards--gallery u-grid-temp has-2-cols u-md-2 u-sm-1 wp-block-group is-layout-grid wp-block-group-is-layout-grid gallery alignwide\">\n\n        <div class=\"b-cards__item\">\n\n        \n      <figure>\n                 <img loading=\"lazy\" decoding=\"async\" width=\"1024\" height=\"767\" src=\"https:\/\/www.leeb-balkone.com\/app\/uploads\/2021\/06\/alu-balkongelaender-leeb-balkone-1024x767.jpg\" class=\"attachment-large size-large\" alt=\"alu balkongelaender leeb balkone\" srcset=\"https:\/\/www.leeb-balkone.com\/app\/uploads\/2021\/06\/alu-balkongelaender-leeb-balkone-1024x767.jpg 1024w, https:\/\/www.leeb-balkone.com\/app\/uploads\/2021\/06\/alu-balkongelaender-leeb-balkone-300x225.jpg 300w, https:\/\/www.leeb-balkone.com\/app\/uploads\/2021\/06\/alu-balkongelaender-leeb-balkone-768x575.jpg 768w, https:\/\/www.leeb-balkone.com\/app\/uploads\/2021\/06\/alu-balkongelaender-leeb-balkone-1536x1151.jpg 1536w, https:\/\/www.leeb-balkone.com\/app\/uploads\/2021\/06\/alu-balkongelaender-leeb-balkone-2048x1534.jpg 2048w\" sizes=\"auto, (min-width: 1200px) 1024px, (min-width: 1024px) 768px, (min-width: 640px) 768px, 768px\" \/>              <\/figure>\n\n                  \n        <div class=\"caption\">\n                      <\/div>\n  \n<\/div>\n\n        <div class=\"b-cards__item\">\n\n        \n      <figure>\n                 <img loading=\"lazy\" decoding=\"async\" width=\"1024\" height=\"575\" src=\"https:\/\/www.leeb-balkone.com\/app\/uploads\/2022\/02\/leeb-3D-konfigurator-1024x575.jpg\" class=\"attachment-large size-large\" alt=\"leeb 3D konfigurator\" srcset=\"https:\/\/www.leeb-balkone.com\/app\/uploads\/2022\/02\/leeb-3D-konfigurator-1024x575.jpg 1024w, https:\/\/www.leeb-balkone.com\/app\/uploads\/2022\/02\/leeb-3D-konfigurator-300x169.jpg 300w, https:\/\/www.leeb-balkone.com\/app\/uploads\/2022\/02\/leeb-3D-konfigurator-768x432.jpg 768w, https:\/\/www.leeb-balkone.com\/app\/uploads\/2022\/02\/leeb-3D-konfigurator-1536x863.jpg 1536w\" sizes=\"auto, (min-width: 1200px) 1024px, (min-width: 1024px) 768px, (min-width: 640px) 768px, 768px\" \/>              <\/figure>\n\n                  \n        <div class=\"caption\">\n                      <\/div>\n  \n<\/div>\n\n    <\/div>\n\n<\/div><\/div><\/div><\/div>\n\n\n\n<div class=\"wp-block-cgb-t3-container-block none\" style=\"background-color:none\"><div class=\"grid-container\"><div class=\"grid-x\"><div class=\"cell small-12 medium-9 large-0 medium-offset-1 b-has-lsmb\">\n<h2 class=\"wp-block-heading\" id=\"vorsicht-bei-erkletterbaren-gelandern\">Ver\u00e4nderung 2: Die Balkongestaltung &#8211; ein \u00e4sthetisches und funktionelles Element<\/h2>\n\n\n\n<p>Neben Fenstern und T\u00fcren geh\u00f6ren auch Balkone zu den markanten Merkmalen eines Hauses. Es bestehen diverse M\u00f6glichkeiten, einen Balkon in eine pers\u00f6nliche Wohlf\u00fchloase zu verwandeln. Was jedoch von au\u00dfen sichtbar ist und dementsprechend das Erscheinungsbild bestimmt, ist das Gel\u00e4nder. Form- und Farbsprache spielen dabei eine wesentliche Rolle.<\/p>\n\n\n\n<p>F\u00fcr den Balkon lassen sich verschiedene Materialien wie Glas, Holz oder Aluminium verarbeiten. Mit der Auswahl setzen Sie nicht nur Akzente im Design Ihres Hauses. Das passende Material f\u00fcr Ihren Balkon bringt auch funktionale Vorteile. Aluminium beispielsweise ist pflegeleicht, witterungsbest\u00e4ndig und bleibt frei von Korrosion.<\/p>\n\n\n\n<p>Die Sanierung Ihres Balkons bringt noch weitere Vorz\u00fcge mit sich, wie zum Beispiel:<\/p>\n\n\n\n<ul class=\"wp-block-list\">\n<li>Verbindung mit einer modernen W\u00e4rmed\u00e4mmung: thermische Sanierung der Au\u00dfenw\u00e4nde und des Balkons &#8220;in einem Rutsch&#8221;<\/li>\n\n\n\n<li>Beseitigung bereits vorhandener Sch\u00e4den: Feuchtigkeitsansammlungen, Schimmel, Risse im Bodenbelag &#8211; kommt ein Balkon in die Jahre, macht sich Verschlei\u00df bemerkbar. H\u00f6chste Zeit zu handeln, bevor weitere und kostenintensivere Sch\u00e4den entstehen. Dabei geht es auch um die sicherheitsrelevanten Aspekte des Balkons.<\/li>\n\n\n\n<li>mehr Raum gewinnen: Wenn Sie Ihren Balkon sanieren, l\u00e4sst sich das gleichzeitig f\u00fcr dessen Erweiterung nutzen.<\/li>\n<\/ul>\n\n\n\n<p>Wenn Sie keinen Balkon haben, auf den Komfort und erweiterten Lebensraum aber nicht mehr verzichten m\u00f6chten, dann bietet sich ein nachtr\u00e4glicher Balkonanbau f\u00fcr Sie an. Dank dem innovativen Leeb <a href=\"https:\/\/www.leeb-balkone.com\/at\/anbaubalkone\/\">Anbau-Balkonsystem<\/a> ist bei nahezu jedem Haustyp auch im Nachhinein ein Balkonanbau noch m\u00f6glich. Selbsttragende Vorstellbalkone k\u00f6nnen beispielsweise ganz unabh\u00e4ngig von der Geb\u00e4ude-Statik angebracht werden.<\/p>\n\n\n\n<p>Um Ihren Balkon funktional und nach Ihren W\u00fcnschen umzugestalten, stehen wir Ihnen mit unserer professionellen Beratung zur Seite. Dazu geh\u00f6rt unsere Vor-Ort-Beratung. Hier beurteilen wir den Istzustand Ihres Balkons und gewinnen zudem in der realen Umgebung ein Bild davon, welche Ver\u00e4nderungen sich aus praktischer und optischer Sicht anbieten.<\/p>\n\n\n\n<p>Da es wichtig ist, eine realistische Vorstellung vom Endergebnis zu gewinnen, arbeiten wir mit unserem 3D-Konfigurator. Damit gestalten wir den Entwurf direkt bei der Vor-Ort-Beratung. Alternativ fordern Sie die 3D-Planung mit unserem <a href=\"https:\/\/www.leeb-balkone.com\/at\/service\/3d-konfigurator\/\">3D-Konfigurator<\/a> online an. Damit stellen wir sicher, dass Sie den idealen Balkon f\u00fcr Ihr Haus ausw\u00e4hlen und mit dem Endergebnis rundum zufrieden sind.<\/p>\n<\/div><\/div><\/div><\/div>\n\n\n\n<div class=\"wp-block-cgb-t3-container-block none\" style=\"background-color:none\"><div class=\"grid-container\"><div class=\"grid-x\"><div class=\"cell small-12 medium-0 large-0\"><div id=\"lightgallery-block_acf-block-68cac0818b31d\" data-block_acf-block-68cac0818b31d class=\"has-2-imgs b-cards b-cards--gallery u-grid-temp has-2-cols u-md-2 u-sm-1 wp-block-group is-layout-grid wp-block-group-is-layout-grid gallery alignwide\">\n\n        <div class=\"b-cards__item\">\n\n        \n      <figure>\n                 <img loading=\"lazy\" decoding=\"async\" width=\"1024\" height=\"683\" src=\"https:\/\/www.leeb-balkone.com\/app\/uploads\/2020\/07\/anbaubalkon-23-1024x683.jpg\" class=\"attachment-large size-large\" alt=\"Dunkle Alustiege als Zugang zum Alu-Anbaubalkon\" srcset=\"https:\/\/www.leeb-balkone.com\/app\/uploads\/2020\/07\/anbaubalkon-23-1024x683.jpg 1024w, https:\/\/www.leeb-balkone.com\/app\/uploads\/2020\/07\/anbaubalkon-23-300x200.jpg 300w, https:\/\/www.leeb-balkone.com\/app\/uploads\/2020\/07\/anbaubalkon-23-768x512.jpg 768w, https:\/\/www.leeb-balkone.com\/app\/uploads\/2020\/07\/anbaubalkon-23-1536x1024.jpg 1536w, https:\/\/www.leeb-balkone.com\/app\/uploads\/2020\/07\/anbaubalkon-23-2048x1365.jpg 2048w\" sizes=\"auto, (min-width: 1200px) 1024px, (min-width: 1024px) 768px, (min-width: 640px) 768px, 768px\" \/>              <\/figure>\n\n                  \n  \n<\/div>\n\n        <div class=\"b-cards__item\">\n\n        \n      <figure>\n                 <img loading=\"lazy\" decoding=\"async\" width=\"1024\" height=\"614\" src=\"https:\/\/www.leeb-balkone.com\/app\/uploads\/2020\/08\/leeb-balkone-planungsservice-1024x614.jpeg\" class=\"attachment-large size-large\" alt=\"leeb balkone planungsservice\" srcset=\"https:\/\/www.leeb-balkone.com\/app\/uploads\/2020\/08\/leeb-balkone-planungsservice-1024x614.jpeg 1024w, https:\/\/www.leeb-balkone.com\/app\/uploads\/2020\/08\/leeb-balkone-planungsservice-300x180.jpeg 300w, https:\/\/www.leeb-balkone.com\/app\/uploads\/2020\/08\/leeb-balkone-planungsservice-768x461.jpeg 768w, https:\/\/www.leeb-balkone.com\/app\/uploads\/2020\/08\/leeb-balkone-planungsservice-1536x922.jpeg 1536w, https:\/\/www.leeb-balkone.com\/app\/uploads\/2020\/08\/leeb-balkone-planungsservice-2048x1229.jpeg 2048w\" sizes=\"auto, (min-width: 1200px) 1024px, (min-width: 1024px) 768px, (min-width: 640px) 768px, 768px\" \/>              <\/figure>\n\n                  \n  \n<\/div>\n\n    <\/div>\n\n<\/div><\/div><\/div><\/div>\n\n\n\n<div class=\"wp-block-cgb-t3-container-block none\" style=\"background-color:none\"><div class=\"grid-container\"><div class=\"grid-x\"><div class=\"cell small-12 medium-9 large-0 medium-offset-1 b-has-lsmb\">\n<h2 class=\"wp-block-heading\" id=\"anbaubalkone\">Ver\u00e4nderung 3: Der Au\u00dfenbereich &#8211; die Gartengestaltung mit Umz\u00e4unung und Sichtschutz<\/h2>\n\n\n\n<p>Um das Aussehen Ihres Hauses aufzuwerten, ist es auch unverzichtbar, den angrenzenden Au\u00dfenbereich zu ber\u00fccksichtigen. Die Gartengestaltung schlie\u00dft Aspekte wie die Bepflanzung, Pflege, das Gartenmobiliar, Gew\u00e4chsh\u00e4user, Teich und Pool mit ein. Ebenso entscheidend ist es, Garten und Grundst\u00fcck mit einer hochwertigen Abgrenzung zu versehen. Ein Zaun erf\u00fcllt diese Aufgabe und dient zudem je nach Ausf\u00fchrung als Sichtschutz.<\/p>\n\n\n\n<p>Wie ein Balkon beeinflusst auch eine Umz\u00e4unung das Aussehen Ihres Hauses. Denn hiermit l\u00e4sst sich der architektonische Stil unterstreichen, wodurch Haus und Au\u00dfenbereich eine Einheit bilden. F\u00fcr einen Zaun oder Sichtschutz stehen Ihnen diverse M\u00f6glichkeiten offen.<\/p>\n\n\n\n<p>Bei Leeb setzen wir auf Z\u00e4une aus langlebigem und extrem stabilem Aluminium. Robust, pflegeleicht und nahezu wartungsfrei birgt das Material zahlreiche Vorteile. Die Optik l\u00e4sst sich wie gew\u00fcnscht anpassen. Es ist sogar m\u00f6glich, dem Zaun eine Holzoptik zu verleihen. Ebenso l\u00e4sst sich die Kombination von Materialien realisieren, beispielsweise durch das Einf\u00fcgen von Glaselementen.<\/p>\n\n\n\n<p>Auch in puncto Sichtschutz bestehen abwechslungsreiche gestalterische M\u00f6glichkeiten. Somit genie\u00dfen Sie Funktionalit\u00e4t, ohne Abstriche beim Design zu machen. F\u00fcr die Planung von Zaun oder Sichtschutz bieten wir Ihnen ebenfalls eine von unserem 3D-Konfigurator begleitete Beratung an.<\/p>\n<\/div><\/div><\/div><\/div>\n\n\n\n<div class=\"wp-block-cgb-t3-container-block none\" style=\"background-color:none\"><div class=\"grid-container\"><div class=\"grid-x\"><div class=\"cell small-12 medium-0 large-0\"><div id=\"lightgallery-block_acf-block-68cac0818b32a\" data-block_acf-block-68cac0818b32a class=\"has-2-imgs b-cards b-cards--gallery u-grid-temp has-2-cols u-md-2 u-sm-1 wp-block-group is-layout-grid wp-block-group-is-layout-grid gallery alignwide\">\n\n        <div class=\"b-cards__item\">\n\n        \n      <figure>\n                 <img loading=\"lazy\" decoding=\"async\" width=\"1024\" height=\"684\" src=\"https:\/\/www.leeb-balkone.com\/app\/uploads\/2020\/08\/zaun-alu-nizza-10-1024x684.jpg\" class=\"attachment-large size-large\" alt=\"Perfekte Abstimmung zwischen Balkongel\u00e4nder und mit Aluzaun Nizza\" srcset=\"https:\/\/www.leeb-balkone.com\/app\/uploads\/2020\/08\/zaun-alu-nizza-10-1024x684.jpg 1024w, https:\/\/www.leeb-balkone.com\/app\/uploads\/2020\/08\/zaun-alu-nizza-10-300x200.jpg 300w, https:\/\/www.leeb-balkone.com\/app\/uploads\/2020\/08\/zaun-alu-nizza-10-768x513.jpg 768w, https:\/\/www.leeb-balkone.com\/app\/uploads\/2020\/08\/zaun-alu-nizza-10-1536x1025.jpg 1536w, https:\/\/www.leeb-balkone.com\/app\/uploads\/2020\/08\/zaun-alu-nizza-10-2048x1367.jpg 2048w\" sizes=\"auto, (min-width: 1200px) 1024px, (min-width: 1024px) 768px, (min-width: 640px) 768px, 768px\" \/>              <\/figure>\n\n                  \n  \n<\/div>\n\n        <div class=\"b-cards__item\">\n\n        \n      <figure>\n                 <img loading=\"lazy\" decoding=\"async\" width=\"1024\" height=\"684\" src=\"https:\/\/www.leeb-balkone.com\/app\/uploads\/2020\/07\/zaun-alu-grado-7-1024x684.jpg\" class=\"attachment-large size-large\" alt=\"Frisch gem\u00e4hter Rasen mit Sichtschutz aus Aluminium\" srcset=\"https:\/\/www.leeb-balkone.com\/app\/uploads\/2020\/07\/zaun-alu-grado-7-1024x684.jpg 1024w, https:\/\/www.leeb-balkone.com\/app\/uploads\/2020\/07\/zaun-alu-grado-7-300x200.jpg 300w, https:\/\/www.leeb-balkone.com\/app\/uploads\/2020\/07\/zaun-alu-grado-7-768x513.jpg 768w, https:\/\/www.leeb-balkone.com\/app\/uploads\/2020\/07\/zaun-alu-grado-7-1536x1025.jpg 1536w, https:\/\/www.leeb-balkone.com\/app\/uploads\/2020\/07\/zaun-alu-grado-7-2048x1367.jpg 2048w\" sizes=\"auto, (min-width: 1200px) 1024px, (min-width: 1024px) 768px, (min-width: 640px) 768px, 768px\" \/>              <\/figure>\n\n                  \n  \n<\/div>\n\n    <\/div>\n\n<\/div><\/div><\/div><\/div>\n<\/section>\n","protected":false},"excerpt":{"rendered":"<p>Tipps zur Ver\u00e4nderung von Fassade, Balkon und Au\u00dfenbereich.<\/p>\n","protected":false},"author":12,"featured_media":3817,"comment_status":"closed","ping_status":"open","sticky":false,"template":"template-onepager.blade.php","format":"standard","meta":{"_acf_changed":false,"footnotes":""},"categories":[162,163],"tags":[],"post_folder":[],"class_list":["post-130802","post","type-post","status-publish","format-standard","has-post-thumbnail","hentry","category-balkonbau-mit-leeb","category-technik-innovation"],"acf":[],"yoast_head":"<!-- This site is optimized with the Yoast SEO plugin v27.2 - https:\/\/yoast.com\/product\/yoast-seo-wordpress\/ -->\n<title>3 Dinge, die das Aussehen Ihres Hauses ver\u00e4ndern - Leeb Balkone \u00d6sterreich<\/title>\n<meta name=\"description\" content=\"Tipps zur Ver\u00e4nderung von Fassade, Balkon und Au\u00dfenbereich.\" \/>\n<meta name=\"robots\" content=\"index, follow, max-snippet:-1, max-image-preview:large, max-video-preview:-1\" \/>\n<meta property=\"og:locale\" content=\"de_DE\" \/>\n<meta property=\"og:type\" content=\"article\" \/>\n<meta property=\"og:title\" content=\"3 Dinge, die das Aussehen Ihres Hauses ver\u00e4ndern k\u00f6nnen - Leeb Balkone\" \/>\n<meta property=\"og:description\" content=\"Tipps zur Ver\u00e4nderung von Fassade, Balkon und Au\u00dfenbereich.\" \/>\n<meta property=\"og:url\" content=\"https:\/\/www.leeb-balkone.com\/at\/blog\/drei-dinge-die-das-aussehen-ihres-hauses-radikal-veraendern\/\" \/>\n<meta property=\"og:site_name\" content=\"Leeb Balkone\" \/>\n<meta property=\"article:publisher\" content=\"https:\/\/www.facebook.com\/balkone\/\" \/>\n<meta property=\"article:published_time\" content=\"2023-06-29T10:30:03+00:00\" \/>\n<meta property=\"article:modified_time\" content=\"2025-09-17T14:06:59+00:00\" \/>\n<meta property=\"og:image\" content=\"https:\/\/www.leeb-balkone.com\/app\/uploads\/2020\/07\/zaun-alu-landeck-11-1024x684.jpg\" \/>\n<meta name=\"author\" content=\"Jovana Mudrinic\" \/>\n<meta name=\"twitter:card\" content=\"summary_large_image\" \/>\n<script type=\"application\/ld+json\" class=\"yoast-schema-graph\">{\"@context\":\"https:\/\/schema.org\",\"@graph\":[{\"@type\":\"Article\",\"@id\":\"https:\/\/www.leeb-balkone.com\/at\/blog\/drei-dinge-die-das-aussehen-ihres-hauses-radikal-veraendern\/#article\",\"isPartOf\":{\"@id\":\"https:\/\/www.leeb-balkone.com\/at\/blog\/drei-dinge-die-das-aussehen-ihres-hauses-radikal-veraendern\/\"},\"author\":{\"name\":\"Jovana Mudrinic\",\"@id\":\"https:\/\/www.leeb-balkone.com\/at\/#\/schema\/person\/e972a8221931fed0a3182bb928bc2b28\"},\"headline\":\"Drei Dinge, die das Aussehen Ihres Hauses radikal ver\u00e4ndern\",\"datePublished\":\"2023-06-29T10:30:03+00:00\",\"dateModified\":\"2025-09-17T14:06:59+00:00\",\"mainEntityOfPage\":{\"@id\":\"https:\/\/www.leeb-balkone.com\/at\/blog\/drei-dinge-die-das-aussehen-ihres-hauses-radikal-veraendern\/\"},\"wordCount\":1250,\"publisher\":{\"@id\":\"https:\/\/www.leeb-balkone.com\/at\/#organization\"},\"image\":{\"@id\":\"https:\/\/www.leeb-balkone.com\/at\/blog\/drei-dinge-die-das-aussehen-ihres-hauses-radikal-veraendern\/#primaryimage\"},\"thumbnailUrl\":\"https:\/\/www.leeb-balkone.com\/app\/uploads\/2020\/07\/zaun-alu-landeck-11-scaled.jpg\",\"articleSection\":[\"Balkonbau mit Leeb\",\"Technik &amp; Innovation\"],\"inLanguage\":\"de-AT\"},{\"@type\":\"WebPage\",\"@id\":\"https:\/\/www.leeb-balkone.com\/at\/blog\/drei-dinge-die-das-aussehen-ihres-hauses-radikal-veraendern\/\",\"url\":\"https:\/\/www.leeb-balkone.com\/at\/blog\/drei-dinge-die-das-aussehen-ihres-hauses-radikal-veraendern\/\",\"name\":\"3 Dinge, die das Aussehen Ihres Hauses ver\u00e4ndern - Leeb Balkone\",\"isPartOf\":{\"@id\":\"https:\/\/www.leeb-balkone.com\/at\/#website\"},\"primaryImageOfPage\":{\"@id\":\"https:\/\/www.leeb-balkone.com\/at\/blog\/drei-dinge-die-das-aussehen-ihres-hauses-radikal-veraendern\/#primaryimage\"},\"image\":{\"@id\":\"https:\/\/www.leeb-balkone.com\/at\/blog\/drei-dinge-die-das-aussehen-ihres-hauses-radikal-veraendern\/#primaryimage\"},\"thumbnailUrl\":\"https:\/\/www.leeb-balkone.com\/app\/uploads\/2020\/07\/zaun-alu-landeck-11-scaled.jpg\",\"datePublished\":\"2023-06-29T10:30:03+00:00\",\"dateModified\":\"2025-09-17T14:06:59+00:00\",\"description\":\"Tipps zur Ver\u00e4nderung von Fassade, Balkon und Au\u00dfenbereich.\",\"breadcrumb\":{\"@id\":\"https:\/\/www.leeb-balkone.com\/at\/blog\/drei-dinge-die-das-aussehen-ihres-hauses-radikal-veraendern\/#breadcrumb\"},\"inLanguage\":\"de-AT\",\"potentialAction\":[{\"@type\":\"ReadAction\",\"target\":[\"https:\/\/www.leeb-balkone.com\/at\/blog\/drei-dinge-die-das-aussehen-ihres-hauses-radikal-veraendern\/\"]}]},{\"@type\":\"ImageObject\",\"inLanguage\":\"de-AT\",\"@id\":\"https:\/\/www.leeb-balkone.com\/at\/blog\/drei-dinge-die-das-aussehen-ihres-hauses-radikal-veraendern\/#primaryimage\",\"url\":\"https:\/\/www.leeb-balkone.com\/app\/uploads\/2020\/07\/zaun-alu-landeck-11-scaled.jpg\",\"contentUrl\":\"https:\/\/www.leeb-balkone.com\/app\/uploads\/2020\/07\/zaun-alu-landeck-11-scaled.jpg\",\"width\":2560,\"height\":1709,\"caption\":\"Bl\u00fchendes Schilf mit Alu Zaun Landeck\"},{\"@type\":\"BreadcrumbList\",\"@id\":\"https:\/\/www.leeb-balkone.com\/at\/blog\/drei-dinge-die-das-aussehen-ihres-hauses-radikal-veraendern\/#breadcrumb\",\"itemListElement\":[{\"@type\":\"ListItem\",\"position\":1,\"name\":\"Home\",\"item\":\"https:\/\/www.leeb-balkone.com\/at\/\"},{\"@type\":\"ListItem\",\"position\":2,\"name\":\"Drei Dinge, die das Aussehen Ihres Hauses radikal ver\u00e4ndern\"}]},{\"@type\":\"WebSite\",\"@id\":\"https:\/\/www.leeb-balkone.com\/at\/#website\",\"url\":\"https:\/\/www.leeb-balkone.com\/at\/\",\"name\":\"Leeb Balkone\",\"description\":\"Balkone und Z\u00e4une\",\"publisher\":{\"@id\":\"https:\/\/www.leeb-balkone.com\/at\/#organization\"},\"potentialAction\":[{\"@type\":\"SearchAction\",\"target\":{\"@type\":\"EntryPoint\",\"urlTemplate\":\"https:\/\/www.leeb-balkone.com\/at\/?s={search_term_string}\"},\"query-input\":{\"@type\":\"PropertyValueSpecification\",\"valueRequired\":true,\"valueName\":\"search_term_string\"}}],\"inLanguage\":\"de-AT\"},{\"@type\":\"Organization\",\"@id\":\"https:\/\/www.leeb-balkone.com\/at\/#organization\",\"name\":\"Leeb Balkone Gmbh\",\"url\":\"https:\/\/www.leeb-balkone.com\/at\/\",\"logo\":{\"@type\":\"ImageObject\",\"inLanguage\":\"de-AT\",\"@id\":\"https:\/\/www.leeb-balkone.com\/at\/#\/schema\/logo\/image\/\",\"url\":\"https:\/\/www.leeb-balkone.com\/app\/uploads\/2020\/11\/leeb-logo.svg\",\"contentUrl\":\"https:\/\/www.leeb-balkone.com\/app\/uploads\/2020\/11\/leeb-logo.svg\",\"width\":741,\"height\":204,\"caption\":\"Leeb Balkone Gmbh\"},\"image\":{\"@id\":\"https:\/\/www.leeb-balkone.com\/at\/#\/schema\/logo\/image\/\"},\"sameAs\":[\"https:\/\/www.facebook.com\/balkone\/\",\"https:\/\/www.trustedshops.at\/bewertung\/info_X4587CCF5833E31AFE0B11F47D86999F2.html\",\"https:\/\/www.trustedshops.de\/bewertung\/info_X7BA536A7A0BDC86D36C4718E4DCAEEEF.html\",\"https:\/\/www.google.com\/maps\/place\/?q=place_id:ChIJ5-zH19-IcEcR9HonWRTllHI\"]},{\"@type\":\"Person\",\"@id\":\"https:\/\/www.leeb-balkone.com\/at\/#\/schema\/person\/e972a8221931fed0a3182bb928bc2b28\",\"name\":\"Jovana Mudrinic\"}]}<\/script>\n<!-- \/ Yoast SEO plugin. -->","yoast_head_json":{"title":"3 Dinge, die das Aussehen Ihres Hauses ver\u00e4ndern - Leeb Balkone \u00d6sterreich","description":"Tipps zur Ver\u00e4nderung von Fassade, Balkon und Au\u00dfenbereich.","robots":{"index":"index","follow":"follow","max-snippet":"max-snippet:-1","max-image-preview":"max-image-preview:large","max-video-preview":"max-video-preview:-1"},"og_locale":"de_DE","og_type":"article","og_title":"3 Dinge, die das Aussehen Ihres Hauses ver\u00e4ndern k\u00f6nnen - Leeb Balkone","og_description":"Tipps zur Ver\u00e4nderung von Fassade, Balkon und Au\u00dfenbereich.","og_url":"https:\/\/www.leeb-balkone.com\/at\/blog\/drei-dinge-die-das-aussehen-ihres-hauses-radikal-veraendern\/","og_site_name":"Leeb Balkone","article_publisher":"https:\/\/www.facebook.com\/balkone\/","article_published_time":"2023-06-29T10:30:03+00:00","article_modified_time":"2025-09-17T14:06:59+00:00","og_image":[{"url":"https:\/\/www.leeb-balkone.com\/app\/uploads\/2020\/07\/zaun-alu-landeck-11-1024x684.jpg","type":"","width":"","height":""}],"author":"Jovana Mudrinic","twitter_card":"summary_large_image","schema":{"@context":"https:\/\/schema.org","@graph":[{"@type":"Article","@id":"https:\/\/www.leeb-balkone.com\/at\/blog\/drei-dinge-die-das-aussehen-ihres-hauses-radikal-veraendern\/#article","isPartOf":{"@id":"https:\/\/www.leeb-balkone.com\/at\/blog\/drei-dinge-die-das-aussehen-ihres-hauses-radikal-veraendern\/"},"author":{"name":"Jovana Mudrinic","@id":"https:\/\/www.leeb-balkone.com\/at\/#\/schema\/person\/e972a8221931fed0a3182bb928bc2b28"},"headline":"Drei Dinge, die das Aussehen Ihres Hauses radikal ver\u00e4ndern","datePublished":"2023-06-29T10:30:03+00:00","dateModified":"2025-09-17T14:06:59+00:00","mainEntityOfPage":{"@id":"https:\/\/www.leeb-balkone.com\/at\/blog\/drei-dinge-die-das-aussehen-ihres-hauses-radikal-veraendern\/"},"wordCount":1250,"publisher":{"@id":"https:\/\/www.leeb-balkone.com\/at\/#organization"},"image":{"@id":"https:\/\/www.leeb-balkone.com\/at\/blog\/drei-dinge-die-das-aussehen-ihres-hauses-radikal-veraendern\/#primaryimage"},"thumbnailUrl":"https:\/\/www.leeb-balkone.com\/app\/uploads\/2020\/07\/zaun-alu-landeck-11-scaled.jpg","articleSection":["Balkonbau mit Leeb","Technik &amp; Innovation"],"inLanguage":"de-AT"},{"@type":"WebPage","@id":"https:\/\/www.leeb-balkone.com\/at\/blog\/drei-dinge-die-das-aussehen-ihres-hauses-radikal-veraendern\/","url":"https:\/\/www.leeb-balkone.com\/at\/blog\/drei-dinge-die-das-aussehen-ihres-hauses-radikal-veraendern\/","name":"3 Dinge, die das Aussehen Ihres Hauses ver\u00e4ndern - Leeb Balkone","isPartOf":{"@id":"https:\/\/www.leeb-balkone.com\/at\/#website"},"primaryImageOfPage":{"@id":"https:\/\/www.leeb-balkone.com\/at\/blog\/drei-dinge-die-das-aussehen-ihres-hauses-radikal-veraendern\/#primaryimage"},"image":{"@id":"https:\/\/www.leeb-balkone.com\/at\/blog\/drei-dinge-die-das-aussehen-ihres-hauses-radikal-veraendern\/#primaryimage"},"thumbnailUrl":"https:\/\/www.leeb-balkone.com\/app\/uploads\/2020\/07\/zaun-alu-landeck-11-scaled.jpg","datePublished":"2023-06-29T10:30:03+00:00","dateModified":"2025-09-17T14:06:59+00:00","description":"Tipps zur Ver\u00e4nderung von Fassade, Balkon und Au\u00dfenbereich.","breadcrumb":{"@id":"https:\/\/www.leeb-balkone.com\/at\/blog\/drei-dinge-die-das-aussehen-ihres-hauses-radikal-veraendern\/#breadcrumb"},"inLanguage":"de-AT","potentialAction":[{"@type":"ReadAction","target":["https:\/\/www.leeb-balkone.com\/at\/blog\/drei-dinge-die-das-aussehen-ihres-hauses-radikal-veraendern\/"]}]},{"@type":"ImageObject","inLanguage":"de-AT","@id":"https:\/\/www.leeb-balkone.com\/at\/blog\/drei-dinge-die-das-aussehen-ihres-hauses-radikal-veraendern\/#primaryimage","url":"https:\/\/www.leeb-balkone.com\/app\/uploads\/2020\/07\/zaun-alu-landeck-11-scaled.jpg","contentUrl":"https:\/\/www.leeb-balkone.com\/app\/uploads\/2020\/07\/zaun-alu-landeck-11-scaled.jpg","width":2560,"height":1709,"caption":"Bl\u00fchendes Schilf mit Alu Zaun Landeck"},{"@type":"BreadcrumbList","@id":"https:\/\/www.leeb-balkone.com\/at\/blog\/drei-dinge-die-das-aussehen-ihres-hauses-radikal-veraendern\/#breadcrumb","itemListElement":[{"@type":"ListItem","position":1,"name":"Home","item":"https:\/\/www.leeb-balkone.com\/at\/"},{"@type":"ListItem","position":2,"name":"Drei Dinge, die das Aussehen Ihres Hauses radikal ver\u00e4ndern"}]},{"@type":"WebSite","@id":"https:\/\/www.leeb-balkone.com\/at\/#website","url":"https:\/\/www.leeb-balkone.com\/at\/","name":"Leeb Balkone","description":"Balkone und Z\u00e4une","publisher":{"@id":"https:\/\/www.leeb-balkone.com\/at\/#organization"},"potentialAction":[{"@type":"SearchAction","target":{"@type":"EntryPoint","urlTemplate":"https:\/\/www.leeb-balkone.com\/at\/?s={search_term_string}"},"query-input":{"@type":"PropertyValueSpecification","valueRequired":true,"valueName":"search_term_string"}}],"inLanguage":"de-AT"},{"@type":"Organization","@id":"https:\/\/www.leeb-balkone.com\/at\/#organization","name":"Leeb Balkone Gmbh","url":"https:\/\/www.leeb-balkone.com\/at\/","logo":{"@type":"ImageObject","inLanguage":"de-AT","@id":"https:\/\/www.leeb-balkone.com\/at\/#\/schema\/logo\/image\/","url":"https:\/\/www.leeb-balkone.com\/app\/uploads\/2020\/11\/leeb-logo.svg","contentUrl":"https:\/\/www.leeb-balkone.com\/app\/uploads\/2020\/11\/leeb-logo.svg","width":741,"height":204,"caption":"Leeb Balkone Gmbh"},"image":{"@id":"https:\/\/www.leeb-balkone.com\/at\/#\/schema\/logo\/image\/"},"sameAs":["https:\/\/www.facebook.com\/balkone\/","https:\/\/www.trustedshops.at\/bewertung\/info_X4587CCF5833E31AFE0B11F47D86999F2.html","https:\/\/www.trustedshops.de\/bewertung\/info_X7BA536A7A0BDC86D36C4718E4DCAEEEF.html","https:\/\/www.google.com\/maps\/place\/?q=place_id:ChIJ5-zH19-IcEcR9HonWRTllHI"]},{"@type":"Person","@id":"https:\/\/www.leeb-balkone.com\/at\/#\/schema\/person\/e972a8221931fed0a3182bb928bc2b28","name":"Jovana Mudrinic"}]}},"_links":{"self":[{"href":"https:\/\/www.leeb-balkone.com\/at\/wp-json\/wp\/v2\/posts\/130802","targetHints":{"allow":["GET"]}}],"collection":[{"href":"https:\/\/www.leeb-balkone.com\/at\/wp-json\/wp\/v2\/posts"}],"about":[{"href":"https:\/\/www.leeb-balkone.com\/at\/wp-json\/wp\/v2\/types\/post"}],"author":[{"embeddable":true,"href":"https:\/\/www.leeb-balkone.com\/at\/wp-json\/wp\/v2\/users\/12"}],"replies":[{"embeddable":true,"href":"https:\/\/www.leeb-balkone.com\/at\/wp-json\/wp\/v2\/comments?post=130802"}],"version-history":[{"count":1,"href":"https:\/\/www.leeb-balkone.com\/at\/wp-json\/wp\/v2\/posts\/130802\/revisions"}],"predecessor-version":[{"id":156432,"href":"https:\/\/www.leeb-balkone.com\/at\/wp-json\/wp\/v2\/posts\/130802\/revisions\/156432"}],"wp:featuredmedia":[{"embeddable":true,"href":"https:\/\/www.leeb-balkone.com\/at\/wp-json\/wp\/v2\/media\/3817"}],"wp:attachment":[{"href":"https:\/\/www.leeb-balkone.com\/at\/wp-json\/wp\/v2\/media?parent=130802"}],"wp:term":[{"taxonomy":"category","embeddable":true,"href":"https:\/\/www.leeb-balkone.com\/at\/wp-json\/wp\/v2\/categories?post=130802"},{"taxonomy":"post_tag","embeddable":true,"href":"https:\/\/www.leeb-balkone.com\/at\/wp-json\/wp\/v2\/tags?post=130802"},{"taxonomy":"post_folder","embeddable":true,"href":"https:\/\/www.leeb-balkone.com\/at\/wp-json\/wp\/v2\/post_folder?post=130802"}],"curies":[{"name":"wp","href":"https:\/\/api.w.org\/{rel}","templated":true}]}}