{"id":128438,"date":"2023-05-15T13:01:36","date_gmt":"2023-05-15T13:01:36","guid":{"rendered":"https:\/\/www.leeb-balkone.com\/de\/blog\/"},"modified":"2026-03-23T14:59:59","modified_gmt":"2026-03-23T14:59:59","slug":"tipps-fuer-outdoor-moebel-garten-terrasse-balkon","status":"publish","type":"post","link":"https:\/\/www.leeb-balkone.com\/at\/blog\/tipps-fuer-outdoor-moebel-garten-terrasse-balkon\/","title":{"rendered":"Tipps f\u00fcr Outdoor M\u00f6bel &#8211; Garten, Terrasse, Balkon"},"content":{"rendered":"<header class=\"wp-block-group alignfull t3-header u-max-wide t3-header-text has-white-background-color has-background has-global-padding is-layout-constrained wp-block-group-is-layout-constrained\">\n    <div class=\"wp-block-group o-grid u-md-1 u-sm-1 is-layout-flow wp-block-group-is-layout-flow\">\n  <div class=\"wp-block-group u-g-10 u-g-s-2\">\n      <div class=\"yoast-breadcrumbs\"><span><span><a href=\"https:\/\/www.leeb-balkone.com\/at\/\">Home<\/a><\/span><\/span><\/div>\n      \n    <h1>Tipps f\u00fcr Outdoor M\u00f6bel &#8211; Garten, Terrasse, Balkon<\/h1>\n  <\/div>\n<\/div>\n  <\/header>\n\n\n\n\n\n<section class=\"wp-block-cgb-t3-section-block alignfull b-pt-small b-pb-none is-style-bg-white\" style=\"display:inherit;min-height:inherit\">\n<div class=\"wp-block-cgb-t3-container-block none\" style=\"background-color:none\"><div class=\"grid-container\"><div class=\"grid-x\"><div class=\"cell small-12 medium-9 large-0 medium-offset-1 b-has-lsmb\">\n<p><span class=\"teaser\">Erweitern Sie Ihren Wohnraum nach drau\u00dfen und schaffen Sie mit den optimalen Outdoor-M\u00f6beln neue Lebensqualit\u00e4t auf der Terrasse und anderen Bereichen Ihres Gartens. Zum Abschalten, Essen, oder einfach um die Zeit mit der Familie im Freien zu verbringen finden sich eine Reihe sch\u00f6ner und pflegeleichter M\u00f6glichkeiten ganz nach Ihrem Geschmack. <\/span><\/p>\n<\/div><\/div><\/div><\/div>\n\n\n\n<div class=\"wp-block-cgb-t3-container-block none\" style=\"background-color:none\"><div class=\"grid-container\"><div class=\"grid-x\"><div class=\"cell small-12 medium-0 large-0\"><div id=\"lightgallery-block_acf-block-68cabf8252e2c\" data-block_acf-block-68cabf8252e2c class=\"has-1-imgs b-cards b-cards--gallery u-grid-temp has-1-cols u-md-2 u-sm-1 wp-block-group is-layout-grid wp-block-group-is-layout-grid gallery alignwide\">\n\n        <div class=\"b-cards__item\">\n\n        \n      <figure>\n                 <img loading=\"lazy\" decoding=\"async\" width=\"1536\" height=\"1147\" src=\"https:\/\/www.leeb-balkone.com\/app\/uploads\/2022\/05\/balkongelaender-holz-design-glas-1536x1147.jpg\" class=\"attachment-1536x1536 size-1536x1536\" alt=\"Design Balkon mit Outdoor M\u00f6beln\" srcset=\"https:\/\/www.leeb-balkone.com\/app\/uploads\/2022\/05\/balkongelaender-holz-design-glas-1536x1147.jpg 1536w, https:\/\/www.leeb-balkone.com\/app\/uploads\/2022\/05\/balkongelaender-holz-design-glas-300x224.jpg 300w, https:\/\/www.leeb-balkone.com\/app\/uploads\/2022\/05\/balkongelaender-holz-design-glas-1024x765.jpg 1024w, https:\/\/www.leeb-balkone.com\/app\/uploads\/2022\/05\/balkongelaender-holz-design-glas-768x574.jpg 768w, https:\/\/www.leeb-balkone.com\/app\/uploads\/2022\/05\/balkongelaender-holz-design-glas-2048x1529.jpg 2048w\" sizes=\"auto, (min-width: 1200px) 100vw, (min-width: 1024px) 1536px, (min-width: 640px) 768px, 768px\" \/>              <\/figure>\n\n                  \n        <div class=\"caption\">\n                          <p>Design Balkon mit Outdoor M\u00f6beln\n              <\/div>\n  \n<\/div>\n\n    <\/div>\n\n<\/div><\/div><\/div><\/div>\n\n\n\n<div class=\"wp-block-group is-layout-flow wp-block-group-is-layout-flow\">\n<div class=\"wp-block-cgb-t3-container-block none\" style=\"background-color:none\"><div class=\"grid-container\"><div class=\"grid-x\"><div class=\"cell small-12 medium-9 large-0 medium-offset-1\">\n<h2 class=\"wp-block-heading\">Wohnraum erweitern mit Outdoor M\u00f6beln<\/h2>\n\n\n\n<p>Jede Einrichtung folgt den individuellen Bed\u00fcrfnissen. Mit einigen grundlegenden \u00dcberlegungen k\u00f6nnen Sie Ihre W\u00fcnsche deutlich besser umsetzen und zus\u00e4tzlich den Wohlf\u00fchlfaktor massiv erh\u00f6hen. Gut gestaltete Bereiche in Ihrem Garten werden in Zukunft bestimmt auch deutlich l\u00e4nger genutzt.<\/p>\n\n\n\n<p>Ob sie Ihren sch\u00f6nen Garten mit gepflegtem Rasen, Pflanzen, Hecken und Str\u00e4uchern lieber alleine und Ihrer Familie genie\u00dfen wollen oder doch mehr Gesellschaft mit Freunden w\u00fcnschen ist dabei ganz Ihnen \u00fcberlassen. Ein chilliger Sitzbereich im Garten sorgt in jedem Fall daf\u00fcr, dass Sie die Zeit im Freien gem\u00fctlich verbringen werden. Outdoor-M\u00f6bel wie Sofas, Liegest\u00fchle und bieten hier alle M\u00f6glichkeiten.<\/p>\n\n\n\n<p>Auf keinen Fall fehlen darf ein guter Ort zum Entspannen. H\u00e4ngematte, Schaukel, Gartenliege, Strandkorb, H\u00e4ngesessel oder Daybed sind das Highlight in jedem Garten. Mit dem idealen Ort zum Abschalten oder f\u00fcr ein kleines Nickerchen im Freien wird Ihr Garten zu einer wahren Energiequelle.<\/p>\n\n\n\n<p>Passend zu Ihrer <a href=\"https:\/\/www.leeb-balkone.com\/de\/blog\/outdoor-kueche\/\">Outdoork\u00fcche<\/a> darf nat\u00fcrlich auch eine Essgelegenheit drau\u00dfen nicht fehlen. Passende St\u00fchle und Esstische bieten die ideale B\u00fchne f\u00fcr jedes Festmahl.<\/p>\n\n\n\n<p><em>Hinweis: Leeb Balkone bietet selbst keine Outdoor M\u00f6bel und K\u00fcchen an.<\/em><\/p>\n\n\n\n<h2 class=\"wp-block-heading\">Leeben daheim &#8230;<\/h2>\n\n\n\n<p>Ihrer Fantasie sind bei der Gestaltung keine Grenzen gesetzt. Individuell und kreativ k\u00f6nnen Sie Ihrer k\u00fcnstlerischen Ader freien Lauf lassen. Selbstgemachtes liegt wieder stark im Trend. Nat\u00fcrlich k\u00f6nnen Sie auch Gartenm\u00f6bel, Au\u00dfenleuchten, Grill und Feuerstellen, Blumenk\u00e4sten, Windlichter, Sonnenschirme, Outdoor-Textilien, H\u00e4ngematten, Outdoor-Kissen, Deko bei einem H\u00e4ndler Ihres Vertrauens zu einem einzigartigen Ensemble kombinieren. Genie\u00dfen Sie den besonderen Komfort und Luxus in der Natur und sto\u00dfen Sie mit k\u00fchlen Getr\u00e4nken auf das Leben an.<\/p>\n\n\n\n<h2 class=\"wp-block-heading\">Die passende Beschattung zu Ihren Outdoor M\u00f6beln<\/h2>\n\n\n\n<p>Keinesfalls vergessen sollte man beim Sitz- und Liegevergn\u00fcgen im Gr\u00fcnen auf eine ausreichende Beschattung. Neben nat\u00fcrlichem Baumschatten bieten Sonnensegel, Schirme und Markisen eine gute M\u00f6glichkeit den Garten auch w\u00e4hrend der Mittagsstunden zu nutzen.<\/p>\n\n\n\n<p>Wer auf eine festere Terrassen\u00fcberdachung setzen m\u00f6chte, findet bei Leeb eine breite Palette passender M\u00f6glichkeiten. Mit der richtigen \u00dcberdachung haben Sie immer ausreichend Schutz vor Wind und Regen sowie einen idealen Windschutz aus Glas f\u00fcr Balkon, Loggia und Terrasse. Mehr zu <a href=\"https:\/\/www.leeb-balkone.com\/de\/blog\/terrassenbeschattung\/\">Terrassenbeschattung<\/a> im Blog lesen.<\/p>\n\n\n\n<p><strong>Beispiele f\u00fcr Leeb Balkone, Anbaubalkone, Terrassen und Sommerg\u00e4rten mit Outdoor-M\u00f6beln:<\/strong><\/p>\n<\/div><\/div><\/div><\/div>\n\n\n\n<p><\/p>\n<\/div>\n\n\n\n<div class=\"wp-block-cgb-t3-container-block none\" style=\"background-color:none\"><div class=\"grid-container\"><div class=\"grid-x\"><div class=\"cell small-12 medium-0 large-0\"><div id=\"lightgallery-block_acf-block-68cabf8252e3e\" data-block_acf-block-68cabf8252e3e class=\"has-6-imgs b-cards b-cards--gallery u-grid-temp has-2-cols u-md-2 u-sm-1 wp-block-group is-layout-grid wp-block-group-is-layout-grid gallery alignwide\">\n\n        <div class=\"b-cards__item\">\n\n        <a data-src=\"https:\/\/www.leeb-balkone.com\/app\/uploads\/2020\/09\/glas-balkongelaender-alu-design-vision-13-1536x1151.jpg\" data-thumb=\"https:\/\/www.leeb-balkone.com\/app\/uploads\/2020\/09\/glas-balkongelaender-alu-design-vision-13-300x225.jpg\" class=\"hasHover dark\">\n        \n      <figure>\n                 <img loading=\"lazy\" decoding=\"async\" width=\"1024\" height=\"767\" src=\"https:\/\/www.leeb-balkone.com\/app\/uploads\/2020\/09\/glas-balkongelaender-alu-design-vision-13-1024x767.jpg\" class=\"attachment-large size-large\" alt=\"Fantastischer Terrassenblick mit Alu Design Vision Balkongel\u00e4nder\" srcset=\"https:\/\/www.leeb-balkone.com\/app\/uploads\/2020\/09\/glas-balkongelaender-alu-design-vision-13-1024x767.jpg 1024w, https:\/\/www.leeb-balkone.com\/app\/uploads\/2020\/09\/glas-balkongelaender-alu-design-vision-13-300x225.jpg 300w, https:\/\/www.leeb-balkone.com\/app\/uploads\/2020\/09\/glas-balkongelaender-alu-design-vision-13-768x575.jpg 768w, https:\/\/www.leeb-balkone.com\/app\/uploads\/2020\/09\/glas-balkongelaender-alu-design-vision-13-1536x1151.jpg 1536w, https:\/\/www.leeb-balkone.com\/app\/uploads\/2020\/09\/glas-balkongelaender-alu-design-vision-13-2048x1535.jpg 2048w\" sizes=\"auto, (min-width: 1200px) 1024px, (min-width: 1024px) 768px, (min-width: 640px) 768px, 768px\" \/>              <\/figure>\n\n                          <\/a>\n      \n        <div class=\"caption\">\n                      <\/div>\n  \n<\/div>\n\n        <div class=\"b-cards__item\">\n\n        <a data-src=\"https:\/\/www.leeb-balkone.com\/app\/uploads\/2020\/07\/vorstellbalkon-mit-stuetzen-24-1536x1153.jpg\" data-thumb=\"https:\/\/www.leeb-balkone.com\/app\/uploads\/2020\/07\/vorstellbalkon-mit-stuetzen-24-300x225.jpg\" class=\"hasHover dark\">\n        \n      <figure>\n                 <img loading=\"lazy\" decoding=\"async\" width=\"1024\" height=\"768\" src=\"https:\/\/www.leeb-balkone.com\/app\/uploads\/2020\/07\/vorstellbalkon-mit-stuetzen-24-1024x768.jpg\" class=\"attachment-large size-large\" alt=\"Gem\u00fctliche Doppelhaush\u00e4lfte mit \" srcset=\"https:\/\/www.leeb-balkone.com\/app\/uploads\/2020\/07\/vorstellbalkon-mit-stuetzen-24-1024x768.jpg 1024w, https:\/\/www.leeb-balkone.com\/app\/uploads\/2020\/07\/vorstellbalkon-mit-stuetzen-24-300x225.jpg 300w, https:\/\/www.leeb-balkone.com\/app\/uploads\/2020\/07\/vorstellbalkon-mit-stuetzen-24-768x576.jpg 768w, https:\/\/www.leeb-balkone.com\/app\/uploads\/2020\/07\/vorstellbalkon-mit-stuetzen-24-1536x1153.jpg 1536w, https:\/\/www.leeb-balkone.com\/app\/uploads\/2020\/07\/vorstellbalkon-mit-stuetzen-24-2048x1537.jpg 2048w\" sizes=\"auto, (min-width: 1200px) 1024px, (min-width: 1024px) 768px, (min-width: 640px) 768px, 768px\" \/>              <\/figure>\n\n                          <\/a>\n      \n        <div class=\"caption\">\n                      <\/div>\n  \n<\/div>\n\n        <div class=\"b-cards__item\">\n\n        <a data-src=\"https:\/\/www.leeb-balkone.com\/app\/uploads\/2022\/05\/Alu_Balkon_Bliss-2-1536x1147.jpg\" data-thumb=\"https:\/\/www.leeb-balkone.com\/app\/uploads\/2022\/05\/Alu_Balkon_Bliss-2-300x224.jpg\" class=\"hasHover dark\">\n        \n      <figure>\n                 <img loading=\"lazy\" decoding=\"async\" width=\"1024\" height=\"765\" src=\"https:\/\/www.leeb-balkone.com\/app\/uploads\/2022\/05\/Alu_Balkon_Bliss-2-1024x765.jpg\" class=\"attachment-large size-large\" alt=\"Alu_Balkon_Bliss 2\" srcset=\"https:\/\/www.leeb-balkone.com\/app\/uploads\/2022\/05\/Alu_Balkon_Bliss-2-1024x765.jpg 1024w, https:\/\/www.leeb-balkone.com\/app\/uploads\/2022\/05\/Alu_Balkon_Bliss-2-300x224.jpg 300w, https:\/\/www.leeb-balkone.com\/app\/uploads\/2022\/05\/Alu_Balkon_Bliss-2-768x574.jpg 768w, https:\/\/www.leeb-balkone.com\/app\/uploads\/2022\/05\/Alu_Balkon_Bliss-2-1536x1147.jpg 1536w, https:\/\/www.leeb-balkone.com\/app\/uploads\/2022\/05\/Alu_Balkon_Bliss-2-2048x1529.jpg 2048w\" sizes=\"auto, (min-width: 1200px) 1024px, (min-width: 1024px) 768px, (min-width: 640px) 768px, 768px\" \/>              <\/figure>\n\n                          <\/a>\n      \n        <div class=\"caption\">\n                      <\/div>\n  \n<\/div>\n\n        <div class=\"b-cards__item\">\n\n        <a data-src=\"https:\/\/www.leeb-balkone.com\/app\/uploads\/2022\/05\/balkongelaender-holz-design-vitro-1536x1147.jpg\" data-thumb=\"https:\/\/www.leeb-balkone.com\/app\/uploads\/2022\/05\/balkongelaender-holz-design-vitro-300x224.jpg\" class=\"hasHover dark\">\n        \n      <figure>\n                 <img loading=\"lazy\" decoding=\"async\" width=\"1024\" height=\"765\" src=\"https:\/\/www.leeb-balkone.com\/app\/uploads\/2022\/05\/balkongelaender-holz-design-vitro-1024x765.jpg\" class=\"attachment-large size-large\" alt=\"balkongelaender holz design vitro\" srcset=\"https:\/\/www.leeb-balkone.com\/app\/uploads\/2022\/05\/balkongelaender-holz-design-vitro-1024x765.jpg 1024w, https:\/\/www.leeb-balkone.com\/app\/uploads\/2022\/05\/balkongelaender-holz-design-vitro-300x224.jpg 300w, https:\/\/www.leeb-balkone.com\/app\/uploads\/2022\/05\/balkongelaender-holz-design-vitro-768x574.jpg 768w, https:\/\/www.leeb-balkone.com\/app\/uploads\/2022\/05\/balkongelaender-holz-design-vitro-1536x1147.jpg 1536w, https:\/\/www.leeb-balkone.com\/app\/uploads\/2022\/05\/balkongelaender-holz-design-vitro-2048x1529.jpg 2048w\" sizes=\"auto, (min-width: 1200px) 1024px, (min-width: 1024px) 768px, (min-width: 640px) 768px, 768px\" \/>              <\/figure>\n\n                          <\/a>\n      \n        <div class=\"caption\">\n                      <\/div>\n  \n<\/div>\n\n        <div class=\"b-cards__item\">\n\n        <a data-src=\"https:\/\/www.leeb-balkone.com\/app\/uploads\/2021\/11\/sommergarten-mit-glas-schiebelementen-geschlossen-1-1536x1035.jpeg\" data-thumb=\"https:\/\/www.leeb-balkone.com\/app\/uploads\/2021\/11\/sommergarten-mit-glas-schiebelementen-geschlossen-1-300x202.jpeg\" class=\"hasHover dark\">\n        \n      <figure>\n                 <img loading=\"lazy\" decoding=\"async\" width=\"1024\" height=\"690\" src=\"https:\/\/www.leeb-balkone.com\/app\/uploads\/2021\/11\/sommergarten-mit-glas-schiebelementen-geschlossen-1-1024x690.jpeg\" class=\"attachment-large size-large\" alt=\"sommergarten mit glas schiebelementen geschlossen 1\" srcset=\"https:\/\/www.leeb-balkone.com\/app\/uploads\/2021\/11\/sommergarten-mit-glas-schiebelementen-geschlossen-1-1024x691.jpeg 1024w, https:\/\/www.leeb-balkone.com\/app\/uploads\/2021\/11\/sommergarten-mit-glas-schiebelementen-geschlossen-1-300x202.jpeg 300w, https:\/\/www.leeb-balkone.com\/app\/uploads\/2021\/11\/sommergarten-mit-glas-schiebelementen-geschlossen-1-768x518.jpeg 768w, https:\/\/www.leeb-balkone.com\/app\/uploads\/2021\/11\/sommergarten-mit-glas-schiebelementen-geschlossen-1-1536x1035.jpeg 1536w, https:\/\/www.leeb-balkone.com\/app\/uploads\/2021\/11\/sommergarten-mit-glas-schiebelementen-geschlossen-1-2048x1380.jpeg 2048w, https:\/\/www.leeb-balkone.com\/app\/uploads\/2021\/11\/sommergarten-mit-glas-schiebelementen-geschlossen-1-400x270.jpeg 400w\" sizes=\"auto, (min-width: 1200px) 1024px, (min-width: 1024px) 768px, (min-width: 640px) 768px, 768px\" \/>              <\/figure>\n\n                          <\/a>\n      \n        <div class=\"caption\">\n                      <\/div>\n  \n<\/div>\n\n        <div class=\"b-cards__item\">\n\n        <a data-src=\"https:\/\/www.leeb-balkone.com\/app\/uploads\/2021\/10\/sommergarten-aluminium-mit-glas-schiebelementen-1536x1151.jpeg\" data-thumb=\"https:\/\/www.leeb-balkone.com\/app\/uploads\/2021\/10\/sommergarten-aluminium-mit-glas-schiebelementen-300x225.jpeg\" class=\"hasHover dark\">\n              <div class=\"badge-wrapper\">\n    \n      <figure>\n                 <img loading=\"lazy\" decoding=\"async\" width=\"1024\" height=\"767\" src=\"https:\/\/www.leeb-balkone.com\/app\/uploads\/2021\/10\/sommergarten-aluminium-mit-glas-schiebelementen-1024x767.jpeg\" class=\"attachment-large size-large\" alt=\"geschlossene Terrassen\u00fcberdachung \" srcset=\"https:\/\/www.leeb-balkone.com\/app\/uploads\/2021\/10\/sommergarten-aluminium-mit-glas-schiebelementen-1024x767.jpeg 1024w, https:\/\/www.leeb-balkone.com\/app\/uploads\/2021\/10\/sommergarten-aluminium-mit-glas-schiebelementen-300x225.jpeg 300w, https:\/\/www.leeb-balkone.com\/app\/uploads\/2021\/10\/sommergarten-aluminium-mit-glas-schiebelementen-768x575.jpeg 768w, https:\/\/www.leeb-balkone.com\/app\/uploads\/2021\/10\/sommergarten-aluminium-mit-glas-schiebelementen-1536x1151.jpeg 1536w, https:\/\/www.leeb-balkone.com\/app\/uploads\/2021\/10\/sommergarten-aluminium-mit-glas-schiebelementen-2048x1535.jpeg 2048w\" sizes=\"auto, (min-width: 1200px) 1024px, (min-width: 1024px) 768px, (min-width: 640px) 768px, 768px\" \/>              <\/figure>\n\n              <div class=\"badge\">geschlossene Terrassen\u00fcberdachung mit mattwei\u00dfer Glaseindeckung<\/div>\n                    <\/div>\n                    <\/a>\n      \n        <div class=\"caption\">\n                          <p>geschlossene Terrassen\u00fcberdachung \n              <\/div>\n  \n<\/div>\n\n    <\/div>\n\n<\/div><\/div><\/div><\/div>\n\n\n\n<div class=\"wp-block-cgb-t3-container-block none\" style=\"background-color:none\"><div class=\"grid-container\"><div class=\"grid-x\"><div class=\"cell small-12 medium-9 large-0 medium-offset-1 b-has-lsmb\">\n<p><strong>Mehr erfahren zu:<\/strong><\/p>\n\n\n\n<p><a href=\"https:\/\/www.leeb-balkone.com\/de\/balkongelaender\/\">Balkongel\u00e4nder<\/a> und <a href=\"https:\/\/www.leeb-balkone.com\/de\/anbaubalkone\/balkonboden-terrassenboden\/\">Balkon- und Terrassenboden<\/a>, <a href=\"https:\/\/www.leeb-balkone.com\/de\/anbaubalkone\/\">Anbaubalkone<\/a> sowie <a href=\"https:\/\/www.leeb-balkone.com\/de\/ueberdachungen\/terrassenueberdachung\/\">Terrassen\u00fcberdachung<\/a> und <a href=\"https:\/\/www.leeb-balkone.com\/de\/ueberdachungen\/sommergarten\/\">Sommergarten<\/a> von Leeb<\/p>\n\n\n\n<h2 class=\"wp-block-heading\">Das richtige Material f\u00fcr langlebige Outdoor-Gartenm\u00f6bel<\/h2>\n\n\n\n<p>Outdoor-M\u00f6bel sind dauerhaft einer gr\u00f6\u00dferen Beanspruchung ausgesetzt. Sie m\u00fcssen Wind und Wetter, Verschmutzung und Belastungen durch die umliegende Natur und die UV-Strahlung standhalten. Wenn Sie l\u00e4nger Freude an Ihren Outdoor-M\u00f6beln haben m\u00f6chten, lohnt es sich bei der Auswahl besonders auf Langlebigkeit und eine leichte Reinigung zu achten. Aluminium ist ein besonders widerstandsf\u00e4higes Material, das h\u00f6chste Anspr\u00fcche erf\u00fcllt. Im Gegensatz zu heimischen H\u00f6lzern muss es nicht impr\u00e4gniert werden um witterungsbest\u00e4ndig zu bleiben. Eine gute Alternative bieten Kunststoffe wie Polyethylen oder Polyrattan, die ebenfalls sehr wetterbest\u00e4ndig sind und in vielen unterschiedlichen Designs verarbeitet werden k\u00f6nnen. Holz und Korbm\u00f6bel aus Rattan erf\u00fcllen wesentliche Kriterien f\u00fcr naturverbundene Menschen und k\u00f6nnen mit ein wenig Pflege ebenfalls sehr lange Freude bereiten. Bei den Kissen und Bez\u00fcgen sollten Sie in jedem Fall auf wasserfeste, UV-best\u00e4ndige und schnell trocknende Materialien achten.<\/p>\n\n\n\n<h2 class=\"wp-block-heading\">Dekorative Akzente in Ihrem Garten<\/h2>\n\n\n\n<p>Verwandeln Sie Ihren Gartenraum in einen wahren Gartentraum. Gartendeko und Beleuchtung sorgen f\u00fcr einen echten Hingucker bei jeder Tagesstimmung. Mit der richtigen Beleuchtung k\u00f6nnen Sie Ihren Garten abends l\u00e4nger genie\u00dfen. Solarleuchten werden automatisch mit Tageslicht geladen und sorgen nach Sonnenuntergang f\u00fcr die gew\u00fcnschte Stimmung und Atmosph\u00e4re. Passend zu den Materialien und Farben Ihrer Outdoor-M\u00f6bel findet sich bestimmt auch das eine oder andere h\u00fcbsche Dekoelement zur Abrundung.<\/p>\n\n\n\n<p>Egal wie Sie Ihren Lebensraum im Freien gestalten, Sie werden beim Lesen, Grillen mit Familie und Freunden oder beim Sommer genie\u00dfen bestimmt viel Freude und Erholung empfinden.<\/p>\n\n\n\n<p><\/p>\n<\/div><\/div><\/div><\/div>\n<\/section>\n","protected":false},"excerpt":{"rendered":"<p>Erweitern Sie Ihren Wohnraum nach drau\u00dfen und schaffen Sie mit Outdoor-M\u00f6beln zus\u00e4tzliche Lebensqualit\u00e4t!<\/p>\n","protected":false},"author":4,"featured_media":84349,"comment_status":"closed","ping_status":"open","sticky":false,"template":"template-onepager.blade.php","format":"standard","meta":{"_acf_changed":false,"footnotes":""},"categories":[158,168,169,146],"tags":[],"post_folder":[],"class_list":["post-128438","post","type-post","status-publish","format-standard","has-post-thumbnail","hentry","category-balkongestaltung","category-balkonmoebel","category-garten-terrassenmoebel","category-gartengestaltung"],"acf":[],"yoast_head":"<!-- This site is optimized with the Yoast SEO plugin v27.2 - https:\/\/yoast.com\/product\/yoast-seo-wordpress\/ -->\n<title>Outdoor M\u00f6bel - Wohnraum drau\u00dfen - Leeb Balkone \u00d6sterreich<\/title>\n<meta name=\"description\" content=\"Erweitern Sie Ihren Wohnraum nach drau\u00dfen und schaffen Sie mit Outdoor-M\u00f6beln zus\u00e4tzliche Lebensqualit\u00e4t!\" \/>\n<meta name=\"robots\" content=\"index, follow, max-snippet:-1, max-image-preview:large, max-video-preview:-1\" \/>\n<meta property=\"og:locale\" content=\"de_DE\" \/>\n<meta property=\"og:type\" content=\"article\" \/>\n<meta property=\"og:title\" content=\"Outdoor M\u00f6bel - Wohnraum drau\u00dfen\" \/>\n<meta property=\"og:description\" content=\"Erweitern Sie Ihren Wohnraum nach drau\u00dfen und schaffen Sie mit Outdoor-M\u00f6beln zus\u00e4tzliche Lebensqualit\u00e4t!\" \/>\n<meta property=\"og:url\" content=\"https:\/\/www.leeb-balkone.com\/at\/blog\/tipps-fuer-outdoor-moebel-garten-terrasse-balkon\/\" \/>\n<meta property=\"og:site_name\" content=\"Leeb Balkone\" \/>\n<meta property=\"article:publisher\" content=\"https:\/\/www.facebook.com\/balkone\/\" \/>\n<meta property=\"article:published_time\" content=\"2023-05-15T13:01:36+00:00\" \/>\n<meta property=\"article:modified_time\" content=\"2026-03-23T14:59:59+00:00\" \/>\n<meta property=\"og:image\" content=\"https:\/\/www.leeb-balkone.com\/app\/uploads\/2022\/07\/terrassenbeschattung-scaled.jpg\" \/>\n\t<meta property=\"og:image:width\" content=\"2500\" \/>\n\t<meta property=\"og:image:height\" content=\"1519\" \/>\n\t<meta property=\"og:image:type\" content=\"image\/jpeg\" \/>\n<meta name=\"author\" content=\"Herbert Weichart\" \/>\n<meta name=\"twitter:card\" content=\"summary_large_image\" \/>\n<script type=\"application\/ld+json\" class=\"yoast-schema-graph\">{\"@context\":\"https:\/\/schema.org\",\"@graph\":[{\"@type\":\"Article\",\"@id\":\"https:\/\/www.leeb-balkone.com\/at\/blog\/tipps-fuer-outdoor-moebel-garten-terrasse-balkon\/#article\",\"isPartOf\":{\"@id\":\"https:\/\/www.leeb-balkone.com\/at\/blog\/tipps-fuer-outdoor-moebel-garten-terrasse-balkon\/\"},\"author\":{\"name\":\"Herbert Weichart\",\"@id\":\"https:\/\/www.leeb-balkone.com\/at\/#\/schema\/person\/dc2e2c82db329667ee507698e220238f\"},\"headline\":\"Tipps f\u00fcr Outdoor M\u00f6bel &#8211; Garten, Terrasse, Balkon\",\"datePublished\":\"2023-05-15T13:01:36+00:00\",\"dateModified\":\"2026-03-23T14:59:59+00:00\",\"mainEntityOfPage\":{\"@id\":\"https:\/\/www.leeb-balkone.com\/at\/blog\/tipps-fuer-outdoor-moebel-garten-terrasse-balkon\/\"},\"wordCount\":753,\"publisher\":{\"@id\":\"https:\/\/www.leeb-balkone.com\/at\/#organization\"},\"image\":{\"@id\":\"https:\/\/www.leeb-balkone.com\/at\/blog\/tipps-fuer-outdoor-moebel-garten-terrasse-balkon\/#primaryimage\"},\"thumbnailUrl\":\"https:\/\/www.leeb-balkone.com\/app\/uploads\/2022\/05\/balkongelaender-holz-design-glas-scaled.jpg\",\"articleSection\":[\"Balkongestaltung\",\"Balkonm\u00f6bel\",\"Garten- &amp; Terrassenm\u00f6bel\",\"Gartengestaltung\"],\"inLanguage\":\"de-AT\"},{\"@type\":\"WebPage\",\"@id\":\"https:\/\/www.leeb-balkone.com\/at\/blog\/tipps-fuer-outdoor-moebel-garten-terrasse-balkon\/\",\"url\":\"https:\/\/www.leeb-balkone.com\/at\/blog\/tipps-fuer-outdoor-moebel-garten-terrasse-balkon\/\",\"name\":\"Outdoor M\u00f6bel - Wohnraum drau\u00dfen - Leeb Balkone\",\"isPartOf\":{\"@id\":\"https:\/\/www.leeb-balkone.com\/at\/#website\"},\"primaryImageOfPage\":{\"@id\":\"https:\/\/www.leeb-balkone.com\/at\/blog\/tipps-fuer-outdoor-moebel-garten-terrasse-balkon\/#primaryimage\"},\"image\":{\"@id\":\"https:\/\/www.leeb-balkone.com\/at\/blog\/tipps-fuer-outdoor-moebel-garten-terrasse-balkon\/#primaryimage\"},\"thumbnailUrl\":\"https:\/\/www.leeb-balkone.com\/app\/uploads\/2022\/05\/balkongelaender-holz-design-glas-scaled.jpg\",\"datePublished\":\"2023-05-15T13:01:36+00:00\",\"dateModified\":\"2026-03-23T14:59:59+00:00\",\"description\":\"Erweitern Sie Ihren Wohnraum nach drau\u00dfen und schaffen Sie mit Outdoor-M\u00f6beln zus\u00e4tzliche Lebensqualit\u00e4t!\",\"breadcrumb\":{\"@id\":\"https:\/\/www.leeb-balkone.com\/at\/blog\/tipps-fuer-outdoor-moebel-garten-terrasse-balkon\/#breadcrumb\"},\"inLanguage\":\"de-AT\",\"potentialAction\":[{\"@type\":\"ReadAction\",\"target\":[\"https:\/\/www.leeb-balkone.com\/at\/blog\/tipps-fuer-outdoor-moebel-garten-terrasse-balkon\/\"]}]},{\"@type\":\"ImageObject\",\"inLanguage\":\"de-AT\",\"@id\":\"https:\/\/www.leeb-balkone.com\/at\/blog\/tipps-fuer-outdoor-moebel-garten-terrasse-balkon\/#primaryimage\",\"url\":\"https:\/\/www.leeb-balkone.com\/app\/uploads\/2022\/05\/balkongelaender-holz-design-glas-scaled.jpg\",\"contentUrl\":\"https:\/\/www.leeb-balkone.com\/app\/uploads\/2022\/05\/balkongelaender-holz-design-glas-scaled.jpg\",\"width\":2500,\"height\":1867,\"caption\":\"Design Balkon mit Outdoor M\u00f6beln\"},{\"@type\":\"BreadcrumbList\",\"@id\":\"https:\/\/www.leeb-balkone.com\/at\/blog\/tipps-fuer-outdoor-moebel-garten-terrasse-balkon\/#breadcrumb\",\"itemListElement\":[{\"@type\":\"ListItem\",\"position\":1,\"name\":\"Home\",\"item\":\"https:\/\/www.leeb-balkone.com\/at\/\"},{\"@type\":\"ListItem\",\"position\":2,\"name\":\"Tipps f\u00fcr Outdoor M\u00f6bel &#8211; Garten, Terrasse, Balkon\"}]},{\"@type\":\"WebSite\",\"@id\":\"https:\/\/www.leeb-balkone.com\/at\/#website\",\"url\":\"https:\/\/www.leeb-balkone.com\/at\/\",\"name\":\"Leeb Balkone\",\"description\":\"Balkone und Z\u00e4une\",\"publisher\":{\"@id\":\"https:\/\/www.leeb-balkone.com\/at\/#organization\"},\"potentialAction\":[{\"@type\":\"SearchAction\",\"target\":{\"@type\":\"EntryPoint\",\"urlTemplate\":\"https:\/\/www.leeb-balkone.com\/at\/?s={search_term_string}\"},\"query-input\":{\"@type\":\"PropertyValueSpecification\",\"valueRequired\":true,\"valueName\":\"search_term_string\"}}],\"inLanguage\":\"de-AT\"},{\"@type\":\"Organization\",\"@id\":\"https:\/\/www.leeb-balkone.com\/at\/#organization\",\"name\":\"Leeb Balkone Gmbh\",\"url\":\"https:\/\/www.leeb-balkone.com\/at\/\",\"logo\":{\"@type\":\"ImageObject\",\"inLanguage\":\"de-AT\",\"@id\":\"https:\/\/www.leeb-balkone.com\/at\/#\/schema\/logo\/image\/\",\"url\":\"https:\/\/www.leeb-balkone.com\/app\/uploads\/2020\/11\/leeb-logo.svg\",\"contentUrl\":\"https:\/\/www.leeb-balkone.com\/app\/uploads\/2020\/11\/leeb-logo.svg\",\"width\":741,\"height\":204,\"caption\":\"Leeb Balkone Gmbh\"},\"image\":{\"@id\":\"https:\/\/www.leeb-balkone.com\/at\/#\/schema\/logo\/image\/\"},\"sameAs\":[\"https:\/\/www.facebook.com\/balkone\/\",\"https:\/\/www.trustedshops.at\/bewertung\/info_X4587CCF5833E31AFE0B11F47D86999F2.html\",\"https:\/\/www.trustedshops.de\/bewertung\/info_X7BA536A7A0BDC86D36C4718E4DCAEEEF.html\",\"https:\/\/www.google.com\/maps\/place\/?q=place_id:ChIJ5-zH19-IcEcR9HonWRTllHI\"]},{\"@type\":\"Person\",\"@id\":\"https:\/\/www.leeb-balkone.com\/at\/#\/schema\/person\/dc2e2c82db329667ee507698e220238f\",\"name\":\"Herbert Weichart\"}]}<\/script>\n<!-- \/ Yoast SEO plugin. -->","yoast_head_json":{"title":"Outdoor M\u00f6bel - Wohnraum drau\u00dfen - Leeb Balkone \u00d6sterreich","description":"Erweitern Sie Ihren Wohnraum nach drau\u00dfen und schaffen Sie mit Outdoor-M\u00f6beln zus\u00e4tzliche Lebensqualit\u00e4t!","robots":{"index":"index","follow":"follow","max-snippet":"max-snippet:-1","max-image-preview":"max-image-preview:large","max-video-preview":"max-video-preview:-1"},"og_locale":"de_DE","og_type":"article","og_title":"Outdoor M\u00f6bel - Wohnraum drau\u00dfen","og_description":"Erweitern Sie Ihren Wohnraum nach drau\u00dfen und schaffen Sie mit Outdoor-M\u00f6beln zus\u00e4tzliche Lebensqualit\u00e4t!","og_url":"https:\/\/www.leeb-balkone.com\/at\/blog\/tipps-fuer-outdoor-moebel-garten-terrasse-balkon\/","og_site_name":"Leeb Balkone","article_publisher":"https:\/\/www.facebook.com\/balkone\/","article_published_time":"2023-05-15T13:01:36+00:00","article_modified_time":"2026-03-23T14:59:59+00:00","og_image":[{"width":2500,"height":1519,"url":"https:\/\/www.leeb-balkone.com\/app\/uploads\/2022\/07\/terrassenbeschattung-scaled.jpg","type":"image\/jpeg"}],"author":"Herbert Weichart","twitter_card":"summary_large_image","schema":{"@context":"https:\/\/schema.org","@graph":[{"@type":"Article","@id":"https:\/\/www.leeb-balkone.com\/at\/blog\/tipps-fuer-outdoor-moebel-garten-terrasse-balkon\/#article","isPartOf":{"@id":"https:\/\/www.leeb-balkone.com\/at\/blog\/tipps-fuer-outdoor-moebel-garten-terrasse-balkon\/"},"author":{"name":"Herbert Weichart","@id":"https:\/\/www.leeb-balkone.com\/at\/#\/schema\/person\/dc2e2c82db329667ee507698e220238f"},"headline":"Tipps f\u00fcr Outdoor M\u00f6bel &#8211; Garten, Terrasse, Balkon","datePublished":"2023-05-15T13:01:36+00:00","dateModified":"2026-03-23T14:59:59+00:00","mainEntityOfPage":{"@id":"https:\/\/www.leeb-balkone.com\/at\/blog\/tipps-fuer-outdoor-moebel-garten-terrasse-balkon\/"},"wordCount":753,"publisher":{"@id":"https:\/\/www.leeb-balkone.com\/at\/#organization"},"image":{"@id":"https:\/\/www.leeb-balkone.com\/at\/blog\/tipps-fuer-outdoor-moebel-garten-terrasse-balkon\/#primaryimage"},"thumbnailUrl":"https:\/\/www.leeb-balkone.com\/app\/uploads\/2022\/05\/balkongelaender-holz-design-glas-scaled.jpg","articleSection":["Balkongestaltung","Balkonm\u00f6bel","Garten- &amp; Terrassenm\u00f6bel","Gartengestaltung"],"inLanguage":"de-AT"},{"@type":"WebPage","@id":"https:\/\/www.leeb-balkone.com\/at\/blog\/tipps-fuer-outdoor-moebel-garten-terrasse-balkon\/","url":"https:\/\/www.leeb-balkone.com\/at\/blog\/tipps-fuer-outdoor-moebel-garten-terrasse-balkon\/","name":"Outdoor M\u00f6bel - Wohnraum drau\u00dfen - Leeb Balkone","isPartOf":{"@id":"https:\/\/www.leeb-balkone.com\/at\/#website"},"primaryImageOfPage":{"@id":"https:\/\/www.leeb-balkone.com\/at\/blog\/tipps-fuer-outdoor-moebel-garten-terrasse-balkon\/#primaryimage"},"image":{"@id":"https:\/\/www.leeb-balkone.com\/at\/blog\/tipps-fuer-outdoor-moebel-garten-terrasse-balkon\/#primaryimage"},"thumbnailUrl":"https:\/\/www.leeb-balkone.com\/app\/uploads\/2022\/05\/balkongelaender-holz-design-glas-scaled.jpg","datePublished":"2023-05-15T13:01:36+00:00","dateModified":"2026-03-23T14:59:59+00:00","description":"Erweitern Sie Ihren Wohnraum nach drau\u00dfen und schaffen Sie mit Outdoor-M\u00f6beln zus\u00e4tzliche Lebensqualit\u00e4t!","breadcrumb":{"@id":"https:\/\/www.leeb-balkone.com\/at\/blog\/tipps-fuer-outdoor-moebel-garten-terrasse-balkon\/#breadcrumb"},"inLanguage":"de-AT","potentialAction":[{"@type":"ReadAction","target":["https:\/\/www.leeb-balkone.com\/at\/blog\/tipps-fuer-outdoor-moebel-garten-terrasse-balkon\/"]}]},{"@type":"ImageObject","inLanguage":"de-AT","@id":"https:\/\/www.leeb-balkone.com\/at\/blog\/tipps-fuer-outdoor-moebel-garten-terrasse-balkon\/#primaryimage","url":"https:\/\/www.leeb-balkone.com\/app\/uploads\/2022\/05\/balkongelaender-holz-design-glas-scaled.jpg","contentUrl":"https:\/\/www.leeb-balkone.com\/app\/uploads\/2022\/05\/balkongelaender-holz-design-glas-scaled.jpg","width":2500,"height":1867,"caption":"Design Balkon mit Outdoor M\u00f6beln"},{"@type":"BreadcrumbList","@id":"https:\/\/www.leeb-balkone.com\/at\/blog\/tipps-fuer-outdoor-moebel-garten-terrasse-balkon\/#breadcrumb","itemListElement":[{"@type":"ListItem","position":1,"name":"Home","item":"https:\/\/www.leeb-balkone.com\/at\/"},{"@type":"ListItem","position":2,"name":"Tipps f\u00fcr Outdoor M\u00f6bel &#8211; Garten, Terrasse, Balkon"}]},{"@type":"WebSite","@id":"https:\/\/www.leeb-balkone.com\/at\/#website","url":"https:\/\/www.leeb-balkone.com\/at\/","name":"Leeb Balkone","description":"Balkone und Z\u00e4une","publisher":{"@id":"https:\/\/www.leeb-balkone.com\/at\/#organization"},"potentialAction":[{"@type":"SearchAction","target":{"@type":"EntryPoint","urlTemplate":"https:\/\/www.leeb-balkone.com\/at\/?s={search_term_string}"},"query-input":{"@type":"PropertyValueSpecification","valueRequired":true,"valueName":"search_term_string"}}],"inLanguage":"de-AT"},{"@type":"Organization","@id":"https:\/\/www.leeb-balkone.com\/at\/#organization","name":"Leeb Balkone Gmbh","url":"https:\/\/www.leeb-balkone.com\/at\/","logo":{"@type":"ImageObject","inLanguage":"de-AT","@id":"https:\/\/www.leeb-balkone.com\/at\/#\/schema\/logo\/image\/","url":"https:\/\/www.leeb-balkone.com\/app\/uploads\/2020\/11\/leeb-logo.svg","contentUrl":"https:\/\/www.leeb-balkone.com\/app\/uploads\/2020\/11\/leeb-logo.svg","width":741,"height":204,"caption":"Leeb Balkone Gmbh"},"image":{"@id":"https:\/\/www.leeb-balkone.com\/at\/#\/schema\/logo\/image\/"},"sameAs":["https:\/\/www.facebook.com\/balkone\/","https:\/\/www.trustedshops.at\/bewertung\/info_X4587CCF5833E31AFE0B11F47D86999F2.html","https:\/\/www.trustedshops.de\/bewertung\/info_X7BA536A7A0BDC86D36C4718E4DCAEEEF.html","https:\/\/www.google.com\/maps\/place\/?q=place_id:ChIJ5-zH19-IcEcR9HonWRTllHI"]},{"@type":"Person","@id":"https:\/\/www.leeb-balkone.com\/at\/#\/schema\/person\/dc2e2c82db329667ee507698e220238f","name":"Herbert Weichart"}]}},"_links":{"self":[{"href":"https:\/\/www.leeb-balkone.com\/at\/wp-json\/wp\/v2\/posts\/128438","targetHints":{"allow":["GET"]}}],"collection":[{"href":"https:\/\/www.leeb-balkone.com\/at\/wp-json\/wp\/v2\/posts"}],"about":[{"href":"https:\/\/www.leeb-balkone.com\/at\/wp-json\/wp\/v2\/types\/post"}],"author":[{"embeddable":true,"href":"https:\/\/www.leeb-balkone.com\/at\/wp-json\/wp\/v2\/users\/4"}],"replies":[{"embeddable":true,"href":"https:\/\/www.leeb-balkone.com\/at\/wp-json\/wp\/v2\/comments?post=128438"}],"version-history":[{"count":2,"href":"https:\/\/www.leeb-balkone.com\/at\/wp-json\/wp\/v2\/posts\/128438\/revisions"}],"predecessor-version":[{"id":157124,"href":"https:\/\/www.leeb-balkone.com\/at\/wp-json\/wp\/v2\/posts\/128438\/revisions\/157124"}],"wp:featuredmedia":[{"embeddable":true,"href":"https:\/\/www.leeb-balkone.com\/at\/wp-json\/wp\/v2\/media\/84349"}],"wp:attachment":[{"href":"https:\/\/www.leeb-balkone.com\/at\/wp-json\/wp\/v2\/media?parent=128438"}],"wp:term":[{"taxonomy":"category","embeddable":true,"href":"https:\/\/www.leeb-balkone.com\/at\/wp-json\/wp\/v2\/categories?post=128438"},{"taxonomy":"post_tag","embeddable":true,"href":"https:\/\/www.leeb-balkone.com\/at\/wp-json\/wp\/v2\/tags?post=128438"},{"taxonomy":"post_folder","embeddable":true,"href":"https:\/\/www.leeb-balkone.com\/at\/wp-json\/wp\/v2\/post_folder?post=128438"}],"curies":[{"name":"wp","href":"https:\/\/api.w.org\/{rel}","templated":true}]}}