{"id":144000,"global_id":"www.leeb-balkone.com\/at\/?id=144000","global_id_lineage":["www.leeb-balkone.com\/at\/?id=144000"],"author":"3","status":"publish","date":"2023-06-06 13:30:35","date_utc":"2023-06-06 13:30:35","modified":"2026-03-16 06:10:05","modified_utc":"2026-03-16 06:10:05","url":"https:\/\/www.leeb-balkone.com\/at\/messe\/haeuslbauermesse-klagenfurt\/","rest_url":"https:\/\/www.leeb-balkone.com\/at\/wp-json\/tribe\/events\/v1\/events\/144000","title":"H\u00e4uslbauermesse Klagenfurt","description":"<p><strong>Die Nr. 1 Fachmesse im Alpe-Adria Raum f\u00fcr Bauen, Renovieren &amp; Energiesparen<\/strong><\/p>\n<p>Bereits zum 36. Mal findet vom 21.- 23. Feber 2025 die H\u00c4USLBAUERMESSE in Klagenfurt statt. Rund 26.000 BesucherInnen n\u00fctzten allein im Jahr 2023 diese Fachmesse als ihre Informationsplattform in Sachen Bauen,Renovieren, Energiesparen und Finanzieren.<\/p>","excerpt":"","slug":"haeuslbauermesse-klagenfurt","image":{"url":"https:\/\/www.leeb-balkone.com\/app\/uploads\/2023\/06\/Pikto_haeuslbauer.jpg","id":130127,"extension":"jpg","width":300,"height":300,"filesize":10430,"sizes":{"thumbnail":{"width":150,"height":150,"mime-type":"image\/jpeg","filesize":4896,"url":"https:\/\/www.leeb-balkone.com\/app\/uploads\/2023\/06\/Pikto_haeuslbauer-150x150.jpg"},"card-xsmall":{"width":300,"height":270,"mime-type":"image\/jpeg","filesize":9425,"url":"https:\/\/www.leeb-balkone.com\/app\/uploads\/2023\/06\/Pikto_haeuslbauer-300x270.jpg"}}},"all_day":true,"start_date":"2027-02-19 02:00:00","start_date_details":{"year":"2027","month":"02","day":"19","hour":"02","minutes":"00","seconds":"00"},"end_date":"2027-02-22 01:59:59","end_date_details":{"year":"2027","month":"02","day":"22","hour":"01","minutes":"59","seconds":"59"},"utc_start_date":"2027-02-19 02:00:00","utc_start_date_details":{"year":"2027","month":"02","day":"19","hour":"02","minutes":"00","seconds":"00"},"utc_end_date":"2027-02-22 01:59:59","utc_end_date_details":{"year":"2027","month":"02","day":"22","hour":"01","minutes":"59","seconds":"59"},"timezone":"UTC+0","timezone_abbr":"UTC+0","cost":"","cost_details":{"currency_symbol":"\u20ac","currency_code":"USD","currency_position":"prefix","values":[]},"website":"","show_map":true,"show_map_link":true,"hide_from_listings":false,"sticky":false,"featured":false,"categories":[],"tags":[],"venue":{"id":7317,"author":"1","status":"publish","date":"2020-09-17 13:00:20","date_utc":"2020-09-17 13:00:20","modified":"2020-09-17 13:00:20","modified_utc":"2020-09-17 13:00:20","url":"https:\/\/www.leeb-balkone.com\/de\/veranstaltungsort\/klagenfurter-messe\/","venue":"Klagenfurter Messe","slug":"klagenfurter-messe","address":"Messeplatz 1","city":"Klagenfurt","country":"\u00d6sterreich","zip":"9021","geo_lat":46.6173512,"geo_lng":14.3033785,"json_ld":{"@type":"Place","name":"Klagenfurter Messe","description":"","url":"https:\/\/www.leeb-balkone.com\/de\/veranstaltungsort\/klagenfurter-messe\/","address":{"@type":"PostalAddress","streetAddress":"Messeplatz 1","addressLocality":"Klagenfurt","postalCode":"9021","addressCountry":"\u00d6sterreich"},"geo":{"@type":"GeoCoordinates","latitude":46.6173512,"longitude":14.3033785},"telephone":"","sameAs":""},"show_map":true,"show_map_link":true,"global_id":"www.leeb-balkone.com\/at\/?id=7317","global_id_lineage":["www.leeb-balkone.com\/at\/?id=7317"]},"organizer":[],"custom_fields":[],"json_ld":{"@context":"http:\/\/schema.org","@type":"Event","name":"H\u00e4uslbauermesse Klagenfurt","description":"&lt;p&gt;Die Nr. 1 Fachmesse im Alpe-Adria Raum f\u00fcr Bauen, Renovieren &amp; Energiesparen Bereits zum 36. Mal findet vom 21.- 23. Feber 2025 die H\u00c4USLBAUERMESSE in Klagenfurt statt. Rund 26.000 BesucherInnen &hellip;&lt;\/p&gt;\\n","image":"https:\/\/www.leeb-balkone.com\/app\/uploads\/2023\/06\/Pikto_haeuslbauer.jpg","url":"https:\/\/www.leeb-balkone.com\/at\/messe\/haeuslbauermesse-klagenfurt\/","eventAttendanceMode":"https:\/\/schema.org\/OfflineEventAttendanceMode","eventStatus":"https:\/\/schema.org\/EventScheduled","startDate":"2027-02-19T02:00:00+00:00","endDate":"2027-02-22T01:59:59+00:00","location":{"@type":"Place","name":"Klagenfurter Messe","description":"","url":"https:\/\/www.leeb-balkone.com\/de\/veranstaltungsort\/klagenfurter-messe\/","address":{"@type":"PostalAddress","streetAddress":"Messeplatz 1","addressLocality":"Klagenfurt","postalCode":"9021","addressCountry":"\u00d6sterreich"},"geo":{"@type":"GeoCoordinates","latitude":46.6173512,"longitude":14.3033785},"telephone":"","sameAs":""},"performer":"Organization"},"is_virtual":false,"virtual_url":null,"virtual_video_source":""}